{"id":1298,"date":"2020-05-16T13:24:50","date_gmt":"2020-05-16T17:24:50","guid":{"rendered":"https:\/\/hotelfrayjunipero.com\/?p=1298"},"modified":"2025-02-23T20:43:00","modified_gmt":"2025-02-24T00:43:00","slug":"visit-mexico-inicia-difusion-de-la-nueva-campana-post-covid-19","status":"publish","type":"post","link":"https:\/\/hotelesfray.com\/en\/2020\/05\/16\/visit-mexico-inicia-difusion-de-la-nueva-campana-post-covid-19\/","title":{"rendered":"Visit M\u00e9xico inicia difusi\u00f3n de la nueva campa\u00f1a post COVID-19"},"content":{"rendered":"<p>Con el objetivo de preparar al pa\u00eds para un reimpulso a los viajes locales despu\u00e9s de la pandemia por COVID-19, <strong>Visit M\u00e9xico arranc\u00f3 la difusi\u00f3n de la campa\u00f1a \u201cPiensa en M\u00e9xico, qu\u00e9date en casa, nos vemos pronto\u201d<\/strong>, que forma parte de su tan anunciada estrategia de posicionamiento digital, mediante la cual se pretende llegar al mercado interno, como lo diera a conocer Carlos Gonz\u00e1lez, Director General de Visit M\u00e9xico.<\/p>\n\n\n\n<p>Detall\u00f3 que se trata de la primera fase de promoci\u00f3n digital que en un formato audiovisual muestra la riqueza de los 32 estados de la Rep\u00fablica Mexicana, en un esfuerzo de contenci\u00f3n de crisis del coronavirus para el sector tur\u00edstico de M\u00e9xico.<\/p>\n\n\n\n<p>\u201cConsiste en <strong>una invitaci\u00f3n para recorrer a trav\u00e9s de videos y composiciones toda la riqueza del pa\u00eds<\/strong>, que ser\u00e1n distribuidos en plataformas digitales (redes sociales) semanalmente\u201d, agreg\u00f3.<\/p>\n\n\n\n<figure class=\"wp-block-embed-youtube wp-block-embed is-type-video is-provider-youtube wp-embed-aspect-16-9 wp-has-aspect-ratio\"><div class=\"wp-block-embed__wrapper\">\n<iframe loading=\"lazy\" title=\"\u00a1Nos vemos pronto!\" width=\"1080\" height=\"608\" src=\"https:\/\/www.youtube.com\/embed\/-jhOIqLM_N0?feature=oembed\" frameborder=\"0\" allow=\"accelerometer; autoplay; encrypted-media; gyroscope; picture-in-picture\" allowfullscreen><\/iframe>\n<\/div><figcaption>Campa\u00f1a digital VisitMexico<\/figcaption><\/figure>\n\n\n\n<p>Tambi\u00e9n explic\u00f3 que el componente internacional que acompa\u00f1a a esta fase de la campa\u00f1a se denomina \u201cLove You Soon\u201d, con un mensaje de empat\u00eda que destaca el lazo de amistad que M\u00e9xico ha tenido con nueve importantes pa\u00edses por a\u00f1os, la cual ha  llegado a Canad\u00e1 y Australia y seguir\u00e1 su despliegue digital en Estados Unidos, China, Francia, Alemania, Reino Unido y Colombia.<\/p>\n\n\n\n<p>\u201cEstos videos han sido cuidadosamente curados y <strong>muestran los paisajes de todos los destinos nacionales con la intenci\u00f3n de fomentar su pronta recuperaci\u00f3n<\/strong>, con lo que la plataforma digital se alinea claramente con las acciones recientemente anunciadas por el Secretario de Turismo\u201d, coment\u00f3.<\/p>\n\n\n\n<p>Dijo adem\u00e1s que el video rector \u201cManifiesto\u201d, integra toda la campa\u00f1a general y continuar\u00e1 con la distribuci\u00f3n de videos \u201ccl\u00faster\u201d que resume por grupos de entidades federativas sus mejores atributos tur\u00edsticos audiovisuales cada semana. <\/p>\n\n\n\n<p>Dio a conocer que el video cl\u00faster y los videos individuales que se difunden a partir de esta semana muestran los lugares y paisajes m\u00e1s representativos de los estados de: Guanajuato, Quer\u00e9taro, Baja California Sur, Tlaxcala, Veracruz y Puebla.<\/p>\n\n\n\n<p class=\"has-text-align-center\">\u00a1Mira los videos en la p\u00e1gina de VisitMexico!<\/p>\n\n\n\n<div class=\"wp-block-button aligncenter\"><a class=\"wp-block-button__link has-text-color has-background has-luminous-vivid-amber-background-color\" href=\"http:\/\/visitmexico.com\" style=\"color:#ffffff\"><strong>Visit M\u00e9xico<\/strong><\/a><\/div>\n\n\n\n<div class=\"wp-block-columns is-layout-flex wp-container-core-columns-is-layout-9d6595d7 wp-block-columns-is-layout-flex\">\n<div class=\"wp-block-column is-layout-flow wp-block-column-is-layout-flow\">\n<figure class=\"wp-block-embed-youtube wp-block-embed is-type-video is-provider-youtube wp-embed-aspect-16-9 wp-has-aspect-ratio\"><div class=\"wp-block-embed__wrapper\">\n<iframe loading=\"lazy\" title=\"Piensa en M\u00e9xico, Piensa en Quer\u00e9taro\" width=\"1080\" height=\"608\" src=\"https:\/\/www.youtube.com\/embed\/FncW3EuDk30?feature=oembed\" frameborder=\"0\" allow=\"accelerometer; autoplay; encrypted-media; gyroscope; picture-in-picture\" allowfullscreen><\/iframe>\n<\/div><figcaption>Quer\u00e9taro<\/figcaption><\/figure>\n<\/div>\n\n\n\n<div class=\"wp-block-column is-layout-flow wp-block-column-is-layout-flow\">\n<figure class=\"wp-block-embed-youtube wp-block-embed is-type-video is-provider-youtube wp-embed-aspect-16-9 wp-has-aspect-ratio\"><div class=\"wp-block-embed__wrapper\">\n<iframe loading=\"lazy\" title=\"Piensa en Puebla, Piensa en M\u00e9xico\" width=\"1080\" height=\"608\" src=\"https:\/\/www.youtube.com\/embed\/IBEW9yyfgrQ?feature=oembed\" frameborder=\"0\" allow=\"accelerometer; autoplay; encrypted-media; gyroscope; picture-in-picture\" allowfullscreen><\/iframe>\n<\/div><figcaption>Puebla<\/figcaption><\/figure>\n<\/div>\n<\/div>\n\n\n\n<div class=\"wp-block-columns is-layout-flex wp-container-core-columns-is-layout-9d6595d7 wp-block-columns-is-layout-flex\">\n<div class=\"wp-block-column is-layout-flow wp-block-column-is-layout-flow\">\n<figure class=\"wp-block-embed-youtube wp-block-embed is-type-video is-provider-youtube wp-embed-aspect-16-9 wp-has-aspect-ratio\"><div class=\"wp-block-embed__wrapper\">\n<iframe loading=\"lazy\" title=\"Piensa en Veracruz, piensa en M\u00e9xico\" width=\"1080\" height=\"608\" src=\"https:\/\/www.youtube.com\/embed\/5aipxlFDrJU?feature=oembed\" frameborder=\"0\" allow=\"accelerometer; autoplay; encrypted-media; gyroscope; picture-in-picture\" allowfullscreen><\/iframe>\n<\/div><figcaption>Veracruz<\/figcaption><\/figure>\n<\/div>\n\n\n\n<div class=\"wp-block-column is-layout-flow wp-block-column-is-layout-flow\">\n<figure class=\"wp-block-embed-youtube wp-block-embed is-type-video is-provider-youtube wp-embed-aspect-16-9 wp-has-aspect-ratio\"><div class=\"wp-block-embed__wrapper\">\n<iframe loading=\"lazy\" title=\"Piensa en Guanajuato, piensa en M\u00e9xico\" width=\"1080\" height=\"608\" src=\"https:\/\/www.youtube.com\/embed\/1fKfGIrljPY?feature=oembed\" frameborder=\"0\" allow=\"accelerometer; autoplay; encrypted-media; gyroscope; picture-in-picture\" allowfullscreen><\/iframe>\n<\/div><figcaption>Guanajuato<\/figcaption><\/figure>\n<\/div>\n<\/div>","protected":false},"excerpt":{"rendered":"<p>Con el objetivo de preparar al pa\u00eds para un reimpulso a los viajes locales despu\u00e9s de la pandemia por COVID-19, Visit M\u00e9xico arranc\u00f3 la difusi\u00f3n de la campa\u00f1a \u201cPiensa en M\u00e9xico, qu\u00e9date en casa, nos vemos pronto\u201d, que forma parte de su tan anunciada estrategia de posicionamiento digital, mediante la cual se pretende llegar al [&hellip;]<\/p>\n","protected":false},"author":2,"featured_media":1304,"comment_status":"closed","ping_status":"open","sticky":false,"template":"","format":"standard","meta":{"_et_pb_use_builder":"","_et_pb_old_content":"","_et_gb_content_width":"","footnotes":""},"categories":[161],"tags":[],"class_list":["post-1298","post","type-post","status-publish","format-standard","has-post-thumbnail","hentry","category-actualidad"],"yoast_head":"<!-- This site is optimized with the Yoast SEO plugin v27.4 - https:\/\/yoast.com\/product\/yoast-seo-wordpress\/ -->\n<title>Hotels in Tepic | Hoteles Fray \u2013 Complimentary Buffet Breakfast<\/title>\n<meta name=\"description\" content=\"Looking for hotels in Tepic? Hoteles Fray offers the best location, complimentary buffet breakfast, free WiFi, and flexible cancellation. Book directly with no deposit!\" \/>\n<meta name=\"robots\" content=\"index, follow, max-snippet:-1, max-image-preview:large, max-video-preview:-1\" \/>\n<link rel=\"canonical\" href=\"https:\/\/hotelesfray.com\/en\/2020\/05\/16\/visit-mexico-inicia-difusion-de-la-nueva-campana-post-covid-19\/\" \/>\n<meta property=\"og:locale\" content=\"en_US\" \/>\n<meta property=\"og:type\" content=\"article\" \/>\n<meta property=\"og:title\" content=\"Hotels in Tepic | Hoteles Fray \u2013 Complimentary Buffet Breakfast\" \/>\n<meta property=\"og:description\" content=\"Looking for hotels in Tepic? Hoteles Fray offers the best location, complimentary buffet breakfast, free WiFi, and flexible cancellation. Book directly with no deposit!\" \/>\n<meta property=\"og:url\" content=\"https:\/\/hotelesfray.com\/en\/2020\/05\/16\/visit-mexico-inicia-difusion-de-la-nueva-campana-post-covid-19\/\" \/>\n<meta property=\"og:site_name\" content=\"Hoteles Fray\" \/>\n<meta property=\"article:published_time\" content=\"2020-05-16T17:24:50+00:00\" \/>\n<meta property=\"article:modified_time\" content=\"2025-02-24T00:43:00+00:00\" \/>\n<meta property=\"og:image\" content=\"https:\/\/hotelesfray.com\/wp-content\/uploads\/2020\/05\/actividades-principales_guanajuato_jalpa-de-canovas-de-purisima-del-rincon_visita-al-pueblo-magico-de-jalpa-de-canovas_01.jpg\" \/>\n\t<meta property=\"og:image:width\" content=\"2025\" \/>\n\t<meta property=\"og:image:height\" content=\"993\" \/>\n\t<meta property=\"og:image:type\" content=\"image\/jpeg\" \/>\n<meta name=\"author\" content=\"Eduardo Lopez\" \/>\n<meta name=\"twitter:card\" content=\"summary_large_image\" \/>\n<meta name=\"twitter:label1\" content=\"Written by\" \/>\n\t<meta name=\"twitter:data1\" content=\"Eduardo Lopez\" \/>\n\t<meta name=\"twitter:label2\" content=\"Est. reading time\" \/>\n\t<meta name=\"twitter:data2\" content=\"2 minutes\" \/>\n<script type=\"application\/ld+json\" class=\"yoast-schema-graph\">{\"@context\":\"https:\\\/\\\/schema.org\",\"@graph\":[{\"@type\":[\"Article\",\"BlogPosting\"],\"@id\":\"https:\\\/\\\/hotelesfray.com\\\/2020\\\/05\\\/16\\\/visit-mexico-inicia-difusion-de-la-nueva-campana-post-covid-19\\\/#article\",\"isPartOf\":{\"@id\":\"https:\\\/\\\/hotelesfray.com\\\/2020\\\/05\\\/16\\\/visit-mexico-inicia-difusion-de-la-nueva-campana-post-covid-19\\\/\"},\"author\":{\"name\":\"Eduardo Lopez\",\"@id\":\"https:\\\/\\\/hotelesfray.com\\\/#\\\/schema\\\/person\\\/1a3f5909146e66cdba9aa8b37f1858e1\"},\"headline\":\"Visit M\u00e9xico inicia difusi\u00f3n de la nueva campa\u00f1a post COVID-19\",\"datePublished\":\"2020-05-16T17:24:50+00:00\",\"dateModified\":\"2025-02-24T00:43:00+00:00\",\"mainEntityOfPage\":{\"@id\":\"https:\\\/\\\/hotelesfray.com\\\/2020\\\/05\\\/16\\\/visit-mexico-inicia-difusion-de-la-nueva-campana-post-covid-19\\\/\"},\"wordCount\":421,\"publisher\":{\"@id\":\"https:\\\/\\\/hotelesfray.com\\\/#organization\"},\"image\":{\"@id\":\"https:\\\/\\\/hotelesfray.com\\\/2020\\\/05\\\/16\\\/visit-mexico-inicia-difusion-de-la-nueva-campana-post-covid-19\\\/#primaryimage\"},\"thumbnailUrl\":\"https:\\\/\\\/hotelesfray.com\\\/wp-content\\\/uploads\\\/2020\\\/05\\\/actividades-principales_guanajuato_jalpa-de-canovas-de-purisima-del-rincon_visita-al-pueblo-magico-de-jalpa-de-canovas_01.jpg\",\"articleSection\":[\"Actualidad\"],\"inLanguage\":\"en-US\"},{\"@type\":\"WebPage\",\"@id\":\"https:\\\/\\\/hotelesfray.com\\\/2020\\\/05\\\/16\\\/visit-mexico-inicia-difusion-de-la-nueva-campana-post-covid-19\\\/\",\"url\":\"https:\\\/\\\/hotelesfray.com\\\/2020\\\/05\\\/16\\\/visit-mexico-inicia-difusion-de-la-nueva-campana-post-covid-19\\\/\",\"name\":\"Visit M\u00e9xico inicia difusi\u00f3n de la nueva campa\u00f1a post COVID-19 | Hoteles Fray\",\"isPartOf\":{\"@id\":\"https:\\\/\\\/hotelesfray.com\\\/#website\"},\"primaryImageOfPage\":{\"@id\":\"https:\\\/\\\/hotelesfray.com\\\/2020\\\/05\\\/16\\\/visit-mexico-inicia-difusion-de-la-nueva-campana-post-covid-19\\\/#primaryimage\"},\"image\":{\"@id\":\"https:\\\/\\\/hotelesfray.com\\\/2020\\\/05\\\/16\\\/visit-mexico-inicia-difusion-de-la-nueva-campana-post-covid-19\\\/#primaryimage\"},\"thumbnailUrl\":\"https:\\\/\\\/hotelesfray.com\\\/wp-content\\\/uploads\\\/2020\\\/05\\\/actividades-principales_guanajuato_jalpa-de-canovas-de-purisima-del-rincon_visita-al-pueblo-magico-de-jalpa-de-canovas_01.jpg\",\"datePublished\":\"2020-05-16T17:24:50+00:00\",\"dateModified\":\"2025-02-24T00:43:00+00:00\",\"breadcrumb\":{\"@id\":\"https:\\\/\\\/hotelesfray.com\\\/2020\\\/05\\\/16\\\/visit-mexico-inicia-difusion-de-la-nueva-campana-post-covid-19\\\/#breadcrumb\"},\"inLanguage\":\"en-US\",\"potentialAction\":[{\"@type\":\"ReadAction\",\"target\":[\"https:\\\/\\\/hotelesfray.com\\\/2020\\\/05\\\/16\\\/visit-mexico-inicia-difusion-de-la-nueva-campana-post-covid-19\\\/\"]}]},{\"@type\":\"ImageObject\",\"inLanguage\":\"en-US\",\"@id\":\"https:\\\/\\\/hotelesfray.com\\\/2020\\\/05\\\/16\\\/visit-mexico-inicia-difusion-de-la-nueva-campana-post-covid-19\\\/#primaryimage\",\"url\":\"https:\\\/\\\/hotelesfray.com\\\/wp-content\\\/uploads\\\/2020\\\/05\\\/actividades-principales_guanajuato_jalpa-de-canovas-de-purisima-del-rincon_visita-al-pueblo-magico-de-jalpa-de-canovas_01.jpg\",\"contentUrl\":\"https:\\\/\\\/hotelesfray.com\\\/wp-content\\\/uploads\\\/2020\\\/05\\\/actividades-principales_guanajuato_jalpa-de-canovas-de-purisima-del-rincon_visita-al-pueblo-magico-de-jalpa-de-canovas_01.jpg\",\"width\":2025,\"height\":993},{\"@type\":\"BreadcrumbList\",\"@id\":\"https:\\\/\\\/hotelesfray.com\\\/2020\\\/05\\\/16\\\/visit-mexico-inicia-difusion-de-la-nueva-campana-post-covid-19\\\/#breadcrumb\",\"itemListElement\":[{\"@type\":\"ListItem\",\"position\":1,\"name\":\"Actualidad\",\"item\":\"https:\\\/\\\/hotelesfray.com\\\/category\\\/actualidad\\\/\"},{\"@type\":\"ListItem\",\"position\":2,\"name\":\"Visit M\u00e9xico inicia difusi\u00f3n de la nueva campa\u00f1a post COVID-19\"}]},{\"@type\":\"WebSite\",\"@id\":\"https:\\\/\\\/hotelesfray.com\\\/#website\",\"url\":\"https:\\\/\\\/hotelesfray.com\\\/\",\"name\":\"Hoteles Fray\",\"description\":\"Los Mejores Hoteles en el Centro de Tepic, Nayarit\",\"publisher\":{\"@id\":\"https:\\\/\\\/hotelesfray.com\\\/#organization\"},\"potentialAction\":[{\"@type\":\"SearchAction\",\"target\":{\"@type\":\"EntryPoint\",\"urlTemplate\":\"https:\\\/\\\/hotelesfray.com\\\/?s={search_term_string}\"},\"query-input\":{\"@type\":\"PropertyValueSpecification\",\"valueRequired\":true,\"valueName\":\"search_term_string\"}}],\"inLanguage\":\"en-US\"},{\"@type\":\"Organization\",\"@id\":\"https:\\\/\\\/hotelesfray.com\\\/#organization\",\"name\":\"Hoteles Fray\",\"url\":\"https:\\\/\\\/hotelesfray.com\\\/\",\"logo\":{\"@type\":\"ImageObject\",\"inLanguage\":\"en-US\",\"@id\":\"https:\\\/\\\/hotelesfray.com\\\/#\\\/schema\\\/logo\\\/image\\\/\",\"url\":\"https:\\\/\\\/hotelesfray.com\\\/wp-content\\\/uploads\\\/2023\\\/01\\\/HotelesFray-cuadro.png\",\"contentUrl\":\"https:\\\/\\\/hotelesfray.com\\\/wp-content\\\/uploads\\\/2023\\\/01\\\/HotelesFray-cuadro.png\",\"width\":2200,\"height\":2200,\"caption\":\"Hoteles Fray\"},\"image\":{\"@id\":\"https:\\\/\\\/hotelesfray.com\\\/#\\\/schema\\\/logo\\\/image\\\/\"}},{\"@type\":\"Person\",\"@id\":\"https:\\\/\\\/hotelesfray.com\\\/#\\\/schema\\\/person\\\/1a3f5909146e66cdba9aa8b37f1858e1\",\"name\":\"Eduardo Lopez\",\"image\":{\"@type\":\"ImageObject\",\"inLanguage\":\"en-US\",\"@id\":\"https:\\\/\\\/secure.gravatar.com\\\/avatar\\\/3d6f41a002d28c6845cb55b565f68141a241a36951b539d6f4dbddac28595734?s=96&d=mm&r=g\",\"url\":\"https:\\\/\\\/secure.gravatar.com\\\/avatar\\\/3d6f41a002d28c6845cb55b565f68141a241a36951b539d6f4dbddac28595734?s=96&d=mm&r=g\",\"contentUrl\":\"https:\\\/\\\/secure.gravatar.com\\\/avatar\\\/3d6f41a002d28c6845cb55b565f68141a241a36951b539d6f4dbddac28595734?s=96&d=mm&r=g\",\"caption\":\"Eduardo Lopez\"},\"url\":\"https:\\\/\\\/hotelesfray.com\\\/en\\\/author\\\/gente\\\/\"}]}<\/script>\n<!-- \/ Yoast SEO plugin. -->","yoast_head_json":{"title":"Hotels in Tepic | Hoteles Fray \u2013 Complimentary Buffet Breakfast","description":"Looking for hotels in Tepic? Hoteles Fray offers the best location, complimentary buffet breakfast, free WiFi, and flexible cancellation. Book directly with no deposit!","robots":{"index":"index","follow":"follow","max-snippet":"max-snippet:-1","max-image-preview":"max-image-preview:large","max-video-preview":"max-video-preview:-1"},"canonical":"https:\/\/hotelesfray.com\/en\/2020\/05\/16\/visit-mexico-inicia-difusion-de-la-nueva-campana-post-covid-19\/","og_locale":"en_US","og_type":"article","og_title":"Hotels in Tepic | Hoteles Fray \u2013 Complimentary Buffet Breakfast","og_description":"Looking for hotels in Tepic? Hoteles Fray offers the best location, complimentary buffet breakfast, free WiFi, and flexible cancellation. Book directly with no deposit!","og_url":"https:\/\/hotelesfray.com\/en\/2020\/05\/16\/visit-mexico-inicia-difusion-de-la-nueva-campana-post-covid-19\/","og_site_name":"Hoteles Fray","article_published_time":"2020-05-16T17:24:50+00:00","article_modified_time":"2025-02-24T00:43:00+00:00","og_image":[{"width":2025,"height":993,"url":"https:\/\/hotelesfray.com\/wp-content\/uploads\/2020\/05\/actividades-principales_guanajuato_jalpa-de-canovas-de-purisima-del-rincon_visita-al-pueblo-magico-de-jalpa-de-canovas_01.jpg","type":"image\/jpeg"}],"author":"Eduardo Lopez","twitter_card":"summary_large_image","twitter_misc":{"Written by":"Eduardo Lopez","Est. reading time":"2 minutes"},"schema":{"@context":"https:\/\/schema.org","@graph":[{"@type":["Article","BlogPosting"],"@id":"https:\/\/hotelesfray.com\/2020\/05\/16\/visit-mexico-inicia-difusion-de-la-nueva-campana-post-covid-19\/#article","isPartOf":{"@id":"https:\/\/hotelesfray.com\/2020\/05\/16\/visit-mexico-inicia-difusion-de-la-nueva-campana-post-covid-19\/"},"author":{"name":"Eduardo Lopez","@id":"https:\/\/hotelesfray.com\/#\/schema\/person\/1a3f5909146e66cdba9aa8b37f1858e1"},"headline":"Visit M\u00e9xico inicia difusi\u00f3n de la nueva campa\u00f1a post COVID-19","datePublished":"2020-05-16T17:24:50+00:00","dateModified":"2025-02-24T00:43:00+00:00","mainEntityOfPage":{"@id":"https:\/\/hotelesfray.com\/2020\/05\/16\/visit-mexico-inicia-difusion-de-la-nueva-campana-post-covid-19\/"},"wordCount":421,"publisher":{"@id":"https:\/\/hotelesfray.com\/#organization"},"image":{"@id":"https:\/\/hotelesfray.com\/2020\/05\/16\/visit-mexico-inicia-difusion-de-la-nueva-campana-post-covid-19\/#primaryimage"},"thumbnailUrl":"https:\/\/hotelesfray.com\/wp-content\/uploads\/2020\/05\/actividades-principales_guanajuato_jalpa-de-canovas-de-purisima-del-rincon_visita-al-pueblo-magico-de-jalpa-de-canovas_01.jpg","articleSection":["Actualidad"],"inLanguage":"en-US"},{"@type":"WebPage","@id":"https:\/\/hotelesfray.com\/2020\/05\/16\/visit-mexico-inicia-difusion-de-la-nueva-campana-post-covid-19\/","url":"https:\/\/hotelesfray.com\/2020\/05\/16\/visit-mexico-inicia-difusion-de-la-nueva-campana-post-covid-19\/","name":"Visit M\u00e9xico inicia difusi\u00f3n de la nueva campa\u00f1a post COVID-19 | Hoteles Fray","isPartOf":{"@id":"https:\/\/hotelesfray.com\/#website"},"primaryImageOfPage":{"@id":"https:\/\/hotelesfray.com\/2020\/05\/16\/visit-mexico-inicia-difusion-de-la-nueva-campana-post-covid-19\/#primaryimage"},"image":{"@id":"https:\/\/hotelesfray.com\/2020\/05\/16\/visit-mexico-inicia-difusion-de-la-nueva-campana-post-covid-19\/#primaryimage"},"thumbnailUrl":"https:\/\/hotelesfray.com\/wp-content\/uploads\/2020\/05\/actividades-principales_guanajuato_jalpa-de-canovas-de-purisima-del-rincon_visita-al-pueblo-magico-de-jalpa-de-canovas_01.jpg","datePublished":"2020-05-16T17:24:50+00:00","dateModified":"2025-02-24T00:43:00+00:00","breadcrumb":{"@id":"https:\/\/hotelesfray.com\/2020\/05\/16\/visit-mexico-inicia-difusion-de-la-nueva-campana-post-covid-19\/#breadcrumb"},"inLanguage":"en-US","potentialAction":[{"@type":"ReadAction","target":["https:\/\/hotelesfray.com\/2020\/05\/16\/visit-mexico-inicia-difusion-de-la-nueva-campana-post-covid-19\/"]}]},{"@type":"ImageObject","inLanguage":"en-US","@id":"https:\/\/hotelesfray.com\/2020\/05\/16\/visit-mexico-inicia-difusion-de-la-nueva-campana-post-covid-19\/#primaryimage","url":"https:\/\/hotelesfray.com\/wp-content\/uploads\/2020\/05\/actividades-principales_guanajuato_jalpa-de-canovas-de-purisima-del-rincon_visita-al-pueblo-magico-de-jalpa-de-canovas_01.jpg","contentUrl":"https:\/\/hotelesfray.com\/wp-content\/uploads\/2020\/05\/actividades-principales_guanajuato_jalpa-de-canovas-de-purisima-del-rincon_visita-al-pueblo-magico-de-jalpa-de-canovas_01.jpg","width":2025,"height":993},{"@type":"BreadcrumbList","@id":"https:\/\/hotelesfray.com\/2020\/05\/16\/visit-mexico-inicia-difusion-de-la-nueva-campana-post-covid-19\/#breadcrumb","itemListElement":[{"@type":"ListItem","position":1,"name":"Actualidad","item":"https:\/\/hotelesfray.com\/category\/actualidad\/"},{"@type":"ListItem","position":2,"name":"Visit M\u00e9xico inicia difusi\u00f3n de la nueva campa\u00f1a post COVID-19"}]},{"@type":"WebSite","@id":"https:\/\/hotelesfray.com\/#website","url":"https:\/\/hotelesfray.com\/","name":"Hoteles Fray","description":"Los Mejores Hoteles en el Centro de Tepic, Nayarit","publisher":{"@id":"https:\/\/hotelesfray.com\/#organization"},"potentialAction":[{"@type":"SearchAction","target":{"@type":"EntryPoint","urlTemplate":"https:\/\/hotelesfray.com\/?s={search_term_string}"},"query-input":{"@type":"PropertyValueSpecification","valueRequired":true,"valueName":"search_term_string"}}],"inLanguage":"en-US"},{"@type":"Organization","@id":"https:\/\/hotelesfray.com\/#organization","name":"Hoteles Fray","url":"https:\/\/hotelesfray.com\/","logo":{"@type":"ImageObject","inLanguage":"en-US","@id":"https:\/\/hotelesfray.com\/#\/schema\/logo\/image\/","url":"https:\/\/hotelesfray.com\/wp-content\/uploads\/2023\/01\/HotelesFray-cuadro.png","contentUrl":"https:\/\/hotelesfray.com\/wp-content\/uploads\/2023\/01\/HotelesFray-cuadro.png","width":2200,"height":2200,"caption":"Hoteles Fray"},"image":{"@id":"https:\/\/hotelesfray.com\/#\/schema\/logo\/image\/"}},{"@type":"Person","@id":"https:\/\/hotelesfray.com\/#\/schema\/person\/1a3f5909146e66cdba9aa8b37f1858e1","name":"Eduardo Lopez","image":{"@type":"ImageObject","inLanguage":"en-US","@id":"https:\/\/secure.gravatar.com\/avatar\/3d6f41a002d28c6845cb55b565f68141a241a36951b539d6f4dbddac28595734?s=96&d=mm&r=g","url":"https:\/\/secure.gravatar.com\/avatar\/3d6f41a002d28c6845cb55b565f68141a241a36951b539d6f4dbddac28595734?s=96&d=mm&r=g","contentUrl":"https:\/\/secure.gravatar.com\/avatar\/3d6f41a002d28c6845cb55b565f68141a241a36951b539d6f4dbddac28595734?s=96&d=mm&r=g","caption":"Eduardo Lopez"},"url":"https:\/\/hotelesfray.com\/en\/author\/gente\/"}]}},"_links":{"self":[{"href":"https:\/\/hotelesfray.com\/en\/wp-json\/wp\/v2\/posts\/1298","targetHints":{"allow":["GET"]}}],"collection":[{"href":"https:\/\/hotelesfray.com\/en\/wp-json\/wp\/v2\/posts"}],"about":[{"href":"https:\/\/hotelesfray.com\/en\/wp-json\/wp\/v2\/types\/post"}],"author":[{"embeddable":true,"href":"https:\/\/hotelesfray.com\/en\/wp-json\/wp\/v2\/users\/2"}],"replies":[{"embeddable":true,"href":"https:\/\/hotelesfray.com\/en\/wp-json\/wp\/v2\/comments?post=1298"}],"version-history":[{"count":1,"href":"https:\/\/hotelesfray.com\/en\/wp-json\/wp\/v2\/posts\/1298\/revisions"}],"predecessor-version":[{"id":5868,"href":"https:\/\/hotelesfray.com\/en\/wp-json\/wp\/v2\/posts\/1298\/revisions\/5868"}],"wp:featuredmedia":[{"embeddable":true,"href":"https:\/\/hotelesfray.com\/en\/wp-json\/wp\/v2\/media\/1304"}],"wp:attachment":[{"href":"https:\/\/hotelesfray.com\/en\/wp-json\/wp\/v2\/media?parent=1298"}],"wp:term":[{"taxonomy":"category","embeddable":true,"href":"https:\/\/hotelesfray.com\/en\/wp-json\/wp\/v2\/categories?post=1298"},{"taxonomy":"post_tag","embeddable":true,"href":"https:\/\/hotelesfray.com\/en\/wp-json\/wp\/v2\/tags?post=1298"}],"curies":[{"name":"wp","href":"https:\/\/api.w.org\/{rel}","templated":true}]}}