{"id":1329,"date":"2020-05-20T19:26:43","date_gmt":"2020-05-20T23:26:43","guid":{"rendered":"https:\/\/hotelfrayjunipero.com\/?p=1329"},"modified":"2025-02-23T20:42:47","modified_gmt":"2025-02-24T00:42:47","slug":"nuevas-medidas-de-prevencion-en-hotel-fray-junipero-serra-para-tu-regreso-a-tepic-2","status":"publish","type":"post","link":"https:\/\/hotelesfray.com\/en\/2020\/05\/20\/nuevas-medidas-de-prevencion-en-hotel-fray-junipero-serra-para-tu-regreso-a-tepic-2\/","title":{"rendered":"Nuevas medidas de prevenci\u00f3n en Hotel Fray Jun\u00edpero Serra para tu regreso a Tepic"},"content":{"rendered":"<p>Como lo hemos venido anunciando desde hace algunos d\u00edas,<strong> ya es posible <a href=\"https:\/\/hotelfrayjunipero.revenatium.com\/#\/habitaciones\">reservar<\/a> con nosotros en fechas a partir del 1ero de junio de 2020<\/strong>. Porque para nosotros en el Hotel Fray Jun\u00edpero Serra de Tepic la prioridad siempre eres t\u00fa, implementamos las medidas sanitarias preventivas para garantizar tu bienestar y salud en este regreso a operaciones.<\/p>\n\n\n\n<p>A continuaci\u00f3n te detallamos algunas de las medidas y cambios que se estar\u00e1n realizando:<\/p>\n\n\n\n<div class=\"wp-block-image\"><figure class=\"alignright size-large is-resized\"><img loading=\"lazy\" decoding=\"async\" src=\"https:\/\/hotelfrayjunipero.com\/wp-content\/uploads\/2020\/03\/Habitacion-estandar-1-1024x683.jpg\" alt=\"\" class=\"wp-image-836\" width=\"512\" height=\"342\"\/><\/figure><\/div>\n\n\n\n<h3 class=\"wp-block-heading\">Hotel en general<\/h3>\n\n\n\n<ul class=\"wp-block-list\"><li>Barreras protectoras de acr\u00edlico en puntos de contacto como recepci\u00f3n<\/li><li>Dispensadores de gel antibacterial junto a todos los puntos de contacto como pueden ser elevadores, ingreso al hotel, entrada a los ba\u00f1os, recepci\u00f3n, entre otros<\/li><li> Cierre de \u00e1reas comunes como gimnasio y salas de descanso<\/li><li> Dispensadores autom\u00e1ticos en ba\u00f1os comunes<\/li><\/ul>\n\n\n\n<h3 class=\"wp-block-heading\">Colaboradores<\/h3>\n\n\n\n<ul class=\"wp-block-list\"><li>Protocolo de sanitizaci\u00f3n y chequeo para colaboradores a su llegada al trabajo<\/li><li>Uso de mascarilla obligatorio para todos los colaboradores<\/li><li>Capacitaci\u00f3n a colaboradores acerca de las medidas que pueden tomar para protegerse en el trabajo y en casa<\/li><li>Creaci\u00f3n de pol\u00edticas y pr\u00e1cticas de distanciamiento social: Hemos modificado nuestros espacios de trabajo para ayudar a nuestros colaboradores y clientes a mantener el distanciamiento social y separar f\u00edsicamente a los empleados entre ellos y de los clientes siempre que sea posible<\/li><\/ul>\n\n\n\n<h3 class=\"wp-block-heading\">Rooms<\/h3>\n\n\n\n<ul class=\"wp-block-list\"><li>Protocolo actualizado de limpieza y desinfecci\u00f3n de habitaciones<\/li><li>Habitaciones con amplia apertura de ventanas para contar con ventilaci\u00f3n natural<\/li><\/ul>\n\n\n\n<div class=\"wp-block-image\"><figure class=\"alignright size-large is-resized\"><img loading=\"lazy\" decoding=\"async\" src=\"https:\/\/hotelfrayjunipero.com\/wp-content\/uploads\/2020\/05\/2020-03-28_08-52-07-1024x683.jpg\" alt=\"\" class=\"wp-image-1325\" width=\"512\" height=\"342\"\/><\/figure><\/div>\n\n\n\n<h3 class=\"wp-block-heading\">Restaurant<\/h3>\n\n\n\n<ul class=\"wp-block-list\"><li>Men\u00fas y manteles de papel desechables en restaurante <\/li><li>L\u00edmite de capacidad en restaurante a un m\u00e1ximo del 50%<\/li><li>Certificados en el manejo y preparaci\u00f3n higi\u00e9nica alimentos a trav\u00e9s del Distintivo H<\/li><li>En tr\u00e1mite de obtenci\u00f3n de la certificaci\u00f3n Punto Limpio de la Secretar\u00eda de Turismo Federal<\/li><\/ul>\n\n\n\n<p>Estamos seguros que podemos ofrecerte <strong>el mejor descanso y la mejor atenci\u00f3n, en el coraz\u00f3n de Tepic<\/strong>, y esperamos verte pronto para seguir compartiendo momentos, viajes e historias juntos, como hasta el d\u00eda de hoy. \u00a1Cu\u00eddate! <strong>M\u00e9xico, nos vemos pronto.<\/strong><\/p>","protected":false},"excerpt":{"rendered":"<p>Como lo hemos venido anunciando desde hace algunos d\u00edas, ya es posible reservar con nosotros en fechas a partir del 1ero de junio de 2020. Porque para nosotros en el Hotel Fray Jun\u00edpero Serra de Tepic la prioridad siempre eres t\u00fa, implementamos las medidas sanitarias preventivas para garantizar tu bienestar y salud en este regreso [&hellip;]<\/p>\n","protected":false},"author":2,"featured_media":559,"comment_status":"closed","ping_status":"open","sticky":false,"template":"","format":"standard","meta":{"_et_pb_use_builder":"","_et_pb_old_content":"","_et_gb_content_width":"","footnotes":""},"categories":[161,27],"tags":[],"class_list":["post-1329","post","type-post","status-publish","format-standard","has-post-thumbnail","hentry","category-actualidad","category-hotel"],"yoast_head":"<!-- This site is optimized with the Yoast SEO plugin v27.4 - https:\/\/yoast.com\/product\/yoast-seo-wordpress\/ -->\n<title>Hotels in Tepic | Hoteles Fray \u2013 Complimentary Buffet Breakfast<\/title>\n<meta name=\"description\" content=\"Looking for hotels in Tepic? Hoteles Fray offers the best location, complimentary buffet breakfast, free WiFi, and flexible cancellation. Book directly with no deposit!\" \/>\n<meta name=\"robots\" content=\"index, follow, max-snippet:-1, max-image-preview:large, max-video-preview:-1\" \/>\n<link rel=\"canonical\" href=\"https:\/\/hotelesfray.com\/en\/2020\/05\/20\/nuevas-medidas-de-prevencion-en-hotel-fray-junipero-serra-para-tu-regreso-a-tepic-2\/\" \/>\n<meta property=\"og:locale\" content=\"en_US\" \/>\n<meta property=\"og:type\" content=\"article\" \/>\n<meta property=\"og:title\" content=\"Hotels in Tepic | Hoteles Fray \u2013 Complimentary Buffet Breakfast\" \/>\n<meta property=\"og:description\" content=\"Looking for hotels in Tepic? Hoteles Fray offers the best location, complimentary buffet breakfast, free WiFi, and flexible cancellation. Book directly with no deposit!\" \/>\n<meta property=\"og:url\" content=\"https:\/\/hotelesfray.com\/en\/2020\/05\/20\/nuevas-medidas-de-prevencion-en-hotel-fray-junipero-serra-para-tu-regreso-a-tepic-2\/\" \/>\n<meta property=\"og:site_name\" content=\"Hoteles Fray\" \/>\n<meta property=\"article:published_time\" content=\"2020-05-20T23:26:43+00:00\" \/>\n<meta property=\"article:modified_time\" content=\"2025-02-24T00:42:47+00:00\" \/>\n<meta property=\"og:image\" content=\"https:\/\/hotelesfray.com\/wp-content\/uploads\/2020\/02\/FrayPortada.jpg\" \/>\n\t<meta property=\"og:image:width\" content=\"1920\" \/>\n\t<meta property=\"og:image:height\" content=\"1080\" \/>\n\t<meta property=\"og:image:type\" content=\"image\/jpeg\" \/>\n<meta name=\"author\" content=\"Eduardo Lopez\" \/>\n<meta name=\"twitter:card\" content=\"summary_large_image\" \/>\n<meta name=\"twitter:label1\" content=\"Written by\" \/>\n\t<meta name=\"twitter:data1\" content=\"Eduardo Lopez\" \/>\n\t<meta name=\"twitter:label2\" content=\"Est. reading time\" \/>\n\t<meta name=\"twitter:data2\" content=\"2 minutes\" \/>\n<script type=\"application\/ld+json\" class=\"yoast-schema-graph\">{\"@context\":\"https:\\\/\\\/schema.org\",\"@graph\":[{\"@type\":[\"Article\",\"BlogPosting\"],\"@id\":\"https:\\\/\\\/hotelesfray.com\\\/2020\\\/05\\\/20\\\/nuevas-medidas-de-prevencion-en-hotel-fray-junipero-serra-para-tu-regreso-a-tepic-2\\\/#article\",\"isPartOf\":{\"@id\":\"https:\\\/\\\/hotelesfray.com\\\/2020\\\/05\\\/20\\\/nuevas-medidas-de-prevencion-en-hotel-fray-junipero-serra-para-tu-regreso-a-tepic-2\\\/\"},\"author\":{\"name\":\"Eduardo Lopez\",\"@id\":\"https:\\\/\\\/hotelesfray.com\\\/#\\\/schema\\\/person\\\/1a3f5909146e66cdba9aa8b37f1858e1\"},\"headline\":\"Nuevas medidas de prevenci\u00f3n en Hotel Fray Jun\u00edpero Serra para tu regreso a Tepic\",\"datePublished\":\"2020-05-20T23:26:43+00:00\",\"dateModified\":\"2025-02-24T00:42:47+00:00\",\"mainEntityOfPage\":{\"@id\":\"https:\\\/\\\/hotelesfray.com\\\/2020\\\/05\\\/20\\\/nuevas-medidas-de-prevencion-en-hotel-fray-junipero-serra-para-tu-regreso-a-tepic-2\\\/\"},\"wordCount\":359,\"publisher\":{\"@id\":\"https:\\\/\\\/hotelesfray.com\\\/#organization\"},\"image\":{\"@id\":\"https:\\\/\\\/hotelesfray.com\\\/2020\\\/05\\\/20\\\/nuevas-medidas-de-prevencion-en-hotel-fray-junipero-serra-para-tu-regreso-a-tepic-2\\\/#primaryimage\"},\"thumbnailUrl\":\"https:\\\/\\\/hotelesfray.com\\\/wp-content\\\/uploads\\\/2020\\\/02\\\/FrayPortada.jpg\",\"articleSection\":[\"Actualidad\",\"Hotel\"],\"inLanguage\":\"en-US\"},{\"@type\":\"WebPage\",\"@id\":\"https:\\\/\\\/hotelesfray.com\\\/2020\\\/05\\\/20\\\/nuevas-medidas-de-prevencion-en-hotel-fray-junipero-serra-para-tu-regreso-a-tepic-2\\\/\",\"url\":\"https:\\\/\\\/hotelesfray.com\\\/2020\\\/05\\\/20\\\/nuevas-medidas-de-prevencion-en-hotel-fray-junipero-serra-para-tu-regreso-a-tepic-2\\\/\",\"name\":\"Nuevas medidas de prevenci\u00f3n en Hotel Fray Jun\u00edpero Serra para tu regreso a Tepic | Hoteles Fray\",\"isPartOf\":{\"@id\":\"https:\\\/\\\/hotelesfray.com\\\/#website\"},\"primaryImageOfPage\":{\"@id\":\"https:\\\/\\\/hotelesfray.com\\\/2020\\\/05\\\/20\\\/nuevas-medidas-de-prevencion-en-hotel-fray-junipero-serra-para-tu-regreso-a-tepic-2\\\/#primaryimage\"},\"image\":{\"@id\":\"https:\\\/\\\/hotelesfray.com\\\/2020\\\/05\\\/20\\\/nuevas-medidas-de-prevencion-en-hotel-fray-junipero-serra-para-tu-regreso-a-tepic-2\\\/#primaryimage\"},\"thumbnailUrl\":\"https:\\\/\\\/hotelesfray.com\\\/wp-content\\\/uploads\\\/2020\\\/02\\\/FrayPortada.jpg\",\"datePublished\":\"2020-05-20T23:26:43+00:00\",\"dateModified\":\"2025-02-24T00:42:47+00:00\",\"breadcrumb\":{\"@id\":\"https:\\\/\\\/hotelesfray.com\\\/2020\\\/05\\\/20\\\/nuevas-medidas-de-prevencion-en-hotel-fray-junipero-serra-para-tu-regreso-a-tepic-2\\\/#breadcrumb\"},\"inLanguage\":\"en-US\",\"potentialAction\":[{\"@type\":\"ReadAction\",\"target\":[\"https:\\\/\\\/hotelesfray.com\\\/2020\\\/05\\\/20\\\/nuevas-medidas-de-prevencion-en-hotel-fray-junipero-serra-para-tu-regreso-a-tepic-2\\\/\"]}]},{\"@type\":\"ImageObject\",\"inLanguage\":\"en-US\",\"@id\":\"https:\\\/\\\/hotelesfray.com\\\/2020\\\/05\\\/20\\\/nuevas-medidas-de-prevencion-en-hotel-fray-junipero-serra-para-tu-regreso-a-tepic-2\\\/#primaryimage\",\"url\":\"https:\\\/\\\/hotelesfray.com\\\/wp-content\\\/uploads\\\/2020\\\/02\\\/FrayPortada.jpg\",\"contentUrl\":\"https:\\\/\\\/hotelesfray.com\\\/wp-content\\\/uploads\\\/2020\\\/02\\\/FrayPortada.jpg\",\"width\":1920,\"height\":1080},{\"@type\":\"BreadcrumbList\",\"@id\":\"https:\\\/\\\/hotelesfray.com\\\/2020\\\/05\\\/20\\\/nuevas-medidas-de-prevencion-en-hotel-fray-junipero-serra-para-tu-regreso-a-tepic-2\\\/#breadcrumb\",\"itemListElement\":[{\"@type\":\"ListItem\",\"position\":1,\"name\":\"Actualidad\",\"item\":\"https:\\\/\\\/hotelesfray.com\\\/category\\\/actualidad\\\/\"},{\"@type\":\"ListItem\",\"position\":2,\"name\":\"Nuevas medidas de prevenci\u00f3n en Hotel Fray Jun\u00edpero Serra para tu regreso a Tepic\"}]},{\"@type\":\"WebSite\",\"@id\":\"https:\\\/\\\/hotelesfray.com\\\/#website\",\"url\":\"https:\\\/\\\/hotelesfray.com\\\/\",\"name\":\"Hoteles Fray\",\"description\":\"Los Mejores Hoteles en el Centro de Tepic, Nayarit\",\"publisher\":{\"@id\":\"https:\\\/\\\/hotelesfray.com\\\/#organization\"},\"potentialAction\":[{\"@type\":\"SearchAction\",\"target\":{\"@type\":\"EntryPoint\",\"urlTemplate\":\"https:\\\/\\\/hotelesfray.com\\\/?s={search_term_string}\"},\"query-input\":{\"@type\":\"PropertyValueSpecification\",\"valueRequired\":true,\"valueName\":\"search_term_string\"}}],\"inLanguage\":\"en-US\"},{\"@type\":\"Organization\",\"@id\":\"https:\\\/\\\/hotelesfray.com\\\/#organization\",\"name\":\"Hoteles Fray\",\"url\":\"https:\\\/\\\/hotelesfray.com\\\/\",\"logo\":{\"@type\":\"ImageObject\",\"inLanguage\":\"en-US\",\"@id\":\"https:\\\/\\\/hotelesfray.com\\\/#\\\/schema\\\/logo\\\/image\\\/\",\"url\":\"https:\\\/\\\/hotelesfray.com\\\/wp-content\\\/uploads\\\/2023\\\/01\\\/HotelesFray-cuadro.png\",\"contentUrl\":\"https:\\\/\\\/hotelesfray.com\\\/wp-content\\\/uploads\\\/2023\\\/01\\\/HotelesFray-cuadro.png\",\"width\":2200,\"height\":2200,\"caption\":\"Hoteles Fray\"},\"image\":{\"@id\":\"https:\\\/\\\/hotelesfray.com\\\/#\\\/schema\\\/logo\\\/image\\\/\"}},{\"@type\":\"Person\",\"@id\":\"https:\\\/\\\/hotelesfray.com\\\/#\\\/schema\\\/person\\\/1a3f5909146e66cdba9aa8b37f1858e1\",\"name\":\"Eduardo Lopez\",\"image\":{\"@type\":\"ImageObject\",\"inLanguage\":\"en-US\",\"@id\":\"https:\\\/\\\/secure.gravatar.com\\\/avatar\\\/3d6f41a002d28c6845cb55b565f68141a241a36951b539d6f4dbddac28595734?s=96&d=mm&r=g\",\"url\":\"https:\\\/\\\/secure.gravatar.com\\\/avatar\\\/3d6f41a002d28c6845cb55b565f68141a241a36951b539d6f4dbddac28595734?s=96&d=mm&r=g\",\"contentUrl\":\"https:\\\/\\\/secure.gravatar.com\\\/avatar\\\/3d6f41a002d28c6845cb55b565f68141a241a36951b539d6f4dbddac28595734?s=96&d=mm&r=g\",\"caption\":\"Eduardo Lopez\"},\"url\":\"https:\\\/\\\/hotelesfray.com\\\/en\\\/author\\\/gente\\\/\"}]}<\/script>\n<!-- \/ Yoast SEO plugin. -->","yoast_head_json":{"title":"Hotels in Tepic | Hoteles Fray \u2013 Complimentary Buffet Breakfast","description":"Looking for hotels in Tepic? Hoteles Fray offers the best location, complimentary buffet breakfast, free WiFi, and flexible cancellation. Book directly with no deposit!","robots":{"index":"index","follow":"follow","max-snippet":"max-snippet:-1","max-image-preview":"max-image-preview:large","max-video-preview":"max-video-preview:-1"},"canonical":"https:\/\/hotelesfray.com\/en\/2020\/05\/20\/nuevas-medidas-de-prevencion-en-hotel-fray-junipero-serra-para-tu-regreso-a-tepic-2\/","og_locale":"en_US","og_type":"article","og_title":"Hotels in Tepic | Hoteles Fray \u2013 Complimentary Buffet Breakfast","og_description":"Looking for hotels in Tepic? Hoteles Fray offers the best location, complimentary buffet breakfast, free WiFi, and flexible cancellation. Book directly with no deposit!","og_url":"https:\/\/hotelesfray.com\/en\/2020\/05\/20\/nuevas-medidas-de-prevencion-en-hotel-fray-junipero-serra-para-tu-regreso-a-tepic-2\/","og_site_name":"Hoteles Fray","article_published_time":"2020-05-20T23:26:43+00:00","article_modified_time":"2025-02-24T00:42:47+00:00","og_image":[{"width":1920,"height":1080,"url":"https:\/\/hotelesfray.com\/wp-content\/uploads\/2020\/02\/FrayPortada.jpg","type":"image\/jpeg"}],"author":"Eduardo Lopez","twitter_card":"summary_large_image","twitter_misc":{"Written by":"Eduardo Lopez","Est. reading time":"2 minutes"},"schema":{"@context":"https:\/\/schema.org","@graph":[{"@type":["Article","BlogPosting"],"@id":"https:\/\/hotelesfray.com\/2020\/05\/20\/nuevas-medidas-de-prevencion-en-hotel-fray-junipero-serra-para-tu-regreso-a-tepic-2\/#article","isPartOf":{"@id":"https:\/\/hotelesfray.com\/2020\/05\/20\/nuevas-medidas-de-prevencion-en-hotel-fray-junipero-serra-para-tu-regreso-a-tepic-2\/"},"author":{"name":"Eduardo Lopez","@id":"https:\/\/hotelesfray.com\/#\/schema\/person\/1a3f5909146e66cdba9aa8b37f1858e1"},"headline":"Nuevas medidas de prevenci\u00f3n en Hotel Fray Jun\u00edpero Serra para tu regreso a Tepic","datePublished":"2020-05-20T23:26:43+00:00","dateModified":"2025-02-24T00:42:47+00:00","mainEntityOfPage":{"@id":"https:\/\/hotelesfray.com\/2020\/05\/20\/nuevas-medidas-de-prevencion-en-hotel-fray-junipero-serra-para-tu-regreso-a-tepic-2\/"},"wordCount":359,"publisher":{"@id":"https:\/\/hotelesfray.com\/#organization"},"image":{"@id":"https:\/\/hotelesfray.com\/2020\/05\/20\/nuevas-medidas-de-prevencion-en-hotel-fray-junipero-serra-para-tu-regreso-a-tepic-2\/#primaryimage"},"thumbnailUrl":"https:\/\/hotelesfray.com\/wp-content\/uploads\/2020\/02\/FrayPortada.jpg","articleSection":["Actualidad","Hotel"],"inLanguage":"en-US"},{"@type":"WebPage","@id":"https:\/\/hotelesfray.com\/2020\/05\/20\/nuevas-medidas-de-prevencion-en-hotel-fray-junipero-serra-para-tu-regreso-a-tepic-2\/","url":"https:\/\/hotelesfray.com\/2020\/05\/20\/nuevas-medidas-de-prevencion-en-hotel-fray-junipero-serra-para-tu-regreso-a-tepic-2\/","name":"Nuevas medidas de prevenci\u00f3n en Hotel Fray Jun\u00edpero Serra para tu regreso a Tepic | Hoteles Fray","isPartOf":{"@id":"https:\/\/hotelesfray.com\/#website"},"primaryImageOfPage":{"@id":"https:\/\/hotelesfray.com\/2020\/05\/20\/nuevas-medidas-de-prevencion-en-hotel-fray-junipero-serra-para-tu-regreso-a-tepic-2\/#primaryimage"},"image":{"@id":"https:\/\/hotelesfray.com\/2020\/05\/20\/nuevas-medidas-de-prevencion-en-hotel-fray-junipero-serra-para-tu-regreso-a-tepic-2\/#primaryimage"},"thumbnailUrl":"https:\/\/hotelesfray.com\/wp-content\/uploads\/2020\/02\/FrayPortada.jpg","datePublished":"2020-05-20T23:26:43+00:00","dateModified":"2025-02-24T00:42:47+00:00","breadcrumb":{"@id":"https:\/\/hotelesfray.com\/2020\/05\/20\/nuevas-medidas-de-prevencion-en-hotel-fray-junipero-serra-para-tu-regreso-a-tepic-2\/#breadcrumb"},"inLanguage":"en-US","potentialAction":[{"@type":"ReadAction","target":["https:\/\/hotelesfray.com\/2020\/05\/20\/nuevas-medidas-de-prevencion-en-hotel-fray-junipero-serra-para-tu-regreso-a-tepic-2\/"]}]},{"@type":"ImageObject","inLanguage":"en-US","@id":"https:\/\/hotelesfray.com\/2020\/05\/20\/nuevas-medidas-de-prevencion-en-hotel-fray-junipero-serra-para-tu-regreso-a-tepic-2\/#primaryimage","url":"https:\/\/hotelesfray.com\/wp-content\/uploads\/2020\/02\/FrayPortada.jpg","contentUrl":"https:\/\/hotelesfray.com\/wp-content\/uploads\/2020\/02\/FrayPortada.jpg","width":1920,"height":1080},{"@type":"BreadcrumbList","@id":"https:\/\/hotelesfray.com\/2020\/05\/20\/nuevas-medidas-de-prevencion-en-hotel-fray-junipero-serra-para-tu-regreso-a-tepic-2\/#breadcrumb","itemListElement":[{"@type":"ListItem","position":1,"name":"Actualidad","item":"https:\/\/hotelesfray.com\/category\/actualidad\/"},{"@type":"ListItem","position":2,"name":"Nuevas medidas de prevenci\u00f3n en Hotel Fray Jun\u00edpero Serra para tu regreso a Tepic"}]},{"@type":"WebSite","@id":"https:\/\/hotelesfray.com\/#website","url":"https:\/\/hotelesfray.com\/","name":"Hoteles Fray","description":"Los Mejores Hoteles en el Centro de Tepic, Nayarit","publisher":{"@id":"https:\/\/hotelesfray.com\/#organization"},"potentialAction":[{"@type":"SearchAction","target":{"@type":"EntryPoint","urlTemplate":"https:\/\/hotelesfray.com\/?s={search_term_string}"},"query-input":{"@type":"PropertyValueSpecification","valueRequired":true,"valueName":"search_term_string"}}],"inLanguage":"en-US"},{"@type":"Organization","@id":"https:\/\/hotelesfray.com\/#organization","name":"Hoteles Fray","url":"https:\/\/hotelesfray.com\/","logo":{"@type":"ImageObject","inLanguage":"en-US","@id":"https:\/\/hotelesfray.com\/#\/schema\/logo\/image\/","url":"https:\/\/hotelesfray.com\/wp-content\/uploads\/2023\/01\/HotelesFray-cuadro.png","contentUrl":"https:\/\/hotelesfray.com\/wp-content\/uploads\/2023\/01\/HotelesFray-cuadro.png","width":2200,"height":2200,"caption":"Hoteles Fray"},"image":{"@id":"https:\/\/hotelesfray.com\/#\/schema\/logo\/image\/"}},{"@type":"Person","@id":"https:\/\/hotelesfray.com\/#\/schema\/person\/1a3f5909146e66cdba9aa8b37f1858e1","name":"Eduardo Lopez","image":{"@type":"ImageObject","inLanguage":"en-US","@id":"https:\/\/secure.gravatar.com\/avatar\/3d6f41a002d28c6845cb55b565f68141a241a36951b539d6f4dbddac28595734?s=96&d=mm&r=g","url":"https:\/\/secure.gravatar.com\/avatar\/3d6f41a002d28c6845cb55b565f68141a241a36951b539d6f4dbddac28595734?s=96&d=mm&r=g","contentUrl":"https:\/\/secure.gravatar.com\/avatar\/3d6f41a002d28c6845cb55b565f68141a241a36951b539d6f4dbddac28595734?s=96&d=mm&r=g","caption":"Eduardo Lopez"},"url":"https:\/\/hotelesfray.com\/en\/author\/gente\/"}]}},"_links":{"self":[{"href":"https:\/\/hotelesfray.com\/en\/wp-json\/wp\/v2\/posts\/1329","targetHints":{"allow":["GET"]}}],"collection":[{"href":"https:\/\/hotelesfray.com\/en\/wp-json\/wp\/v2\/posts"}],"about":[{"href":"https:\/\/hotelesfray.com\/en\/wp-json\/wp\/v2\/types\/post"}],"author":[{"embeddable":true,"href":"https:\/\/hotelesfray.com\/en\/wp-json\/wp\/v2\/users\/2"}],"replies":[{"embeddable":true,"href":"https:\/\/hotelesfray.com\/en\/wp-json\/wp\/v2\/comments?post=1329"}],"version-history":[{"count":1,"href":"https:\/\/hotelesfray.com\/en\/wp-json\/wp\/v2\/posts\/1329\/revisions"}],"predecessor-version":[{"id":5867,"href":"https:\/\/hotelesfray.com\/en\/wp-json\/wp\/v2\/posts\/1329\/revisions\/5867"}],"wp:featuredmedia":[{"embeddable":true,"href":"https:\/\/hotelesfray.com\/en\/wp-json\/wp\/v2\/media\/559"}],"wp:attachment":[{"href":"https:\/\/hotelesfray.com\/en\/wp-json\/wp\/v2\/media?parent=1329"}],"wp:term":[{"taxonomy":"category","embeddable":true,"href":"https:\/\/hotelesfray.com\/en\/wp-json\/wp\/v2\/categories?post=1329"},{"taxonomy":"post_tag","embeddable":true,"href":"https:\/\/hotelesfray.com\/en\/wp-json\/wp\/v2\/tags?post=1329"}],"curies":[{"name":"wp","href":"https:\/\/api.w.org\/{rel}","templated":true}]}}