{"id":1772,"date":"2020-06-10T18:29:04","date_gmt":"2020-06-10T22:29:04","guid":{"rendered":"https:\/\/hotelfrayjunipero.com\/?p=1772"},"modified":"2025-02-23T20:42:36","modified_gmt":"2025-02-24T00:42:36","slug":"a-partir-del-15-junio-se-abren-hoteles-en-nayarit-informo-el-gobernador-del-estado-antonio-echevarria-garcia","status":"publish","type":"post","link":"https:\/\/hotelesfray.com\/en\/2020\/06\/10\/a-partir-del-15-junio-se-abren-hoteles-en-nayarit-informo-el-gobernador-del-estado-antonio-echevarria-garcia\/","title":{"rendered":"A partir del 15 junio se abren hoteles en Nayarit, inform\u00f3 el gobernador del estado Antonio Echevarr\u00eda Garc\u00eda"},"content":{"rendered":"<p>El Gobernador del Estado de Nayarit, Antonio Echevarr\u00eda Garc\u00eda, inform\u00f3 este pasado lunes que, siguiendo con los lineamientos de la \u00abNueva Normalidad\u00bb y en el proceso de reactivaci\u00f3n econ\u00f3mica, <strong>a partir del 15 de junio se podr\u00e1n abrir los hoteles y moteles del estado<\/strong>.<\/p>\n\n\n\n<p><strong>\u00bfBuscas un hotel en Tepic?<\/strong> Nos alegra poder confirmar que volvemos para ofrecerte la mejor atenci\u00f3n y el m\u00e1s grato descanso en el coraz\u00f3n de capital. Para ello, seguimos las indicaciones de la autoridad sanitaria con respecto a esta reactivaci\u00f3n, las cuales incluyen:<\/p>\n\n\n\n<ul class=\"wp-block-list\"><li>Operar a un 30% de capacidad.<\/li><li>Registro ante Gobierno del Estado.<\/li><li>Cumplimiento de protocolos y medidas de salud correspondientes.<\/li><\/ul>\n\n\n\n<figure class=\"wp-block-embed-twitter aligncenter wp-block-embed is-type-rich is-provider-twitter\"><div class=\"wp-block-embed__wrapper\">\n<blockquote class=\"twitter-tweet\" data-width=\"550\" data-dnt=\"true\"><p lang=\"es\" dir=\"ltr\">Hace unos momentos en la develaci\u00f3n de las estatuas de La Loca de San Blas y del Ostionero, en Aticama, inform\u00e9 que los hoteles y moteles del estado podr\u00e1n abrir el pr\u00f3ximo lunes 15 de junio. <a href=\"https:\/\/t.co\/Pb68itUGmL\">pic.twitter.com\/Pb68itUGmL<\/a><\/p>&mdash; Antonio Echevarr\u00eda G (@aegnayarit) <a href=\"https:\/\/twitter.com\/aegnayarit\/status\/1270081059422601222?ref_src=twsrc%5Etfw\">June 8, 2020<\/a><\/blockquote><script async src=\"https:\/\/platform.twitter.com\/widgets.js\" charset=\"utf-8\"><\/script>\n<\/div><\/figure>\n\n\n\n<p>Adem\u00e1s, para el manejo higi\u00e9nico de alimentos, nos certificamos con el Distintivo H que garantiza en gran medida las medidas necesarias para poder ofrecerte la mejor seguridad sanitaria en nuestra \u00e1rea de restaurante. Adem\u00e1s, estamos en proceso de certificaci\u00f3n en Punto Limpio, un programa del gobierno federal con el mismo objetivo.<\/p>","protected":false},"excerpt":{"rendered":"<p>El Gobernador del Estado de Nayarit, Antonio Echevarr\u00eda Garc\u00eda, inform\u00f3 este pasado lunes que, siguiendo con los lineamientos de la \u00abNueva Normalidad\u00bb y en el proceso de reactivaci\u00f3n econ\u00f3mica, a partir del 15 de junio se podr\u00e1n abrir los hoteles y moteles del estado. \u00bfBuscas un hotel en Tepic? Nos alegra poder confirmar que volvemos [&hellip;]<\/p>\n","protected":false},"author":2,"featured_media":1773,"comment_status":"closed","ping_status":"open","sticky":false,"template":"","format":"standard","meta":{"_et_pb_use_builder":"","_et_pb_old_content":"","_et_gb_content_width":"","footnotes":""},"categories":[161],"tags":[],"class_list":["post-1772","post","type-post","status-publish","format-standard","has-post-thumbnail","hentry","category-actualidad"],"yoast_head":"<!-- This site is optimized with the Yoast SEO plugin v27.4 - https:\/\/yoast.com\/product\/yoast-seo-wordpress\/ -->\n<title>Hotels in Tepic | Hoteles Fray \u2013 Complimentary Buffet Breakfast<\/title>\n<meta name=\"description\" content=\"Looking for hotels in Tepic? Hoteles Fray offers the best location, complimentary buffet breakfast, free WiFi, and flexible cancellation. Book directly with no deposit!\" \/>\n<meta name=\"robots\" content=\"index, follow, max-snippet:-1, max-image-preview:large, max-video-preview:-1\" \/>\n<link rel=\"canonical\" href=\"https:\/\/hotelesfray.com\/en\/2020\/06\/10\/a-partir-del-15-junio-se-abren-hoteles-en-nayarit-informo-el-gobernador-del-estado-antonio-echevarria-garcia\/\" \/>\n<meta property=\"og:locale\" content=\"en_US\" \/>\n<meta property=\"og:type\" content=\"article\" \/>\n<meta property=\"og:title\" content=\"Hotels in Tepic | Hoteles Fray \u2013 Complimentary Buffet Breakfast\" \/>\n<meta property=\"og:description\" content=\"Looking for hotels in Tepic? Hoteles Fray offers the best location, complimentary buffet breakfast, free WiFi, and flexible cancellation. Book directly with no deposit!\" \/>\n<meta property=\"og:url\" content=\"https:\/\/hotelesfray.com\/en\/2020\/06\/10\/a-partir-del-15-junio-se-abren-hoteles-en-nayarit-informo-el-gobernador-del-estado-antonio-echevarria-garcia\/\" \/>\n<meta property=\"og:site_name\" content=\"Hoteles Fray\" \/>\n<meta property=\"article:published_time\" content=\"2020-06-10T22:29:04+00:00\" \/>\n<meta property=\"article:modified_time\" content=\"2025-02-24T00:42:36+00:00\" \/>\n<meta property=\"og:image\" content=\"https:\/\/hotelesfray.com\/wp-content\/uploads\/2020\/06\/EaA7_SyWAAEH98E.jpg\" \/>\n\t<meta property=\"og:image:width\" content=\"818\" \/>\n\t<meta property=\"og:image:height\" content=\"748\" \/>\n\t<meta property=\"og:image:type\" content=\"image\/jpeg\" \/>\n<meta name=\"author\" content=\"Eduardo Lopez\" \/>\n<meta name=\"twitter:card\" content=\"summary_large_image\" \/>\n<meta name=\"twitter:label1\" content=\"Written by\" \/>\n\t<meta name=\"twitter:data1\" content=\"Eduardo Lopez\" \/>\n\t<meta name=\"twitter:label2\" content=\"Est. reading time\" \/>\n\t<meta name=\"twitter:data2\" content=\"1 minute\" \/>\n<script type=\"application\/ld+json\" class=\"yoast-schema-graph\">{\"@context\":\"https:\\\/\\\/schema.org\",\"@graph\":[{\"@type\":[\"Article\",\"BlogPosting\"],\"@id\":\"https:\\\/\\\/hotelesfray.com\\\/2020\\\/06\\\/10\\\/a-partir-del-15-junio-se-abren-hoteles-en-nayarit-informo-el-gobernador-del-estado-antonio-echevarria-garcia\\\/#article\",\"isPartOf\":{\"@id\":\"https:\\\/\\\/hotelesfray.com\\\/2020\\\/06\\\/10\\\/a-partir-del-15-junio-se-abren-hoteles-en-nayarit-informo-el-gobernador-del-estado-antonio-echevarria-garcia\\\/\"},\"author\":{\"name\":\"Eduardo Lopez\",\"@id\":\"https:\\\/\\\/hotelesfray.com\\\/#\\\/schema\\\/person\\\/1a3f5909146e66cdba9aa8b37f1858e1\"},\"headline\":\"A partir del 15 junio se abren hoteles en Nayarit, inform\u00f3 el gobernador del estado Antonio Echevarr\u00eda Garc\u00eda\",\"datePublished\":\"2020-06-10T22:29:04+00:00\",\"dateModified\":\"2025-02-24T00:42:36+00:00\",\"mainEntityOfPage\":{\"@id\":\"https:\\\/\\\/hotelesfray.com\\\/2020\\\/06\\\/10\\\/a-partir-del-15-junio-se-abren-hoteles-en-nayarit-informo-el-gobernador-del-estado-antonio-echevarria-garcia\\\/\"},\"wordCount\":192,\"publisher\":{\"@id\":\"https:\\\/\\\/hotelesfray.com\\\/#organization\"},\"image\":{\"@id\":\"https:\\\/\\\/hotelesfray.com\\\/2020\\\/06\\\/10\\\/a-partir-del-15-junio-se-abren-hoteles-en-nayarit-informo-el-gobernador-del-estado-antonio-echevarria-garcia\\\/#primaryimage\"},\"thumbnailUrl\":\"https:\\\/\\\/hotelesfray.com\\\/wp-content\\\/uploads\\\/2020\\\/06\\\/EaA7_SyWAAEH98E.jpg\",\"articleSection\":[\"Actualidad\"],\"inLanguage\":\"en-US\"},{\"@type\":\"WebPage\",\"@id\":\"https:\\\/\\\/hotelesfray.com\\\/2020\\\/06\\\/10\\\/a-partir-del-15-junio-se-abren-hoteles-en-nayarit-informo-el-gobernador-del-estado-antonio-echevarria-garcia\\\/\",\"url\":\"https:\\\/\\\/hotelesfray.com\\\/2020\\\/06\\\/10\\\/a-partir-del-15-junio-se-abren-hoteles-en-nayarit-informo-el-gobernador-del-estado-antonio-echevarria-garcia\\\/\",\"name\":\"A partir del 15 junio se abren hoteles en Nayarit, inform\u00f3 el gobernador del estado Antonio Echevarr\u00eda Garc\u00eda | Hoteles Fray\",\"isPartOf\":{\"@id\":\"https:\\\/\\\/hotelesfray.com\\\/#website\"},\"primaryImageOfPage\":{\"@id\":\"https:\\\/\\\/hotelesfray.com\\\/2020\\\/06\\\/10\\\/a-partir-del-15-junio-se-abren-hoteles-en-nayarit-informo-el-gobernador-del-estado-antonio-echevarria-garcia\\\/#primaryimage\"},\"image\":{\"@id\":\"https:\\\/\\\/hotelesfray.com\\\/2020\\\/06\\\/10\\\/a-partir-del-15-junio-se-abren-hoteles-en-nayarit-informo-el-gobernador-del-estado-antonio-echevarria-garcia\\\/#primaryimage\"},\"thumbnailUrl\":\"https:\\\/\\\/hotelesfray.com\\\/wp-content\\\/uploads\\\/2020\\\/06\\\/EaA7_SyWAAEH98E.jpg\",\"datePublished\":\"2020-06-10T22:29:04+00:00\",\"dateModified\":\"2025-02-24T00:42:36+00:00\",\"breadcrumb\":{\"@id\":\"https:\\\/\\\/hotelesfray.com\\\/2020\\\/06\\\/10\\\/a-partir-del-15-junio-se-abren-hoteles-en-nayarit-informo-el-gobernador-del-estado-antonio-echevarria-garcia\\\/#breadcrumb\"},\"inLanguage\":\"en-US\",\"potentialAction\":[{\"@type\":\"ReadAction\",\"target\":[\"https:\\\/\\\/hotelesfray.com\\\/2020\\\/06\\\/10\\\/a-partir-del-15-junio-se-abren-hoteles-en-nayarit-informo-el-gobernador-del-estado-antonio-echevarria-garcia\\\/\"]}]},{\"@type\":\"ImageObject\",\"inLanguage\":\"en-US\",\"@id\":\"https:\\\/\\\/hotelesfray.com\\\/2020\\\/06\\\/10\\\/a-partir-del-15-junio-se-abren-hoteles-en-nayarit-informo-el-gobernador-del-estado-antonio-echevarria-garcia\\\/#primaryimage\",\"url\":\"https:\\\/\\\/hotelesfray.com\\\/wp-content\\\/uploads\\\/2020\\\/06\\\/EaA7_SyWAAEH98E.jpg\",\"contentUrl\":\"https:\\\/\\\/hotelesfray.com\\\/wp-content\\\/uploads\\\/2020\\\/06\\\/EaA7_SyWAAEH98E.jpg\",\"width\":818,\"height\":748},{\"@type\":\"BreadcrumbList\",\"@id\":\"https:\\\/\\\/hotelesfray.com\\\/2020\\\/06\\\/10\\\/a-partir-del-15-junio-se-abren-hoteles-en-nayarit-informo-el-gobernador-del-estado-antonio-echevarria-garcia\\\/#breadcrumb\",\"itemListElement\":[{\"@type\":\"ListItem\",\"position\":1,\"name\":\"Actualidad\",\"item\":\"https:\\\/\\\/hotelesfray.com\\\/category\\\/actualidad\\\/\"},{\"@type\":\"ListItem\",\"position\":2,\"name\":\"A partir del 15 junio se abren hoteles en Nayarit, inform\u00f3 el gobernador del estado Antonio Echevarr\u00eda Garc\u00eda\"}]},{\"@type\":\"WebSite\",\"@id\":\"https:\\\/\\\/hotelesfray.com\\\/#website\",\"url\":\"https:\\\/\\\/hotelesfray.com\\\/\",\"name\":\"Hoteles Fray\",\"description\":\"Los Mejores Hoteles en el Centro de Tepic, Nayarit\",\"publisher\":{\"@id\":\"https:\\\/\\\/hotelesfray.com\\\/#organization\"},\"potentialAction\":[{\"@type\":\"SearchAction\",\"target\":{\"@type\":\"EntryPoint\",\"urlTemplate\":\"https:\\\/\\\/hotelesfray.com\\\/?s={search_term_string}\"},\"query-input\":{\"@type\":\"PropertyValueSpecification\",\"valueRequired\":true,\"valueName\":\"search_term_string\"}}],\"inLanguage\":\"en-US\"},{\"@type\":\"Organization\",\"@id\":\"https:\\\/\\\/hotelesfray.com\\\/#organization\",\"name\":\"Hoteles Fray\",\"url\":\"https:\\\/\\\/hotelesfray.com\\\/\",\"logo\":{\"@type\":\"ImageObject\",\"inLanguage\":\"en-US\",\"@id\":\"https:\\\/\\\/hotelesfray.com\\\/#\\\/schema\\\/logo\\\/image\\\/\",\"url\":\"https:\\\/\\\/hotelesfray.com\\\/wp-content\\\/uploads\\\/2023\\\/01\\\/HotelesFray-cuadro.png\",\"contentUrl\":\"https:\\\/\\\/hotelesfray.com\\\/wp-content\\\/uploads\\\/2023\\\/01\\\/HotelesFray-cuadro.png\",\"width\":2200,\"height\":2200,\"caption\":\"Hoteles Fray\"},\"image\":{\"@id\":\"https:\\\/\\\/hotelesfray.com\\\/#\\\/schema\\\/logo\\\/image\\\/\"}},{\"@type\":\"Person\",\"@id\":\"https:\\\/\\\/hotelesfray.com\\\/#\\\/schema\\\/person\\\/1a3f5909146e66cdba9aa8b37f1858e1\",\"name\":\"Eduardo Lopez\",\"image\":{\"@type\":\"ImageObject\",\"inLanguage\":\"en-US\",\"@id\":\"https:\\\/\\\/secure.gravatar.com\\\/avatar\\\/3d6f41a002d28c6845cb55b565f68141a241a36951b539d6f4dbddac28595734?s=96&d=mm&r=g\",\"url\":\"https:\\\/\\\/secure.gravatar.com\\\/avatar\\\/3d6f41a002d28c6845cb55b565f68141a241a36951b539d6f4dbddac28595734?s=96&d=mm&r=g\",\"contentUrl\":\"https:\\\/\\\/secure.gravatar.com\\\/avatar\\\/3d6f41a002d28c6845cb55b565f68141a241a36951b539d6f4dbddac28595734?s=96&d=mm&r=g\",\"caption\":\"Eduardo Lopez\"},\"url\":\"https:\\\/\\\/hotelesfray.com\\\/en\\\/author\\\/gente\\\/\"}]}<\/script>\n<!-- \/ Yoast SEO plugin. -->","yoast_head_json":{"title":"Hotels in Tepic | Hoteles Fray \u2013 Complimentary Buffet Breakfast","description":"Looking for hotels in Tepic? Hoteles Fray offers the best location, complimentary buffet breakfast, free WiFi, and flexible cancellation. Book directly with no deposit!","robots":{"index":"index","follow":"follow","max-snippet":"max-snippet:-1","max-image-preview":"max-image-preview:large","max-video-preview":"max-video-preview:-1"},"canonical":"https:\/\/hotelesfray.com\/en\/2020\/06\/10\/a-partir-del-15-junio-se-abren-hoteles-en-nayarit-informo-el-gobernador-del-estado-antonio-echevarria-garcia\/","og_locale":"en_US","og_type":"article","og_title":"Hotels in Tepic | Hoteles Fray \u2013 Complimentary Buffet Breakfast","og_description":"Looking for hotels in Tepic? Hoteles Fray offers the best location, complimentary buffet breakfast, free WiFi, and flexible cancellation. Book directly with no deposit!","og_url":"https:\/\/hotelesfray.com\/en\/2020\/06\/10\/a-partir-del-15-junio-se-abren-hoteles-en-nayarit-informo-el-gobernador-del-estado-antonio-echevarria-garcia\/","og_site_name":"Hoteles Fray","article_published_time":"2020-06-10T22:29:04+00:00","article_modified_time":"2025-02-24T00:42:36+00:00","og_image":[{"width":818,"height":748,"url":"https:\/\/hotelesfray.com\/wp-content\/uploads\/2020\/06\/EaA7_SyWAAEH98E.jpg","type":"image\/jpeg"}],"author":"Eduardo Lopez","twitter_card":"summary_large_image","twitter_misc":{"Written by":"Eduardo Lopez","Est. reading time":"1 minute"},"schema":{"@context":"https:\/\/schema.org","@graph":[{"@type":["Article","BlogPosting"],"@id":"https:\/\/hotelesfray.com\/2020\/06\/10\/a-partir-del-15-junio-se-abren-hoteles-en-nayarit-informo-el-gobernador-del-estado-antonio-echevarria-garcia\/#article","isPartOf":{"@id":"https:\/\/hotelesfray.com\/2020\/06\/10\/a-partir-del-15-junio-se-abren-hoteles-en-nayarit-informo-el-gobernador-del-estado-antonio-echevarria-garcia\/"},"author":{"name":"Eduardo Lopez","@id":"https:\/\/hotelesfray.com\/#\/schema\/person\/1a3f5909146e66cdba9aa8b37f1858e1"},"headline":"A partir del 15 junio se abren hoteles en Nayarit, inform\u00f3 el gobernador del estado Antonio Echevarr\u00eda Garc\u00eda","datePublished":"2020-06-10T22:29:04+00:00","dateModified":"2025-02-24T00:42:36+00:00","mainEntityOfPage":{"@id":"https:\/\/hotelesfray.com\/2020\/06\/10\/a-partir-del-15-junio-se-abren-hoteles-en-nayarit-informo-el-gobernador-del-estado-antonio-echevarria-garcia\/"},"wordCount":192,"publisher":{"@id":"https:\/\/hotelesfray.com\/#organization"},"image":{"@id":"https:\/\/hotelesfray.com\/2020\/06\/10\/a-partir-del-15-junio-se-abren-hoteles-en-nayarit-informo-el-gobernador-del-estado-antonio-echevarria-garcia\/#primaryimage"},"thumbnailUrl":"https:\/\/hotelesfray.com\/wp-content\/uploads\/2020\/06\/EaA7_SyWAAEH98E.jpg","articleSection":["Actualidad"],"inLanguage":"en-US"},{"@type":"WebPage","@id":"https:\/\/hotelesfray.com\/2020\/06\/10\/a-partir-del-15-junio-se-abren-hoteles-en-nayarit-informo-el-gobernador-del-estado-antonio-echevarria-garcia\/","url":"https:\/\/hotelesfray.com\/2020\/06\/10\/a-partir-del-15-junio-se-abren-hoteles-en-nayarit-informo-el-gobernador-del-estado-antonio-echevarria-garcia\/","name":"A partir del 15 junio se abren hoteles en Nayarit, inform\u00f3 el gobernador del estado Antonio Echevarr\u00eda Garc\u00eda | Hoteles Fray","isPartOf":{"@id":"https:\/\/hotelesfray.com\/#website"},"primaryImageOfPage":{"@id":"https:\/\/hotelesfray.com\/2020\/06\/10\/a-partir-del-15-junio-se-abren-hoteles-en-nayarit-informo-el-gobernador-del-estado-antonio-echevarria-garcia\/#primaryimage"},"image":{"@id":"https:\/\/hotelesfray.com\/2020\/06\/10\/a-partir-del-15-junio-se-abren-hoteles-en-nayarit-informo-el-gobernador-del-estado-antonio-echevarria-garcia\/#primaryimage"},"thumbnailUrl":"https:\/\/hotelesfray.com\/wp-content\/uploads\/2020\/06\/EaA7_SyWAAEH98E.jpg","datePublished":"2020-06-10T22:29:04+00:00","dateModified":"2025-02-24T00:42:36+00:00","breadcrumb":{"@id":"https:\/\/hotelesfray.com\/2020\/06\/10\/a-partir-del-15-junio-se-abren-hoteles-en-nayarit-informo-el-gobernador-del-estado-antonio-echevarria-garcia\/#breadcrumb"},"inLanguage":"en-US","potentialAction":[{"@type":"ReadAction","target":["https:\/\/hotelesfray.com\/2020\/06\/10\/a-partir-del-15-junio-se-abren-hoteles-en-nayarit-informo-el-gobernador-del-estado-antonio-echevarria-garcia\/"]}]},{"@type":"ImageObject","inLanguage":"en-US","@id":"https:\/\/hotelesfray.com\/2020\/06\/10\/a-partir-del-15-junio-se-abren-hoteles-en-nayarit-informo-el-gobernador-del-estado-antonio-echevarria-garcia\/#primaryimage","url":"https:\/\/hotelesfray.com\/wp-content\/uploads\/2020\/06\/EaA7_SyWAAEH98E.jpg","contentUrl":"https:\/\/hotelesfray.com\/wp-content\/uploads\/2020\/06\/EaA7_SyWAAEH98E.jpg","width":818,"height":748},{"@type":"BreadcrumbList","@id":"https:\/\/hotelesfray.com\/2020\/06\/10\/a-partir-del-15-junio-se-abren-hoteles-en-nayarit-informo-el-gobernador-del-estado-antonio-echevarria-garcia\/#breadcrumb","itemListElement":[{"@type":"ListItem","position":1,"name":"Actualidad","item":"https:\/\/hotelesfray.com\/category\/actualidad\/"},{"@type":"ListItem","position":2,"name":"A partir del 15 junio se abren hoteles en Nayarit, inform\u00f3 el gobernador del estado Antonio Echevarr\u00eda Garc\u00eda"}]},{"@type":"WebSite","@id":"https:\/\/hotelesfray.com\/#website","url":"https:\/\/hotelesfray.com\/","name":"Hoteles Fray","description":"Los Mejores Hoteles en el Centro de Tepic, Nayarit","publisher":{"@id":"https:\/\/hotelesfray.com\/#organization"},"potentialAction":[{"@type":"SearchAction","target":{"@type":"EntryPoint","urlTemplate":"https:\/\/hotelesfray.com\/?s={search_term_string}"},"query-input":{"@type":"PropertyValueSpecification","valueRequired":true,"valueName":"search_term_string"}}],"inLanguage":"en-US"},{"@type":"Organization","@id":"https:\/\/hotelesfray.com\/#organization","name":"Hoteles Fray","url":"https:\/\/hotelesfray.com\/","logo":{"@type":"ImageObject","inLanguage":"en-US","@id":"https:\/\/hotelesfray.com\/#\/schema\/logo\/image\/","url":"https:\/\/hotelesfray.com\/wp-content\/uploads\/2023\/01\/HotelesFray-cuadro.png","contentUrl":"https:\/\/hotelesfray.com\/wp-content\/uploads\/2023\/01\/HotelesFray-cuadro.png","width":2200,"height":2200,"caption":"Hoteles Fray"},"image":{"@id":"https:\/\/hotelesfray.com\/#\/schema\/logo\/image\/"}},{"@type":"Person","@id":"https:\/\/hotelesfray.com\/#\/schema\/person\/1a3f5909146e66cdba9aa8b37f1858e1","name":"Eduardo Lopez","image":{"@type":"ImageObject","inLanguage":"en-US","@id":"https:\/\/secure.gravatar.com\/avatar\/3d6f41a002d28c6845cb55b565f68141a241a36951b539d6f4dbddac28595734?s=96&d=mm&r=g","url":"https:\/\/secure.gravatar.com\/avatar\/3d6f41a002d28c6845cb55b565f68141a241a36951b539d6f4dbddac28595734?s=96&d=mm&r=g","contentUrl":"https:\/\/secure.gravatar.com\/avatar\/3d6f41a002d28c6845cb55b565f68141a241a36951b539d6f4dbddac28595734?s=96&d=mm&r=g","caption":"Eduardo Lopez"},"url":"https:\/\/hotelesfray.com\/en\/author\/gente\/"}]}},"_links":{"self":[{"href":"https:\/\/hotelesfray.com\/en\/wp-json\/wp\/v2\/posts\/1772","targetHints":{"allow":["GET"]}}],"collection":[{"href":"https:\/\/hotelesfray.com\/en\/wp-json\/wp\/v2\/posts"}],"about":[{"href":"https:\/\/hotelesfray.com\/en\/wp-json\/wp\/v2\/types\/post"}],"author":[{"embeddable":true,"href":"https:\/\/hotelesfray.com\/en\/wp-json\/wp\/v2\/users\/2"}],"replies":[{"embeddable":true,"href":"https:\/\/hotelesfray.com\/en\/wp-json\/wp\/v2\/comments?post=1772"}],"version-history":[{"count":1,"href":"https:\/\/hotelesfray.com\/en\/wp-json\/wp\/v2\/posts\/1772\/revisions"}],"predecessor-version":[{"id":5865,"href":"https:\/\/hotelesfray.com\/en\/wp-json\/wp\/v2\/posts\/1772\/revisions\/5865"}],"wp:featuredmedia":[{"embeddable":true,"href":"https:\/\/hotelesfray.com\/en\/wp-json\/wp\/v2\/media\/1773"}],"wp:attachment":[{"href":"https:\/\/hotelesfray.com\/en\/wp-json\/wp\/v2\/media?parent=1772"}],"wp:term":[{"taxonomy":"category","embeddable":true,"href":"https:\/\/hotelesfray.com\/en\/wp-json\/wp\/v2\/categories?post=1772"},{"taxonomy":"post_tag","embeddable":true,"href":"https:\/\/hotelesfray.com\/en\/wp-json\/wp\/v2\/tags?post=1772"}],"curies":[{"name":"wp","href":"https:\/\/api.w.org\/{rel}","templated":true}]}}