{"id":1905,"date":"2020-07-04T20:34:16","date_gmt":"2020-07-05T00:34:16","guid":{"rendered":"https:\/\/hotelfrayjunipero.com\/?p=1905"},"modified":"2025-02-23T20:46:05","modified_gmt":"2025-02-24T00:46:05","slug":"el-parque-natural-la-montana-y-sus-aguas-de-manantial","status":"publish","type":"post","link":"https:\/\/hotelesfray.com\/en\/2020\/07\/04\/el-parque-natural-la-montana-y-sus-aguas-de-manantial\/","title":{"rendered":"El Parque Natural \u201cLa Monta\u00f1a\u201d y sus aguas de manantial"},"content":{"rendered":"<p>El Parque Natural \u201cLa Monta\u00f1a\u201d es una Unidad de Manejo Ambiental que se encuentra en La Curva, Xalisco, y nos ofrece una experiencia algo diferente en contacto con la naturaleza.<\/p>\n\n\n\n<h2 class=\"wp-block-heading\">\u00bfC\u00f3mo llegar?<\/h2>\n\n\n\n<p>Para llegar a la Monta\u00f1a, nos debemos dirigir hacia el sur por la carretera federal 200 en direcci\u00f3n a Puerto Vallarta, pasando por el poblado de Xalisco, Testerazo y Aquiles Serd\u00e1n, tomando una desviaci\u00f3n hacia La Curva. En total son unos 45 minutos de viaje desde el centro de Tepic.<\/p>\n\n\n\n<p>La cuota de acceso al parque es de 60 pesos para adultos y 40 pesos ni\u00f1os, con un horario de servicio de las 8:30 de la ma\u00f1ana a las 5:30 de la tarde.<\/p>\n\n\n\n<figure class=\"wp-block-image size-large\"><img loading=\"lazy\" decoding=\"async\" width=\"1024\" height=\"576\" src=\"https:\/\/hotelfrayjunipero.com\/wp-content\/uploads\/2020\/07\/Monta\u00f1a2-1024x576.jpg\" alt=\"\" class=\"wp-image-1907\" srcset=\"https:\/\/hotelesfray.com\/wp-content\/uploads\/2020\/07\/Monta\u00f1a2-1024x576.jpg 1024w, https:\/\/hotelesfray.com\/wp-content\/uploads\/2020\/07\/Monta\u00f1a2-300x169.jpg 300w, https:\/\/hotelesfray.com\/wp-content\/uploads\/2020\/07\/Monta\u00f1a2-768x432.jpg 768w, https:\/\/hotelesfray.com\/wp-content\/uploads\/2020\/07\/Monta\u00f1a2-1080x608.jpg 1080w, https:\/\/hotelesfray.com\/wp-content\/uploads\/2020\/07\/Monta\u00f1a2-980x551.jpg 980w, https:\/\/hotelesfray.com\/wp-content\/uploads\/2020\/07\/Monta\u00f1a2-480x270.jpg 480w, https:\/\/hotelesfray.com\/wp-content\/uploads\/2020\/07\/Monta\u00f1a2.jpg 1280w\" sizes=\"(max-width: 1024px) 100vw, 1024px\" \/><\/figure>\n\n\n\n<h2 class=\"wp-block-heading\">\u00bfQu\u00e9 hacer?<\/h2>\n\n\n\n<p>El principal atractivo de este lugar son sus 4 piletas naturales de agua de manantial. Cada una de las piletas tiene una profundidad distinta, que va desde los 50 cent\u00edmetros hasta el metro y cuarenta, ideal para los peque\u00f1os de la familia.<\/p>\n\n\n\n<p>El restaurante campestre tiene para ti una variedad de deliciosos platillos y bebidas t\u00edpicas de la regi\u00f3n, cada uno de ellos con su rico toque de rancho. Tasajo y pechuga a la le\u00f1a, pescado frito, camarones, chilaquiles as\u00ed como quesadillas y tortillas de ma\u00edz morado que no debes dejar de probar.<\/p>\n\n\n\n<p>En este lugar tambi\u00e9n puedes acampar, una experiencia sin igual, poniendote en contacto con la extensa naturaleza que rodea este maravilloso parque. El servicio est\u00e1 disponible s\u00f3lo previa reservaci\u00f3n, y tiene un costo por persona y por d\u00eda de 100 pesos para adultos y 80 pesos ni\u00f1os.<\/p>\n\n\n\n<figure class=\"wp-block-image size-large\"><img loading=\"lazy\" decoding=\"async\" width=\"1024\" height=\"576\" src=\"https:\/\/hotelfrayjunipero.com\/wp-content\/uploads\/2020\/07\/Monta\u00f1a3-1024x576.jpg\" alt=\"\" class=\"wp-image-1908\" srcset=\"https:\/\/hotelesfray.com\/wp-content\/uploads\/2020\/07\/Monta\u00f1a3-1024x576.jpg 1024w, https:\/\/hotelesfray.com\/wp-content\/uploads\/2020\/07\/Monta\u00f1a3-300x169.jpg 300w, https:\/\/hotelesfray.com\/wp-content\/uploads\/2020\/07\/Monta\u00f1a3-768x432.jpg 768w, https:\/\/hotelesfray.com\/wp-content\/uploads\/2020\/07\/Monta\u00f1a3-1080x608.jpg 1080w, https:\/\/hotelesfray.com\/wp-content\/uploads\/2020\/07\/Monta\u00f1a3-980x551.jpg 980w, https:\/\/hotelesfray.com\/wp-content\/uploads\/2020\/07\/Monta\u00f1a3-480x270.jpg 480w, https:\/\/hotelesfray.com\/wp-content\/uploads\/2020\/07\/Monta\u00f1a3.jpg 1280w\" sizes=\"(max-width: 1024px) 100vw, 1024px\" \/><\/figure>\n\n\n\n<h2 class=\"wp-block-heading\">Recorridos guiados por la zona<\/h2>\n\n\n\n<p>No puedes perderte de La Gran Caba\u00f1a, un espacio que ser\u00e1 todo tuyo durante el tiempo que lo desees, para una experiencia sin igual entre el bosque que rodea al Parque. Cuenta con sus servicios completos, \u00e1rea para cocinar, un comedor exterior y una pileta privada, todo con la tranquilidad que ofrece la vigilancia las 24 horas durante tu estancia.<\/p>\n\n\n\n<h2 class=\"wp-block-heading\">\u00bfCu\u00e1nto cuesta?<\/h2>\n\n\n\n<p>El costo por noche es de 1,100 para dos personas, con s\u00f3lo un extra por persona de 120 pesos. \u00a1Puedes hospedarte t\u00fa y nueve acompa\u00f1antes m\u00e1ximo!<\/p>\n\n\n\n<p>El Parque Natural La Monta\u00f1a es una excelente opci\u00f3n para disfrutar un d\u00eda delicioso y refrescante con su restaurante y piletas, o porqu\u00e9 no, un fin de semana completo y extendido con su gran caba\u00f1a.<\/p>\n\n\n\n<p>No dudes en ponerte en contacto en su <a href=\"https:\/\/www.facebook.com\/lamontaparquenatural\/\">p\u00e1gina de Facebook<\/a> o a su n\u00famero de tel\u00e9fono, \u00a1te recomendamos preguntar por la ruta del oro!<\/p>\n\n\n\n<p class=\"has-text-align-center\"><em><a href=\"https:\/\/gentenayarit.com\/2019\/10\/17\/el-parque-natural-la-montana-y-sus-aguas-de-manantial\/\">Incluye informaci\u00f3n de GenteNayarit.com<\/a><\/em><\/p>","protected":false},"excerpt":{"rendered":"<p>El Parque Natural \u201cLa Monta\u00f1a\u201d es una Unidad de Manejo Ambiental que se encuentra en La Curva, Xalisco, y nos ofrece una experiencia algo diferente en contacto con la naturaleza. \u00bfC\u00f3mo llegar? Para llegar a la Monta\u00f1a, nos debemos dirigir hacia el sur por la carretera federal 200 en direcci\u00f3n a Puerto Vallarta, pasando por [&hellip;]<\/p>\n","protected":false},"author":2,"featured_media":1906,"comment_status":"closed","ping_status":"open","sticky":false,"template":"","format":"standard","meta":{"_et_pb_use_builder":"","_et_pb_old_content":"","_et_gb_content_width":"","footnotes":""},"categories":[167,166],"tags":[],"class_list":["post-1905","post","type-post","status-publish","format-standard","has-post-thumbnail","hentry","category-naturaleza","category-xalisco"],"yoast_head":"<!-- This site is optimized with the Yoast SEO plugin v27.4 - https:\/\/yoast.com\/product\/yoast-seo-wordpress\/ -->\n<title>Hotels in Tepic | Hoteles Fray \u2013 Complimentary Buffet Breakfast<\/title>\n<meta name=\"description\" content=\"Looking for hotels in Tepic? Hoteles Fray offers the best location, complimentary buffet breakfast, free WiFi, and flexible cancellation. Book directly with no deposit!\" \/>\n<meta name=\"robots\" content=\"index, follow, max-snippet:-1, max-image-preview:large, max-video-preview:-1\" \/>\n<link rel=\"canonical\" href=\"https:\/\/hotelesfray.com\/en\/2020\/07\/04\/el-parque-natural-la-montana-y-sus-aguas-de-manantial\/\" \/>\n<meta property=\"og:locale\" content=\"en_US\" \/>\n<meta property=\"og:type\" content=\"article\" \/>\n<meta property=\"og:title\" content=\"Hotels in Tepic | Hoteles Fray \u2013 Complimentary Buffet Breakfast\" \/>\n<meta property=\"og:description\" content=\"Looking for hotels in Tepic? Hoteles Fray offers the best location, complimentary buffet breakfast, free WiFi, and flexible cancellation. Book directly with no deposit!\" \/>\n<meta property=\"og:url\" content=\"https:\/\/hotelesfray.com\/en\/2020\/07\/04\/el-parque-natural-la-montana-y-sus-aguas-de-manantial\/\" \/>\n<meta property=\"og:site_name\" content=\"Hoteles Fray\" \/>\n<meta property=\"article:published_time\" content=\"2020-07-05T00:34:16+00:00\" \/>\n<meta property=\"article:modified_time\" content=\"2025-02-24T00:46:05+00:00\" \/>\n<meta property=\"og:image\" content=\"https:\/\/hotelesfray.com\/wp-content\/uploads\/2020\/07\/Monta\u00f1a1.jpg\" \/>\n\t<meta property=\"og:image:width\" content=\"1280\" \/>\n\t<meta property=\"og:image:height\" content=\"720\" \/>\n\t<meta property=\"og:image:type\" content=\"image\/jpeg\" \/>\n<meta name=\"author\" content=\"Eduardo Lopez\" \/>\n<meta name=\"twitter:card\" content=\"summary_large_image\" \/>\n<meta name=\"twitter:label1\" content=\"Written by\" \/>\n\t<meta name=\"twitter:data1\" content=\"Eduardo Lopez\" \/>\n\t<meta name=\"twitter:label2\" content=\"Est. reading time\" \/>\n\t<meta name=\"twitter:data2\" content=\"2 minutes\" \/>\n<script type=\"application\/ld+json\" class=\"yoast-schema-graph\">{\"@context\":\"https:\\\/\\\/schema.org\",\"@graph\":[{\"@type\":[\"Article\",\"BlogPosting\"],\"@id\":\"https:\\\/\\\/hotelesfray.com\\\/2020\\\/07\\\/04\\\/el-parque-natural-la-montana-y-sus-aguas-de-manantial\\\/#article\",\"isPartOf\":{\"@id\":\"https:\\\/\\\/hotelesfray.com\\\/2020\\\/07\\\/04\\\/el-parque-natural-la-montana-y-sus-aguas-de-manantial\\\/\"},\"author\":{\"name\":\"Eduardo Lopez\",\"@id\":\"https:\\\/\\\/hotelesfray.com\\\/#\\\/schema\\\/person\\\/1a3f5909146e66cdba9aa8b37f1858e1\"},\"headline\":\"El Parque Natural \u201cLa Monta\u00f1a\u201d y sus aguas de manantial\",\"datePublished\":\"2020-07-05T00:34:16+00:00\",\"dateModified\":\"2025-02-24T00:46:05+00:00\",\"mainEntityOfPage\":{\"@id\":\"https:\\\/\\\/hotelesfray.com\\\/2020\\\/07\\\/04\\\/el-parque-natural-la-montana-y-sus-aguas-de-manantial\\\/\"},\"wordCount\":445,\"publisher\":{\"@id\":\"https:\\\/\\\/hotelesfray.com\\\/#organization\"},\"image\":{\"@id\":\"https:\\\/\\\/hotelesfray.com\\\/2020\\\/07\\\/04\\\/el-parque-natural-la-montana-y-sus-aguas-de-manantial\\\/#primaryimage\"},\"thumbnailUrl\":\"https:\\\/\\\/hotelesfray.com\\\/wp-content\\\/uploads\\\/2020\\\/07\\\/Monta\u00f1a1.jpg\",\"articleSection\":[\"Naturaleza\",\"Xalisco\"],\"inLanguage\":\"en-US\"},{\"@type\":\"WebPage\",\"@id\":\"https:\\\/\\\/hotelesfray.com\\\/2020\\\/07\\\/04\\\/el-parque-natural-la-montana-y-sus-aguas-de-manantial\\\/\",\"url\":\"https:\\\/\\\/hotelesfray.com\\\/2020\\\/07\\\/04\\\/el-parque-natural-la-montana-y-sus-aguas-de-manantial\\\/\",\"name\":\"El Parque Natural \u201cLa Monta\u00f1a\u201d y sus aguas de manantial | Hoteles Fray\",\"isPartOf\":{\"@id\":\"https:\\\/\\\/hotelesfray.com\\\/#website\"},\"primaryImageOfPage\":{\"@id\":\"https:\\\/\\\/hotelesfray.com\\\/2020\\\/07\\\/04\\\/el-parque-natural-la-montana-y-sus-aguas-de-manantial\\\/#primaryimage\"},\"image\":{\"@id\":\"https:\\\/\\\/hotelesfray.com\\\/2020\\\/07\\\/04\\\/el-parque-natural-la-montana-y-sus-aguas-de-manantial\\\/#primaryimage\"},\"thumbnailUrl\":\"https:\\\/\\\/hotelesfray.com\\\/wp-content\\\/uploads\\\/2020\\\/07\\\/Monta\u00f1a1.jpg\",\"datePublished\":\"2020-07-05T00:34:16+00:00\",\"dateModified\":\"2025-02-24T00:46:05+00:00\",\"breadcrumb\":{\"@id\":\"https:\\\/\\\/hotelesfray.com\\\/2020\\\/07\\\/04\\\/el-parque-natural-la-montana-y-sus-aguas-de-manantial\\\/#breadcrumb\"},\"inLanguage\":\"en-US\",\"potentialAction\":[{\"@type\":\"ReadAction\",\"target\":[\"https:\\\/\\\/hotelesfray.com\\\/2020\\\/07\\\/04\\\/el-parque-natural-la-montana-y-sus-aguas-de-manantial\\\/\"]}]},{\"@type\":\"ImageObject\",\"inLanguage\":\"en-US\",\"@id\":\"https:\\\/\\\/hotelesfray.com\\\/2020\\\/07\\\/04\\\/el-parque-natural-la-montana-y-sus-aguas-de-manantial\\\/#primaryimage\",\"url\":\"https:\\\/\\\/hotelesfray.com\\\/wp-content\\\/uploads\\\/2020\\\/07\\\/Monta\u00f1a1.jpg\",\"contentUrl\":\"https:\\\/\\\/hotelesfray.com\\\/wp-content\\\/uploads\\\/2020\\\/07\\\/Monta\u00f1a1.jpg\",\"width\":1280,\"height\":720},{\"@type\":\"BreadcrumbList\",\"@id\":\"https:\\\/\\\/hotelesfray.com\\\/2020\\\/07\\\/04\\\/el-parque-natural-la-montana-y-sus-aguas-de-manantial\\\/#breadcrumb\",\"itemListElement\":[{\"@type\":\"ListItem\",\"position\":1,\"name\":\"Xalisco\",\"item\":\"https:\\\/\\\/hotelesfray.com\\\/category\\\/xalisco\\\/\"},{\"@type\":\"ListItem\",\"position\":2,\"name\":\"El Parque Natural \u201cLa Monta\u00f1a\u201d y sus aguas de manantial\"}]},{\"@type\":\"WebSite\",\"@id\":\"https:\\\/\\\/hotelesfray.com\\\/#website\",\"url\":\"https:\\\/\\\/hotelesfray.com\\\/\",\"name\":\"Hoteles Fray\",\"description\":\"Los Mejores Hoteles en el Centro de Tepic, Nayarit\",\"publisher\":{\"@id\":\"https:\\\/\\\/hotelesfray.com\\\/#organization\"},\"potentialAction\":[{\"@type\":\"SearchAction\",\"target\":{\"@type\":\"EntryPoint\",\"urlTemplate\":\"https:\\\/\\\/hotelesfray.com\\\/?s={search_term_string}\"},\"query-input\":{\"@type\":\"PropertyValueSpecification\",\"valueRequired\":true,\"valueName\":\"search_term_string\"}}],\"inLanguage\":\"en-US\"},{\"@type\":\"Organization\",\"@id\":\"https:\\\/\\\/hotelesfray.com\\\/#organization\",\"name\":\"Hoteles Fray\",\"url\":\"https:\\\/\\\/hotelesfray.com\\\/\",\"logo\":{\"@type\":\"ImageObject\",\"inLanguage\":\"en-US\",\"@id\":\"https:\\\/\\\/hotelesfray.com\\\/#\\\/schema\\\/logo\\\/image\\\/\",\"url\":\"https:\\\/\\\/hotelesfray.com\\\/wp-content\\\/uploads\\\/2023\\\/01\\\/HotelesFray-cuadro.png\",\"contentUrl\":\"https:\\\/\\\/hotelesfray.com\\\/wp-content\\\/uploads\\\/2023\\\/01\\\/HotelesFray-cuadro.png\",\"width\":2200,\"height\":2200,\"caption\":\"Hoteles Fray\"},\"image\":{\"@id\":\"https:\\\/\\\/hotelesfray.com\\\/#\\\/schema\\\/logo\\\/image\\\/\"}},{\"@type\":\"Person\",\"@id\":\"https:\\\/\\\/hotelesfray.com\\\/#\\\/schema\\\/person\\\/1a3f5909146e66cdba9aa8b37f1858e1\",\"name\":\"Eduardo Lopez\",\"image\":{\"@type\":\"ImageObject\",\"inLanguage\":\"en-US\",\"@id\":\"https:\\\/\\\/secure.gravatar.com\\\/avatar\\\/3d6f41a002d28c6845cb55b565f68141a241a36951b539d6f4dbddac28595734?s=96&d=mm&r=g\",\"url\":\"https:\\\/\\\/secure.gravatar.com\\\/avatar\\\/3d6f41a002d28c6845cb55b565f68141a241a36951b539d6f4dbddac28595734?s=96&d=mm&r=g\",\"contentUrl\":\"https:\\\/\\\/secure.gravatar.com\\\/avatar\\\/3d6f41a002d28c6845cb55b565f68141a241a36951b539d6f4dbddac28595734?s=96&d=mm&r=g\",\"caption\":\"Eduardo Lopez\"},\"url\":\"https:\\\/\\\/hotelesfray.com\\\/en\\\/author\\\/gente\\\/\"}]}<\/script>\n<!-- \/ Yoast SEO plugin. -->","yoast_head_json":{"title":"Hotels in Tepic | Hoteles Fray \u2013 Complimentary Buffet Breakfast","description":"Looking for hotels in Tepic? Hoteles Fray offers the best location, complimentary buffet breakfast, free WiFi, and flexible cancellation. Book directly with no deposit!","robots":{"index":"index","follow":"follow","max-snippet":"max-snippet:-1","max-image-preview":"max-image-preview:large","max-video-preview":"max-video-preview:-1"},"canonical":"https:\/\/hotelesfray.com\/en\/2020\/07\/04\/el-parque-natural-la-montana-y-sus-aguas-de-manantial\/","og_locale":"en_US","og_type":"article","og_title":"Hotels in Tepic | Hoteles Fray \u2013 Complimentary Buffet Breakfast","og_description":"Looking for hotels in Tepic? Hoteles Fray offers the best location, complimentary buffet breakfast, free WiFi, and flexible cancellation. Book directly with no deposit!","og_url":"https:\/\/hotelesfray.com\/en\/2020\/07\/04\/el-parque-natural-la-montana-y-sus-aguas-de-manantial\/","og_site_name":"Hoteles Fray","article_published_time":"2020-07-05T00:34:16+00:00","article_modified_time":"2025-02-24T00:46:05+00:00","og_image":[{"width":1280,"height":720,"url":"https:\/\/hotelesfray.com\/wp-content\/uploads\/2020\/07\/Monta\u00f1a1.jpg","type":"image\/jpeg"}],"author":"Eduardo Lopez","twitter_card":"summary_large_image","twitter_misc":{"Written by":"Eduardo Lopez","Est. reading time":"2 minutes"},"schema":{"@context":"https:\/\/schema.org","@graph":[{"@type":["Article","BlogPosting"],"@id":"https:\/\/hotelesfray.com\/2020\/07\/04\/el-parque-natural-la-montana-y-sus-aguas-de-manantial\/#article","isPartOf":{"@id":"https:\/\/hotelesfray.com\/2020\/07\/04\/el-parque-natural-la-montana-y-sus-aguas-de-manantial\/"},"author":{"name":"Eduardo Lopez","@id":"https:\/\/hotelesfray.com\/#\/schema\/person\/1a3f5909146e66cdba9aa8b37f1858e1"},"headline":"El Parque Natural \u201cLa Monta\u00f1a\u201d y sus aguas de manantial","datePublished":"2020-07-05T00:34:16+00:00","dateModified":"2025-02-24T00:46:05+00:00","mainEntityOfPage":{"@id":"https:\/\/hotelesfray.com\/2020\/07\/04\/el-parque-natural-la-montana-y-sus-aguas-de-manantial\/"},"wordCount":445,"publisher":{"@id":"https:\/\/hotelesfray.com\/#organization"},"image":{"@id":"https:\/\/hotelesfray.com\/2020\/07\/04\/el-parque-natural-la-montana-y-sus-aguas-de-manantial\/#primaryimage"},"thumbnailUrl":"https:\/\/hotelesfray.com\/wp-content\/uploads\/2020\/07\/Monta\u00f1a1.jpg","articleSection":["Naturaleza","Xalisco"],"inLanguage":"en-US"},{"@type":"WebPage","@id":"https:\/\/hotelesfray.com\/2020\/07\/04\/el-parque-natural-la-montana-y-sus-aguas-de-manantial\/","url":"https:\/\/hotelesfray.com\/2020\/07\/04\/el-parque-natural-la-montana-y-sus-aguas-de-manantial\/","name":"El Parque Natural \u201cLa Monta\u00f1a\u201d y sus aguas de manantial | Hoteles Fray","isPartOf":{"@id":"https:\/\/hotelesfray.com\/#website"},"primaryImageOfPage":{"@id":"https:\/\/hotelesfray.com\/2020\/07\/04\/el-parque-natural-la-montana-y-sus-aguas-de-manantial\/#primaryimage"},"image":{"@id":"https:\/\/hotelesfray.com\/2020\/07\/04\/el-parque-natural-la-montana-y-sus-aguas-de-manantial\/#primaryimage"},"thumbnailUrl":"https:\/\/hotelesfray.com\/wp-content\/uploads\/2020\/07\/Monta\u00f1a1.jpg","datePublished":"2020-07-05T00:34:16+00:00","dateModified":"2025-02-24T00:46:05+00:00","breadcrumb":{"@id":"https:\/\/hotelesfray.com\/2020\/07\/04\/el-parque-natural-la-montana-y-sus-aguas-de-manantial\/#breadcrumb"},"inLanguage":"en-US","potentialAction":[{"@type":"ReadAction","target":["https:\/\/hotelesfray.com\/2020\/07\/04\/el-parque-natural-la-montana-y-sus-aguas-de-manantial\/"]}]},{"@type":"ImageObject","inLanguage":"en-US","@id":"https:\/\/hotelesfray.com\/2020\/07\/04\/el-parque-natural-la-montana-y-sus-aguas-de-manantial\/#primaryimage","url":"https:\/\/hotelesfray.com\/wp-content\/uploads\/2020\/07\/Monta\u00f1a1.jpg","contentUrl":"https:\/\/hotelesfray.com\/wp-content\/uploads\/2020\/07\/Monta\u00f1a1.jpg","width":1280,"height":720},{"@type":"BreadcrumbList","@id":"https:\/\/hotelesfray.com\/2020\/07\/04\/el-parque-natural-la-montana-y-sus-aguas-de-manantial\/#breadcrumb","itemListElement":[{"@type":"ListItem","position":1,"name":"Xalisco","item":"https:\/\/hotelesfray.com\/category\/xalisco\/"},{"@type":"ListItem","position":2,"name":"El Parque Natural \u201cLa Monta\u00f1a\u201d y sus aguas de manantial"}]},{"@type":"WebSite","@id":"https:\/\/hotelesfray.com\/#website","url":"https:\/\/hotelesfray.com\/","name":"Hoteles Fray","description":"Los Mejores Hoteles en el Centro de Tepic, Nayarit","publisher":{"@id":"https:\/\/hotelesfray.com\/#organization"},"potentialAction":[{"@type":"SearchAction","target":{"@type":"EntryPoint","urlTemplate":"https:\/\/hotelesfray.com\/?s={search_term_string}"},"query-input":{"@type":"PropertyValueSpecification","valueRequired":true,"valueName":"search_term_string"}}],"inLanguage":"en-US"},{"@type":"Organization","@id":"https:\/\/hotelesfray.com\/#organization","name":"Hoteles Fray","url":"https:\/\/hotelesfray.com\/","logo":{"@type":"ImageObject","inLanguage":"en-US","@id":"https:\/\/hotelesfray.com\/#\/schema\/logo\/image\/","url":"https:\/\/hotelesfray.com\/wp-content\/uploads\/2023\/01\/HotelesFray-cuadro.png","contentUrl":"https:\/\/hotelesfray.com\/wp-content\/uploads\/2023\/01\/HotelesFray-cuadro.png","width":2200,"height":2200,"caption":"Hoteles Fray"},"image":{"@id":"https:\/\/hotelesfray.com\/#\/schema\/logo\/image\/"}},{"@type":"Person","@id":"https:\/\/hotelesfray.com\/#\/schema\/person\/1a3f5909146e66cdba9aa8b37f1858e1","name":"Eduardo Lopez","image":{"@type":"ImageObject","inLanguage":"en-US","@id":"https:\/\/secure.gravatar.com\/avatar\/3d6f41a002d28c6845cb55b565f68141a241a36951b539d6f4dbddac28595734?s=96&d=mm&r=g","url":"https:\/\/secure.gravatar.com\/avatar\/3d6f41a002d28c6845cb55b565f68141a241a36951b539d6f4dbddac28595734?s=96&d=mm&r=g","contentUrl":"https:\/\/secure.gravatar.com\/avatar\/3d6f41a002d28c6845cb55b565f68141a241a36951b539d6f4dbddac28595734?s=96&d=mm&r=g","caption":"Eduardo Lopez"},"url":"https:\/\/hotelesfray.com\/en\/author\/gente\/"}]}},"_links":{"self":[{"href":"https:\/\/hotelesfray.com\/en\/wp-json\/wp\/v2\/posts\/1905","targetHints":{"allow":["GET"]}}],"collection":[{"href":"https:\/\/hotelesfray.com\/en\/wp-json\/wp\/v2\/posts"}],"about":[{"href":"https:\/\/hotelesfray.com\/en\/wp-json\/wp\/v2\/types\/post"}],"author":[{"embeddable":true,"href":"https:\/\/hotelesfray.com\/en\/wp-json\/wp\/v2\/users\/2"}],"replies":[{"embeddable":true,"href":"https:\/\/hotelesfray.com\/en\/wp-json\/wp\/v2\/comments?post=1905"}],"version-history":[{"count":1,"href":"https:\/\/hotelesfray.com\/en\/wp-json\/wp\/v2\/posts\/1905\/revisions"}],"predecessor-version":[{"id":1909,"href":"https:\/\/hotelesfray.com\/en\/wp-json\/wp\/v2\/posts\/1905\/revisions\/1909"}],"wp:featuredmedia":[{"embeddable":true,"href":"https:\/\/hotelesfray.com\/en\/wp-json\/wp\/v2\/media\/1906"}],"wp:attachment":[{"href":"https:\/\/hotelesfray.com\/en\/wp-json\/wp\/v2\/media?parent=1905"}],"wp:term":[{"taxonomy":"category","embeddable":true,"href":"https:\/\/hotelesfray.com\/en\/wp-json\/wp\/v2\/categories?post=1905"},{"taxonomy":"post_tag","embeddable":true,"href":"https:\/\/hotelesfray.com\/en\/wp-json\/wp\/v2\/tags?post=1905"}],"curies":[{"name":"wp","href":"https:\/\/api.w.org\/{rel}","templated":true}]}}