{"id":2273,"date":"2021-02-03T00:34:03","date_gmt":"2021-02-03T04:34:03","guid":{"rendered":"https:\/\/hotelfrayjunipero.com\/?p=2273"},"modified":"2025-02-23T20:42:07","modified_gmt":"2025-02-24T00:42:07","slug":"la-glorieta-del-rey-nayar-un-guardian-de-tepic-remodelado","status":"publish","type":"post","link":"https:\/\/hotelesfray.com\/en\/2021\/02\/03\/la-glorieta-del-rey-nayar-un-guardian-de-tepic-remodelado\/","title":{"rendered":"La Glorieta del Rey Nayar, un guardi\u00e1n de Tepic remodelado"},"content":{"rendered":"<p>La Glorieta del Rey Nayar es una de las primeras cosas que los visitantes pueden apreciar al llegar a nuestra capital. Ubicada en la avenida Insurgentes esquina con la avenida Rey Nayar, est\u00e1 a unos cuantos minutos de la entrada desde Guadalajara o desde el Aeropuerto Internacional de Tepic.<\/p>\n\n\n\n<p>Durante los \u00faltimos meses de 2020, el colectivo Nayarit Limpio, en colaboraci\u00f3n con empresarios de la ciudad, Ayuntamiento de Tepic y Gobierno del Estado de Nayarit, realizaron una rehabilitaci\u00f3n completa de la glorieta y sus partes: zona verde, fuente y pintura. <\/p>\n\n\n\n<p>Durante bastante tiempo, no existieron las condiciones para mantener este imponente monumento en la mejor de las circunstancias, fue gracias a la colaboraci\u00f3n entre gobierno y ciudadan\u00eda que se logr\u00f3 darle una mejor imagen a este gran guardi\u00e1n de la ciudad de Tepic.<\/p>\n\n\n\n<p>\u00a1Tenemos que unirnos para mejorar la imagen urbana de esta ciudad que tanto amamos! Tepic, y sus alrededores, te esperan con los brazos abiertos y una nueva imagen.<\/p>","protected":false},"excerpt":{"rendered":"<p>La Glorieta del Rey Nayar es una de las primeras cosas que los visitantes pueden apreciar al llegar a nuestra capital. Ubicada en la avenida Insurgentes esquina con la avenida Rey Nayar, est\u00e1 a unos cuantos minutos de la entrada desde Guadalajara o desde el Aeropuerto Internacional de Tepic. Durante los \u00faltimos meses de 2020, [&hellip;]<\/p>\n","protected":false},"author":2,"featured_media":2286,"comment_status":"closed","ping_status":"open","sticky":false,"template":"","format":"standard","meta":{"_et_pb_use_builder":"","_et_pb_old_content":"","_et_gb_content_width":"","footnotes":""},"categories":[161,26],"tags":[],"class_list":["post-2273","post","type-post","status-publish","format-standard","has-post-thumbnail","hentry","category-actualidad","category-tepic"],"yoast_head":"<!-- This site is optimized with the Yoast SEO plugin v27.4 - https:\/\/yoast.com\/product\/yoast-seo-wordpress\/ -->\n<title>Hotels in Tepic | Hoteles Fray \u2013 Complimentary Buffet Breakfast<\/title>\n<meta name=\"description\" content=\"Looking for hotels in Tepic? Hoteles Fray offers the best location, complimentary buffet breakfast, free WiFi, and flexible cancellation. Book directly with no deposit!\" \/>\n<meta name=\"robots\" content=\"index, follow, max-snippet:-1, max-image-preview:large, max-video-preview:-1\" \/>\n<link rel=\"canonical\" href=\"https:\/\/hotelesfray.com\/en\/2021\/02\/03\/la-glorieta-del-rey-nayar-un-guardian-de-tepic-remodelado\/\" \/>\n<meta property=\"og:locale\" content=\"en_US\" \/>\n<meta property=\"og:type\" content=\"article\" \/>\n<meta property=\"og:title\" content=\"Hotels in Tepic | Hoteles Fray \u2013 Complimentary Buffet Breakfast\" \/>\n<meta property=\"og:description\" content=\"Looking for hotels in Tepic? Hoteles Fray offers the best location, complimentary buffet breakfast, free WiFi, and flexible cancellation. Book directly with no deposit!\" \/>\n<meta property=\"og:url\" content=\"https:\/\/hotelesfray.com\/en\/2021\/02\/03\/la-glorieta-del-rey-nayar-un-guardian-de-tepic-remodelado\/\" \/>\n<meta property=\"og:site_name\" content=\"Hoteles Fray\" \/>\n<meta property=\"article:published_time\" content=\"2021-02-03T04:34:03+00:00\" \/>\n<meta property=\"article:modified_time\" content=\"2025-02-24T00:42:07+00:00\" \/>\n<meta property=\"og:image\" content=\"https:\/\/hotelesfray.com\/wp-content\/uploads\/2021\/02\/ReyNayar.jpg\" \/>\n\t<meta property=\"og:image:width\" content=\"1920\" \/>\n\t<meta property=\"og:image:height\" content=\"1080\" \/>\n\t<meta property=\"og:image:type\" content=\"image\/jpeg\" \/>\n<meta name=\"author\" content=\"Eduardo Lopez\" \/>\n<meta name=\"twitter:card\" content=\"summary_large_image\" \/>\n<meta name=\"twitter:label1\" content=\"Written by\" \/>\n\t<meta name=\"twitter:data1\" content=\"Eduardo Lopez\" \/>\n\t<meta name=\"twitter:label2\" content=\"Est. reading time\" \/>\n\t<meta name=\"twitter:data2\" content=\"1 minute\" \/>\n<script type=\"application\/ld+json\" class=\"yoast-schema-graph\">{\"@context\":\"https:\\\/\\\/schema.org\",\"@graph\":[{\"@type\":[\"Article\",\"BlogPosting\"],\"@id\":\"https:\\\/\\\/hotelesfray.com\\\/2021\\\/02\\\/03\\\/la-glorieta-del-rey-nayar-un-guardian-de-tepic-remodelado\\\/#article\",\"isPartOf\":{\"@id\":\"https:\\\/\\\/hotelesfray.com\\\/2021\\\/02\\\/03\\\/la-glorieta-del-rey-nayar-un-guardian-de-tepic-remodelado\\\/\"},\"author\":{\"name\":\"Eduardo Lopez\",\"@id\":\"https:\\\/\\\/hotelesfray.com\\\/#\\\/schema\\\/person\\\/1a3f5909146e66cdba9aa8b37f1858e1\"},\"headline\":\"La Glorieta del Rey Nayar, un guardi\u00e1n de Tepic remodelado\",\"datePublished\":\"2021-02-03T04:34:03+00:00\",\"dateModified\":\"2025-02-24T00:42:07+00:00\",\"mainEntityOfPage\":{\"@id\":\"https:\\\/\\\/hotelesfray.com\\\/2021\\\/02\\\/03\\\/la-glorieta-del-rey-nayar-un-guardian-de-tepic-remodelado\\\/\"},\"wordCount\":176,\"publisher\":{\"@id\":\"https:\\\/\\\/hotelesfray.com\\\/#organization\"},\"image\":{\"@id\":\"https:\\\/\\\/hotelesfray.com\\\/2021\\\/02\\\/03\\\/la-glorieta-del-rey-nayar-un-guardian-de-tepic-remodelado\\\/#primaryimage\"},\"thumbnailUrl\":\"https:\\\/\\\/hotelesfray.com\\\/wp-content\\\/uploads\\\/2021\\\/02\\\/ReyNayar.jpg\",\"articleSection\":[\"Actualidad\",\"Tepic\"],\"inLanguage\":\"en-US\"},{\"@type\":\"WebPage\",\"@id\":\"https:\\\/\\\/hotelesfray.com\\\/2021\\\/02\\\/03\\\/la-glorieta-del-rey-nayar-un-guardian-de-tepic-remodelado\\\/\",\"url\":\"https:\\\/\\\/hotelesfray.com\\\/2021\\\/02\\\/03\\\/la-glorieta-del-rey-nayar-un-guardian-de-tepic-remodelado\\\/\",\"name\":\"La Glorieta del Rey Nayar, un guardi\u00e1n de Tepic remodelado | Hoteles Fray\",\"isPartOf\":{\"@id\":\"https:\\\/\\\/hotelesfray.com\\\/#website\"},\"primaryImageOfPage\":{\"@id\":\"https:\\\/\\\/hotelesfray.com\\\/2021\\\/02\\\/03\\\/la-glorieta-del-rey-nayar-un-guardian-de-tepic-remodelado\\\/#primaryimage\"},\"image\":{\"@id\":\"https:\\\/\\\/hotelesfray.com\\\/2021\\\/02\\\/03\\\/la-glorieta-del-rey-nayar-un-guardian-de-tepic-remodelado\\\/#primaryimage\"},\"thumbnailUrl\":\"https:\\\/\\\/hotelesfray.com\\\/wp-content\\\/uploads\\\/2021\\\/02\\\/ReyNayar.jpg\",\"datePublished\":\"2021-02-03T04:34:03+00:00\",\"dateModified\":\"2025-02-24T00:42:07+00:00\",\"breadcrumb\":{\"@id\":\"https:\\\/\\\/hotelesfray.com\\\/2021\\\/02\\\/03\\\/la-glorieta-del-rey-nayar-un-guardian-de-tepic-remodelado\\\/#breadcrumb\"},\"inLanguage\":\"en-US\",\"potentialAction\":[{\"@type\":\"ReadAction\",\"target\":[\"https:\\\/\\\/hotelesfray.com\\\/2021\\\/02\\\/03\\\/la-glorieta-del-rey-nayar-un-guardian-de-tepic-remodelado\\\/\"]}]},{\"@type\":\"ImageObject\",\"inLanguage\":\"en-US\",\"@id\":\"https:\\\/\\\/hotelesfray.com\\\/2021\\\/02\\\/03\\\/la-glorieta-del-rey-nayar-un-guardian-de-tepic-remodelado\\\/#primaryimage\",\"url\":\"https:\\\/\\\/hotelesfray.com\\\/wp-content\\\/uploads\\\/2021\\\/02\\\/ReyNayar.jpg\",\"contentUrl\":\"https:\\\/\\\/hotelesfray.com\\\/wp-content\\\/uploads\\\/2021\\\/02\\\/ReyNayar.jpg\",\"width\":1920,\"height\":1080},{\"@type\":\"BreadcrumbList\",\"@id\":\"https:\\\/\\\/hotelesfray.com\\\/2021\\\/02\\\/03\\\/la-glorieta-del-rey-nayar-un-guardian-de-tepic-remodelado\\\/#breadcrumb\",\"itemListElement\":[{\"@type\":\"ListItem\",\"position\":1,\"name\":\"General\",\"item\":\"https:\\\/\\\/hotelesfray.com\\\/category\\\/general\\\/\"},{\"@type\":\"ListItem\",\"position\":2,\"name\":\"La Glorieta del Rey Nayar, un guardi\u00e1n de Tepic remodelado\"}]},{\"@type\":\"WebSite\",\"@id\":\"https:\\\/\\\/hotelesfray.com\\\/#website\",\"url\":\"https:\\\/\\\/hotelesfray.com\\\/\",\"name\":\"Hoteles Fray\",\"description\":\"Los Mejores Hoteles en el Centro de Tepic, Nayarit\",\"publisher\":{\"@id\":\"https:\\\/\\\/hotelesfray.com\\\/#organization\"},\"potentialAction\":[{\"@type\":\"SearchAction\",\"target\":{\"@type\":\"EntryPoint\",\"urlTemplate\":\"https:\\\/\\\/hotelesfray.com\\\/?s={search_term_string}\"},\"query-input\":{\"@type\":\"PropertyValueSpecification\",\"valueRequired\":true,\"valueName\":\"search_term_string\"}}],\"inLanguage\":\"en-US\"},{\"@type\":\"Organization\",\"@id\":\"https:\\\/\\\/hotelesfray.com\\\/#organization\",\"name\":\"Hoteles Fray\",\"url\":\"https:\\\/\\\/hotelesfray.com\\\/\",\"logo\":{\"@type\":\"ImageObject\",\"inLanguage\":\"en-US\",\"@id\":\"https:\\\/\\\/hotelesfray.com\\\/#\\\/schema\\\/logo\\\/image\\\/\",\"url\":\"https:\\\/\\\/hotelesfray.com\\\/wp-content\\\/uploads\\\/2023\\\/01\\\/HotelesFray-cuadro.png\",\"contentUrl\":\"https:\\\/\\\/hotelesfray.com\\\/wp-content\\\/uploads\\\/2023\\\/01\\\/HotelesFray-cuadro.png\",\"width\":2200,\"height\":2200,\"caption\":\"Hoteles Fray\"},\"image\":{\"@id\":\"https:\\\/\\\/hotelesfray.com\\\/#\\\/schema\\\/logo\\\/image\\\/\"}},{\"@type\":\"Person\",\"@id\":\"https:\\\/\\\/hotelesfray.com\\\/#\\\/schema\\\/person\\\/1a3f5909146e66cdba9aa8b37f1858e1\",\"name\":\"Eduardo Lopez\",\"image\":{\"@type\":\"ImageObject\",\"inLanguage\":\"en-US\",\"@id\":\"https:\\\/\\\/secure.gravatar.com\\\/avatar\\\/3d6f41a002d28c6845cb55b565f68141a241a36951b539d6f4dbddac28595734?s=96&d=mm&r=g\",\"url\":\"https:\\\/\\\/secure.gravatar.com\\\/avatar\\\/3d6f41a002d28c6845cb55b565f68141a241a36951b539d6f4dbddac28595734?s=96&d=mm&r=g\",\"contentUrl\":\"https:\\\/\\\/secure.gravatar.com\\\/avatar\\\/3d6f41a002d28c6845cb55b565f68141a241a36951b539d6f4dbddac28595734?s=96&d=mm&r=g\",\"caption\":\"Eduardo Lopez\"},\"url\":\"https:\\\/\\\/hotelesfray.com\\\/en\\\/author\\\/gente\\\/\"}]}<\/script>\n<!-- \/ Yoast SEO plugin. -->","yoast_head_json":{"title":"Hotels in Tepic | Hoteles Fray \u2013 Complimentary Buffet Breakfast","description":"Looking for hotels in Tepic? Hoteles Fray offers the best location, complimentary buffet breakfast, free WiFi, and flexible cancellation. Book directly with no deposit!","robots":{"index":"index","follow":"follow","max-snippet":"max-snippet:-1","max-image-preview":"max-image-preview:large","max-video-preview":"max-video-preview:-1"},"canonical":"https:\/\/hotelesfray.com\/en\/2021\/02\/03\/la-glorieta-del-rey-nayar-un-guardian-de-tepic-remodelado\/","og_locale":"en_US","og_type":"article","og_title":"Hotels in Tepic | Hoteles Fray \u2013 Complimentary Buffet Breakfast","og_description":"Looking for hotels in Tepic? Hoteles Fray offers the best location, complimentary buffet breakfast, free WiFi, and flexible cancellation. Book directly with no deposit!","og_url":"https:\/\/hotelesfray.com\/en\/2021\/02\/03\/la-glorieta-del-rey-nayar-un-guardian-de-tepic-remodelado\/","og_site_name":"Hoteles Fray","article_published_time":"2021-02-03T04:34:03+00:00","article_modified_time":"2025-02-24T00:42:07+00:00","og_image":[{"width":1920,"height":1080,"url":"https:\/\/hotelesfray.com\/wp-content\/uploads\/2021\/02\/ReyNayar.jpg","type":"image\/jpeg"}],"author":"Eduardo Lopez","twitter_card":"summary_large_image","twitter_misc":{"Written by":"Eduardo Lopez","Est. reading time":"1 minute"},"schema":{"@context":"https:\/\/schema.org","@graph":[{"@type":["Article","BlogPosting"],"@id":"https:\/\/hotelesfray.com\/2021\/02\/03\/la-glorieta-del-rey-nayar-un-guardian-de-tepic-remodelado\/#article","isPartOf":{"@id":"https:\/\/hotelesfray.com\/2021\/02\/03\/la-glorieta-del-rey-nayar-un-guardian-de-tepic-remodelado\/"},"author":{"name":"Eduardo Lopez","@id":"https:\/\/hotelesfray.com\/#\/schema\/person\/1a3f5909146e66cdba9aa8b37f1858e1"},"headline":"La Glorieta del Rey Nayar, un guardi\u00e1n de Tepic remodelado","datePublished":"2021-02-03T04:34:03+00:00","dateModified":"2025-02-24T00:42:07+00:00","mainEntityOfPage":{"@id":"https:\/\/hotelesfray.com\/2021\/02\/03\/la-glorieta-del-rey-nayar-un-guardian-de-tepic-remodelado\/"},"wordCount":176,"publisher":{"@id":"https:\/\/hotelesfray.com\/#organization"},"image":{"@id":"https:\/\/hotelesfray.com\/2021\/02\/03\/la-glorieta-del-rey-nayar-un-guardian-de-tepic-remodelado\/#primaryimage"},"thumbnailUrl":"https:\/\/hotelesfray.com\/wp-content\/uploads\/2021\/02\/ReyNayar.jpg","articleSection":["Actualidad","Tepic"],"inLanguage":"en-US"},{"@type":"WebPage","@id":"https:\/\/hotelesfray.com\/2021\/02\/03\/la-glorieta-del-rey-nayar-un-guardian-de-tepic-remodelado\/","url":"https:\/\/hotelesfray.com\/2021\/02\/03\/la-glorieta-del-rey-nayar-un-guardian-de-tepic-remodelado\/","name":"La Glorieta del Rey Nayar, un guardi\u00e1n de Tepic remodelado | Hoteles Fray","isPartOf":{"@id":"https:\/\/hotelesfray.com\/#website"},"primaryImageOfPage":{"@id":"https:\/\/hotelesfray.com\/2021\/02\/03\/la-glorieta-del-rey-nayar-un-guardian-de-tepic-remodelado\/#primaryimage"},"image":{"@id":"https:\/\/hotelesfray.com\/2021\/02\/03\/la-glorieta-del-rey-nayar-un-guardian-de-tepic-remodelado\/#primaryimage"},"thumbnailUrl":"https:\/\/hotelesfray.com\/wp-content\/uploads\/2021\/02\/ReyNayar.jpg","datePublished":"2021-02-03T04:34:03+00:00","dateModified":"2025-02-24T00:42:07+00:00","breadcrumb":{"@id":"https:\/\/hotelesfray.com\/2021\/02\/03\/la-glorieta-del-rey-nayar-un-guardian-de-tepic-remodelado\/#breadcrumb"},"inLanguage":"en-US","potentialAction":[{"@type":"ReadAction","target":["https:\/\/hotelesfray.com\/2021\/02\/03\/la-glorieta-del-rey-nayar-un-guardian-de-tepic-remodelado\/"]}]},{"@type":"ImageObject","inLanguage":"en-US","@id":"https:\/\/hotelesfray.com\/2021\/02\/03\/la-glorieta-del-rey-nayar-un-guardian-de-tepic-remodelado\/#primaryimage","url":"https:\/\/hotelesfray.com\/wp-content\/uploads\/2021\/02\/ReyNayar.jpg","contentUrl":"https:\/\/hotelesfray.com\/wp-content\/uploads\/2021\/02\/ReyNayar.jpg","width":1920,"height":1080},{"@type":"BreadcrumbList","@id":"https:\/\/hotelesfray.com\/2021\/02\/03\/la-glorieta-del-rey-nayar-un-guardian-de-tepic-remodelado\/#breadcrumb","itemListElement":[{"@type":"ListItem","position":1,"name":"General","item":"https:\/\/hotelesfray.com\/category\/general\/"},{"@type":"ListItem","position":2,"name":"La Glorieta del Rey Nayar, un guardi\u00e1n de Tepic remodelado"}]},{"@type":"WebSite","@id":"https:\/\/hotelesfray.com\/#website","url":"https:\/\/hotelesfray.com\/","name":"Hoteles Fray","description":"Los Mejores Hoteles en el Centro de Tepic, Nayarit","publisher":{"@id":"https:\/\/hotelesfray.com\/#organization"},"potentialAction":[{"@type":"SearchAction","target":{"@type":"EntryPoint","urlTemplate":"https:\/\/hotelesfray.com\/?s={search_term_string}"},"query-input":{"@type":"PropertyValueSpecification","valueRequired":true,"valueName":"search_term_string"}}],"inLanguage":"en-US"},{"@type":"Organization","@id":"https:\/\/hotelesfray.com\/#organization","name":"Hoteles Fray","url":"https:\/\/hotelesfray.com\/","logo":{"@type":"ImageObject","inLanguage":"en-US","@id":"https:\/\/hotelesfray.com\/#\/schema\/logo\/image\/","url":"https:\/\/hotelesfray.com\/wp-content\/uploads\/2023\/01\/HotelesFray-cuadro.png","contentUrl":"https:\/\/hotelesfray.com\/wp-content\/uploads\/2023\/01\/HotelesFray-cuadro.png","width":2200,"height":2200,"caption":"Hoteles Fray"},"image":{"@id":"https:\/\/hotelesfray.com\/#\/schema\/logo\/image\/"}},{"@type":"Person","@id":"https:\/\/hotelesfray.com\/#\/schema\/person\/1a3f5909146e66cdba9aa8b37f1858e1","name":"Eduardo Lopez","image":{"@type":"ImageObject","inLanguage":"en-US","@id":"https:\/\/secure.gravatar.com\/avatar\/3d6f41a002d28c6845cb55b565f68141a241a36951b539d6f4dbddac28595734?s=96&d=mm&r=g","url":"https:\/\/secure.gravatar.com\/avatar\/3d6f41a002d28c6845cb55b565f68141a241a36951b539d6f4dbddac28595734?s=96&d=mm&r=g","contentUrl":"https:\/\/secure.gravatar.com\/avatar\/3d6f41a002d28c6845cb55b565f68141a241a36951b539d6f4dbddac28595734?s=96&d=mm&r=g","caption":"Eduardo Lopez"},"url":"https:\/\/hotelesfray.com\/en\/author\/gente\/"}]}},"_links":{"self":[{"href":"https:\/\/hotelesfray.com\/en\/wp-json\/wp\/v2\/posts\/2273","targetHints":{"allow":["GET"]}}],"collection":[{"href":"https:\/\/hotelesfray.com\/en\/wp-json\/wp\/v2\/posts"}],"about":[{"href":"https:\/\/hotelesfray.com\/en\/wp-json\/wp\/v2\/types\/post"}],"author":[{"embeddable":true,"href":"https:\/\/hotelesfray.com\/en\/wp-json\/wp\/v2\/users\/2"}],"replies":[{"embeddable":true,"href":"https:\/\/hotelesfray.com\/en\/wp-json\/wp\/v2\/comments?post=2273"}],"version-history":[{"count":1,"href":"https:\/\/hotelesfray.com\/en\/wp-json\/wp\/v2\/posts\/2273\/revisions"}],"predecessor-version":[{"id":2274,"href":"https:\/\/hotelesfray.com\/en\/wp-json\/wp\/v2\/posts\/2273\/revisions\/2274"}],"wp:featuredmedia":[{"embeddable":true,"href":"https:\/\/hotelesfray.com\/en\/wp-json\/wp\/v2\/media\/2286"}],"wp:attachment":[{"href":"https:\/\/hotelesfray.com\/en\/wp-json\/wp\/v2\/media?parent=2273"}],"wp:term":[{"taxonomy":"category","embeddable":true,"href":"https:\/\/hotelesfray.com\/en\/wp-json\/wp\/v2\/categories?post=2273"},{"taxonomy":"post_tag","embeddable":true,"href":"https:\/\/hotelesfray.com\/en\/wp-json\/wp\/v2\/tags?post=2273"}],"curies":[{"name":"wp","href":"https:\/\/api.w.org\/{rel}","templated":true}]}}