{"id":2277,"date":"2021-02-03T00:34:08","date_gmt":"2021-02-03T04:34:08","guid":{"rendered":"https:\/\/hotelfrayjunipero.com\/?p=2277"},"modified":"2025-02-23T20:46:04","modified_gmt":"2025-02-24T00:46:04","slug":"el-cerro-de-san-juan-en-tepic-una-experiencia-natural-completa","status":"publish","type":"post","link":"https:\/\/hotelesfray.com\/en\/2021\/02\/03\/el-cerro-de-san-juan-en-tepic-una-experiencia-natural-completa\/","title":{"rendered":"El Cerro de San Juan en Tepic, una experiencia natural completa"},"content":{"rendered":"<p>El Cerro de San Juan se encuentra al poniente de la ciudad de Tepic, y forma parte de la sierra del mismo nombre. Se trata de uno de los lugares preferidos por los tepicenses y quienes visitan la ciudad para ejercitarse en contacto con la naturaleza.<\/p>\n\n\n\n<p>La principal actividad a realizar en la zona es el senderismo. La vereda m\u00e1s conocida inicia en un estacionamiento a orillas del Libramiento Carretero, elev\u00e1ndose hasta los 1,500 metros en la zona conocida como \u00abLa Batea\u00bb, que varios consideran como el destino final.<\/p>\n\n\n\n<p>Aqu\u00ed y durante el ascenso, podr\u00e1s disfrutar de las mejores vistas de la ciudad, en contacto con la flora end\u00e9mica de Tepic, un rico aroma a pino al llegar a la cima y diferentes especies de fauna, principalmente ardillas. Si contin\u00faas hacia \u00abLa Noria\u00bb, podr\u00edas tener la suerte de apreciar el cr\u00e1ter del volc\u00e1n de San Juan, as\u00ed como la costa nayarita en un d\u00eda despejado.<\/p>\n\n\n\n<div class=\"wp-block-buttons is-layout-flex wp-block-buttons-is-layout-flex\">\n<div class=\"wp-block-button\"><a class=\"wp-block-button__link\" href=\"https:\/\/goo.gl\/maps\/fG12PMoAo2YNGDQj6\">\u00bfC\u00f3mo llegar?<\/a><\/div>\n<\/div>","protected":false},"excerpt":{"rendered":"<p>El Cerro de San Juan se encuentra al poniente de la ciudad de Tepic, y forma parte de la sierra del mismo nombre. Se trata de uno de los lugares preferidos por los tepicenses y quienes visitan la ciudad para ejercitarse en contacto con la naturaleza. La principal actividad a realizar en la zona es [&hellip;]<\/p>\n","protected":false},"author":2,"featured_media":2289,"comment_status":"closed","ping_status":"open","sticky":false,"template":"","format":"standard","meta":{"_et_pb_use_builder":"","_et_pb_old_content":"","_et_gb_content_width":"","footnotes":""},"categories":[167,26],"tags":[],"class_list":["post-2277","post","type-post","status-publish","format-standard","has-post-thumbnail","hentry","category-naturaleza","category-tepic"],"yoast_head":"<!-- This site is optimized with the Yoast SEO plugin v27.4 - https:\/\/yoast.com\/product\/yoast-seo-wordpress\/ -->\n<title>Hotels in Tepic | Hoteles Fray \u2013 Complimentary Buffet Breakfast<\/title>\n<meta name=\"description\" content=\"Looking for hotels in Tepic? Hoteles Fray offers the best location, complimentary buffet breakfast, free WiFi, and flexible cancellation. Book directly with no deposit!\" \/>\n<meta name=\"robots\" content=\"index, follow, max-snippet:-1, max-image-preview:large, max-video-preview:-1\" \/>\n<link rel=\"canonical\" href=\"https:\/\/hotelesfray.com\/en\/2021\/02\/03\/el-cerro-de-san-juan-en-tepic-una-experiencia-natural-completa\/\" \/>\n<meta property=\"og:locale\" content=\"en_US\" \/>\n<meta property=\"og:type\" content=\"article\" \/>\n<meta property=\"og:title\" content=\"Hotels in Tepic | Hoteles Fray \u2013 Complimentary Buffet Breakfast\" \/>\n<meta property=\"og:description\" content=\"Looking for hotels in Tepic? Hoteles Fray offers the best location, complimentary buffet breakfast, free WiFi, and flexible cancellation. Book directly with no deposit!\" \/>\n<meta property=\"og:url\" content=\"https:\/\/hotelesfray.com\/en\/2021\/02\/03\/el-cerro-de-san-juan-en-tepic-una-experiencia-natural-completa\/\" \/>\n<meta property=\"og:site_name\" content=\"Hoteles Fray\" \/>\n<meta property=\"article:published_time\" content=\"2021-02-03T04:34:08+00:00\" \/>\n<meta property=\"article:modified_time\" content=\"2025-02-24T00:46:04+00:00\" \/>\n<meta property=\"og:image\" content=\"https:\/\/hotelesfray.com\/wp-content\/uploads\/2021\/02\/CerroDeSanJuan2.jpg\" \/>\n\t<meta property=\"og:image:width\" content=\"1920\" \/>\n\t<meta property=\"og:image:height\" content=\"1080\" \/>\n\t<meta property=\"og:image:type\" content=\"image\/jpeg\" \/>\n<meta name=\"author\" content=\"Eduardo Lopez\" \/>\n<meta name=\"twitter:card\" content=\"summary_large_image\" \/>\n<meta name=\"twitter:label1\" content=\"Written by\" \/>\n\t<meta name=\"twitter:data1\" content=\"Eduardo Lopez\" \/>\n\t<meta name=\"twitter:label2\" content=\"Est. reading time\" \/>\n\t<meta name=\"twitter:data2\" content=\"1 minute\" \/>\n<script type=\"application\/ld+json\" class=\"yoast-schema-graph\">{\"@context\":\"https:\\\/\\\/schema.org\",\"@graph\":[{\"@type\":[\"Article\",\"BlogPosting\"],\"@id\":\"https:\\\/\\\/hotelesfray.com\\\/2021\\\/02\\\/03\\\/el-cerro-de-san-juan-en-tepic-una-experiencia-natural-completa\\\/#article\",\"isPartOf\":{\"@id\":\"https:\\\/\\\/hotelesfray.com\\\/2021\\\/02\\\/03\\\/el-cerro-de-san-juan-en-tepic-una-experiencia-natural-completa\\\/\"},\"author\":{\"name\":\"Eduardo Lopez\",\"@id\":\"https:\\\/\\\/hotelesfray.com\\\/#\\\/schema\\\/person\\\/1a3f5909146e66cdba9aa8b37f1858e1\"},\"headline\":\"El Cerro de San Juan en Tepic, una experiencia natural completa\",\"datePublished\":\"2021-02-03T04:34:08+00:00\",\"dateModified\":\"2025-02-24T00:46:04+00:00\",\"mainEntityOfPage\":{\"@id\":\"https:\\\/\\\/hotelesfray.com\\\/2021\\\/02\\\/03\\\/el-cerro-de-san-juan-en-tepic-una-experiencia-natural-completa\\\/\"},\"wordCount\":177,\"publisher\":{\"@id\":\"https:\\\/\\\/hotelesfray.com\\\/#organization\"},\"image\":{\"@id\":\"https:\\\/\\\/hotelesfray.com\\\/2021\\\/02\\\/03\\\/el-cerro-de-san-juan-en-tepic-una-experiencia-natural-completa\\\/#primaryimage\"},\"thumbnailUrl\":\"https:\\\/\\\/hotelesfray.com\\\/wp-content\\\/uploads\\\/2021\\\/02\\\/CerroDeSanJuan2.jpg\",\"articleSection\":[\"Naturaleza\",\"Tepic\"],\"inLanguage\":\"en-US\"},{\"@type\":\"WebPage\",\"@id\":\"https:\\\/\\\/hotelesfray.com\\\/2021\\\/02\\\/03\\\/el-cerro-de-san-juan-en-tepic-una-experiencia-natural-completa\\\/\",\"url\":\"https:\\\/\\\/hotelesfray.com\\\/2021\\\/02\\\/03\\\/el-cerro-de-san-juan-en-tepic-una-experiencia-natural-completa\\\/\",\"name\":\"El Cerro de San Juan en Tepic, una experiencia natural completa | Hoteles Fray\",\"isPartOf\":{\"@id\":\"https:\\\/\\\/hotelesfray.com\\\/#website\"},\"primaryImageOfPage\":{\"@id\":\"https:\\\/\\\/hotelesfray.com\\\/2021\\\/02\\\/03\\\/el-cerro-de-san-juan-en-tepic-una-experiencia-natural-completa\\\/#primaryimage\"},\"image\":{\"@id\":\"https:\\\/\\\/hotelesfray.com\\\/2021\\\/02\\\/03\\\/el-cerro-de-san-juan-en-tepic-una-experiencia-natural-completa\\\/#primaryimage\"},\"thumbnailUrl\":\"https:\\\/\\\/hotelesfray.com\\\/wp-content\\\/uploads\\\/2021\\\/02\\\/CerroDeSanJuan2.jpg\",\"datePublished\":\"2021-02-03T04:34:08+00:00\",\"dateModified\":\"2025-02-24T00:46:04+00:00\",\"breadcrumb\":{\"@id\":\"https:\\\/\\\/hotelesfray.com\\\/2021\\\/02\\\/03\\\/el-cerro-de-san-juan-en-tepic-una-experiencia-natural-completa\\\/#breadcrumb\"},\"inLanguage\":\"en-US\",\"potentialAction\":[{\"@type\":\"ReadAction\",\"target\":[\"https:\\\/\\\/hotelesfray.com\\\/2021\\\/02\\\/03\\\/el-cerro-de-san-juan-en-tepic-una-experiencia-natural-completa\\\/\"]}]},{\"@type\":\"ImageObject\",\"inLanguage\":\"en-US\",\"@id\":\"https:\\\/\\\/hotelesfray.com\\\/2021\\\/02\\\/03\\\/el-cerro-de-san-juan-en-tepic-una-experiencia-natural-completa\\\/#primaryimage\",\"url\":\"https:\\\/\\\/hotelesfray.com\\\/wp-content\\\/uploads\\\/2021\\\/02\\\/CerroDeSanJuan2.jpg\",\"contentUrl\":\"https:\\\/\\\/hotelesfray.com\\\/wp-content\\\/uploads\\\/2021\\\/02\\\/CerroDeSanJuan2.jpg\",\"width\":1920,\"height\":1080},{\"@type\":\"BreadcrumbList\",\"@id\":\"https:\\\/\\\/hotelesfray.com\\\/2021\\\/02\\\/03\\\/el-cerro-de-san-juan-en-tepic-una-experiencia-natural-completa\\\/#breadcrumb\",\"itemListElement\":[{\"@type\":\"ListItem\",\"position\":1,\"name\":\"General\",\"item\":\"https:\\\/\\\/hotelesfray.com\\\/category\\\/general\\\/\"},{\"@type\":\"ListItem\",\"position\":2,\"name\":\"El Cerro de San Juan en Tepic, una experiencia natural completa\"}]},{\"@type\":\"WebSite\",\"@id\":\"https:\\\/\\\/hotelesfray.com\\\/#website\",\"url\":\"https:\\\/\\\/hotelesfray.com\\\/\",\"name\":\"Hoteles Fray\",\"description\":\"Los Mejores Hoteles en el Centro de Tepic, Nayarit\",\"publisher\":{\"@id\":\"https:\\\/\\\/hotelesfray.com\\\/#organization\"},\"potentialAction\":[{\"@type\":\"SearchAction\",\"target\":{\"@type\":\"EntryPoint\",\"urlTemplate\":\"https:\\\/\\\/hotelesfray.com\\\/?s={search_term_string}\"},\"query-input\":{\"@type\":\"PropertyValueSpecification\",\"valueRequired\":true,\"valueName\":\"search_term_string\"}}],\"inLanguage\":\"en-US\"},{\"@type\":\"Organization\",\"@id\":\"https:\\\/\\\/hotelesfray.com\\\/#organization\",\"name\":\"Hoteles Fray\",\"url\":\"https:\\\/\\\/hotelesfray.com\\\/\",\"logo\":{\"@type\":\"ImageObject\",\"inLanguage\":\"en-US\",\"@id\":\"https:\\\/\\\/hotelesfray.com\\\/#\\\/schema\\\/logo\\\/image\\\/\",\"url\":\"https:\\\/\\\/hotelesfray.com\\\/wp-content\\\/uploads\\\/2023\\\/01\\\/HotelesFray-cuadro.png\",\"contentUrl\":\"https:\\\/\\\/hotelesfray.com\\\/wp-content\\\/uploads\\\/2023\\\/01\\\/HotelesFray-cuadro.png\",\"width\":2200,\"height\":2200,\"caption\":\"Hoteles Fray\"},\"image\":{\"@id\":\"https:\\\/\\\/hotelesfray.com\\\/#\\\/schema\\\/logo\\\/image\\\/\"}},{\"@type\":\"Person\",\"@id\":\"https:\\\/\\\/hotelesfray.com\\\/#\\\/schema\\\/person\\\/1a3f5909146e66cdba9aa8b37f1858e1\",\"name\":\"Eduardo Lopez\",\"image\":{\"@type\":\"ImageObject\",\"inLanguage\":\"en-US\",\"@id\":\"https:\\\/\\\/secure.gravatar.com\\\/avatar\\\/3d6f41a002d28c6845cb55b565f68141a241a36951b539d6f4dbddac28595734?s=96&d=mm&r=g\",\"url\":\"https:\\\/\\\/secure.gravatar.com\\\/avatar\\\/3d6f41a002d28c6845cb55b565f68141a241a36951b539d6f4dbddac28595734?s=96&d=mm&r=g\",\"contentUrl\":\"https:\\\/\\\/secure.gravatar.com\\\/avatar\\\/3d6f41a002d28c6845cb55b565f68141a241a36951b539d6f4dbddac28595734?s=96&d=mm&r=g\",\"caption\":\"Eduardo Lopez\"},\"url\":\"https:\\\/\\\/hotelesfray.com\\\/en\\\/author\\\/gente\\\/\"}]}<\/script>\n<!-- \/ Yoast SEO plugin. -->","yoast_head_json":{"title":"Hotels in Tepic | Hoteles Fray \u2013 Complimentary Buffet Breakfast","description":"Looking for hotels in Tepic? Hoteles Fray offers the best location, complimentary buffet breakfast, free WiFi, and flexible cancellation. Book directly with no deposit!","robots":{"index":"index","follow":"follow","max-snippet":"max-snippet:-1","max-image-preview":"max-image-preview:large","max-video-preview":"max-video-preview:-1"},"canonical":"https:\/\/hotelesfray.com\/en\/2021\/02\/03\/el-cerro-de-san-juan-en-tepic-una-experiencia-natural-completa\/","og_locale":"en_US","og_type":"article","og_title":"Hotels in Tepic | Hoteles Fray \u2013 Complimentary Buffet Breakfast","og_description":"Looking for hotels in Tepic? Hoteles Fray offers the best location, complimentary buffet breakfast, free WiFi, and flexible cancellation. Book directly with no deposit!","og_url":"https:\/\/hotelesfray.com\/en\/2021\/02\/03\/el-cerro-de-san-juan-en-tepic-una-experiencia-natural-completa\/","og_site_name":"Hoteles Fray","article_published_time":"2021-02-03T04:34:08+00:00","article_modified_time":"2025-02-24T00:46:04+00:00","og_image":[{"width":1920,"height":1080,"url":"https:\/\/hotelesfray.com\/wp-content\/uploads\/2021\/02\/CerroDeSanJuan2.jpg","type":"image\/jpeg"}],"author":"Eduardo Lopez","twitter_card":"summary_large_image","twitter_misc":{"Written by":"Eduardo Lopez","Est. reading time":"1 minute"},"schema":{"@context":"https:\/\/schema.org","@graph":[{"@type":["Article","BlogPosting"],"@id":"https:\/\/hotelesfray.com\/2021\/02\/03\/el-cerro-de-san-juan-en-tepic-una-experiencia-natural-completa\/#article","isPartOf":{"@id":"https:\/\/hotelesfray.com\/2021\/02\/03\/el-cerro-de-san-juan-en-tepic-una-experiencia-natural-completa\/"},"author":{"name":"Eduardo Lopez","@id":"https:\/\/hotelesfray.com\/#\/schema\/person\/1a3f5909146e66cdba9aa8b37f1858e1"},"headline":"El Cerro de San Juan en Tepic, una experiencia natural completa","datePublished":"2021-02-03T04:34:08+00:00","dateModified":"2025-02-24T00:46:04+00:00","mainEntityOfPage":{"@id":"https:\/\/hotelesfray.com\/2021\/02\/03\/el-cerro-de-san-juan-en-tepic-una-experiencia-natural-completa\/"},"wordCount":177,"publisher":{"@id":"https:\/\/hotelesfray.com\/#organization"},"image":{"@id":"https:\/\/hotelesfray.com\/2021\/02\/03\/el-cerro-de-san-juan-en-tepic-una-experiencia-natural-completa\/#primaryimage"},"thumbnailUrl":"https:\/\/hotelesfray.com\/wp-content\/uploads\/2021\/02\/CerroDeSanJuan2.jpg","articleSection":["Naturaleza","Tepic"],"inLanguage":"en-US"},{"@type":"WebPage","@id":"https:\/\/hotelesfray.com\/2021\/02\/03\/el-cerro-de-san-juan-en-tepic-una-experiencia-natural-completa\/","url":"https:\/\/hotelesfray.com\/2021\/02\/03\/el-cerro-de-san-juan-en-tepic-una-experiencia-natural-completa\/","name":"El Cerro de San Juan en Tepic, una experiencia natural completa | Hoteles Fray","isPartOf":{"@id":"https:\/\/hotelesfray.com\/#website"},"primaryImageOfPage":{"@id":"https:\/\/hotelesfray.com\/2021\/02\/03\/el-cerro-de-san-juan-en-tepic-una-experiencia-natural-completa\/#primaryimage"},"image":{"@id":"https:\/\/hotelesfray.com\/2021\/02\/03\/el-cerro-de-san-juan-en-tepic-una-experiencia-natural-completa\/#primaryimage"},"thumbnailUrl":"https:\/\/hotelesfray.com\/wp-content\/uploads\/2021\/02\/CerroDeSanJuan2.jpg","datePublished":"2021-02-03T04:34:08+00:00","dateModified":"2025-02-24T00:46:04+00:00","breadcrumb":{"@id":"https:\/\/hotelesfray.com\/2021\/02\/03\/el-cerro-de-san-juan-en-tepic-una-experiencia-natural-completa\/#breadcrumb"},"inLanguage":"en-US","potentialAction":[{"@type":"ReadAction","target":["https:\/\/hotelesfray.com\/2021\/02\/03\/el-cerro-de-san-juan-en-tepic-una-experiencia-natural-completa\/"]}]},{"@type":"ImageObject","inLanguage":"en-US","@id":"https:\/\/hotelesfray.com\/2021\/02\/03\/el-cerro-de-san-juan-en-tepic-una-experiencia-natural-completa\/#primaryimage","url":"https:\/\/hotelesfray.com\/wp-content\/uploads\/2021\/02\/CerroDeSanJuan2.jpg","contentUrl":"https:\/\/hotelesfray.com\/wp-content\/uploads\/2021\/02\/CerroDeSanJuan2.jpg","width":1920,"height":1080},{"@type":"BreadcrumbList","@id":"https:\/\/hotelesfray.com\/2021\/02\/03\/el-cerro-de-san-juan-en-tepic-una-experiencia-natural-completa\/#breadcrumb","itemListElement":[{"@type":"ListItem","position":1,"name":"General","item":"https:\/\/hotelesfray.com\/category\/general\/"},{"@type":"ListItem","position":2,"name":"El Cerro de San Juan en Tepic, una experiencia natural completa"}]},{"@type":"WebSite","@id":"https:\/\/hotelesfray.com\/#website","url":"https:\/\/hotelesfray.com\/","name":"Hoteles Fray","description":"Los Mejores Hoteles en el Centro de Tepic, Nayarit","publisher":{"@id":"https:\/\/hotelesfray.com\/#organization"},"potentialAction":[{"@type":"SearchAction","target":{"@type":"EntryPoint","urlTemplate":"https:\/\/hotelesfray.com\/?s={search_term_string}"},"query-input":{"@type":"PropertyValueSpecification","valueRequired":true,"valueName":"search_term_string"}}],"inLanguage":"en-US"},{"@type":"Organization","@id":"https:\/\/hotelesfray.com\/#organization","name":"Hoteles Fray","url":"https:\/\/hotelesfray.com\/","logo":{"@type":"ImageObject","inLanguage":"en-US","@id":"https:\/\/hotelesfray.com\/#\/schema\/logo\/image\/","url":"https:\/\/hotelesfray.com\/wp-content\/uploads\/2023\/01\/HotelesFray-cuadro.png","contentUrl":"https:\/\/hotelesfray.com\/wp-content\/uploads\/2023\/01\/HotelesFray-cuadro.png","width":2200,"height":2200,"caption":"Hoteles Fray"},"image":{"@id":"https:\/\/hotelesfray.com\/#\/schema\/logo\/image\/"}},{"@type":"Person","@id":"https:\/\/hotelesfray.com\/#\/schema\/person\/1a3f5909146e66cdba9aa8b37f1858e1","name":"Eduardo Lopez","image":{"@type":"ImageObject","inLanguage":"en-US","@id":"https:\/\/secure.gravatar.com\/avatar\/3d6f41a002d28c6845cb55b565f68141a241a36951b539d6f4dbddac28595734?s=96&d=mm&r=g","url":"https:\/\/secure.gravatar.com\/avatar\/3d6f41a002d28c6845cb55b565f68141a241a36951b539d6f4dbddac28595734?s=96&d=mm&r=g","contentUrl":"https:\/\/secure.gravatar.com\/avatar\/3d6f41a002d28c6845cb55b565f68141a241a36951b539d6f4dbddac28595734?s=96&d=mm&r=g","caption":"Eduardo Lopez"},"url":"https:\/\/hotelesfray.com\/en\/author\/gente\/"}]}},"_links":{"self":[{"href":"https:\/\/hotelesfray.com\/en\/wp-json\/wp\/v2\/posts\/2277","targetHints":{"allow":["GET"]}}],"collection":[{"href":"https:\/\/hotelesfray.com\/en\/wp-json\/wp\/v2\/posts"}],"about":[{"href":"https:\/\/hotelesfray.com\/en\/wp-json\/wp\/v2\/types\/post"}],"author":[{"embeddable":true,"href":"https:\/\/hotelesfray.com\/en\/wp-json\/wp\/v2\/users\/2"}],"replies":[{"embeddable":true,"href":"https:\/\/hotelesfray.com\/en\/wp-json\/wp\/v2\/comments?post=2277"}],"version-history":[{"count":1,"href":"https:\/\/hotelesfray.com\/en\/wp-json\/wp\/v2\/posts\/2277\/revisions"}],"predecessor-version":[{"id":2278,"href":"https:\/\/hotelesfray.com\/en\/wp-json\/wp\/v2\/posts\/2277\/revisions\/2278"}],"wp:featuredmedia":[{"embeddable":true,"href":"https:\/\/hotelesfray.com\/en\/wp-json\/wp\/v2\/media\/2289"}],"wp:attachment":[{"href":"https:\/\/hotelesfray.com\/en\/wp-json\/wp\/v2\/media?parent=2277"}],"wp:term":[{"taxonomy":"category","embeddable":true,"href":"https:\/\/hotelesfray.com\/en\/wp-json\/wp\/v2\/categories?post=2277"},{"taxonomy":"post_tag","embeddable":true,"href":"https:\/\/hotelesfray.com\/en\/wp-json\/wp\/v2\/tags?post=2277"}],"curies":[{"name":"wp","href":"https:\/\/api.w.org\/{rel}","templated":true}]}}