{"id":2600,"date":"2021-05-31T01:04:46","date_gmt":"2021-05-31T05:04:46","guid":{"rendered":"https:\/\/hotelfrayjunipero.com\/?p=2600"},"modified":"2025-03-07T14:02:58","modified_gmt":"2025-03-07T18:02:58","slug":"la-estatua-de-la-loca-de-san-blas-y-mana-la-conoces","status":"publish","type":"post","link":"https:\/\/hotelesfray.com\/en\/2021\/05\/31\/la-estatua-de-la-loca-de-san-blas-y-mana-la-conoces\/","title":{"rendered":"La historia de la Loca de San Blas y Man\u00e1, \u00bfla conoces?"},"content":{"rendered":"<p>El puerto de San Blas es conocido internacionalmente por su importancia hist\u00f3rica para el desarrollo de la regi\u00f3n y la independencia de M\u00e9xico. Entre sus calles, paredes y kil\u00f3metros de costa se ocultan historias que deben ser contadas. As\u00ed fue el caso cuando Fernando Olvera, vocalista del grupo de rock mexicano Man\u00e1, visit\u00f3 esta zona de playas nayaritas. <\/p>\n\n\n\n<p>Durante su estancia logr\u00f3 escuchar acerca de la historia de Rebeca M\u00e9ndez Jim\u00e9nez, quien m\u00e1s tarde ser\u00eda conocida como \u00abLa Loca de San Blas\u00bb, una comerciante que cont\u00f3 su historia a un cliente. Rebeca, quien estaba comprometida, perdi\u00f3 a su amado en un incidente mar\u00edtimo, al hundirse su lancha pesquera en una tormenta tropical.<\/p>\n\n\n\n<figure class=\"wp-block-image size-large\"><img loading=\"lazy\" decoding=\"async\" width=\"1024\" height=\"683\" src=\"https:\/\/hotelfrayjunipero.com\/wp-content\/uploads\/2021\/05\/EstatuaSanBlas1-1024x683.jpg\" alt=\"\" class=\"wp-image-2603\" srcset=\"https:\/\/hotelfrayjunipero.com\/wp-content\/uploads\/2021\/05\/EstatuaSanBlas1-980x653.jpg 980w, https:\/\/hotelfrayjunipero.com\/wp-content\/uploads\/2021\/05\/EstatuaSanBlas1-480x320.jpg 480w\" sizes=\"(min-width: 0px) and (max-width: 480px) 480px, (min-width: 481px) and (max-width: 980px) 980px, (min-width: 981px) 1024px, 100vw\" \/><\/figure>\n\n\n\n<p>\u00ab<a href=\"https:\/\/songwhip.com\/mana\/en-el-muelle-de-san-blas\">En El Muelle de San Blas<\/a>\u00bb se escribi\u00f3 esa misma noche, y muy pronto se convirti\u00f3 en un \u00e9xito que logr\u00f3 el reconocimiento mundial del relato y tragedia de Rebeca M\u00e9ndez Jim\u00e9nez. Debido a esto, en la plaza principal de la cabecera municipal encontrar\u00e1s esta estatua de la noble comerciante y el cantante Fher.<\/p>\n\n\n\n<p>\u00bfQuieres hacer un recorrido de estatuas? A lo largo de la costa Sanblasense encontrar\u00e1s dos representaciones m\u00e1s. En el Muelle de Matanch\u00e9n, al final de su recorrido se posa una obra abstracta que nos recuerda esta misma historia, y en el nuevo Paseo de Aticama una recreaci\u00f3n fiel a la realidad que te conecta con las olas de la bah\u00eda.<\/p>\n\n\n\n<div class=\"wp-block-buttons is-layout-flex wp-block-buttons-is-layout-flex\">\n<div class=\"wp-block-button\"><a class=\"wp-block-button__link\" href=\"https:\/\/goo.gl\/maps\/uqDzjM5xpyAjTrsH9\">\u00bfC\u00f3mo llegar?<\/a><\/div>\n<\/div>","protected":false},"excerpt":{"rendered":"<p>El puerto de San Blas es conocido internacionalmente por su importancia hist\u00f3rica para el desarrollo de la regi\u00f3n y la independencia de M\u00e9xico. Entre sus calles, paredes y kil\u00f3metros de costa se ocultan historias que deben ser contadas. As\u00ed fue el caso cuando Fernando Olvera, vocalista del grupo de rock mexicano Man\u00e1, visit\u00f3 esta zona [&hellip;]<\/p>\n","protected":false},"author":2,"featured_media":2602,"comment_status":"closed","ping_status":"open","sticky":false,"template":"","format":"standard","meta":{"_et_pb_use_builder":"","_et_pb_old_content":"","_et_gb_content_width":"","footnotes":""},"categories":[164,24],"tags":[],"class_list":["post-2600","post","type-post","status-publish","format-standard","has-post-thumbnail","hentry","category-historia","category-san-blas"],"yoast_head":"<!-- This site is optimized with the Yoast SEO plugin v27.4 - https:\/\/yoast.com\/product\/yoast-seo-wordpress\/ -->\n<title>Hotels in Tepic | Hoteles Fray \u2013 Complimentary Buffet Breakfast<\/title>\n<meta name=\"description\" content=\"Looking for hotels in Tepic? Hoteles Fray offers the best location, complimentary buffet breakfast, free WiFi, and flexible cancellation. Book directly with no deposit!\" \/>\n<meta name=\"robots\" content=\"index, follow, max-snippet:-1, max-image-preview:large, max-video-preview:-1\" \/>\n<link rel=\"canonical\" href=\"https:\/\/hotelesfray.com\/en\/2021\/05\/31\/la-estatua-de-la-loca-de-san-blas-y-mana-la-conoces\/\" \/>\n<meta property=\"og:locale\" content=\"en_US\" \/>\n<meta property=\"og:type\" content=\"article\" \/>\n<meta property=\"og:title\" content=\"Hotels in Tepic | Hoteles Fray \u2013 Complimentary Buffet Breakfast\" \/>\n<meta property=\"og:description\" content=\"Looking for hotels in Tepic? Hoteles Fray offers the best location, complimentary buffet breakfast, free WiFi, and flexible cancellation. Book directly with no deposit!\" \/>\n<meta property=\"og:url\" content=\"https:\/\/hotelesfray.com\/en\/2021\/05\/31\/la-estatua-de-la-loca-de-san-blas-y-mana-la-conoces\/\" \/>\n<meta property=\"og:site_name\" content=\"Hoteles Fray\" \/>\n<meta property=\"article:published_time\" content=\"2021-05-31T05:04:46+00:00\" \/>\n<meta property=\"article:modified_time\" content=\"2025-03-07T18:02:58+00:00\" \/>\n<meta property=\"og:image\" content=\"https:\/\/hotelesfray.com\/wp-content\/uploads\/2021\/05\/EstatuaSanBlas2.jpg\" \/>\n\t<meta property=\"og:image:width\" content=\"1920\" \/>\n\t<meta property=\"og:image:height\" content=\"1280\" \/>\n\t<meta property=\"og:image:type\" content=\"image\/jpeg\" \/>\n<meta name=\"author\" content=\"Eduardo Lopez\" \/>\n<meta name=\"twitter:card\" content=\"summary_large_image\" \/>\n<meta name=\"twitter:label1\" content=\"Written by\" \/>\n\t<meta name=\"twitter:data1\" content=\"Eduardo Lopez\" \/>\n\t<meta name=\"twitter:label2\" content=\"Est. reading time\" \/>\n\t<meta name=\"twitter:data2\" content=\"2 minutes\" \/>\n<script type=\"application\/ld+json\" class=\"yoast-schema-graph\">{\"@context\":\"https:\\\/\\\/schema.org\",\"@graph\":[{\"@type\":[\"Article\",\"BlogPosting\"],\"@id\":\"https:\\\/\\\/hotelesfray.com\\\/2021\\\/05\\\/31\\\/la-estatua-de-la-loca-de-san-blas-y-mana-la-conoces\\\/#article\",\"isPartOf\":{\"@id\":\"https:\\\/\\\/hotelesfray.com\\\/2021\\\/05\\\/31\\\/la-estatua-de-la-loca-de-san-blas-y-mana-la-conoces\\\/\"},\"author\":{\"name\":\"Eduardo Lopez\",\"@id\":\"https:\\\/\\\/hotelesfray.com\\\/#\\\/schema\\\/person\\\/1a3f5909146e66cdba9aa8b37f1858e1\"},\"headline\":\"La historia de la Loca de San Blas y Man\u00e1, \u00bfla conoces?\",\"datePublished\":\"2021-05-31T05:04:46+00:00\",\"dateModified\":\"2025-03-07T18:02:58+00:00\",\"mainEntityOfPage\":{\"@id\":\"https:\\\/\\\/hotelesfray.com\\\/2021\\\/05\\\/31\\\/la-estatua-de-la-loca-de-san-blas-y-mana-la-conoces\\\/\"},\"wordCount\":258,\"publisher\":{\"@id\":\"https:\\\/\\\/hotelesfray.com\\\/#organization\"},\"image\":{\"@id\":\"https:\\\/\\\/hotelesfray.com\\\/2021\\\/05\\\/31\\\/la-estatua-de-la-loca-de-san-blas-y-mana-la-conoces\\\/#primaryimage\"},\"thumbnailUrl\":\"https:\\\/\\\/hotelesfray.com\\\/wp-content\\\/uploads\\\/2021\\\/05\\\/EstatuaSanBlas2.jpg\",\"articleSection\":[\"Historia\",\"San Blas\"],\"inLanguage\":\"en-US\"},{\"@type\":\"WebPage\",\"@id\":\"https:\\\/\\\/hotelesfray.com\\\/2021\\\/05\\\/31\\\/la-estatua-de-la-loca-de-san-blas-y-mana-la-conoces\\\/\",\"url\":\"https:\\\/\\\/hotelesfray.com\\\/2021\\\/05\\\/31\\\/la-estatua-de-la-loca-de-san-blas-y-mana-la-conoces\\\/\",\"name\":\"La historia de la Loca de San Blas y Man\u00e1, \u00bfla conoces? | Hoteles Fray\",\"isPartOf\":{\"@id\":\"https:\\\/\\\/hotelesfray.com\\\/#website\"},\"primaryImageOfPage\":{\"@id\":\"https:\\\/\\\/hotelesfray.com\\\/2021\\\/05\\\/31\\\/la-estatua-de-la-loca-de-san-blas-y-mana-la-conoces\\\/#primaryimage\"},\"image\":{\"@id\":\"https:\\\/\\\/hotelesfray.com\\\/2021\\\/05\\\/31\\\/la-estatua-de-la-loca-de-san-blas-y-mana-la-conoces\\\/#primaryimage\"},\"thumbnailUrl\":\"https:\\\/\\\/hotelesfray.com\\\/wp-content\\\/uploads\\\/2021\\\/05\\\/EstatuaSanBlas2.jpg\",\"datePublished\":\"2021-05-31T05:04:46+00:00\",\"dateModified\":\"2025-03-07T18:02:58+00:00\",\"breadcrumb\":{\"@id\":\"https:\\\/\\\/hotelesfray.com\\\/2021\\\/05\\\/31\\\/la-estatua-de-la-loca-de-san-blas-y-mana-la-conoces\\\/#breadcrumb\"},\"inLanguage\":\"en-US\",\"potentialAction\":[{\"@type\":\"ReadAction\",\"target\":[\"https:\\\/\\\/hotelesfray.com\\\/2021\\\/05\\\/31\\\/la-estatua-de-la-loca-de-san-blas-y-mana-la-conoces\\\/\"]}]},{\"@type\":\"ImageObject\",\"inLanguage\":\"en-US\",\"@id\":\"https:\\\/\\\/hotelesfray.com\\\/2021\\\/05\\\/31\\\/la-estatua-de-la-loca-de-san-blas-y-mana-la-conoces\\\/#primaryimage\",\"url\":\"https:\\\/\\\/hotelesfray.com\\\/wp-content\\\/uploads\\\/2021\\\/05\\\/EstatuaSanBlas2.jpg\",\"contentUrl\":\"https:\\\/\\\/hotelesfray.com\\\/wp-content\\\/uploads\\\/2021\\\/05\\\/EstatuaSanBlas2.jpg\",\"width\":1920,\"height\":1280},{\"@type\":\"BreadcrumbList\",\"@id\":\"https:\\\/\\\/hotelesfray.com\\\/2021\\\/05\\\/31\\\/la-estatua-de-la-loca-de-san-blas-y-mana-la-conoces\\\/#breadcrumb\",\"itemListElement\":[{\"@type\":\"ListItem\",\"position\":1,\"name\":\"Historia\",\"item\":\"https:\\\/\\\/hotelesfray.com\\\/category\\\/historia\\\/\"},{\"@type\":\"ListItem\",\"position\":2,\"name\":\"La historia de la Loca de San Blas y Man\u00e1, \u00bfla conoces?\"}]},{\"@type\":\"WebSite\",\"@id\":\"https:\\\/\\\/hotelesfray.com\\\/#website\",\"url\":\"https:\\\/\\\/hotelesfray.com\\\/\",\"name\":\"Hoteles Fray\",\"description\":\"Los Mejores Hoteles en el Centro de Tepic, Nayarit\",\"publisher\":{\"@id\":\"https:\\\/\\\/hotelesfray.com\\\/#organization\"},\"potentialAction\":[{\"@type\":\"SearchAction\",\"target\":{\"@type\":\"EntryPoint\",\"urlTemplate\":\"https:\\\/\\\/hotelesfray.com\\\/?s={search_term_string}\"},\"query-input\":{\"@type\":\"PropertyValueSpecification\",\"valueRequired\":true,\"valueName\":\"search_term_string\"}}],\"inLanguage\":\"en-US\"},{\"@type\":\"Organization\",\"@id\":\"https:\\\/\\\/hotelesfray.com\\\/#organization\",\"name\":\"Hoteles Fray\",\"url\":\"https:\\\/\\\/hotelesfray.com\\\/\",\"logo\":{\"@type\":\"ImageObject\",\"inLanguage\":\"en-US\",\"@id\":\"https:\\\/\\\/hotelesfray.com\\\/#\\\/schema\\\/logo\\\/image\\\/\",\"url\":\"https:\\\/\\\/hotelesfray.com\\\/wp-content\\\/uploads\\\/2023\\\/01\\\/HotelesFray-cuadro.png\",\"contentUrl\":\"https:\\\/\\\/hotelesfray.com\\\/wp-content\\\/uploads\\\/2023\\\/01\\\/HotelesFray-cuadro.png\",\"width\":2200,\"height\":2200,\"caption\":\"Hoteles Fray\"},\"image\":{\"@id\":\"https:\\\/\\\/hotelesfray.com\\\/#\\\/schema\\\/logo\\\/image\\\/\"}},{\"@type\":\"Person\",\"@id\":\"https:\\\/\\\/hotelesfray.com\\\/#\\\/schema\\\/person\\\/1a3f5909146e66cdba9aa8b37f1858e1\",\"name\":\"Eduardo Lopez\",\"image\":{\"@type\":\"ImageObject\",\"inLanguage\":\"en-US\",\"@id\":\"https:\\\/\\\/secure.gravatar.com\\\/avatar\\\/3d6f41a002d28c6845cb55b565f68141a241a36951b539d6f4dbddac28595734?s=96&d=mm&r=g\",\"url\":\"https:\\\/\\\/secure.gravatar.com\\\/avatar\\\/3d6f41a002d28c6845cb55b565f68141a241a36951b539d6f4dbddac28595734?s=96&d=mm&r=g\",\"contentUrl\":\"https:\\\/\\\/secure.gravatar.com\\\/avatar\\\/3d6f41a002d28c6845cb55b565f68141a241a36951b539d6f4dbddac28595734?s=96&d=mm&r=g\",\"caption\":\"Eduardo Lopez\"},\"url\":\"https:\\\/\\\/hotelesfray.com\\\/en\\\/author\\\/gente\\\/\"}]}<\/script>\n<!-- \/ Yoast SEO plugin. -->","yoast_head_json":{"title":"Hotels in Tepic | Hoteles Fray \u2013 Complimentary Buffet Breakfast","description":"Looking for hotels in Tepic? Hoteles Fray offers the best location, complimentary buffet breakfast, free WiFi, and flexible cancellation. Book directly with no deposit!","robots":{"index":"index","follow":"follow","max-snippet":"max-snippet:-1","max-image-preview":"max-image-preview:large","max-video-preview":"max-video-preview:-1"},"canonical":"https:\/\/hotelesfray.com\/en\/2021\/05\/31\/la-estatua-de-la-loca-de-san-blas-y-mana-la-conoces\/","og_locale":"en_US","og_type":"article","og_title":"Hotels in Tepic | Hoteles Fray \u2013 Complimentary Buffet Breakfast","og_description":"Looking for hotels in Tepic? Hoteles Fray offers the best location, complimentary buffet breakfast, free WiFi, and flexible cancellation. Book directly with no deposit!","og_url":"https:\/\/hotelesfray.com\/en\/2021\/05\/31\/la-estatua-de-la-loca-de-san-blas-y-mana-la-conoces\/","og_site_name":"Hoteles Fray","article_published_time":"2021-05-31T05:04:46+00:00","article_modified_time":"2025-03-07T18:02:58+00:00","og_image":[{"width":1920,"height":1280,"url":"https:\/\/hotelesfray.com\/wp-content\/uploads\/2021\/05\/EstatuaSanBlas2.jpg","type":"image\/jpeg"}],"author":"Eduardo Lopez","twitter_card":"summary_large_image","twitter_misc":{"Written by":"Eduardo Lopez","Est. reading time":"2 minutes"},"schema":{"@context":"https:\/\/schema.org","@graph":[{"@type":["Article","BlogPosting"],"@id":"https:\/\/hotelesfray.com\/2021\/05\/31\/la-estatua-de-la-loca-de-san-blas-y-mana-la-conoces\/#article","isPartOf":{"@id":"https:\/\/hotelesfray.com\/2021\/05\/31\/la-estatua-de-la-loca-de-san-blas-y-mana-la-conoces\/"},"author":{"name":"Eduardo Lopez","@id":"https:\/\/hotelesfray.com\/#\/schema\/person\/1a3f5909146e66cdba9aa8b37f1858e1"},"headline":"La historia de la Loca de San Blas y Man\u00e1, \u00bfla conoces?","datePublished":"2021-05-31T05:04:46+00:00","dateModified":"2025-03-07T18:02:58+00:00","mainEntityOfPage":{"@id":"https:\/\/hotelesfray.com\/2021\/05\/31\/la-estatua-de-la-loca-de-san-blas-y-mana-la-conoces\/"},"wordCount":258,"publisher":{"@id":"https:\/\/hotelesfray.com\/#organization"},"image":{"@id":"https:\/\/hotelesfray.com\/2021\/05\/31\/la-estatua-de-la-loca-de-san-blas-y-mana-la-conoces\/#primaryimage"},"thumbnailUrl":"https:\/\/hotelesfray.com\/wp-content\/uploads\/2021\/05\/EstatuaSanBlas2.jpg","articleSection":["Historia","San Blas"],"inLanguage":"en-US"},{"@type":"WebPage","@id":"https:\/\/hotelesfray.com\/2021\/05\/31\/la-estatua-de-la-loca-de-san-blas-y-mana-la-conoces\/","url":"https:\/\/hotelesfray.com\/2021\/05\/31\/la-estatua-de-la-loca-de-san-blas-y-mana-la-conoces\/","name":"La historia de la Loca de San Blas y Man\u00e1, \u00bfla conoces? | Hoteles Fray","isPartOf":{"@id":"https:\/\/hotelesfray.com\/#website"},"primaryImageOfPage":{"@id":"https:\/\/hotelesfray.com\/2021\/05\/31\/la-estatua-de-la-loca-de-san-blas-y-mana-la-conoces\/#primaryimage"},"image":{"@id":"https:\/\/hotelesfray.com\/2021\/05\/31\/la-estatua-de-la-loca-de-san-blas-y-mana-la-conoces\/#primaryimage"},"thumbnailUrl":"https:\/\/hotelesfray.com\/wp-content\/uploads\/2021\/05\/EstatuaSanBlas2.jpg","datePublished":"2021-05-31T05:04:46+00:00","dateModified":"2025-03-07T18:02:58+00:00","breadcrumb":{"@id":"https:\/\/hotelesfray.com\/2021\/05\/31\/la-estatua-de-la-loca-de-san-blas-y-mana-la-conoces\/#breadcrumb"},"inLanguage":"en-US","potentialAction":[{"@type":"ReadAction","target":["https:\/\/hotelesfray.com\/2021\/05\/31\/la-estatua-de-la-loca-de-san-blas-y-mana-la-conoces\/"]}]},{"@type":"ImageObject","inLanguage":"en-US","@id":"https:\/\/hotelesfray.com\/2021\/05\/31\/la-estatua-de-la-loca-de-san-blas-y-mana-la-conoces\/#primaryimage","url":"https:\/\/hotelesfray.com\/wp-content\/uploads\/2021\/05\/EstatuaSanBlas2.jpg","contentUrl":"https:\/\/hotelesfray.com\/wp-content\/uploads\/2021\/05\/EstatuaSanBlas2.jpg","width":1920,"height":1280},{"@type":"BreadcrumbList","@id":"https:\/\/hotelesfray.com\/2021\/05\/31\/la-estatua-de-la-loca-de-san-blas-y-mana-la-conoces\/#breadcrumb","itemListElement":[{"@type":"ListItem","position":1,"name":"Historia","item":"https:\/\/hotelesfray.com\/category\/historia\/"},{"@type":"ListItem","position":2,"name":"La historia de la Loca de San Blas y Man\u00e1, \u00bfla conoces?"}]},{"@type":"WebSite","@id":"https:\/\/hotelesfray.com\/#website","url":"https:\/\/hotelesfray.com\/","name":"Hoteles Fray","description":"Los Mejores Hoteles en el Centro de Tepic, Nayarit","publisher":{"@id":"https:\/\/hotelesfray.com\/#organization"},"potentialAction":[{"@type":"SearchAction","target":{"@type":"EntryPoint","urlTemplate":"https:\/\/hotelesfray.com\/?s={search_term_string}"},"query-input":{"@type":"PropertyValueSpecification","valueRequired":true,"valueName":"search_term_string"}}],"inLanguage":"en-US"},{"@type":"Organization","@id":"https:\/\/hotelesfray.com\/#organization","name":"Hoteles Fray","url":"https:\/\/hotelesfray.com\/","logo":{"@type":"ImageObject","inLanguage":"en-US","@id":"https:\/\/hotelesfray.com\/#\/schema\/logo\/image\/","url":"https:\/\/hotelesfray.com\/wp-content\/uploads\/2023\/01\/HotelesFray-cuadro.png","contentUrl":"https:\/\/hotelesfray.com\/wp-content\/uploads\/2023\/01\/HotelesFray-cuadro.png","width":2200,"height":2200,"caption":"Hoteles Fray"},"image":{"@id":"https:\/\/hotelesfray.com\/#\/schema\/logo\/image\/"}},{"@type":"Person","@id":"https:\/\/hotelesfray.com\/#\/schema\/person\/1a3f5909146e66cdba9aa8b37f1858e1","name":"Eduardo Lopez","image":{"@type":"ImageObject","inLanguage":"en-US","@id":"https:\/\/secure.gravatar.com\/avatar\/3d6f41a002d28c6845cb55b565f68141a241a36951b539d6f4dbddac28595734?s=96&d=mm&r=g","url":"https:\/\/secure.gravatar.com\/avatar\/3d6f41a002d28c6845cb55b565f68141a241a36951b539d6f4dbddac28595734?s=96&d=mm&r=g","contentUrl":"https:\/\/secure.gravatar.com\/avatar\/3d6f41a002d28c6845cb55b565f68141a241a36951b539d6f4dbddac28595734?s=96&d=mm&r=g","caption":"Eduardo Lopez"},"url":"https:\/\/hotelesfray.com\/en\/author\/gente\/"}]}},"_links":{"self":[{"href":"https:\/\/hotelesfray.com\/en\/wp-json\/wp\/v2\/posts\/2600","targetHints":{"allow":["GET"]}}],"collection":[{"href":"https:\/\/hotelesfray.com\/en\/wp-json\/wp\/v2\/posts"}],"about":[{"href":"https:\/\/hotelesfray.com\/en\/wp-json\/wp\/v2\/types\/post"}],"author":[{"embeddable":true,"href":"https:\/\/hotelesfray.com\/en\/wp-json\/wp\/v2\/users\/2"}],"replies":[{"embeddable":true,"href":"https:\/\/hotelesfray.com\/en\/wp-json\/wp\/v2\/comments?post=2600"}],"version-history":[{"count":3,"href":"https:\/\/hotelesfray.com\/en\/wp-json\/wp\/v2\/posts\/2600\/revisions"}],"predecessor-version":[{"id":5894,"href":"https:\/\/hotelesfray.com\/en\/wp-json\/wp\/v2\/posts\/2600\/revisions\/5894"}],"wp:featuredmedia":[{"embeddable":true,"href":"https:\/\/hotelesfray.com\/en\/wp-json\/wp\/v2\/media\/2602"}],"wp:attachment":[{"href":"https:\/\/hotelesfray.com\/en\/wp-json\/wp\/v2\/media?parent=2600"}],"wp:term":[{"taxonomy":"category","embeddable":true,"href":"https:\/\/hotelesfray.com\/en\/wp-json\/wp\/v2\/categories?post=2600"},{"taxonomy":"post_tag","embeddable":true,"href":"https:\/\/hotelesfray.com\/en\/wp-json\/wp\/v2\/tags?post=2600"}],"curies":[{"name":"wp","href":"https:\/\/api.w.org\/{rel}","templated":true}]}}