{"id":2859,"date":"2021-12-07T18:23:53","date_gmt":"2021-12-07T22:23:53","guid":{"rendered":"https:\/\/hotelfrayjunipero.com\/?p=2859"},"modified":"2025-02-23T20:33:54","modified_gmt":"2025-02-24T00:33:54","slug":"tepic-se-adorna-para-la-temporada-navidena-2021","status":"publish","type":"post","link":"https:\/\/hotelesfray.com\/en\/2021\/12\/07\/tepic-se-adorna-para-la-temporada-navidena-2021\/","title":{"rendered":"Tepic se adorna para la temporada navide\u00f1a 2021"},"content":{"rendered":"<p>Mientras se aproxima el cierre del a\u00f1o, empezamos a planear las fiestas navide\u00f1as y a darle un poco de color a nuestro entorno, \u00a1Tepic no es la excepci\u00f3n!<\/p>\n\n\n\n<p>Si visitas el Centro Hist\u00f3rico, podr\u00e1s disfrutar del ya tradicional y majestuoso \u00e1rbol de navidad, para llevarte una foto del recuerdo frente a Catedral y tu #HotelFray. A sus alrededores, el Ayuntamiento de Tepic instal\u00f3 las famosas nochebuenas, dando un aspecto \u00fanico al cuadro principal de la ciudad.<\/p>\n\n\n\n<figure class=\"wp-block-image size-large\"><img loading=\"lazy\" decoding=\"async\" width=\"1024\" height=\"682\" src=\"https:\/\/hotelfrayjunipero.com\/wp-content\/uploads\/2021\/12\/2021-12-07_10-43-50-1024x682.jpg\" alt=\"\" class=\"wp-image-2860\" srcset=\"https:\/\/hotelfrayjunipero.com\/wp-content\/uploads\/2021\/12\/2021-12-07_10-43-50-980x653.jpg 980w, https:\/\/hotelfrayjunipero.com\/wp-content\/uploads\/2021\/12\/2021-12-07_10-43-50-480x320.jpg 480w\" sizes=\"(min-width: 0px) and (max-width: 480px) 480px, (min-width: 481px) and (max-width: 980px) 980px, (min-width: 981px) 1024px, 100vw\" \/><figcaption>Ayuntamiento y calle Puebla.<\/figcaption><\/figure>\n\n\n\n<p>Como una agradable novedad, hay toques \u00fanicos para disfrutar las fiestas de este a\u00f1o. Por ejemplo, los pasos peatonales del Centro est\u00e1n decorados de una forma original, combinado con la remodelaci\u00f3n a espaldas de Palacio Municipal en calle Puebla, le da una gran apariencia a la capital.<\/p>\n\n\n\n<p>No olvides compartir con nosotros tus mejores fotos en tu visita a nuestro hermoso Tepic, con los hashtags #HotelFray #VisitaTepic y #NayaritEnamora.<\/p>\n\n\n\n<figure class=\"wp-block-image size-large\"><img loading=\"lazy\" decoding=\"async\" width=\"1024\" height=\"682\" src=\"https:\/\/hotelfrayjunipero.com\/wp-content\/uploads\/2021\/12\/2021-12-07_10-44-35-1024x682.jpg\" alt=\"\" class=\"wp-image-2861\" srcset=\"https:\/\/hotelfrayjunipero.com\/wp-content\/uploads\/2021\/12\/2021-12-07_10-44-35-980x653.jpg 980w, https:\/\/hotelfrayjunipero.com\/wp-content\/uploads\/2021\/12\/2021-12-07_10-44-35-480x320.jpg 480w\" sizes=\"(min-width: 0px) and (max-width: 480px) 480px, (min-width: 481px) and (max-width: 980px) 980px, (min-width: 981px) 1024px, 100vw\" \/><figcaption>Calle Amado Nervo y los pasos peatonales.<\/figcaption><\/figure>\n\n\n\n<h2 class=\"wp-block-heading\">Conoce Nayarit de la mano de tu #HotelFray<\/h2>\n\n\n\n<p>\u00a1Recuerda compartir con nosotros las incre\u00edbles fotograf\u00edas que tomes en este lugar! Enviandolas a nuestras p\u00e1ginas de Facebook e Instagram, o con el hashtag #VisitaTepic.<\/p>\n\n\n\n<p>No olvides que en el coraz\u00f3n de Tepic tu #HotelFray te espera para tener el mejor descanso despu\u00e9s de un d\u00eda de aventura, con desayuno incluido en cortes\u00eda, estacionamiento subterr\u00e1neo y la mejor ubicaci\u00f3n en la Plaza Principal, a unos pasos de la Catedral.<\/p>","protected":false},"excerpt":{"rendered":"<p>Mientras se aproxima el cierre del a\u00f1o, empezamos a planear las fiestas navide\u00f1as y a darle un poco de color a nuestro entorno, \u00a1Tepic no es la excepci\u00f3n! Si visitas el Centro Hist\u00f3rico, podr\u00e1s disfrutar del ya tradicional y majestuoso \u00e1rbol de navidad, para llevarte una foto del recuerdo frente a Catedral y tu #HotelFray. [&hellip;]<\/p>\n","protected":false},"author":2,"featured_media":2862,"comment_status":"closed","ping_status":"open","sticky":false,"template":"","format":"standard","meta":{"_et_pb_use_builder":"","_et_pb_old_content":"","_et_gb_content_width":"","footnotes":""},"categories":[40,26],"tags":[],"class_list":["post-2859","post","type-post","status-publish","format-standard","has-post-thumbnail","hentry","category-eventos","category-tepic"],"yoast_head":"<!-- This site is optimized with the Yoast SEO plugin v27.4 - https:\/\/yoast.com\/product\/yoast-seo-wordpress\/ -->\n<title>Hotels in Tepic | Hoteles Fray \u2013 Complimentary Buffet Breakfast<\/title>\n<meta name=\"description\" content=\"Looking for hotels in Tepic? Hoteles Fray offers the best location, complimentary buffet breakfast, free WiFi, and flexible cancellation. Book directly with no deposit!\" \/>\n<meta name=\"robots\" content=\"index, follow, max-snippet:-1, max-image-preview:large, max-video-preview:-1\" \/>\n<link rel=\"canonical\" href=\"https:\/\/hotelesfray.com\/en\/2021\/12\/07\/tepic-se-adorna-para-la-temporada-navidena-2021\/\" \/>\n<meta property=\"og:locale\" content=\"en_US\" \/>\n<meta property=\"og:type\" content=\"article\" \/>\n<meta property=\"og:title\" content=\"Hotels in Tepic | Hoteles Fray \u2013 Complimentary Buffet Breakfast\" \/>\n<meta property=\"og:description\" content=\"Looking for hotels in Tepic? Hoteles Fray offers the best location, complimentary buffet breakfast, free WiFi, and flexible cancellation. Book directly with no deposit!\" \/>\n<meta property=\"og:url\" content=\"https:\/\/hotelesfray.com\/en\/2021\/12\/07\/tepic-se-adorna-para-la-temporada-navidena-2021\/\" \/>\n<meta property=\"og:site_name\" content=\"Hoteles Fray\" \/>\n<meta property=\"article:published_time\" content=\"2021-12-07T22:23:53+00:00\" \/>\n<meta property=\"article:modified_time\" content=\"2025-02-24T00:33:54+00:00\" \/>\n<meta property=\"og:image\" content=\"https:\/\/hotelesfray.com\/wp-content\/uploads\/2021\/12\/2021-12-07_10-49-32.jpg\" \/>\n\t<meta property=\"og:image:width\" content=\"2000\" \/>\n\t<meta property=\"og:image:height\" content=\"1333\" \/>\n\t<meta property=\"og:image:type\" content=\"image\/jpeg\" \/>\n<meta name=\"author\" content=\"Eduardo Lopez\" \/>\n<meta name=\"twitter:card\" content=\"summary_large_image\" \/>\n<meta name=\"twitter:label1\" content=\"Written by\" \/>\n\t<meta name=\"twitter:data1\" content=\"Eduardo Lopez\" \/>\n\t<meta name=\"twitter:label2\" content=\"Est. reading time\" \/>\n\t<meta name=\"twitter:data2\" content=\"2 minutes\" \/>\n<script type=\"application\/ld+json\" class=\"yoast-schema-graph\">{\"@context\":\"https:\\\/\\\/schema.org\",\"@graph\":[{\"@type\":[\"Article\",\"BlogPosting\"],\"@id\":\"https:\\\/\\\/hotelesfray.com\\\/2021\\\/12\\\/07\\\/tepic-se-adorna-para-la-temporada-navidena-2021\\\/#article\",\"isPartOf\":{\"@id\":\"https:\\\/\\\/hotelesfray.com\\\/2021\\\/12\\\/07\\\/tepic-se-adorna-para-la-temporada-navidena-2021\\\/\"},\"author\":{\"name\":\"Eduardo Lopez\",\"@id\":\"https:\\\/\\\/hotelesfray.com\\\/#\\\/schema\\\/person\\\/1a3f5909146e66cdba9aa8b37f1858e1\"},\"headline\":\"Tepic se adorna para la temporada navide\u00f1a 2021\",\"datePublished\":\"2021-12-07T22:23:53+00:00\",\"dateModified\":\"2025-02-24T00:33:54+00:00\",\"mainEntityOfPage\":{\"@id\":\"https:\\\/\\\/hotelesfray.com\\\/2021\\\/12\\\/07\\\/tepic-se-adorna-para-la-temporada-navidena-2021\\\/\"},\"wordCount\":258,\"publisher\":{\"@id\":\"https:\\\/\\\/hotelesfray.com\\\/#organization\"},\"image\":{\"@id\":\"https:\\\/\\\/hotelesfray.com\\\/2021\\\/12\\\/07\\\/tepic-se-adorna-para-la-temporada-navidena-2021\\\/#primaryimage\"},\"thumbnailUrl\":\"https:\\\/\\\/hotelesfray.com\\\/wp-content\\\/uploads\\\/2021\\\/12\\\/2021-12-07_10-49-32.jpg\",\"articleSection\":[\"Eventos\",\"Tepic\"],\"inLanguage\":\"en-US\"},{\"@type\":\"WebPage\",\"@id\":\"https:\\\/\\\/hotelesfray.com\\\/2021\\\/12\\\/07\\\/tepic-se-adorna-para-la-temporada-navidena-2021\\\/\",\"url\":\"https:\\\/\\\/hotelesfray.com\\\/2021\\\/12\\\/07\\\/tepic-se-adorna-para-la-temporada-navidena-2021\\\/\",\"name\":\"Tepic se adorna para la temporada navide\u00f1a 2021 | Hoteles Fray\",\"isPartOf\":{\"@id\":\"https:\\\/\\\/hotelesfray.com\\\/#website\"},\"primaryImageOfPage\":{\"@id\":\"https:\\\/\\\/hotelesfray.com\\\/2021\\\/12\\\/07\\\/tepic-se-adorna-para-la-temporada-navidena-2021\\\/#primaryimage\"},\"image\":{\"@id\":\"https:\\\/\\\/hotelesfray.com\\\/2021\\\/12\\\/07\\\/tepic-se-adorna-para-la-temporada-navidena-2021\\\/#primaryimage\"},\"thumbnailUrl\":\"https:\\\/\\\/hotelesfray.com\\\/wp-content\\\/uploads\\\/2021\\\/12\\\/2021-12-07_10-49-32.jpg\",\"datePublished\":\"2021-12-07T22:23:53+00:00\",\"dateModified\":\"2025-02-24T00:33:54+00:00\",\"breadcrumb\":{\"@id\":\"https:\\\/\\\/hotelesfray.com\\\/2021\\\/12\\\/07\\\/tepic-se-adorna-para-la-temporada-navidena-2021\\\/#breadcrumb\"},\"inLanguage\":\"en-US\",\"potentialAction\":[{\"@type\":\"ReadAction\",\"target\":[\"https:\\\/\\\/hotelesfray.com\\\/2021\\\/12\\\/07\\\/tepic-se-adorna-para-la-temporada-navidena-2021\\\/\"]}]},{\"@type\":\"ImageObject\",\"inLanguage\":\"en-US\",\"@id\":\"https:\\\/\\\/hotelesfray.com\\\/2021\\\/12\\\/07\\\/tepic-se-adorna-para-la-temporada-navidena-2021\\\/#primaryimage\",\"url\":\"https:\\\/\\\/hotelesfray.com\\\/wp-content\\\/uploads\\\/2021\\\/12\\\/2021-12-07_10-49-32.jpg\",\"contentUrl\":\"https:\\\/\\\/hotelesfray.com\\\/wp-content\\\/uploads\\\/2021\\\/12\\\/2021-12-07_10-49-32.jpg\",\"width\":2000,\"height\":1333},{\"@type\":\"BreadcrumbList\",\"@id\":\"https:\\\/\\\/hotelesfray.com\\\/2021\\\/12\\\/07\\\/tepic-se-adorna-para-la-temporada-navidena-2021\\\/#breadcrumb\",\"itemListElement\":[{\"@type\":\"ListItem\",\"position\":1,\"name\":\"Tepic\",\"item\":\"https:\\\/\\\/hotelesfray.com\\\/category\\\/tepic\\\/\"},{\"@type\":\"ListItem\",\"position\":2,\"name\":\"Tepic se adorna para la temporada navide\u00f1a 2021\"}]},{\"@type\":\"WebSite\",\"@id\":\"https:\\\/\\\/hotelesfray.com\\\/#website\",\"url\":\"https:\\\/\\\/hotelesfray.com\\\/\",\"name\":\"Hoteles Fray\",\"description\":\"Los Mejores Hoteles en el Centro de Tepic, Nayarit\",\"publisher\":{\"@id\":\"https:\\\/\\\/hotelesfray.com\\\/#organization\"},\"potentialAction\":[{\"@type\":\"SearchAction\",\"target\":{\"@type\":\"EntryPoint\",\"urlTemplate\":\"https:\\\/\\\/hotelesfray.com\\\/?s={search_term_string}\"},\"query-input\":{\"@type\":\"PropertyValueSpecification\",\"valueRequired\":true,\"valueName\":\"search_term_string\"}}],\"inLanguage\":\"en-US\"},{\"@type\":\"Organization\",\"@id\":\"https:\\\/\\\/hotelesfray.com\\\/#organization\",\"name\":\"Hoteles Fray\",\"url\":\"https:\\\/\\\/hotelesfray.com\\\/\",\"logo\":{\"@type\":\"ImageObject\",\"inLanguage\":\"en-US\",\"@id\":\"https:\\\/\\\/hotelesfray.com\\\/#\\\/schema\\\/logo\\\/image\\\/\",\"url\":\"https:\\\/\\\/hotelesfray.com\\\/wp-content\\\/uploads\\\/2023\\\/01\\\/HotelesFray-cuadro.png\",\"contentUrl\":\"https:\\\/\\\/hotelesfray.com\\\/wp-content\\\/uploads\\\/2023\\\/01\\\/HotelesFray-cuadro.png\",\"width\":2200,\"height\":2200,\"caption\":\"Hoteles Fray\"},\"image\":{\"@id\":\"https:\\\/\\\/hotelesfray.com\\\/#\\\/schema\\\/logo\\\/image\\\/\"}},{\"@type\":\"Person\",\"@id\":\"https:\\\/\\\/hotelesfray.com\\\/#\\\/schema\\\/person\\\/1a3f5909146e66cdba9aa8b37f1858e1\",\"name\":\"Eduardo Lopez\",\"image\":{\"@type\":\"ImageObject\",\"inLanguage\":\"en-US\",\"@id\":\"https:\\\/\\\/secure.gravatar.com\\\/avatar\\\/3d6f41a002d28c6845cb55b565f68141a241a36951b539d6f4dbddac28595734?s=96&d=mm&r=g\",\"url\":\"https:\\\/\\\/secure.gravatar.com\\\/avatar\\\/3d6f41a002d28c6845cb55b565f68141a241a36951b539d6f4dbddac28595734?s=96&d=mm&r=g\",\"contentUrl\":\"https:\\\/\\\/secure.gravatar.com\\\/avatar\\\/3d6f41a002d28c6845cb55b565f68141a241a36951b539d6f4dbddac28595734?s=96&d=mm&r=g\",\"caption\":\"Eduardo Lopez\"},\"url\":\"https:\\\/\\\/hotelesfray.com\\\/en\\\/author\\\/gente\\\/\"}]}<\/script>\n<!-- \/ Yoast SEO plugin. -->","yoast_head_json":{"title":"Hotels in Tepic | Hoteles Fray \u2013 Complimentary Buffet Breakfast","description":"Looking for hotels in Tepic? Hoteles Fray offers the best location, complimentary buffet breakfast, free WiFi, and flexible cancellation. Book directly with no deposit!","robots":{"index":"index","follow":"follow","max-snippet":"max-snippet:-1","max-image-preview":"max-image-preview:large","max-video-preview":"max-video-preview:-1"},"canonical":"https:\/\/hotelesfray.com\/en\/2021\/12\/07\/tepic-se-adorna-para-la-temporada-navidena-2021\/","og_locale":"en_US","og_type":"article","og_title":"Hotels in Tepic | Hoteles Fray \u2013 Complimentary Buffet Breakfast","og_description":"Looking for hotels in Tepic? Hoteles Fray offers the best location, complimentary buffet breakfast, free WiFi, and flexible cancellation. Book directly with no deposit!","og_url":"https:\/\/hotelesfray.com\/en\/2021\/12\/07\/tepic-se-adorna-para-la-temporada-navidena-2021\/","og_site_name":"Hoteles Fray","article_published_time":"2021-12-07T22:23:53+00:00","article_modified_time":"2025-02-24T00:33:54+00:00","og_image":[{"width":2000,"height":1333,"url":"https:\/\/hotelesfray.com\/wp-content\/uploads\/2021\/12\/2021-12-07_10-49-32.jpg","type":"image\/jpeg"}],"author":"Eduardo Lopez","twitter_card":"summary_large_image","twitter_misc":{"Written by":"Eduardo Lopez","Est. reading time":"2 minutes"},"schema":{"@context":"https:\/\/schema.org","@graph":[{"@type":["Article","BlogPosting"],"@id":"https:\/\/hotelesfray.com\/2021\/12\/07\/tepic-se-adorna-para-la-temporada-navidena-2021\/#article","isPartOf":{"@id":"https:\/\/hotelesfray.com\/2021\/12\/07\/tepic-se-adorna-para-la-temporada-navidena-2021\/"},"author":{"name":"Eduardo Lopez","@id":"https:\/\/hotelesfray.com\/#\/schema\/person\/1a3f5909146e66cdba9aa8b37f1858e1"},"headline":"Tepic se adorna para la temporada navide\u00f1a 2021","datePublished":"2021-12-07T22:23:53+00:00","dateModified":"2025-02-24T00:33:54+00:00","mainEntityOfPage":{"@id":"https:\/\/hotelesfray.com\/2021\/12\/07\/tepic-se-adorna-para-la-temporada-navidena-2021\/"},"wordCount":258,"publisher":{"@id":"https:\/\/hotelesfray.com\/#organization"},"image":{"@id":"https:\/\/hotelesfray.com\/2021\/12\/07\/tepic-se-adorna-para-la-temporada-navidena-2021\/#primaryimage"},"thumbnailUrl":"https:\/\/hotelesfray.com\/wp-content\/uploads\/2021\/12\/2021-12-07_10-49-32.jpg","articleSection":["Eventos","Tepic"],"inLanguage":"en-US"},{"@type":"WebPage","@id":"https:\/\/hotelesfray.com\/2021\/12\/07\/tepic-se-adorna-para-la-temporada-navidena-2021\/","url":"https:\/\/hotelesfray.com\/2021\/12\/07\/tepic-se-adorna-para-la-temporada-navidena-2021\/","name":"Tepic se adorna para la temporada navide\u00f1a 2021 | Hoteles Fray","isPartOf":{"@id":"https:\/\/hotelesfray.com\/#website"},"primaryImageOfPage":{"@id":"https:\/\/hotelesfray.com\/2021\/12\/07\/tepic-se-adorna-para-la-temporada-navidena-2021\/#primaryimage"},"image":{"@id":"https:\/\/hotelesfray.com\/2021\/12\/07\/tepic-se-adorna-para-la-temporada-navidena-2021\/#primaryimage"},"thumbnailUrl":"https:\/\/hotelesfray.com\/wp-content\/uploads\/2021\/12\/2021-12-07_10-49-32.jpg","datePublished":"2021-12-07T22:23:53+00:00","dateModified":"2025-02-24T00:33:54+00:00","breadcrumb":{"@id":"https:\/\/hotelesfray.com\/2021\/12\/07\/tepic-se-adorna-para-la-temporada-navidena-2021\/#breadcrumb"},"inLanguage":"en-US","potentialAction":[{"@type":"ReadAction","target":["https:\/\/hotelesfray.com\/2021\/12\/07\/tepic-se-adorna-para-la-temporada-navidena-2021\/"]}]},{"@type":"ImageObject","inLanguage":"en-US","@id":"https:\/\/hotelesfray.com\/2021\/12\/07\/tepic-se-adorna-para-la-temporada-navidena-2021\/#primaryimage","url":"https:\/\/hotelesfray.com\/wp-content\/uploads\/2021\/12\/2021-12-07_10-49-32.jpg","contentUrl":"https:\/\/hotelesfray.com\/wp-content\/uploads\/2021\/12\/2021-12-07_10-49-32.jpg","width":2000,"height":1333},{"@type":"BreadcrumbList","@id":"https:\/\/hotelesfray.com\/2021\/12\/07\/tepic-se-adorna-para-la-temporada-navidena-2021\/#breadcrumb","itemListElement":[{"@type":"ListItem","position":1,"name":"Tepic","item":"https:\/\/hotelesfray.com\/category\/tepic\/"},{"@type":"ListItem","position":2,"name":"Tepic se adorna para la temporada navide\u00f1a 2021"}]},{"@type":"WebSite","@id":"https:\/\/hotelesfray.com\/#website","url":"https:\/\/hotelesfray.com\/","name":"Hoteles Fray","description":"Los Mejores Hoteles en el Centro de Tepic, Nayarit","publisher":{"@id":"https:\/\/hotelesfray.com\/#organization"},"potentialAction":[{"@type":"SearchAction","target":{"@type":"EntryPoint","urlTemplate":"https:\/\/hotelesfray.com\/?s={search_term_string}"},"query-input":{"@type":"PropertyValueSpecification","valueRequired":true,"valueName":"search_term_string"}}],"inLanguage":"en-US"},{"@type":"Organization","@id":"https:\/\/hotelesfray.com\/#organization","name":"Hoteles Fray","url":"https:\/\/hotelesfray.com\/","logo":{"@type":"ImageObject","inLanguage":"en-US","@id":"https:\/\/hotelesfray.com\/#\/schema\/logo\/image\/","url":"https:\/\/hotelesfray.com\/wp-content\/uploads\/2023\/01\/HotelesFray-cuadro.png","contentUrl":"https:\/\/hotelesfray.com\/wp-content\/uploads\/2023\/01\/HotelesFray-cuadro.png","width":2200,"height":2200,"caption":"Hoteles Fray"},"image":{"@id":"https:\/\/hotelesfray.com\/#\/schema\/logo\/image\/"}},{"@type":"Person","@id":"https:\/\/hotelesfray.com\/#\/schema\/person\/1a3f5909146e66cdba9aa8b37f1858e1","name":"Eduardo Lopez","image":{"@type":"ImageObject","inLanguage":"en-US","@id":"https:\/\/secure.gravatar.com\/avatar\/3d6f41a002d28c6845cb55b565f68141a241a36951b539d6f4dbddac28595734?s=96&d=mm&r=g","url":"https:\/\/secure.gravatar.com\/avatar\/3d6f41a002d28c6845cb55b565f68141a241a36951b539d6f4dbddac28595734?s=96&d=mm&r=g","contentUrl":"https:\/\/secure.gravatar.com\/avatar\/3d6f41a002d28c6845cb55b565f68141a241a36951b539d6f4dbddac28595734?s=96&d=mm&r=g","caption":"Eduardo Lopez"},"url":"https:\/\/hotelesfray.com\/en\/author\/gente\/"}]}},"_links":{"self":[{"href":"https:\/\/hotelesfray.com\/en\/wp-json\/wp\/v2\/posts\/2859","targetHints":{"allow":["GET"]}}],"collection":[{"href":"https:\/\/hotelesfray.com\/en\/wp-json\/wp\/v2\/posts"}],"about":[{"href":"https:\/\/hotelesfray.com\/en\/wp-json\/wp\/v2\/types\/post"}],"author":[{"embeddable":true,"href":"https:\/\/hotelesfray.com\/en\/wp-json\/wp\/v2\/users\/2"}],"replies":[{"embeddable":true,"href":"https:\/\/hotelesfray.com\/en\/wp-json\/wp\/v2\/comments?post=2859"}],"version-history":[{"count":2,"href":"https:\/\/hotelesfray.com\/en\/wp-json\/wp\/v2\/posts\/2859\/revisions"}],"predecessor-version":[{"id":2876,"href":"https:\/\/hotelesfray.com\/en\/wp-json\/wp\/v2\/posts\/2859\/revisions\/2876"}],"wp:featuredmedia":[{"embeddable":true,"href":"https:\/\/hotelesfray.com\/en\/wp-json\/wp\/v2\/media\/2862"}],"wp:attachment":[{"href":"https:\/\/hotelesfray.com\/en\/wp-json\/wp\/v2\/media?parent=2859"}],"wp:term":[{"taxonomy":"category","embeddable":true,"href":"https:\/\/hotelesfray.com\/en\/wp-json\/wp\/v2\/categories?post=2859"},{"taxonomy":"post_tag","embeddable":true,"href":"https:\/\/hotelesfray.com\/en\/wp-json\/wp\/v2\/tags?post=2859"}],"curies":[{"name":"wp","href":"https:\/\/api.w.org\/{rel}","templated":true}]}}