{"id":2910,"date":"2022-01-07T13:59:12","date_gmt":"2022-01-07T17:59:12","guid":{"rendered":"https:\/\/hotelfrayjunipero.com\/?p=2910"},"modified":"2025-02-23T20:38:40","modified_gmt":"2025-02-24T00:38:40","slug":"porque-cambia-de-color-la-laguna-de-samao-en-nayarit","status":"publish","type":"post","link":"https:\/\/hotelesfray.com\/en\/2022\/01\/07\/porque-cambia-de-color-la-laguna-de-samao-en-nayarit\/","title":{"rendered":"\u00bfPorqu\u00e9 cambia de color la Laguna de SAMAO en Nayarit?"},"content":{"rendered":"<p>Uno de los principales atractivos del estado de Nayarit es, sin lugar a dudas, la majestuosa Laguna de Santa Mar\u00eda del Oro, ubicada en el municipio del mismo nombre.<\/p>\n\n\n\n<p>Las aguas de esta incre\u00edble laguna, que en realidad es un lago cr\u00e1ter, se transforman en tonalidad, pasando de un azul profundo, a un verde esmeralda y finalmente un precioso azul turquesa.<\/p>\n\n\n\n<figure class=\"wp-block-embed is-type-video is-provider-youtube wp-block-embed-youtube wp-embed-aspect-16-9 wp-has-aspect-ratio\"><div class=\"wp-block-embed__wrapper\">\n<iframe loading=\"lazy\" title=\"\u00bfPor qu\u00e9 cambia de color la Laguna de SAMAO? Nayarit\" width=\"1080\" height=\"608\" src=\"https:\/\/www.youtube.com\/embed\/gCQueclA928?feature=oembed\"  allow=\"accelerometer; autoplay; clipboard-write; encrypted-media; gyroscope; picture-in-picture\" allowfullscreen><\/iframe>\n<\/div><figcaption>Este art\u00edculo, en video.<\/figcaption><\/figure>\n\n\n\n<p>De acuerdo a un estudio realizado por la Universidad Aut\u00f3noma de Nayarit, estos cambios son ocasionados por la mezcla de agua superficial y agua profunda, cambios de temperatura ambiental, el viento, minerales, microorganismos y m\u00e1s.<\/p>\n\n\n\n<p>Esta experiencia se repite s\u00f3lo una o dos veces al a\u00f1o, cautivando a todos los visitantes quienes no dejan de tomar las fotograf\u00edas del recuerdo de tan maravilloso viaje.<\/p>\n\n\n\n<p>La mejor forma de disfrutar este evento comienza al visitar el mirador en la parte alta de la carretera, a pie de la laguna en su muelle, o mientras degustas la exquisita gastronom\u00eda de los restaurantes a orillas del lago. Tambi\u00e9n disfrutar un chapuz\u00f3n, con todas las precauciones necesarias.<\/p>\n\n\n\n<p>\u00a1No olvides compartir con nosotros tus fotos y videos! Y recuerda que Gente Nayarit es la proyecci\u00f3n de tu estado.<\/p>","protected":false},"excerpt":{"rendered":"<p>Uno de los principales atractivos del estado de Nayarit es, sin lugar a dudas, la majestuosa Laguna de Santa Mar\u00eda del Oro, ubicada en el municipio del mismo nombre. Las aguas de esta incre\u00edble laguna, que en realidad es un lago cr\u00e1ter, se transforman en tonalidad, pasando de un azul profundo, a un verde esmeralda [&hellip;]<\/p>\n","protected":false},"author":2,"featured_media":2911,"comment_status":"closed","ping_status":"open","sticky":false,"template":"","format":"standard","meta":{"_et_pb_use_builder":"","_et_pb_old_content":"","_et_gb_content_width":"","footnotes":""},"categories":[164,36],"tags":[],"class_list":["post-2910","post","type-post","status-publish","format-standard","has-post-thumbnail","hentry","category-historia","category-santa-maria-del-oro"],"yoast_head":"<!-- This site is optimized with the Yoast SEO plugin v27.4 - https:\/\/yoast.com\/product\/yoast-seo-wordpress\/ -->\n<title>Hotels in Tepic | Hoteles Fray \u2013 Complimentary Buffet Breakfast<\/title>\n<meta name=\"description\" content=\"Looking for hotels in Tepic? Hoteles Fray offers the best location, complimentary buffet breakfast, free WiFi, and flexible cancellation. Book directly with no deposit!\" \/>\n<meta name=\"robots\" content=\"index, follow, max-snippet:-1, max-image-preview:large, max-video-preview:-1\" \/>\n<link rel=\"canonical\" href=\"https:\/\/hotelesfray.com\/en\/2022\/01\/07\/porque-cambia-de-color-la-laguna-de-samao-en-nayarit\/\" \/>\n<meta property=\"og:locale\" content=\"en_US\" \/>\n<meta property=\"og:type\" content=\"article\" \/>\n<meta property=\"og:title\" content=\"Hotels in Tepic | Hoteles Fray \u2013 Complimentary Buffet Breakfast\" \/>\n<meta property=\"og:description\" content=\"Looking for hotels in Tepic? Hoteles Fray offers the best location, complimentary buffet breakfast, free WiFi, and flexible cancellation. Book directly with no deposit!\" \/>\n<meta property=\"og:url\" content=\"https:\/\/hotelesfray.com\/en\/2022\/01\/07\/porque-cambia-de-color-la-laguna-de-samao-en-nayarit\/\" \/>\n<meta property=\"og:site_name\" content=\"Hoteles Fray\" \/>\n<meta property=\"article:published_time\" content=\"2022-01-07T17:59:12+00:00\" \/>\n<meta property=\"article:modified_time\" content=\"2025-02-24T00:38:40+00:00\" \/>\n<meta property=\"og:image\" content=\"https:\/\/hotelesfray.com\/wp-content\/uploads\/2022\/01\/LagunaSamaoColor.jpg\" \/>\n\t<meta property=\"og:image:width\" content=\"2000\" \/>\n\t<meta property=\"og:image:height\" content=\"1050\" \/>\n\t<meta property=\"og:image:type\" content=\"image\/jpeg\" \/>\n<meta name=\"author\" content=\"Eduardo Lopez\" \/>\n<meta name=\"twitter:card\" content=\"summary_large_image\" \/>\n<meta name=\"twitter:label1\" content=\"Written by\" \/>\n\t<meta name=\"twitter:data1\" content=\"Eduardo Lopez\" \/>\n\t<meta name=\"twitter:label2\" content=\"Est. reading time\" \/>\n\t<meta name=\"twitter:data2\" content=\"1 minute\" \/>\n<script type=\"application\/ld+json\" class=\"yoast-schema-graph\">{\"@context\":\"https:\\\/\\\/schema.org\",\"@graph\":[{\"@type\":[\"Article\",\"BlogPosting\"],\"@id\":\"https:\\\/\\\/hotelesfray.com\\\/2022\\\/01\\\/07\\\/porque-cambia-de-color-la-laguna-de-samao-en-nayarit\\\/#article\",\"isPartOf\":{\"@id\":\"https:\\\/\\\/hotelesfray.com\\\/2022\\\/01\\\/07\\\/porque-cambia-de-color-la-laguna-de-samao-en-nayarit\\\/\"},\"author\":{\"name\":\"Eduardo Lopez\",\"@id\":\"https:\\\/\\\/hotelesfray.com\\\/#\\\/schema\\\/person\\\/1a3f5909146e66cdba9aa8b37f1858e1\"},\"headline\":\"\u00bfPorqu\u00e9 cambia de color la Laguna de SAMAO en Nayarit?\",\"datePublished\":\"2022-01-07T17:59:12+00:00\",\"dateModified\":\"2025-02-24T00:38:40+00:00\",\"mainEntityOfPage\":{\"@id\":\"https:\\\/\\\/hotelesfray.com\\\/2022\\\/01\\\/07\\\/porque-cambia-de-color-la-laguna-de-samao-en-nayarit\\\/\"},\"wordCount\":228,\"publisher\":{\"@id\":\"https:\\\/\\\/hotelesfray.com\\\/#organization\"},\"image\":{\"@id\":\"https:\\\/\\\/hotelesfray.com\\\/2022\\\/01\\\/07\\\/porque-cambia-de-color-la-laguna-de-samao-en-nayarit\\\/#primaryimage\"},\"thumbnailUrl\":\"https:\\\/\\\/hotelesfray.com\\\/wp-content\\\/uploads\\\/2022\\\/01\\\/LagunaSamaoColor.jpg\",\"articleSection\":[\"Historia\",\"Santa Mar\u00eda del Oro\"],\"inLanguage\":\"en-US\"},{\"@type\":\"WebPage\",\"@id\":\"https:\\\/\\\/hotelesfray.com\\\/2022\\\/01\\\/07\\\/porque-cambia-de-color-la-laguna-de-samao-en-nayarit\\\/\",\"url\":\"https:\\\/\\\/hotelesfray.com\\\/2022\\\/01\\\/07\\\/porque-cambia-de-color-la-laguna-de-samao-en-nayarit\\\/\",\"name\":\"\u00bfPorqu\u00e9 cambia de color la Laguna de SAMAO en Nayarit? | Hoteles Fray\",\"isPartOf\":{\"@id\":\"https:\\\/\\\/hotelesfray.com\\\/#website\"},\"primaryImageOfPage\":{\"@id\":\"https:\\\/\\\/hotelesfray.com\\\/2022\\\/01\\\/07\\\/porque-cambia-de-color-la-laguna-de-samao-en-nayarit\\\/#primaryimage\"},\"image\":{\"@id\":\"https:\\\/\\\/hotelesfray.com\\\/2022\\\/01\\\/07\\\/porque-cambia-de-color-la-laguna-de-samao-en-nayarit\\\/#primaryimage\"},\"thumbnailUrl\":\"https:\\\/\\\/hotelesfray.com\\\/wp-content\\\/uploads\\\/2022\\\/01\\\/LagunaSamaoColor.jpg\",\"datePublished\":\"2022-01-07T17:59:12+00:00\",\"dateModified\":\"2025-02-24T00:38:40+00:00\",\"breadcrumb\":{\"@id\":\"https:\\\/\\\/hotelesfray.com\\\/2022\\\/01\\\/07\\\/porque-cambia-de-color-la-laguna-de-samao-en-nayarit\\\/#breadcrumb\"},\"inLanguage\":\"en-US\",\"potentialAction\":[{\"@type\":\"ReadAction\",\"target\":[\"https:\\\/\\\/hotelesfray.com\\\/2022\\\/01\\\/07\\\/porque-cambia-de-color-la-laguna-de-samao-en-nayarit\\\/\"]}]},{\"@type\":\"ImageObject\",\"inLanguage\":\"en-US\",\"@id\":\"https:\\\/\\\/hotelesfray.com\\\/2022\\\/01\\\/07\\\/porque-cambia-de-color-la-laguna-de-samao-en-nayarit\\\/#primaryimage\",\"url\":\"https:\\\/\\\/hotelesfray.com\\\/wp-content\\\/uploads\\\/2022\\\/01\\\/LagunaSamaoColor.jpg\",\"contentUrl\":\"https:\\\/\\\/hotelesfray.com\\\/wp-content\\\/uploads\\\/2022\\\/01\\\/LagunaSamaoColor.jpg\",\"width\":2000,\"height\":1050},{\"@type\":\"BreadcrumbList\",\"@id\":\"https:\\\/\\\/hotelesfray.com\\\/2022\\\/01\\\/07\\\/porque-cambia-de-color-la-laguna-de-samao-en-nayarit\\\/#breadcrumb\",\"itemListElement\":[{\"@type\":\"ListItem\",\"position\":1,\"name\":\"Santa Mar\u00eda del Oro\",\"item\":\"https:\\\/\\\/hotelesfray.com\\\/category\\\/santa-maria-del-oro\\\/\"},{\"@type\":\"ListItem\",\"position\":2,\"name\":\"\u00bfPorqu\u00e9 cambia de color la Laguna de SAMAO en Nayarit?\"}]},{\"@type\":\"WebSite\",\"@id\":\"https:\\\/\\\/hotelesfray.com\\\/#website\",\"url\":\"https:\\\/\\\/hotelesfray.com\\\/\",\"name\":\"Hoteles Fray\",\"description\":\"Los Mejores Hoteles en el Centro de Tepic, Nayarit\",\"publisher\":{\"@id\":\"https:\\\/\\\/hotelesfray.com\\\/#organization\"},\"potentialAction\":[{\"@type\":\"SearchAction\",\"target\":{\"@type\":\"EntryPoint\",\"urlTemplate\":\"https:\\\/\\\/hotelesfray.com\\\/?s={search_term_string}\"},\"query-input\":{\"@type\":\"PropertyValueSpecification\",\"valueRequired\":true,\"valueName\":\"search_term_string\"}}],\"inLanguage\":\"en-US\"},{\"@type\":\"Organization\",\"@id\":\"https:\\\/\\\/hotelesfray.com\\\/#organization\",\"name\":\"Hoteles Fray\",\"url\":\"https:\\\/\\\/hotelesfray.com\\\/\",\"logo\":{\"@type\":\"ImageObject\",\"inLanguage\":\"en-US\",\"@id\":\"https:\\\/\\\/hotelesfray.com\\\/#\\\/schema\\\/logo\\\/image\\\/\",\"url\":\"https:\\\/\\\/hotelesfray.com\\\/wp-content\\\/uploads\\\/2023\\\/01\\\/HotelesFray-cuadro.png\",\"contentUrl\":\"https:\\\/\\\/hotelesfray.com\\\/wp-content\\\/uploads\\\/2023\\\/01\\\/HotelesFray-cuadro.png\",\"width\":2200,\"height\":2200,\"caption\":\"Hoteles Fray\"},\"image\":{\"@id\":\"https:\\\/\\\/hotelesfray.com\\\/#\\\/schema\\\/logo\\\/image\\\/\"}},{\"@type\":\"Person\",\"@id\":\"https:\\\/\\\/hotelesfray.com\\\/#\\\/schema\\\/person\\\/1a3f5909146e66cdba9aa8b37f1858e1\",\"name\":\"Eduardo Lopez\",\"image\":{\"@type\":\"ImageObject\",\"inLanguage\":\"en-US\",\"@id\":\"https:\\\/\\\/secure.gravatar.com\\\/avatar\\\/3d6f41a002d28c6845cb55b565f68141a241a36951b539d6f4dbddac28595734?s=96&d=mm&r=g\",\"url\":\"https:\\\/\\\/secure.gravatar.com\\\/avatar\\\/3d6f41a002d28c6845cb55b565f68141a241a36951b539d6f4dbddac28595734?s=96&d=mm&r=g\",\"contentUrl\":\"https:\\\/\\\/secure.gravatar.com\\\/avatar\\\/3d6f41a002d28c6845cb55b565f68141a241a36951b539d6f4dbddac28595734?s=96&d=mm&r=g\",\"caption\":\"Eduardo Lopez\"},\"url\":\"https:\\\/\\\/hotelesfray.com\\\/en\\\/author\\\/gente\\\/\"}]}<\/script>\n<!-- \/ Yoast SEO plugin. -->","yoast_head_json":{"title":"Hotels in Tepic | Hoteles Fray \u2013 Complimentary Buffet Breakfast","description":"Looking for hotels in Tepic? Hoteles Fray offers the best location, complimentary buffet breakfast, free WiFi, and flexible cancellation. Book directly with no deposit!","robots":{"index":"index","follow":"follow","max-snippet":"max-snippet:-1","max-image-preview":"max-image-preview:large","max-video-preview":"max-video-preview:-1"},"canonical":"https:\/\/hotelesfray.com\/en\/2022\/01\/07\/porque-cambia-de-color-la-laguna-de-samao-en-nayarit\/","og_locale":"en_US","og_type":"article","og_title":"Hotels in Tepic | Hoteles Fray \u2013 Complimentary Buffet Breakfast","og_description":"Looking for hotels in Tepic? Hoteles Fray offers the best location, complimentary buffet breakfast, free WiFi, and flexible cancellation. Book directly with no deposit!","og_url":"https:\/\/hotelesfray.com\/en\/2022\/01\/07\/porque-cambia-de-color-la-laguna-de-samao-en-nayarit\/","og_site_name":"Hoteles Fray","article_published_time":"2022-01-07T17:59:12+00:00","article_modified_time":"2025-02-24T00:38:40+00:00","og_image":[{"width":2000,"height":1050,"url":"https:\/\/hotelesfray.com\/wp-content\/uploads\/2022\/01\/LagunaSamaoColor.jpg","type":"image\/jpeg"}],"author":"Eduardo Lopez","twitter_card":"summary_large_image","twitter_misc":{"Written by":"Eduardo Lopez","Est. reading time":"1 minute"},"schema":{"@context":"https:\/\/schema.org","@graph":[{"@type":["Article","BlogPosting"],"@id":"https:\/\/hotelesfray.com\/2022\/01\/07\/porque-cambia-de-color-la-laguna-de-samao-en-nayarit\/#article","isPartOf":{"@id":"https:\/\/hotelesfray.com\/2022\/01\/07\/porque-cambia-de-color-la-laguna-de-samao-en-nayarit\/"},"author":{"name":"Eduardo Lopez","@id":"https:\/\/hotelesfray.com\/#\/schema\/person\/1a3f5909146e66cdba9aa8b37f1858e1"},"headline":"\u00bfPorqu\u00e9 cambia de color la Laguna de SAMAO en Nayarit?","datePublished":"2022-01-07T17:59:12+00:00","dateModified":"2025-02-24T00:38:40+00:00","mainEntityOfPage":{"@id":"https:\/\/hotelesfray.com\/2022\/01\/07\/porque-cambia-de-color-la-laguna-de-samao-en-nayarit\/"},"wordCount":228,"publisher":{"@id":"https:\/\/hotelesfray.com\/#organization"},"image":{"@id":"https:\/\/hotelesfray.com\/2022\/01\/07\/porque-cambia-de-color-la-laguna-de-samao-en-nayarit\/#primaryimage"},"thumbnailUrl":"https:\/\/hotelesfray.com\/wp-content\/uploads\/2022\/01\/LagunaSamaoColor.jpg","articleSection":["Historia","Santa Mar\u00eda del Oro"],"inLanguage":"en-US"},{"@type":"WebPage","@id":"https:\/\/hotelesfray.com\/2022\/01\/07\/porque-cambia-de-color-la-laguna-de-samao-en-nayarit\/","url":"https:\/\/hotelesfray.com\/2022\/01\/07\/porque-cambia-de-color-la-laguna-de-samao-en-nayarit\/","name":"\u00bfPorqu\u00e9 cambia de color la Laguna de SAMAO en Nayarit? | Hoteles Fray","isPartOf":{"@id":"https:\/\/hotelesfray.com\/#website"},"primaryImageOfPage":{"@id":"https:\/\/hotelesfray.com\/2022\/01\/07\/porque-cambia-de-color-la-laguna-de-samao-en-nayarit\/#primaryimage"},"image":{"@id":"https:\/\/hotelesfray.com\/2022\/01\/07\/porque-cambia-de-color-la-laguna-de-samao-en-nayarit\/#primaryimage"},"thumbnailUrl":"https:\/\/hotelesfray.com\/wp-content\/uploads\/2022\/01\/LagunaSamaoColor.jpg","datePublished":"2022-01-07T17:59:12+00:00","dateModified":"2025-02-24T00:38:40+00:00","breadcrumb":{"@id":"https:\/\/hotelesfray.com\/2022\/01\/07\/porque-cambia-de-color-la-laguna-de-samao-en-nayarit\/#breadcrumb"},"inLanguage":"en-US","potentialAction":[{"@type":"ReadAction","target":["https:\/\/hotelesfray.com\/2022\/01\/07\/porque-cambia-de-color-la-laguna-de-samao-en-nayarit\/"]}]},{"@type":"ImageObject","inLanguage":"en-US","@id":"https:\/\/hotelesfray.com\/2022\/01\/07\/porque-cambia-de-color-la-laguna-de-samao-en-nayarit\/#primaryimage","url":"https:\/\/hotelesfray.com\/wp-content\/uploads\/2022\/01\/LagunaSamaoColor.jpg","contentUrl":"https:\/\/hotelesfray.com\/wp-content\/uploads\/2022\/01\/LagunaSamaoColor.jpg","width":2000,"height":1050},{"@type":"BreadcrumbList","@id":"https:\/\/hotelesfray.com\/2022\/01\/07\/porque-cambia-de-color-la-laguna-de-samao-en-nayarit\/#breadcrumb","itemListElement":[{"@type":"ListItem","position":1,"name":"Santa Mar\u00eda del Oro","item":"https:\/\/hotelesfray.com\/category\/santa-maria-del-oro\/"},{"@type":"ListItem","position":2,"name":"\u00bfPorqu\u00e9 cambia de color la Laguna de SAMAO en Nayarit?"}]},{"@type":"WebSite","@id":"https:\/\/hotelesfray.com\/#website","url":"https:\/\/hotelesfray.com\/","name":"Hoteles Fray","description":"Los Mejores Hoteles en el Centro de Tepic, Nayarit","publisher":{"@id":"https:\/\/hotelesfray.com\/#organization"},"potentialAction":[{"@type":"SearchAction","target":{"@type":"EntryPoint","urlTemplate":"https:\/\/hotelesfray.com\/?s={search_term_string}"},"query-input":{"@type":"PropertyValueSpecification","valueRequired":true,"valueName":"search_term_string"}}],"inLanguage":"en-US"},{"@type":"Organization","@id":"https:\/\/hotelesfray.com\/#organization","name":"Hoteles Fray","url":"https:\/\/hotelesfray.com\/","logo":{"@type":"ImageObject","inLanguage":"en-US","@id":"https:\/\/hotelesfray.com\/#\/schema\/logo\/image\/","url":"https:\/\/hotelesfray.com\/wp-content\/uploads\/2023\/01\/HotelesFray-cuadro.png","contentUrl":"https:\/\/hotelesfray.com\/wp-content\/uploads\/2023\/01\/HotelesFray-cuadro.png","width":2200,"height":2200,"caption":"Hoteles Fray"},"image":{"@id":"https:\/\/hotelesfray.com\/#\/schema\/logo\/image\/"}},{"@type":"Person","@id":"https:\/\/hotelesfray.com\/#\/schema\/person\/1a3f5909146e66cdba9aa8b37f1858e1","name":"Eduardo Lopez","image":{"@type":"ImageObject","inLanguage":"en-US","@id":"https:\/\/secure.gravatar.com\/avatar\/3d6f41a002d28c6845cb55b565f68141a241a36951b539d6f4dbddac28595734?s=96&d=mm&r=g","url":"https:\/\/secure.gravatar.com\/avatar\/3d6f41a002d28c6845cb55b565f68141a241a36951b539d6f4dbddac28595734?s=96&d=mm&r=g","contentUrl":"https:\/\/secure.gravatar.com\/avatar\/3d6f41a002d28c6845cb55b565f68141a241a36951b539d6f4dbddac28595734?s=96&d=mm&r=g","caption":"Eduardo Lopez"},"url":"https:\/\/hotelesfray.com\/en\/author\/gente\/"}]}},"_links":{"self":[{"href":"https:\/\/hotelesfray.com\/en\/wp-json\/wp\/v2\/posts\/2910","targetHints":{"allow":["GET"]}}],"collection":[{"href":"https:\/\/hotelesfray.com\/en\/wp-json\/wp\/v2\/posts"}],"about":[{"href":"https:\/\/hotelesfray.com\/en\/wp-json\/wp\/v2\/types\/post"}],"author":[{"embeddable":true,"href":"https:\/\/hotelesfray.com\/en\/wp-json\/wp\/v2\/users\/2"}],"replies":[{"embeddable":true,"href":"https:\/\/hotelesfray.com\/en\/wp-json\/wp\/v2\/comments?post=2910"}],"version-history":[{"count":1,"href":"https:\/\/hotelesfray.com\/en\/wp-json\/wp\/v2\/posts\/2910\/revisions"}],"predecessor-version":[{"id":2912,"href":"https:\/\/hotelesfray.com\/en\/wp-json\/wp\/v2\/posts\/2910\/revisions\/2912"}],"wp:featuredmedia":[{"embeddable":true,"href":"https:\/\/hotelesfray.com\/en\/wp-json\/wp\/v2\/media\/2911"}],"wp:attachment":[{"href":"https:\/\/hotelesfray.com\/en\/wp-json\/wp\/v2\/media?parent=2910"}],"wp:term":[{"taxonomy":"category","embeddable":true,"href":"https:\/\/hotelesfray.com\/en\/wp-json\/wp\/v2\/categories?post=2910"},{"taxonomy":"post_tag","embeddable":true,"href":"https:\/\/hotelesfray.com\/en\/wp-json\/wp\/v2\/tags?post=2910"}],"curies":[{"name":"wp","href":"https:\/\/api.w.org\/{rel}","templated":true}]}}