{"id":2925,"date":"2022-01-13T13:35:22","date_gmt":"2022-01-13T17:35:22","guid":{"rendered":"https:\/\/hotelfrayjunipero.com\/?p=2925"},"modified":"2025-02-23T20:35:45","modified_gmt":"2025-02-24T00:35:45","slug":"la-isla-del-coral-en-nayarit-la-mini-cancun","status":"publish","type":"post","link":"https:\/\/hotelesfray.com\/en\/2022\/01\/13\/la-isla-del-coral-en-nayarit-la-mini-cancun\/","title":{"rendered":"La Isla del Coral en Nayarit, la \u00abMini Canc\u00fan\u00bb"},"content":{"rendered":"<p>La Isla del Coral en el Rinc\u00f3n de Guayabitos es un destino que te enamorar\u00e1 y te har\u00e1 querer volver, pues sus cristalinas aguas, su arena blanca y el ambiente que se vive, es \u00fanico en su tipo, as\u00ed que haz un espacio en tu itinerario y visita esta m\u00e1gica isla, no te arrepentir\u00e1s.<\/p>\n\n\n\n<p>En esta isla podemos practicar diferentes actividades como nataci\u00f3n, juegos acu\u00e1ticos, snorkel, incluso hasta clases de buceo la cual ser\u00e1 importante para descubrir en las profundidades de la cercan\u00eda de su playa una estatua de bronce, de la cual no tenemos mucha informaci\u00f3n pero sin duda alguna los gu\u00edas del viaje te contar\u00e1n su incre\u00edble historia.<\/p>\n\n\n\n<figure class=\"wp-block-image size-large\"><img loading=\"lazy\" decoding=\"async\" width=\"1024\" height=\"538\" src=\"https:\/\/hotelfrayjunipero.com\/wp-content\/uploads\/2022\/01\/IslaDelCoral3-1024x538.jpg\" alt=\"\" class=\"wp-image-2926\" srcset=\"https:\/\/hotelfrayjunipero.com\/wp-content\/uploads\/2022\/01\/IslaDelCoral3-980x515.jpg 980w, https:\/\/hotelfrayjunipero.com\/wp-content\/uploads\/2022\/01\/IslaDelCoral3-480x252.jpg 480w\" sizes=\"(min-width: 0px) and (max-width: 480px) 480px, (min-width: 481px) and (max-width: 980px) 980px, (min-width: 981px) 1024px, 100vw\" \/><\/figure>\n\n\n\n<p>Sea la actividad que prefieras, pasarla incre\u00edble en esta hermosa isla ser\u00e1 prioridad de todos, pues nadie te mentir\u00eda diciendo que no es un destino clave para tu d\u00eda, as\u00ed que amigo viajero no dudes en vivir la experiencia de la Isla del Coral, ya sea con la familia, amigos o esa persona especial, sin duda el pisar sus arenas te llenar\u00e1 la mente de grandes recuerdos y qu\u00e9 mejor que siempre sea con la mejor compa\u00f1\u00eda.<\/p>\n\n\n\n<p>Si viajamos de Tepic es necesario tomar la carretera federal 200 Tepic-Puerto Vallarta, donde haremos un viaje de 1:30 horas aproximadamente, pasando por los poblados de Compostela, Mesillas, Las Varas y La Pe\u00f1ita de Jaltemba, este \u00faltimo se encuentra a las cercan\u00edas del Rinc\u00f3n de Guayabitos, entonces, cuando nos encontremos ah\u00ed despierta a todos tus acompa\u00f1antes, pues ya estas llegando al destino que est\u00e1bamos buscando.<\/p>\n\n\n\n<p>Ya estando en el Rinc\u00f3n de Guayabitos debemos dirigirnos a su bella playa, donde diversos servicios tur\u00edsticos te ofrecer\u00e1n el tour hac\u00eda la Isla del Coral.<\/p>\n\n\n\n<figure class=\"wp-block-image size-large\"><img loading=\"lazy\" decoding=\"async\" width=\"1024\" height=\"538\" src=\"https:\/\/hotelfrayjunipero.com\/wp-content\/uploads\/2022\/01\/IslaDelCoral2-1024x538.jpg\" alt=\"\" class=\"wp-image-2927\" srcset=\"https:\/\/hotelfrayjunipero.com\/wp-content\/uploads\/2022\/01\/IslaDelCoral2-980x515.jpg 980w, https:\/\/hotelfrayjunipero.com\/wp-content\/uploads\/2022\/01\/IslaDelCoral2-480x252.jpg 480w\" sizes=\"(min-width: 0px) and (max-width: 480px) 480px, (min-width: 481px) and (max-width: 980px) 980px, (min-width: 981px) 1024px, 100vw\" \/><\/figure>\n\n\n\n<p>Recuerda que cuidar de nuestra naturaleza es tarea de todos, no olvides tu basura y es fundamental siempre dejar los lugares m\u00e1s limpios de c\u00f3mo los dejamos.<\/p>\n\n\n\n<p>Con informaci\u00f3n de NayaritEnamora.mx<\/p>","protected":false},"excerpt":{"rendered":"<p>La Isla del Coral en el Rinc\u00f3n de Guayabitos es un destino que te enamorar\u00e1 y te har\u00e1 querer volver, pues sus cristalinas aguas, su arena blanca y el ambiente que se vive, es \u00fanico en su tipo, as\u00ed que haz un espacio en tu itinerario y visita esta m\u00e1gica isla, no te arrepentir\u00e1s. En [&hellip;]<\/p>\n","protected":false},"author":2,"featured_media":2928,"comment_status":"closed","ping_status":"open","sticky":false,"template":"","format":"standard","meta":{"_et_pb_use_builder":"","_et_pb_old_content":"","_et_gb_content_width":"","footnotes":""},"categories":[42,44],"tags":[],"class_list":["post-2925","post","type-post","status-publish","format-standard","has-post-thumbnail","hentry","category-compostela","category-playas"],"yoast_head":"<!-- This site is optimized with the Yoast SEO plugin v27.4 - https:\/\/yoast.com\/product\/yoast-seo-wordpress\/ -->\n<title>Hotels in Tepic | Hoteles Fray \u2013 Complimentary Buffet Breakfast<\/title>\n<meta name=\"description\" content=\"Looking for hotels in Tepic? Hoteles Fray offers the best location, complimentary buffet breakfast, free WiFi, and flexible cancellation. Book directly with no deposit!\" \/>\n<meta name=\"robots\" content=\"index, follow, max-snippet:-1, max-image-preview:large, max-video-preview:-1\" \/>\n<link rel=\"canonical\" href=\"https:\/\/hotelesfray.com\/en\/2022\/01\/13\/la-isla-del-coral-en-nayarit-la-mini-cancun\/\" \/>\n<meta property=\"og:locale\" content=\"en_US\" \/>\n<meta property=\"og:type\" content=\"article\" \/>\n<meta property=\"og:title\" content=\"Hotels in Tepic | Hoteles Fray \u2013 Complimentary Buffet Breakfast\" \/>\n<meta property=\"og:description\" content=\"Looking for hotels in Tepic? Hoteles Fray offers the best location, complimentary buffet breakfast, free WiFi, and flexible cancellation. Book directly with no deposit!\" \/>\n<meta property=\"og:url\" content=\"https:\/\/hotelesfray.com\/en\/2022\/01\/13\/la-isla-del-coral-en-nayarit-la-mini-cancun\/\" \/>\n<meta property=\"og:site_name\" content=\"Hoteles Fray\" \/>\n<meta property=\"article:published_time\" content=\"2022-01-13T17:35:22+00:00\" \/>\n<meta property=\"article:modified_time\" content=\"2025-02-24T00:35:45+00:00\" \/>\n<meta property=\"og:image\" content=\"https:\/\/hotelesfray.com\/wp-content\/uploads\/2022\/01\/IslaDelCoral1.jpg\" \/>\n\t<meta property=\"og:image:width\" content=\"2000\" \/>\n\t<meta property=\"og:image:height\" content=\"1050\" \/>\n\t<meta property=\"og:image:type\" content=\"image\/jpeg\" \/>\n<meta name=\"author\" content=\"Eduardo Lopez\" \/>\n<meta name=\"twitter:card\" content=\"summary_large_image\" \/>\n<meta name=\"twitter:label1\" content=\"Written by\" \/>\n\t<meta name=\"twitter:data1\" content=\"Eduardo Lopez\" \/>\n\t<meta name=\"twitter:label2\" content=\"Est. reading time\" \/>\n\t<meta name=\"twitter:data2\" content=\"2 minutes\" \/>\n<script type=\"application\/ld+json\" class=\"yoast-schema-graph\">{\"@context\":\"https:\\\/\\\/schema.org\",\"@graph\":[{\"@type\":[\"Article\",\"BlogPosting\"],\"@id\":\"https:\\\/\\\/hotelesfray.com\\\/2022\\\/01\\\/13\\\/la-isla-del-coral-en-nayarit-la-mini-cancun\\\/#article\",\"isPartOf\":{\"@id\":\"https:\\\/\\\/hotelesfray.com\\\/2022\\\/01\\\/13\\\/la-isla-del-coral-en-nayarit-la-mini-cancun\\\/\"},\"author\":{\"name\":\"Eduardo Lopez\",\"@id\":\"https:\\\/\\\/hotelesfray.com\\\/#\\\/schema\\\/person\\\/1a3f5909146e66cdba9aa8b37f1858e1\"},\"headline\":\"La Isla del Coral en Nayarit, la \u00abMini Canc\u00fan\u00bb\",\"datePublished\":\"2022-01-13T17:35:22+00:00\",\"dateModified\":\"2025-02-24T00:35:45+00:00\",\"mainEntityOfPage\":{\"@id\":\"https:\\\/\\\/hotelesfray.com\\\/2022\\\/01\\\/13\\\/la-isla-del-coral-en-nayarit-la-mini-cancun\\\/\"},\"wordCount\":344,\"publisher\":{\"@id\":\"https:\\\/\\\/hotelesfray.com\\\/#organization\"},\"image\":{\"@id\":\"https:\\\/\\\/hotelesfray.com\\\/2022\\\/01\\\/13\\\/la-isla-del-coral-en-nayarit-la-mini-cancun\\\/#primaryimage\"},\"thumbnailUrl\":\"https:\\\/\\\/hotelesfray.com\\\/wp-content\\\/uploads\\\/2022\\\/01\\\/IslaDelCoral1.jpg\",\"articleSection\":[\"Compostela\",\"Playas\"],\"inLanguage\":\"en-US\"},{\"@type\":\"WebPage\",\"@id\":\"https:\\\/\\\/hotelesfray.com\\\/2022\\\/01\\\/13\\\/la-isla-del-coral-en-nayarit-la-mini-cancun\\\/\",\"url\":\"https:\\\/\\\/hotelesfray.com\\\/2022\\\/01\\\/13\\\/la-isla-del-coral-en-nayarit-la-mini-cancun\\\/\",\"name\":\"La Isla del Coral en Nayarit, la \\\"Mini Canc\u00fan\\\" | Hoteles Fray\",\"isPartOf\":{\"@id\":\"https:\\\/\\\/hotelesfray.com\\\/#website\"},\"primaryImageOfPage\":{\"@id\":\"https:\\\/\\\/hotelesfray.com\\\/2022\\\/01\\\/13\\\/la-isla-del-coral-en-nayarit-la-mini-cancun\\\/#primaryimage\"},\"image\":{\"@id\":\"https:\\\/\\\/hotelesfray.com\\\/2022\\\/01\\\/13\\\/la-isla-del-coral-en-nayarit-la-mini-cancun\\\/#primaryimage\"},\"thumbnailUrl\":\"https:\\\/\\\/hotelesfray.com\\\/wp-content\\\/uploads\\\/2022\\\/01\\\/IslaDelCoral1.jpg\",\"datePublished\":\"2022-01-13T17:35:22+00:00\",\"dateModified\":\"2025-02-24T00:35:45+00:00\",\"breadcrumb\":{\"@id\":\"https:\\\/\\\/hotelesfray.com\\\/2022\\\/01\\\/13\\\/la-isla-del-coral-en-nayarit-la-mini-cancun\\\/#breadcrumb\"},\"inLanguage\":\"en-US\",\"potentialAction\":[{\"@type\":\"ReadAction\",\"target\":[\"https:\\\/\\\/hotelesfray.com\\\/2022\\\/01\\\/13\\\/la-isla-del-coral-en-nayarit-la-mini-cancun\\\/\"]}]},{\"@type\":\"ImageObject\",\"inLanguage\":\"en-US\",\"@id\":\"https:\\\/\\\/hotelesfray.com\\\/2022\\\/01\\\/13\\\/la-isla-del-coral-en-nayarit-la-mini-cancun\\\/#primaryimage\",\"url\":\"https:\\\/\\\/hotelesfray.com\\\/wp-content\\\/uploads\\\/2022\\\/01\\\/IslaDelCoral1.jpg\",\"contentUrl\":\"https:\\\/\\\/hotelesfray.com\\\/wp-content\\\/uploads\\\/2022\\\/01\\\/IslaDelCoral1.jpg\",\"width\":2000,\"height\":1050},{\"@type\":\"BreadcrumbList\",\"@id\":\"https:\\\/\\\/hotelesfray.com\\\/2022\\\/01\\\/13\\\/la-isla-del-coral-en-nayarit-la-mini-cancun\\\/#breadcrumb\",\"itemListElement\":[{\"@type\":\"ListItem\",\"position\":1,\"name\":\"Compostela\",\"item\":\"https:\\\/\\\/hotelesfray.com\\\/category\\\/compostela\\\/\"},{\"@type\":\"ListItem\",\"position\":2,\"name\":\"La Isla del Coral en Nayarit, la \u00abMini Canc\u00fan\u00bb\"}]},{\"@type\":\"WebSite\",\"@id\":\"https:\\\/\\\/hotelesfray.com\\\/#website\",\"url\":\"https:\\\/\\\/hotelesfray.com\\\/\",\"name\":\"Hoteles Fray\",\"description\":\"Los Mejores Hoteles en el Centro de Tepic, Nayarit\",\"publisher\":{\"@id\":\"https:\\\/\\\/hotelesfray.com\\\/#organization\"},\"potentialAction\":[{\"@type\":\"SearchAction\",\"target\":{\"@type\":\"EntryPoint\",\"urlTemplate\":\"https:\\\/\\\/hotelesfray.com\\\/?s={search_term_string}\"},\"query-input\":{\"@type\":\"PropertyValueSpecification\",\"valueRequired\":true,\"valueName\":\"search_term_string\"}}],\"inLanguage\":\"en-US\"},{\"@type\":\"Organization\",\"@id\":\"https:\\\/\\\/hotelesfray.com\\\/#organization\",\"name\":\"Hoteles Fray\",\"url\":\"https:\\\/\\\/hotelesfray.com\\\/\",\"logo\":{\"@type\":\"ImageObject\",\"inLanguage\":\"en-US\",\"@id\":\"https:\\\/\\\/hotelesfray.com\\\/#\\\/schema\\\/logo\\\/image\\\/\",\"url\":\"https:\\\/\\\/hotelesfray.com\\\/wp-content\\\/uploads\\\/2023\\\/01\\\/HotelesFray-cuadro.png\",\"contentUrl\":\"https:\\\/\\\/hotelesfray.com\\\/wp-content\\\/uploads\\\/2023\\\/01\\\/HotelesFray-cuadro.png\",\"width\":2200,\"height\":2200,\"caption\":\"Hoteles Fray\"},\"image\":{\"@id\":\"https:\\\/\\\/hotelesfray.com\\\/#\\\/schema\\\/logo\\\/image\\\/\"}},{\"@type\":\"Person\",\"@id\":\"https:\\\/\\\/hotelesfray.com\\\/#\\\/schema\\\/person\\\/1a3f5909146e66cdba9aa8b37f1858e1\",\"name\":\"Eduardo Lopez\",\"image\":{\"@type\":\"ImageObject\",\"inLanguage\":\"en-US\",\"@id\":\"https:\\\/\\\/secure.gravatar.com\\\/avatar\\\/3d6f41a002d28c6845cb55b565f68141a241a36951b539d6f4dbddac28595734?s=96&d=mm&r=g\",\"url\":\"https:\\\/\\\/secure.gravatar.com\\\/avatar\\\/3d6f41a002d28c6845cb55b565f68141a241a36951b539d6f4dbddac28595734?s=96&d=mm&r=g\",\"contentUrl\":\"https:\\\/\\\/secure.gravatar.com\\\/avatar\\\/3d6f41a002d28c6845cb55b565f68141a241a36951b539d6f4dbddac28595734?s=96&d=mm&r=g\",\"caption\":\"Eduardo Lopez\"},\"url\":\"https:\\\/\\\/hotelesfray.com\\\/en\\\/author\\\/gente\\\/\"}]}<\/script>\n<!-- \/ Yoast SEO plugin. -->","yoast_head_json":{"title":"Hotels in Tepic | Hoteles Fray \u2013 Complimentary Buffet Breakfast","description":"Looking for hotels in Tepic? Hoteles Fray offers the best location, complimentary buffet breakfast, free WiFi, and flexible cancellation. Book directly with no deposit!","robots":{"index":"index","follow":"follow","max-snippet":"max-snippet:-1","max-image-preview":"max-image-preview:large","max-video-preview":"max-video-preview:-1"},"canonical":"https:\/\/hotelesfray.com\/en\/2022\/01\/13\/la-isla-del-coral-en-nayarit-la-mini-cancun\/","og_locale":"en_US","og_type":"article","og_title":"Hotels in Tepic | Hoteles Fray \u2013 Complimentary Buffet Breakfast","og_description":"Looking for hotels in Tepic? Hoteles Fray offers the best location, complimentary buffet breakfast, free WiFi, and flexible cancellation. Book directly with no deposit!","og_url":"https:\/\/hotelesfray.com\/en\/2022\/01\/13\/la-isla-del-coral-en-nayarit-la-mini-cancun\/","og_site_name":"Hoteles Fray","article_published_time":"2022-01-13T17:35:22+00:00","article_modified_time":"2025-02-24T00:35:45+00:00","og_image":[{"width":2000,"height":1050,"url":"https:\/\/hotelesfray.com\/wp-content\/uploads\/2022\/01\/IslaDelCoral1.jpg","type":"image\/jpeg"}],"author":"Eduardo Lopez","twitter_card":"summary_large_image","twitter_misc":{"Written by":"Eduardo Lopez","Est. reading time":"2 minutes"},"schema":{"@context":"https:\/\/schema.org","@graph":[{"@type":["Article","BlogPosting"],"@id":"https:\/\/hotelesfray.com\/2022\/01\/13\/la-isla-del-coral-en-nayarit-la-mini-cancun\/#article","isPartOf":{"@id":"https:\/\/hotelesfray.com\/2022\/01\/13\/la-isla-del-coral-en-nayarit-la-mini-cancun\/"},"author":{"name":"Eduardo Lopez","@id":"https:\/\/hotelesfray.com\/#\/schema\/person\/1a3f5909146e66cdba9aa8b37f1858e1"},"headline":"La Isla del Coral en Nayarit, la \u00abMini Canc\u00fan\u00bb","datePublished":"2022-01-13T17:35:22+00:00","dateModified":"2025-02-24T00:35:45+00:00","mainEntityOfPage":{"@id":"https:\/\/hotelesfray.com\/2022\/01\/13\/la-isla-del-coral-en-nayarit-la-mini-cancun\/"},"wordCount":344,"publisher":{"@id":"https:\/\/hotelesfray.com\/#organization"},"image":{"@id":"https:\/\/hotelesfray.com\/2022\/01\/13\/la-isla-del-coral-en-nayarit-la-mini-cancun\/#primaryimage"},"thumbnailUrl":"https:\/\/hotelesfray.com\/wp-content\/uploads\/2022\/01\/IslaDelCoral1.jpg","articleSection":["Compostela","Playas"],"inLanguage":"en-US"},{"@type":"WebPage","@id":"https:\/\/hotelesfray.com\/2022\/01\/13\/la-isla-del-coral-en-nayarit-la-mini-cancun\/","url":"https:\/\/hotelesfray.com\/2022\/01\/13\/la-isla-del-coral-en-nayarit-la-mini-cancun\/","name":"La Isla del Coral en Nayarit, la \"Mini Canc\u00fan\" | Hoteles Fray","isPartOf":{"@id":"https:\/\/hotelesfray.com\/#website"},"primaryImageOfPage":{"@id":"https:\/\/hotelesfray.com\/2022\/01\/13\/la-isla-del-coral-en-nayarit-la-mini-cancun\/#primaryimage"},"image":{"@id":"https:\/\/hotelesfray.com\/2022\/01\/13\/la-isla-del-coral-en-nayarit-la-mini-cancun\/#primaryimage"},"thumbnailUrl":"https:\/\/hotelesfray.com\/wp-content\/uploads\/2022\/01\/IslaDelCoral1.jpg","datePublished":"2022-01-13T17:35:22+00:00","dateModified":"2025-02-24T00:35:45+00:00","breadcrumb":{"@id":"https:\/\/hotelesfray.com\/2022\/01\/13\/la-isla-del-coral-en-nayarit-la-mini-cancun\/#breadcrumb"},"inLanguage":"en-US","potentialAction":[{"@type":"ReadAction","target":["https:\/\/hotelesfray.com\/2022\/01\/13\/la-isla-del-coral-en-nayarit-la-mini-cancun\/"]}]},{"@type":"ImageObject","inLanguage":"en-US","@id":"https:\/\/hotelesfray.com\/2022\/01\/13\/la-isla-del-coral-en-nayarit-la-mini-cancun\/#primaryimage","url":"https:\/\/hotelesfray.com\/wp-content\/uploads\/2022\/01\/IslaDelCoral1.jpg","contentUrl":"https:\/\/hotelesfray.com\/wp-content\/uploads\/2022\/01\/IslaDelCoral1.jpg","width":2000,"height":1050},{"@type":"BreadcrumbList","@id":"https:\/\/hotelesfray.com\/2022\/01\/13\/la-isla-del-coral-en-nayarit-la-mini-cancun\/#breadcrumb","itemListElement":[{"@type":"ListItem","position":1,"name":"Compostela","item":"https:\/\/hotelesfray.com\/category\/compostela\/"},{"@type":"ListItem","position":2,"name":"La Isla del Coral en Nayarit, la \u00abMini Canc\u00fan\u00bb"}]},{"@type":"WebSite","@id":"https:\/\/hotelesfray.com\/#website","url":"https:\/\/hotelesfray.com\/","name":"Hoteles Fray","description":"Los Mejores Hoteles en el Centro de Tepic, Nayarit","publisher":{"@id":"https:\/\/hotelesfray.com\/#organization"},"potentialAction":[{"@type":"SearchAction","target":{"@type":"EntryPoint","urlTemplate":"https:\/\/hotelesfray.com\/?s={search_term_string}"},"query-input":{"@type":"PropertyValueSpecification","valueRequired":true,"valueName":"search_term_string"}}],"inLanguage":"en-US"},{"@type":"Organization","@id":"https:\/\/hotelesfray.com\/#organization","name":"Hoteles Fray","url":"https:\/\/hotelesfray.com\/","logo":{"@type":"ImageObject","inLanguage":"en-US","@id":"https:\/\/hotelesfray.com\/#\/schema\/logo\/image\/","url":"https:\/\/hotelesfray.com\/wp-content\/uploads\/2023\/01\/HotelesFray-cuadro.png","contentUrl":"https:\/\/hotelesfray.com\/wp-content\/uploads\/2023\/01\/HotelesFray-cuadro.png","width":2200,"height":2200,"caption":"Hoteles Fray"},"image":{"@id":"https:\/\/hotelesfray.com\/#\/schema\/logo\/image\/"}},{"@type":"Person","@id":"https:\/\/hotelesfray.com\/#\/schema\/person\/1a3f5909146e66cdba9aa8b37f1858e1","name":"Eduardo Lopez","image":{"@type":"ImageObject","inLanguage":"en-US","@id":"https:\/\/secure.gravatar.com\/avatar\/3d6f41a002d28c6845cb55b565f68141a241a36951b539d6f4dbddac28595734?s=96&d=mm&r=g","url":"https:\/\/secure.gravatar.com\/avatar\/3d6f41a002d28c6845cb55b565f68141a241a36951b539d6f4dbddac28595734?s=96&d=mm&r=g","contentUrl":"https:\/\/secure.gravatar.com\/avatar\/3d6f41a002d28c6845cb55b565f68141a241a36951b539d6f4dbddac28595734?s=96&d=mm&r=g","caption":"Eduardo Lopez"},"url":"https:\/\/hotelesfray.com\/en\/author\/gente\/"}]}},"_links":{"self":[{"href":"https:\/\/hotelesfray.com\/en\/wp-json\/wp\/v2\/posts\/2925","targetHints":{"allow":["GET"]}}],"collection":[{"href":"https:\/\/hotelesfray.com\/en\/wp-json\/wp\/v2\/posts"}],"about":[{"href":"https:\/\/hotelesfray.com\/en\/wp-json\/wp\/v2\/types\/post"}],"author":[{"embeddable":true,"href":"https:\/\/hotelesfray.com\/en\/wp-json\/wp\/v2\/users\/2"}],"replies":[{"embeddable":true,"href":"https:\/\/hotelesfray.com\/en\/wp-json\/wp\/v2\/comments?post=2925"}],"version-history":[{"count":1,"href":"https:\/\/hotelesfray.com\/en\/wp-json\/wp\/v2\/posts\/2925\/revisions"}],"predecessor-version":[{"id":2929,"href":"https:\/\/hotelesfray.com\/en\/wp-json\/wp\/v2\/posts\/2925\/revisions\/2929"}],"wp:featuredmedia":[{"embeddable":true,"href":"https:\/\/hotelesfray.com\/en\/wp-json\/wp\/v2\/media\/2928"}],"wp:attachment":[{"href":"https:\/\/hotelesfray.com\/en\/wp-json\/wp\/v2\/media?parent=2925"}],"wp:term":[{"taxonomy":"category","embeddable":true,"href":"https:\/\/hotelesfray.com\/en\/wp-json\/wp\/v2\/categories?post=2925"},{"taxonomy":"post_tag","embeddable":true,"href":"https:\/\/hotelesfray.com\/en\/wp-json\/wp\/v2\/tags?post=2925"}],"curies":[{"name":"wp","href":"https:\/\/api.w.org\/{rel}","templated":true}]}}