{"id":2934,"date":"2022-01-26T18:11:36","date_gmt":"2022-01-26T22:11:36","guid":{"rendered":"https:\/\/hotelfrayjunipero.com\/?p=2934"},"modified":"2025-02-23T20:46:04","modified_gmt":"2025-02-24T00:46:04","slug":"alberca-y-lago-el-molino-en-compostela-diversion-para-toda-la-familia","status":"publish","type":"post","link":"https:\/\/hotelesfray.com\/en\/2022\/01\/26\/alberca-y-lago-el-molino-en-compostela-diversion-para-toda-la-familia\/","title":{"rendered":"Alberca y lago \u00abEl Molino\u00bb en Compostela, diversi\u00f3n para toda la familia"},"content":{"rendered":"<p>Compostela, un municipio nayarita a media hora de Tepic aproximadamente, guarda rincones para descubrir, disfrutar y compartir. Al sur de la cabecera municipal y Pueblo M\u00e1gico: Compostela, se encuentra este lugar maravilloso que nos pone en contacto con la naturaleza.<\/p>\n\n\n\n<p>Se trata de una reserva ecol\u00f3gica, un lago rodeado de casas, restaurantes, juegos infantiles, caba\u00f1as, asadores, chapoteaderos y un sendero ideal para caminar o correr por las ma\u00f1anas. Este paisaje es alimentado por un ojo de agua que lo mantiene puro y cristalino en cualquier \u00e9poca del a\u00f1o.<\/p>\n\n\n\n<div class=\"wp-block-image\"><figure class=\"aligncenter size-large\"><img loading=\"lazy\" decoding=\"async\" width=\"640\" height=\"480\" src=\"https:\/\/hotelfrayjunipero.com\/wp-content\/uploads\/2022\/01\/AlbercaCompostela.jpg\" alt=\"\" class=\"wp-image-2936\" srcset=\"https:\/\/hotelfrayjunipero.com\/wp-content\/uploads\/2022\/01\/AlbercaCompostela.jpg 640w, https:\/\/hotelfrayjunipero.com\/wp-content\/uploads\/2022\/01\/AlbercaCompostela-480x360.jpg 480w\" sizes=\"(min-width: 0px) and (max-width: 480px) 480px, (min-width: 481px) 640px, 100vw\" \/><figcaption>Fotograf\u00eda: M\u00e9xico en Fotos<\/figcaption><\/figure><\/div>\n\n\n\n<p>Adem\u00e1s del lago, encontrar\u00e1s una alberca con trampol\u00edn y un chapoteadero para los peque\u00f1os. La gastronom\u00eda t\u00edpica de la regi\u00f3n no puede faltar, y hay una gran variedad de restaurantes a s\u00f3lo metros de aqu\u00ed, para disfrutar de los antojitos mexicanos y los mariscos de Nayarit.<\/p>\n\n\n\n<h2 class=\"wp-block-heading\">\u00bfC\u00f3mo llegar?<\/h2>\n\n\n\n<p>Para disfrutar de este para\u00edso, desde Tepic deber\u00e1s tomar la Av. M\u00e9xico en direcci\u00f3n sur, cruzando el poblado de Xalisco e incorpor\u00e1ndote a la carretera federal 200. Tras un trayecto de menos de 30 minutos, llegar\u00e1s a Compostela: el Pueblo M\u00e1gico. Sigue las indicaciones para entrar por la calle principal: la Hidalgo. Cruzar\u00e1s el centro del poblado, y tras pasar por el puente de la carretera de cuota a Chapalilla, tendr\u00e1s a mano derecha tu destino.<\/p>\n\n\n\n<div class=\"wp-block-buttons is-layout-flex wp-block-buttons-is-layout-flex\">\n<div class=\"wp-block-button\"><a class=\"wp-block-button__link\" href=\"https:\/\/goo.gl\/maps\/fV22zTRohZFLbyuD6\">Ubicaci\u00f3n del lugar<\/a><\/div>\n<\/div>\n\n\n\n<figure class=\"wp-block-image size-large\"><img loading=\"lazy\" decoding=\"async\" width=\"1024\" height=\"538\" src=\"https:\/\/hotelfrayjunipero.com\/wp-content\/uploads\/2022\/01\/LagoCompostela2-1024x538.jpg\" alt=\"\" class=\"wp-image-2939\" srcset=\"https:\/\/hotelfrayjunipero.com\/wp-content\/uploads\/2022\/01\/LagoCompostela2-980x515.jpg 980w, https:\/\/hotelfrayjunipero.com\/wp-content\/uploads\/2022\/01\/LagoCompostela2-480x252.jpg 480w\" sizes=\"(min-width: 0px) and (max-width: 480px) 480px, (min-width: 481px) and (max-width: 980px) 980px, (min-width: 981px) 1024px, 100vw\" \/><\/figure>\n\n\n\n<h2 class=\"wp-block-heading\">Conoce Nayarit de la mano de tu #HotelFray<\/h2>\n\n\n\n<p>\u00a1Recuerda compartir con nosotros las incre\u00edbles fotograf\u00edas que tomes en este lugar! Enviandolas a nuestras p\u00e1ginas de Facebook e Instagram, o con el hashtag #VisitaTepic.<\/p>\n\n\n\n<p>No olvides que en el coraz\u00f3n de Tepic tu #HotelFray te espera para tener el mejor descanso despu\u00e9s de un d\u00eda de aventura, con desayuno incluido en cortes\u00eda, estacionamiento subterr\u00e1neo y la mejor ubicaci\u00f3n en la Plaza Principal, a unos pasos de la Catedral.<\/p>","protected":false},"excerpt":{"rendered":"<p>Compostela, un municipio nayarita a media hora de Tepic aproximadamente, guarda rincones para descubrir, disfrutar y compartir. Al sur de la cabecera municipal y Pueblo M\u00e1gico: Compostela, se encuentra este lugar maravilloso que nos pone en contacto con la naturaleza. Se trata de una reserva ecol\u00f3gica, un lago rodeado de casas, restaurantes, juegos infantiles, caba\u00f1as, [&hellip;]<\/p>\n","protected":false},"author":2,"featured_media":2937,"comment_status":"closed","ping_status":"open","sticky":false,"template":"","format":"standard","meta":{"_et_pb_use_builder":"","_et_pb_old_content":"","_et_gb_content_width":"","footnotes":""},"categories":[42,167],"tags":[],"class_list":["post-2934","post","type-post","status-publish","format-standard","has-post-thumbnail","hentry","category-compostela","category-naturaleza"],"yoast_head":"<!-- This site is optimized with the Yoast SEO plugin v27.4 - https:\/\/yoast.com\/product\/yoast-seo-wordpress\/ -->\n<title>Hotels in Tepic | Hoteles Fray \u2013 Complimentary Buffet Breakfast<\/title>\n<meta name=\"description\" content=\"Looking for hotels in Tepic? Hoteles Fray offers the best location, complimentary buffet breakfast, free WiFi, and flexible cancellation. Book directly with no deposit!\" \/>\n<meta name=\"robots\" content=\"index, follow, max-snippet:-1, max-image-preview:large, max-video-preview:-1\" \/>\n<link rel=\"canonical\" href=\"https:\/\/hotelesfray.com\/en\/2022\/01\/26\/alberca-y-lago-el-molino-en-compostela-diversion-para-toda-la-familia\/\" \/>\n<meta property=\"og:locale\" content=\"en_US\" \/>\n<meta property=\"og:type\" content=\"article\" \/>\n<meta property=\"og:title\" content=\"Hotels in Tepic | Hoteles Fray \u2013 Complimentary Buffet Breakfast\" \/>\n<meta property=\"og:description\" content=\"Looking for hotels in Tepic? Hoteles Fray offers the best location, complimentary buffet breakfast, free WiFi, and flexible cancellation. Book directly with no deposit!\" \/>\n<meta property=\"og:url\" content=\"https:\/\/hotelesfray.com\/en\/2022\/01\/26\/alberca-y-lago-el-molino-en-compostela-diversion-para-toda-la-familia\/\" \/>\n<meta property=\"og:site_name\" content=\"Hoteles Fray\" \/>\n<meta property=\"article:published_time\" content=\"2022-01-26T22:11:36+00:00\" \/>\n<meta property=\"article:modified_time\" content=\"2025-02-24T00:46:04+00:00\" \/>\n<meta property=\"og:image\" content=\"https:\/\/hotelesfray.com\/wp-content\/uploads\/2022\/01\/LagoCompostela.jpg\" \/>\n\t<meta property=\"og:image:width\" content=\"2000\" \/>\n\t<meta property=\"og:image:height\" content=\"1050\" \/>\n\t<meta property=\"og:image:type\" content=\"image\/jpeg\" \/>\n<meta name=\"author\" content=\"Eduardo Lopez\" \/>\n<meta name=\"twitter:card\" content=\"summary_large_image\" \/>\n<meta name=\"twitter:label1\" content=\"Written by\" \/>\n\t<meta name=\"twitter:data1\" content=\"Eduardo Lopez\" \/>\n\t<meta name=\"twitter:label2\" content=\"Est. reading time\" \/>\n\t<meta name=\"twitter:data2\" content=\"2 minutes\" \/>\n<script type=\"application\/ld+json\" class=\"yoast-schema-graph\">{\"@context\":\"https:\\\/\\\/schema.org\",\"@graph\":[{\"@type\":[\"Article\",\"BlogPosting\"],\"@id\":\"https:\\\/\\\/hotelesfray.com\\\/2022\\\/01\\\/26\\\/alberca-y-lago-el-molino-en-compostela-diversion-para-toda-la-familia\\\/#article\",\"isPartOf\":{\"@id\":\"https:\\\/\\\/hotelesfray.com\\\/2022\\\/01\\\/26\\\/alberca-y-lago-el-molino-en-compostela-diversion-para-toda-la-familia\\\/\"},\"author\":{\"name\":\"Eduardo Lopez\",\"@id\":\"https:\\\/\\\/hotelesfray.com\\\/#\\\/schema\\\/person\\\/1a3f5909146e66cdba9aa8b37f1858e1\"},\"headline\":\"Alberca y lago \u00abEl Molino\u00bb en Compostela, diversi\u00f3n para toda la familia\",\"datePublished\":\"2022-01-26T22:11:36+00:00\",\"dateModified\":\"2025-02-24T00:46:04+00:00\",\"mainEntityOfPage\":{\"@id\":\"https:\\\/\\\/hotelesfray.com\\\/2022\\\/01\\\/26\\\/alberca-y-lago-el-molino-en-compostela-diversion-para-toda-la-familia\\\/\"},\"wordCount\":342,\"publisher\":{\"@id\":\"https:\\\/\\\/hotelesfray.com\\\/#organization\"},\"image\":{\"@id\":\"https:\\\/\\\/hotelesfray.com\\\/2022\\\/01\\\/26\\\/alberca-y-lago-el-molino-en-compostela-diversion-para-toda-la-familia\\\/#primaryimage\"},\"thumbnailUrl\":\"https:\\\/\\\/hotelesfray.com\\\/wp-content\\\/uploads\\\/2022\\\/01\\\/LagoCompostela.jpg\",\"articleSection\":[\"Compostela\",\"Naturaleza\"],\"inLanguage\":\"en-US\"},{\"@type\":\"WebPage\",\"@id\":\"https:\\\/\\\/hotelesfray.com\\\/2022\\\/01\\\/26\\\/alberca-y-lago-el-molino-en-compostela-diversion-para-toda-la-familia\\\/\",\"url\":\"https:\\\/\\\/hotelesfray.com\\\/2022\\\/01\\\/26\\\/alberca-y-lago-el-molino-en-compostela-diversion-para-toda-la-familia\\\/\",\"name\":\"Alberca y lago \\\"El Molino\\\" en Compostela, diversi\u00f3n para toda la familia | Hoteles Fray\",\"isPartOf\":{\"@id\":\"https:\\\/\\\/hotelesfray.com\\\/#website\"},\"primaryImageOfPage\":{\"@id\":\"https:\\\/\\\/hotelesfray.com\\\/2022\\\/01\\\/26\\\/alberca-y-lago-el-molino-en-compostela-diversion-para-toda-la-familia\\\/#primaryimage\"},\"image\":{\"@id\":\"https:\\\/\\\/hotelesfray.com\\\/2022\\\/01\\\/26\\\/alberca-y-lago-el-molino-en-compostela-diversion-para-toda-la-familia\\\/#primaryimage\"},\"thumbnailUrl\":\"https:\\\/\\\/hotelesfray.com\\\/wp-content\\\/uploads\\\/2022\\\/01\\\/LagoCompostela.jpg\",\"datePublished\":\"2022-01-26T22:11:36+00:00\",\"dateModified\":\"2025-02-24T00:46:04+00:00\",\"breadcrumb\":{\"@id\":\"https:\\\/\\\/hotelesfray.com\\\/2022\\\/01\\\/26\\\/alberca-y-lago-el-molino-en-compostela-diversion-para-toda-la-familia\\\/#breadcrumb\"},\"inLanguage\":\"en-US\",\"potentialAction\":[{\"@type\":\"ReadAction\",\"target\":[\"https:\\\/\\\/hotelesfray.com\\\/2022\\\/01\\\/26\\\/alberca-y-lago-el-molino-en-compostela-diversion-para-toda-la-familia\\\/\"]}]},{\"@type\":\"ImageObject\",\"inLanguage\":\"en-US\",\"@id\":\"https:\\\/\\\/hotelesfray.com\\\/2022\\\/01\\\/26\\\/alberca-y-lago-el-molino-en-compostela-diversion-para-toda-la-familia\\\/#primaryimage\",\"url\":\"https:\\\/\\\/hotelesfray.com\\\/wp-content\\\/uploads\\\/2022\\\/01\\\/LagoCompostela.jpg\",\"contentUrl\":\"https:\\\/\\\/hotelesfray.com\\\/wp-content\\\/uploads\\\/2022\\\/01\\\/LagoCompostela.jpg\",\"width\":2000,\"height\":1050},{\"@type\":\"BreadcrumbList\",\"@id\":\"https:\\\/\\\/hotelesfray.com\\\/2022\\\/01\\\/26\\\/alberca-y-lago-el-molino-en-compostela-diversion-para-toda-la-familia\\\/#breadcrumb\",\"itemListElement\":[{\"@type\":\"ListItem\",\"position\":1,\"name\":\"Compostela\",\"item\":\"https:\\\/\\\/hotelesfray.com\\\/category\\\/compostela\\\/\"},{\"@type\":\"ListItem\",\"position\":2,\"name\":\"Alberca y lago \u00abEl Molino\u00bb en Compostela, diversi\u00f3n para toda la familia\"}]},{\"@type\":\"WebSite\",\"@id\":\"https:\\\/\\\/hotelesfray.com\\\/#website\",\"url\":\"https:\\\/\\\/hotelesfray.com\\\/\",\"name\":\"Hoteles Fray\",\"description\":\"Los Mejores Hoteles en el Centro de Tepic, Nayarit\",\"publisher\":{\"@id\":\"https:\\\/\\\/hotelesfray.com\\\/#organization\"},\"potentialAction\":[{\"@type\":\"SearchAction\",\"target\":{\"@type\":\"EntryPoint\",\"urlTemplate\":\"https:\\\/\\\/hotelesfray.com\\\/?s={search_term_string}\"},\"query-input\":{\"@type\":\"PropertyValueSpecification\",\"valueRequired\":true,\"valueName\":\"search_term_string\"}}],\"inLanguage\":\"en-US\"},{\"@type\":\"Organization\",\"@id\":\"https:\\\/\\\/hotelesfray.com\\\/#organization\",\"name\":\"Hoteles Fray\",\"url\":\"https:\\\/\\\/hotelesfray.com\\\/\",\"logo\":{\"@type\":\"ImageObject\",\"inLanguage\":\"en-US\",\"@id\":\"https:\\\/\\\/hotelesfray.com\\\/#\\\/schema\\\/logo\\\/image\\\/\",\"url\":\"https:\\\/\\\/hotelesfray.com\\\/wp-content\\\/uploads\\\/2023\\\/01\\\/HotelesFray-cuadro.png\",\"contentUrl\":\"https:\\\/\\\/hotelesfray.com\\\/wp-content\\\/uploads\\\/2023\\\/01\\\/HotelesFray-cuadro.png\",\"width\":2200,\"height\":2200,\"caption\":\"Hoteles Fray\"},\"image\":{\"@id\":\"https:\\\/\\\/hotelesfray.com\\\/#\\\/schema\\\/logo\\\/image\\\/\"}},{\"@type\":\"Person\",\"@id\":\"https:\\\/\\\/hotelesfray.com\\\/#\\\/schema\\\/person\\\/1a3f5909146e66cdba9aa8b37f1858e1\",\"name\":\"Eduardo Lopez\",\"image\":{\"@type\":\"ImageObject\",\"inLanguage\":\"en-US\",\"@id\":\"https:\\\/\\\/secure.gravatar.com\\\/avatar\\\/3d6f41a002d28c6845cb55b565f68141a241a36951b539d6f4dbddac28595734?s=96&d=mm&r=g\",\"url\":\"https:\\\/\\\/secure.gravatar.com\\\/avatar\\\/3d6f41a002d28c6845cb55b565f68141a241a36951b539d6f4dbddac28595734?s=96&d=mm&r=g\",\"contentUrl\":\"https:\\\/\\\/secure.gravatar.com\\\/avatar\\\/3d6f41a002d28c6845cb55b565f68141a241a36951b539d6f4dbddac28595734?s=96&d=mm&r=g\",\"caption\":\"Eduardo Lopez\"},\"url\":\"https:\\\/\\\/hotelesfray.com\\\/en\\\/author\\\/gente\\\/\"}]}<\/script>\n<!-- \/ Yoast SEO plugin. -->","yoast_head_json":{"title":"Hotels in Tepic | Hoteles Fray \u2013 Complimentary Buffet Breakfast","description":"Looking for hotels in Tepic? Hoteles Fray offers the best location, complimentary buffet breakfast, free WiFi, and flexible cancellation. Book directly with no deposit!","robots":{"index":"index","follow":"follow","max-snippet":"max-snippet:-1","max-image-preview":"max-image-preview:large","max-video-preview":"max-video-preview:-1"},"canonical":"https:\/\/hotelesfray.com\/en\/2022\/01\/26\/alberca-y-lago-el-molino-en-compostela-diversion-para-toda-la-familia\/","og_locale":"en_US","og_type":"article","og_title":"Hotels in Tepic | Hoteles Fray \u2013 Complimentary Buffet Breakfast","og_description":"Looking for hotels in Tepic? Hoteles Fray offers the best location, complimentary buffet breakfast, free WiFi, and flexible cancellation. Book directly with no deposit!","og_url":"https:\/\/hotelesfray.com\/en\/2022\/01\/26\/alberca-y-lago-el-molino-en-compostela-diversion-para-toda-la-familia\/","og_site_name":"Hoteles Fray","article_published_time":"2022-01-26T22:11:36+00:00","article_modified_time":"2025-02-24T00:46:04+00:00","og_image":[{"width":2000,"height":1050,"url":"https:\/\/hotelesfray.com\/wp-content\/uploads\/2022\/01\/LagoCompostela.jpg","type":"image\/jpeg"}],"author":"Eduardo Lopez","twitter_card":"summary_large_image","twitter_misc":{"Written by":"Eduardo Lopez","Est. reading time":"2 minutes"},"schema":{"@context":"https:\/\/schema.org","@graph":[{"@type":["Article","BlogPosting"],"@id":"https:\/\/hotelesfray.com\/2022\/01\/26\/alberca-y-lago-el-molino-en-compostela-diversion-para-toda-la-familia\/#article","isPartOf":{"@id":"https:\/\/hotelesfray.com\/2022\/01\/26\/alberca-y-lago-el-molino-en-compostela-diversion-para-toda-la-familia\/"},"author":{"name":"Eduardo Lopez","@id":"https:\/\/hotelesfray.com\/#\/schema\/person\/1a3f5909146e66cdba9aa8b37f1858e1"},"headline":"Alberca y lago \u00abEl Molino\u00bb en Compostela, diversi\u00f3n para toda la familia","datePublished":"2022-01-26T22:11:36+00:00","dateModified":"2025-02-24T00:46:04+00:00","mainEntityOfPage":{"@id":"https:\/\/hotelesfray.com\/2022\/01\/26\/alberca-y-lago-el-molino-en-compostela-diversion-para-toda-la-familia\/"},"wordCount":342,"publisher":{"@id":"https:\/\/hotelesfray.com\/#organization"},"image":{"@id":"https:\/\/hotelesfray.com\/2022\/01\/26\/alberca-y-lago-el-molino-en-compostela-diversion-para-toda-la-familia\/#primaryimage"},"thumbnailUrl":"https:\/\/hotelesfray.com\/wp-content\/uploads\/2022\/01\/LagoCompostela.jpg","articleSection":["Compostela","Naturaleza"],"inLanguage":"en-US"},{"@type":"WebPage","@id":"https:\/\/hotelesfray.com\/2022\/01\/26\/alberca-y-lago-el-molino-en-compostela-diversion-para-toda-la-familia\/","url":"https:\/\/hotelesfray.com\/2022\/01\/26\/alberca-y-lago-el-molino-en-compostela-diversion-para-toda-la-familia\/","name":"Alberca y lago \"El Molino\" en Compostela, diversi\u00f3n para toda la familia | Hoteles Fray","isPartOf":{"@id":"https:\/\/hotelesfray.com\/#website"},"primaryImageOfPage":{"@id":"https:\/\/hotelesfray.com\/2022\/01\/26\/alberca-y-lago-el-molino-en-compostela-diversion-para-toda-la-familia\/#primaryimage"},"image":{"@id":"https:\/\/hotelesfray.com\/2022\/01\/26\/alberca-y-lago-el-molino-en-compostela-diversion-para-toda-la-familia\/#primaryimage"},"thumbnailUrl":"https:\/\/hotelesfray.com\/wp-content\/uploads\/2022\/01\/LagoCompostela.jpg","datePublished":"2022-01-26T22:11:36+00:00","dateModified":"2025-02-24T00:46:04+00:00","breadcrumb":{"@id":"https:\/\/hotelesfray.com\/2022\/01\/26\/alberca-y-lago-el-molino-en-compostela-diversion-para-toda-la-familia\/#breadcrumb"},"inLanguage":"en-US","potentialAction":[{"@type":"ReadAction","target":["https:\/\/hotelesfray.com\/2022\/01\/26\/alberca-y-lago-el-molino-en-compostela-diversion-para-toda-la-familia\/"]}]},{"@type":"ImageObject","inLanguage":"en-US","@id":"https:\/\/hotelesfray.com\/2022\/01\/26\/alberca-y-lago-el-molino-en-compostela-diversion-para-toda-la-familia\/#primaryimage","url":"https:\/\/hotelesfray.com\/wp-content\/uploads\/2022\/01\/LagoCompostela.jpg","contentUrl":"https:\/\/hotelesfray.com\/wp-content\/uploads\/2022\/01\/LagoCompostela.jpg","width":2000,"height":1050},{"@type":"BreadcrumbList","@id":"https:\/\/hotelesfray.com\/2022\/01\/26\/alberca-y-lago-el-molino-en-compostela-diversion-para-toda-la-familia\/#breadcrumb","itemListElement":[{"@type":"ListItem","position":1,"name":"Compostela","item":"https:\/\/hotelesfray.com\/category\/compostela\/"},{"@type":"ListItem","position":2,"name":"Alberca y lago \u00abEl Molino\u00bb en Compostela, diversi\u00f3n para toda la familia"}]},{"@type":"WebSite","@id":"https:\/\/hotelesfray.com\/#website","url":"https:\/\/hotelesfray.com\/","name":"Hoteles Fray","description":"Los Mejores Hoteles en el Centro de Tepic, Nayarit","publisher":{"@id":"https:\/\/hotelesfray.com\/#organization"},"potentialAction":[{"@type":"SearchAction","target":{"@type":"EntryPoint","urlTemplate":"https:\/\/hotelesfray.com\/?s={search_term_string}"},"query-input":{"@type":"PropertyValueSpecification","valueRequired":true,"valueName":"search_term_string"}}],"inLanguage":"en-US"},{"@type":"Organization","@id":"https:\/\/hotelesfray.com\/#organization","name":"Hoteles Fray","url":"https:\/\/hotelesfray.com\/","logo":{"@type":"ImageObject","inLanguage":"en-US","@id":"https:\/\/hotelesfray.com\/#\/schema\/logo\/image\/","url":"https:\/\/hotelesfray.com\/wp-content\/uploads\/2023\/01\/HotelesFray-cuadro.png","contentUrl":"https:\/\/hotelesfray.com\/wp-content\/uploads\/2023\/01\/HotelesFray-cuadro.png","width":2200,"height":2200,"caption":"Hoteles Fray"},"image":{"@id":"https:\/\/hotelesfray.com\/#\/schema\/logo\/image\/"}},{"@type":"Person","@id":"https:\/\/hotelesfray.com\/#\/schema\/person\/1a3f5909146e66cdba9aa8b37f1858e1","name":"Eduardo Lopez","image":{"@type":"ImageObject","inLanguage":"en-US","@id":"https:\/\/secure.gravatar.com\/avatar\/3d6f41a002d28c6845cb55b565f68141a241a36951b539d6f4dbddac28595734?s=96&d=mm&r=g","url":"https:\/\/secure.gravatar.com\/avatar\/3d6f41a002d28c6845cb55b565f68141a241a36951b539d6f4dbddac28595734?s=96&d=mm&r=g","contentUrl":"https:\/\/secure.gravatar.com\/avatar\/3d6f41a002d28c6845cb55b565f68141a241a36951b539d6f4dbddac28595734?s=96&d=mm&r=g","caption":"Eduardo Lopez"},"url":"https:\/\/hotelesfray.com\/en\/author\/gente\/"}]}},"_links":{"self":[{"href":"https:\/\/hotelesfray.com\/en\/wp-json\/wp\/v2\/posts\/2934","targetHints":{"allow":["GET"]}}],"collection":[{"href":"https:\/\/hotelesfray.com\/en\/wp-json\/wp\/v2\/posts"}],"about":[{"href":"https:\/\/hotelesfray.com\/en\/wp-json\/wp\/v2\/types\/post"}],"author":[{"embeddable":true,"href":"https:\/\/hotelesfray.com\/en\/wp-json\/wp\/v2\/users\/2"}],"replies":[{"embeddable":true,"href":"https:\/\/hotelesfray.com\/en\/wp-json\/wp\/v2\/comments?post=2934"}],"version-history":[{"count":2,"href":"https:\/\/hotelesfray.com\/en\/wp-json\/wp\/v2\/posts\/2934\/revisions"}],"predecessor-version":[{"id":2940,"href":"https:\/\/hotelesfray.com\/en\/wp-json\/wp\/v2\/posts\/2934\/revisions\/2940"}],"wp:featuredmedia":[{"embeddable":true,"href":"https:\/\/hotelesfray.com\/en\/wp-json\/wp\/v2\/media\/2937"}],"wp:attachment":[{"href":"https:\/\/hotelesfray.com\/en\/wp-json\/wp\/v2\/media?parent=2934"}],"wp:term":[{"taxonomy":"category","embeddable":true,"href":"https:\/\/hotelesfray.com\/en\/wp-json\/wp\/v2\/categories?post=2934"},{"taxonomy":"post_tag","embeddable":true,"href":"https:\/\/hotelesfray.com\/en\/wp-json\/wp\/v2\/tags?post=2934"}],"curies":[{"name":"wp","href":"https:\/\/api.w.org\/{rel}","templated":true}]}}