{"id":2989,"date":"2022-02-12T20:04:16","date_gmt":"2022-02-13T00:04:16","guid":{"rendered":"https:\/\/hotelfrayjunipero.com\/?p=2989"},"modified":"2025-02-23T20:33:54","modified_gmt":"2025-02-24T00:33:54","slug":"vuelve-la-feria-nayarit-2022-mira-la-cartelera","status":"publish","type":"post","link":"https:\/\/hotelesfray.com\/en\/2022\/02\/12\/vuelve-la-feria-nayarit-2022-mira-la-cartelera\/","title":{"rendered":"\u00a1Vuelve la Feria Nayarit 2022! Mira la cartelera."},"content":{"rendered":"<p>La famosa Feria de Nayarit vuelve en su edici\u00f3n 2022, despu\u00e9s de su cancelaci\u00f3n en 2020 y 2021. Se desarrollar\u00e1 en el mismo y tradicional Recinto de la Feria, y aqu\u00ed te contamos todos los detalles, incluyendo la cartelera.<\/p>\n\n\n\n<p>Acceder al Recinto Ferial tendr\u00e1 un costo general de 10 pesos, y aquellas personas que midan menos de 1.40 metros podr\u00e1n acceder sin costo. La cartelera para este a\u00f1o es la siguiente:<\/p>\n\n\n\n<figure class=\"wp-block-table is-style-stripes\"><table><thead><tr><th>Fecha<\/th><th>Artista<\/th><th>Lugar<\/th><\/tr><\/thead><tbody><tr><td>10 de marzo<\/td><td>Juli\u00f3n \u00c1lvarez<\/td><td>Explanada<\/td><\/tr><tr><td>11 de marzo<\/td><td>Remmy Valenzuela<\/td><td>Palenque<\/td><\/tr><tr><td>12 de marzo<\/td><td>Los \u00c1ngeles Azules<br>Dinast\u00eda Elizalde<br>Banda MS<\/td><td>Explanada<br>Explanada<br>Palenque<\/td><\/tr><tr><td>13 de marzo<\/td><td>Frozen 2<br>Jaripeo<br>Banda R\u00e1faga<\/td><td>Foro Cultural<br>Plaza de Toros<br>Plaza de Toros<\/td><\/tr><tr><td>14 de marzo<\/td><td>Presentaci\u00f3n estados: Sinaloa<\/td><td>Foro Cultural<\/td><\/tr><tr><td>15 de marzo<\/td><td>Chuponcito<\/td><td>Foro Cultural<\/td><\/tr><tr><td>16 de marzo<\/td><td>Intocable<br>Uziel Payan<br>Liban Garza<\/td><td>Explanada<br>Explanada<br>Explanada<\/td><\/tr><tr><td>17 de marzo<\/td><td>Caloncho<br>Somos 3<\/td><td>Explanada<br>Explanada<\/td><\/tr><tr><td>18 de marzo<\/td><td>Grupo Laberinto<br>El Coyote<br>Cohuich<br>Gloria Trevi<\/td><td>Explanada<br>Explanada<br>Explanada<br>Palenque<\/td><\/tr><tr><td>19 de marzo<\/td><td>Alfredo Olivas<br>El Chapo de Sinaloa<br>Show Ecuestre<\/td><td>Palenque<br>Plaza de Toros<br>Plaza de Toros<\/td><\/tr><tr><td>20 de marzo<\/td><td>Loga Dance Party<br>Jaripeo<br>Lorenzo de Monteclaro<\/td><td>Foro Cultural<br>Plaza de Toros<br>Plaza de Toros<\/td><\/tr><tr><td>22 de marzo<\/td><td>Edith M\u00e1rquez<br>Cristy V\u00e1zquez<\/td><td>Explanada<br>Explanada<\/td><\/tr><tr><td>23 de marzo<\/td><td>Mike Salazar<br>Carin Le\u00f3n<\/td><td>Foro Cultural<br>Palenque<\/td><\/tr><tr><td>24 de marzo<\/td><td>Evento del Recuerdo<\/td><td>Foro Cultural<\/td><\/tr><tr><td>25 de marzo<\/td><td>La Arrolladora Banda El Lim\u00f3n<br>Codiciado<br>Banda El Mexicano<\/td><td>Explanada<br>Explanada<br>Explanada<\/td><\/tr><tr><td>26 de marzo<\/td><td>Luis R. Conriquez<br>Motocross<\/td><td>Palenque<br>Plaza de Toros<\/td><\/tr><tr><td>27 de marzo<\/td><td>Artista sorpresa<br>Paw Patrol<\/td><td>Explanada<br>Foro Cultural<\/td><\/tr><\/tbody><\/table><\/figure>\n\n\n\n<p>El Recinto de la Feria se encuentra en la colonia Aviaci\u00f3n, al sur de la ciudad de Tepic. El acceso principal se encuentra en la Av. Rey Nayar, a s\u00f3lo 10 minutos de tu Hotel Fray Jun\u00edpero.<\/p>\n\n\n\n<div class=\"wp-block-image\"><figure class=\"aligncenter size-large\"><img loading=\"lazy\" decoding=\"async\" width=\"435\" height=\"1024\" src=\"https:\/\/hotelfrayjunipero.com\/wp-content\/uploads\/2022\/02\/cartelera-435x1024.jpg\" alt=\"\" class=\"wp-image-2991\"\/><\/figure><\/div>","protected":false},"excerpt":{"rendered":"<p>La famosa Feria de Nayarit vuelve en su edici\u00f3n 2022, despu\u00e9s de su cancelaci\u00f3n en 2020 y 2021. Se desarrollar\u00e1 en el mismo y tradicional Recinto de la Feria, y aqu\u00ed te contamos todos los detalles, incluyendo la cartelera. Acceder al Recinto Ferial tendr\u00e1 un costo general de 10 pesos, y aquellas personas que midan [&hellip;]<\/p>\n","protected":false},"author":2,"featured_media":2990,"comment_status":"closed","ping_status":"open","sticky":false,"template":"","format":"standard","meta":{"_et_pb_use_builder":"","_et_pb_old_content":"","_et_gb_content_width":"","footnotes":""},"categories":[40,26],"tags":[],"class_list":["post-2989","post","type-post","status-publish","format-standard","has-post-thumbnail","hentry","category-eventos","category-tepic"],"yoast_head":"<!-- This site is optimized with the Yoast SEO plugin v27.4 - https:\/\/yoast.com\/product\/yoast-seo-wordpress\/ -->\n<title>Hotels in Tepic | Hoteles Fray \u2013 Complimentary Buffet Breakfast<\/title>\n<meta name=\"description\" content=\"Looking for hotels in Tepic? Hoteles Fray offers the best location, complimentary buffet breakfast, free WiFi, and flexible cancellation. Book directly with no deposit!\" \/>\n<meta name=\"robots\" content=\"index, follow, max-snippet:-1, max-image-preview:large, max-video-preview:-1\" \/>\n<link rel=\"canonical\" href=\"https:\/\/hotelesfray.com\/en\/2022\/02\/12\/vuelve-la-feria-nayarit-2022-mira-la-cartelera\/\" \/>\n<meta property=\"og:locale\" content=\"en_US\" \/>\n<meta property=\"og:type\" content=\"article\" \/>\n<meta property=\"og:title\" content=\"Hotels in Tepic | Hoteles Fray \u2013 Complimentary Buffet Breakfast\" \/>\n<meta property=\"og:description\" content=\"Looking for hotels in Tepic? Hoteles Fray offers the best location, complimentary buffet breakfast, free WiFi, and flexible cancellation. Book directly with no deposit!\" \/>\n<meta property=\"og:url\" content=\"https:\/\/hotelesfray.com\/en\/2022\/02\/12\/vuelve-la-feria-nayarit-2022-mira-la-cartelera\/\" \/>\n<meta property=\"og:site_name\" content=\"Hoteles Fray\" \/>\n<meta property=\"article:published_time\" content=\"2022-02-13T00:04:16+00:00\" \/>\n<meta property=\"article:modified_time\" content=\"2025-02-24T00:33:54+00:00\" \/>\n<meta property=\"og:image\" content=\"https:\/\/hotelesfray.com\/wp-content\/uploads\/2022\/02\/FeriaNayarit2022.jpeg\" \/>\n\t<meta property=\"og:image:width\" content=\"1024\" \/>\n\t<meta property=\"og:image:height\" content=\"534\" \/>\n\t<meta property=\"og:image:type\" content=\"image\/jpeg\" \/>\n<meta name=\"author\" content=\"Eduardo Lopez\" \/>\n<meta name=\"twitter:card\" content=\"summary_large_image\" \/>\n<meta name=\"twitter:label1\" content=\"Written by\" \/>\n\t<meta name=\"twitter:data1\" content=\"Eduardo Lopez\" \/>\n\t<meta name=\"twitter:label2\" content=\"Est. reading time\" \/>\n\t<meta name=\"twitter:data2\" content=\"2 minutes\" \/>\n<script type=\"application\/ld+json\" class=\"yoast-schema-graph\">{\"@context\":\"https:\\\/\\\/schema.org\",\"@graph\":[{\"@type\":[\"Article\",\"BlogPosting\"],\"@id\":\"https:\\\/\\\/hotelesfray.com\\\/2022\\\/02\\\/12\\\/vuelve-la-feria-nayarit-2022-mira-la-cartelera\\\/#article\",\"isPartOf\":{\"@id\":\"https:\\\/\\\/hotelesfray.com\\\/2022\\\/02\\\/12\\\/vuelve-la-feria-nayarit-2022-mira-la-cartelera\\\/\"},\"author\":{\"name\":\"Eduardo Lopez\",\"@id\":\"https:\\\/\\\/hotelesfray.com\\\/#\\\/schema\\\/person\\\/1a3f5909146e66cdba9aa8b37f1858e1\"},\"headline\":\"\u00a1Vuelve la Feria Nayarit 2022! Mira la cartelera.\",\"datePublished\":\"2022-02-13T00:04:16+00:00\",\"dateModified\":\"2025-02-24T00:33:54+00:00\",\"mainEntityOfPage\":{\"@id\":\"https:\\\/\\\/hotelesfray.com\\\/2022\\\/02\\\/12\\\/vuelve-la-feria-nayarit-2022-mira-la-cartelera\\\/\"},\"wordCount\":257,\"publisher\":{\"@id\":\"https:\\\/\\\/hotelesfray.com\\\/#organization\"},\"image\":{\"@id\":\"https:\\\/\\\/hotelesfray.com\\\/2022\\\/02\\\/12\\\/vuelve-la-feria-nayarit-2022-mira-la-cartelera\\\/#primaryimage\"},\"thumbnailUrl\":\"https:\\\/\\\/hotelesfray.com\\\/wp-content\\\/uploads\\\/2022\\\/02\\\/FeriaNayarit2022.jpeg\",\"articleSection\":[\"Eventos\",\"Tepic\"],\"inLanguage\":\"en-US\"},{\"@type\":\"WebPage\",\"@id\":\"https:\\\/\\\/hotelesfray.com\\\/2022\\\/02\\\/12\\\/vuelve-la-feria-nayarit-2022-mira-la-cartelera\\\/\",\"url\":\"https:\\\/\\\/hotelesfray.com\\\/2022\\\/02\\\/12\\\/vuelve-la-feria-nayarit-2022-mira-la-cartelera\\\/\",\"name\":\"\u00a1Vuelve la Feria Nayarit 2022! Mira la cartelera. | Hoteles Fray\",\"isPartOf\":{\"@id\":\"https:\\\/\\\/hotelesfray.com\\\/#website\"},\"primaryImageOfPage\":{\"@id\":\"https:\\\/\\\/hotelesfray.com\\\/2022\\\/02\\\/12\\\/vuelve-la-feria-nayarit-2022-mira-la-cartelera\\\/#primaryimage\"},\"image\":{\"@id\":\"https:\\\/\\\/hotelesfray.com\\\/2022\\\/02\\\/12\\\/vuelve-la-feria-nayarit-2022-mira-la-cartelera\\\/#primaryimage\"},\"thumbnailUrl\":\"https:\\\/\\\/hotelesfray.com\\\/wp-content\\\/uploads\\\/2022\\\/02\\\/FeriaNayarit2022.jpeg\",\"datePublished\":\"2022-02-13T00:04:16+00:00\",\"dateModified\":\"2025-02-24T00:33:54+00:00\",\"breadcrumb\":{\"@id\":\"https:\\\/\\\/hotelesfray.com\\\/2022\\\/02\\\/12\\\/vuelve-la-feria-nayarit-2022-mira-la-cartelera\\\/#breadcrumb\"},\"inLanguage\":\"en-US\",\"potentialAction\":[{\"@type\":\"ReadAction\",\"target\":[\"https:\\\/\\\/hotelesfray.com\\\/2022\\\/02\\\/12\\\/vuelve-la-feria-nayarit-2022-mira-la-cartelera\\\/\"]}]},{\"@type\":\"ImageObject\",\"inLanguage\":\"en-US\",\"@id\":\"https:\\\/\\\/hotelesfray.com\\\/2022\\\/02\\\/12\\\/vuelve-la-feria-nayarit-2022-mira-la-cartelera\\\/#primaryimage\",\"url\":\"https:\\\/\\\/hotelesfray.com\\\/wp-content\\\/uploads\\\/2022\\\/02\\\/FeriaNayarit2022.jpeg\",\"contentUrl\":\"https:\\\/\\\/hotelesfray.com\\\/wp-content\\\/uploads\\\/2022\\\/02\\\/FeriaNayarit2022.jpeg\",\"width\":1024,\"height\":534},{\"@type\":\"BreadcrumbList\",\"@id\":\"https:\\\/\\\/hotelesfray.com\\\/2022\\\/02\\\/12\\\/vuelve-la-feria-nayarit-2022-mira-la-cartelera\\\/#breadcrumb\",\"itemListElement\":[{\"@type\":\"ListItem\",\"position\":1,\"name\":\"Eventos\",\"item\":\"https:\\\/\\\/hotelesfray.com\\\/category\\\/eventos\\\/\"},{\"@type\":\"ListItem\",\"position\":2,\"name\":\"\u00a1Vuelve la Feria Nayarit 2022! Mira la cartelera.\"}]},{\"@type\":\"WebSite\",\"@id\":\"https:\\\/\\\/hotelesfray.com\\\/#website\",\"url\":\"https:\\\/\\\/hotelesfray.com\\\/\",\"name\":\"Hoteles Fray\",\"description\":\"Los Mejores Hoteles en el Centro de Tepic, Nayarit\",\"publisher\":{\"@id\":\"https:\\\/\\\/hotelesfray.com\\\/#organization\"},\"potentialAction\":[{\"@type\":\"SearchAction\",\"target\":{\"@type\":\"EntryPoint\",\"urlTemplate\":\"https:\\\/\\\/hotelesfray.com\\\/?s={search_term_string}\"},\"query-input\":{\"@type\":\"PropertyValueSpecification\",\"valueRequired\":true,\"valueName\":\"search_term_string\"}}],\"inLanguage\":\"en-US\"},{\"@type\":\"Organization\",\"@id\":\"https:\\\/\\\/hotelesfray.com\\\/#organization\",\"name\":\"Hoteles Fray\",\"url\":\"https:\\\/\\\/hotelesfray.com\\\/\",\"logo\":{\"@type\":\"ImageObject\",\"inLanguage\":\"en-US\",\"@id\":\"https:\\\/\\\/hotelesfray.com\\\/#\\\/schema\\\/logo\\\/image\\\/\",\"url\":\"https:\\\/\\\/hotelesfray.com\\\/wp-content\\\/uploads\\\/2023\\\/01\\\/HotelesFray-cuadro.png\",\"contentUrl\":\"https:\\\/\\\/hotelesfray.com\\\/wp-content\\\/uploads\\\/2023\\\/01\\\/HotelesFray-cuadro.png\",\"width\":2200,\"height\":2200,\"caption\":\"Hoteles Fray\"},\"image\":{\"@id\":\"https:\\\/\\\/hotelesfray.com\\\/#\\\/schema\\\/logo\\\/image\\\/\"}},{\"@type\":\"Person\",\"@id\":\"https:\\\/\\\/hotelesfray.com\\\/#\\\/schema\\\/person\\\/1a3f5909146e66cdba9aa8b37f1858e1\",\"name\":\"Eduardo Lopez\",\"image\":{\"@type\":\"ImageObject\",\"inLanguage\":\"en-US\",\"@id\":\"https:\\\/\\\/secure.gravatar.com\\\/avatar\\\/3d6f41a002d28c6845cb55b565f68141a241a36951b539d6f4dbddac28595734?s=96&d=mm&r=g\",\"url\":\"https:\\\/\\\/secure.gravatar.com\\\/avatar\\\/3d6f41a002d28c6845cb55b565f68141a241a36951b539d6f4dbddac28595734?s=96&d=mm&r=g\",\"contentUrl\":\"https:\\\/\\\/secure.gravatar.com\\\/avatar\\\/3d6f41a002d28c6845cb55b565f68141a241a36951b539d6f4dbddac28595734?s=96&d=mm&r=g\",\"caption\":\"Eduardo Lopez\"},\"url\":\"https:\\\/\\\/hotelesfray.com\\\/en\\\/author\\\/gente\\\/\"}]}<\/script>\n<!-- \/ Yoast SEO plugin. -->","yoast_head_json":{"title":"Hotels in Tepic | Hoteles Fray \u2013 Complimentary Buffet Breakfast","description":"Looking for hotels in Tepic? Hoteles Fray offers the best location, complimentary buffet breakfast, free WiFi, and flexible cancellation. Book directly with no deposit!","robots":{"index":"index","follow":"follow","max-snippet":"max-snippet:-1","max-image-preview":"max-image-preview:large","max-video-preview":"max-video-preview:-1"},"canonical":"https:\/\/hotelesfray.com\/en\/2022\/02\/12\/vuelve-la-feria-nayarit-2022-mira-la-cartelera\/","og_locale":"en_US","og_type":"article","og_title":"Hotels in Tepic | Hoteles Fray \u2013 Complimentary Buffet Breakfast","og_description":"Looking for hotels in Tepic? Hoteles Fray offers the best location, complimentary buffet breakfast, free WiFi, and flexible cancellation. Book directly with no deposit!","og_url":"https:\/\/hotelesfray.com\/en\/2022\/02\/12\/vuelve-la-feria-nayarit-2022-mira-la-cartelera\/","og_site_name":"Hoteles Fray","article_published_time":"2022-02-13T00:04:16+00:00","article_modified_time":"2025-02-24T00:33:54+00:00","og_image":[{"width":1024,"height":534,"url":"https:\/\/hotelesfray.com\/wp-content\/uploads\/2022\/02\/FeriaNayarit2022.jpeg","type":"image\/jpeg"}],"author":"Eduardo Lopez","twitter_card":"summary_large_image","twitter_misc":{"Written by":"Eduardo Lopez","Est. reading time":"2 minutes"},"schema":{"@context":"https:\/\/schema.org","@graph":[{"@type":["Article","BlogPosting"],"@id":"https:\/\/hotelesfray.com\/2022\/02\/12\/vuelve-la-feria-nayarit-2022-mira-la-cartelera\/#article","isPartOf":{"@id":"https:\/\/hotelesfray.com\/2022\/02\/12\/vuelve-la-feria-nayarit-2022-mira-la-cartelera\/"},"author":{"name":"Eduardo Lopez","@id":"https:\/\/hotelesfray.com\/#\/schema\/person\/1a3f5909146e66cdba9aa8b37f1858e1"},"headline":"\u00a1Vuelve la Feria Nayarit 2022! Mira la cartelera.","datePublished":"2022-02-13T00:04:16+00:00","dateModified":"2025-02-24T00:33:54+00:00","mainEntityOfPage":{"@id":"https:\/\/hotelesfray.com\/2022\/02\/12\/vuelve-la-feria-nayarit-2022-mira-la-cartelera\/"},"wordCount":257,"publisher":{"@id":"https:\/\/hotelesfray.com\/#organization"},"image":{"@id":"https:\/\/hotelesfray.com\/2022\/02\/12\/vuelve-la-feria-nayarit-2022-mira-la-cartelera\/#primaryimage"},"thumbnailUrl":"https:\/\/hotelesfray.com\/wp-content\/uploads\/2022\/02\/FeriaNayarit2022.jpeg","articleSection":["Eventos","Tepic"],"inLanguage":"en-US"},{"@type":"WebPage","@id":"https:\/\/hotelesfray.com\/2022\/02\/12\/vuelve-la-feria-nayarit-2022-mira-la-cartelera\/","url":"https:\/\/hotelesfray.com\/2022\/02\/12\/vuelve-la-feria-nayarit-2022-mira-la-cartelera\/","name":"\u00a1Vuelve la Feria Nayarit 2022! Mira la cartelera. | Hoteles Fray","isPartOf":{"@id":"https:\/\/hotelesfray.com\/#website"},"primaryImageOfPage":{"@id":"https:\/\/hotelesfray.com\/2022\/02\/12\/vuelve-la-feria-nayarit-2022-mira-la-cartelera\/#primaryimage"},"image":{"@id":"https:\/\/hotelesfray.com\/2022\/02\/12\/vuelve-la-feria-nayarit-2022-mira-la-cartelera\/#primaryimage"},"thumbnailUrl":"https:\/\/hotelesfray.com\/wp-content\/uploads\/2022\/02\/FeriaNayarit2022.jpeg","datePublished":"2022-02-13T00:04:16+00:00","dateModified":"2025-02-24T00:33:54+00:00","breadcrumb":{"@id":"https:\/\/hotelesfray.com\/2022\/02\/12\/vuelve-la-feria-nayarit-2022-mira-la-cartelera\/#breadcrumb"},"inLanguage":"en-US","potentialAction":[{"@type":"ReadAction","target":["https:\/\/hotelesfray.com\/2022\/02\/12\/vuelve-la-feria-nayarit-2022-mira-la-cartelera\/"]}]},{"@type":"ImageObject","inLanguage":"en-US","@id":"https:\/\/hotelesfray.com\/2022\/02\/12\/vuelve-la-feria-nayarit-2022-mira-la-cartelera\/#primaryimage","url":"https:\/\/hotelesfray.com\/wp-content\/uploads\/2022\/02\/FeriaNayarit2022.jpeg","contentUrl":"https:\/\/hotelesfray.com\/wp-content\/uploads\/2022\/02\/FeriaNayarit2022.jpeg","width":1024,"height":534},{"@type":"BreadcrumbList","@id":"https:\/\/hotelesfray.com\/2022\/02\/12\/vuelve-la-feria-nayarit-2022-mira-la-cartelera\/#breadcrumb","itemListElement":[{"@type":"ListItem","position":1,"name":"Eventos","item":"https:\/\/hotelesfray.com\/category\/eventos\/"},{"@type":"ListItem","position":2,"name":"\u00a1Vuelve la Feria Nayarit 2022! Mira la cartelera."}]},{"@type":"WebSite","@id":"https:\/\/hotelesfray.com\/#website","url":"https:\/\/hotelesfray.com\/","name":"Hoteles Fray","description":"Los Mejores Hoteles en el Centro de Tepic, Nayarit","publisher":{"@id":"https:\/\/hotelesfray.com\/#organization"},"potentialAction":[{"@type":"SearchAction","target":{"@type":"EntryPoint","urlTemplate":"https:\/\/hotelesfray.com\/?s={search_term_string}"},"query-input":{"@type":"PropertyValueSpecification","valueRequired":true,"valueName":"search_term_string"}}],"inLanguage":"en-US"},{"@type":"Organization","@id":"https:\/\/hotelesfray.com\/#organization","name":"Hoteles Fray","url":"https:\/\/hotelesfray.com\/","logo":{"@type":"ImageObject","inLanguage":"en-US","@id":"https:\/\/hotelesfray.com\/#\/schema\/logo\/image\/","url":"https:\/\/hotelesfray.com\/wp-content\/uploads\/2023\/01\/HotelesFray-cuadro.png","contentUrl":"https:\/\/hotelesfray.com\/wp-content\/uploads\/2023\/01\/HotelesFray-cuadro.png","width":2200,"height":2200,"caption":"Hoteles Fray"},"image":{"@id":"https:\/\/hotelesfray.com\/#\/schema\/logo\/image\/"}},{"@type":"Person","@id":"https:\/\/hotelesfray.com\/#\/schema\/person\/1a3f5909146e66cdba9aa8b37f1858e1","name":"Eduardo Lopez","image":{"@type":"ImageObject","inLanguage":"en-US","@id":"https:\/\/secure.gravatar.com\/avatar\/3d6f41a002d28c6845cb55b565f68141a241a36951b539d6f4dbddac28595734?s=96&d=mm&r=g","url":"https:\/\/secure.gravatar.com\/avatar\/3d6f41a002d28c6845cb55b565f68141a241a36951b539d6f4dbddac28595734?s=96&d=mm&r=g","contentUrl":"https:\/\/secure.gravatar.com\/avatar\/3d6f41a002d28c6845cb55b565f68141a241a36951b539d6f4dbddac28595734?s=96&d=mm&r=g","caption":"Eduardo Lopez"},"url":"https:\/\/hotelesfray.com\/en\/author\/gente\/"}]}},"_links":{"self":[{"href":"https:\/\/hotelesfray.com\/en\/wp-json\/wp\/v2\/posts\/2989","targetHints":{"allow":["GET"]}}],"collection":[{"href":"https:\/\/hotelesfray.com\/en\/wp-json\/wp\/v2\/posts"}],"about":[{"href":"https:\/\/hotelesfray.com\/en\/wp-json\/wp\/v2\/types\/post"}],"author":[{"embeddable":true,"href":"https:\/\/hotelesfray.com\/en\/wp-json\/wp\/v2\/users\/2"}],"replies":[{"embeddable":true,"href":"https:\/\/hotelesfray.com\/en\/wp-json\/wp\/v2\/comments?post=2989"}],"version-history":[{"count":1,"href":"https:\/\/hotelesfray.com\/en\/wp-json\/wp\/v2\/posts\/2989\/revisions"}],"predecessor-version":[{"id":2992,"href":"https:\/\/hotelesfray.com\/en\/wp-json\/wp\/v2\/posts\/2989\/revisions\/2992"}],"wp:featuredmedia":[{"embeddable":true,"href":"https:\/\/hotelesfray.com\/en\/wp-json\/wp\/v2\/media\/2990"}],"wp:attachment":[{"href":"https:\/\/hotelesfray.com\/en\/wp-json\/wp\/v2\/media?parent=2989"}],"wp:term":[{"taxonomy":"category","embeddable":true,"href":"https:\/\/hotelesfray.com\/en\/wp-json\/wp\/v2\/categories?post=2989"},{"taxonomy":"post_tag","embeddable":true,"href":"https:\/\/hotelesfray.com\/en\/wp-json\/wp\/v2\/tags?post=2989"}],"curies":[{"name":"wp","href":"https:\/\/api.w.org\/{rel}","templated":true}]}}