{"id":3033,"date":"2022-02-26T14:44:01","date_gmt":"2022-02-26T18:44:01","guid":{"rendered":"https:\/\/hotelfrayjunipero.com\/?p=3033"},"modified":"2025-02-23T20:33:53","modified_gmt":"2025-02-24T00:33:53","slug":"aldea-ojo-del-cielo-el-lugar-ideal-para-conectarte-con-la-naturaleza","status":"publish","type":"post","link":"https:\/\/hotelesfray.com\/en\/2022\/02\/26\/aldea-ojo-del-cielo-el-lugar-ideal-para-conectarte-con-la-naturaleza\/","title":{"rendered":"Aldea Ojo del Cielo: el lugar ideal para conectarte con la naturaleza"},"content":{"rendered":"<p>La Aldea Ojo del Cielo es un lugar incre\u00edble que se encuentra muy cerca de Tepic, a s\u00f3lo 20 minutos o 25 kil\u00f3metros de la capital nayarita. Aqu\u00ed podr\u00e1s conectarte con la naturaleza que cubre el municipio de San Blas, en algo que parece el para\u00edso en la tierra.<\/p>\n\n\n\n<p>La reserva natural comprende un \u00e1rea de 50 hect\u00e1reas de bosque tropical, el cual es cuidado y respetado tanto por los anfitriones como los visitantes. La zona est\u00e1 habitada por venados, armadillos, coyotes, ocelotes, mapaches, tejones, aves y muchas otras especies, con flora tan variada entre \u00e1rboles maderables y plantas.<\/p>\n\n\n\n<p>La aldea te ofrece una gran variedad de servicios para convivir y realizar actividades disfrutando del aire fresco y puro del lugar. Cuenta con un restaurante para desayunar o comer delicioso, \u00e1rea de temazcal, alberca, juegos para ni\u00f1os, lugar para acampar y caba\u00f1as ecol\u00f3gicas.<\/p>\n\n\n\n<figure class=\"wp-block-image size-large\"><img loading=\"lazy\" decoding=\"async\" width=\"1024\" height=\"538\" src=\"https:\/\/hotelfrayjunipero.com\/wp-content\/uploads\/2022\/02\/OjoDelCielo1-1024x538.jpg\" alt=\"\" class=\"wp-image-3038\" srcset=\"https:\/\/hotelfrayjunipero.com\/wp-content\/uploads\/2022\/02\/OjoDelCielo1-980x515.jpg 980w, https:\/\/hotelfrayjunipero.com\/wp-content\/uploads\/2022\/02\/OjoDelCielo1-480x252.jpg 480w\" sizes=\"(min-width: 0px) and (max-width: 480px) 480px, (min-width: 481px) and (max-width: 980px) 980px, (min-width: 981px) 1024px, 100vw\" \/><figcaption>Alberca de Ojo del Cielo<\/figcaption><\/figure>\n\n\n\n<p>El Ojo del Cielo cuenta adem\u00e1s con su principal atractivo: una bell\u00edsima cascada y varios manantiales, ideales para refrescarse despu\u00e9s de realizar actividades como el senderismo o r\u00e1pel. \u00a1Un lugar 100% recomendado! Este noble proyecto contribuye al disfrute de la naturaleza de una forma responsable y en armon\u00eda con el medio ambiente.<\/p>\n\n\n\n<h2 class=\"wp-block-heading\">\u00bfC\u00f3mo llegar?<\/h2>\n\n\n\n<p>Para llegar a la aldea Ojo del Cielo, desde el centro de Tepic, deber\u00e1s tomar la autopista Tepic \u2013 Trapichillo, tomando la salida hacia San Blas y tras s\u00f3lo 5 minutos, encontrar\u00e1s al costado de un cerro, una gran se\u00f1al de que has llegado al lugar. En total son unos 20 minutos de recorrido en 25 kil\u00f3metros de distancia.<\/p>\n\n\n\n<div class=\"wp-block-buttons is-layout-flex wp-block-buttons-is-layout-flex\">\n<div class=\"wp-block-button\"><a class=\"wp-block-button__link\" href=\"https:\/\/goo.gl\/maps\/bvWAwhDBE3d3ST616\">Ver ubicaci\u00f3n<\/a><\/div>\n<\/div>\n\n\n\n<figure class=\"wp-block-image size-large\"><img loading=\"lazy\" decoding=\"async\" width=\"1024\" height=\"538\" src=\"https:\/\/hotelfrayjunipero.com\/wp-content\/uploads\/2022\/02\/OjoDelCielo3-1024x538.jpg\" alt=\"\" class=\"wp-image-3037\" srcset=\"https:\/\/hotelfrayjunipero.com\/wp-content\/uploads\/2022\/02\/OjoDelCielo3-980x515.jpg 980w, https:\/\/hotelfrayjunipero.com\/wp-content\/uploads\/2022\/02\/OjoDelCielo3-480x252.jpg 480w\" sizes=\"(min-width: 0px) and (max-width: 480px) 480px, (min-width: 481px) and (max-width: 980px) 980px, (min-width: 981px) 1024px, 100vw\" \/><figcaption>Puerta de entrada a la aldea<\/figcaption><\/figure>\n\n\n\n<h2 class=\"wp-block-heading\">Conoce Nayarit de la mano de tu #HotelFray<\/h2>\n\n\n\n<p>\u00a1Recuerda compartir con nosotros las incre\u00edbles fotograf\u00edas que tomes en este lugar! Enviandolas a nuestras p\u00e1ginas de Facebook e Instagram, o con el hashtag #VisitaTepic.<\/p>\n\n\n\n<p>No olvides que en el coraz\u00f3n de Tepic tu #HotelFray te espera para tener el mejor descanso despu\u00e9s de un d\u00eda de aventura, con desayuno incluido en cortes\u00eda, estacionamiento subterr\u00e1neo y la mejor ubicaci\u00f3n en la Plaza Principal, a unos pasos de la Catedral.<\/p>","protected":false},"excerpt":{"rendered":"<p>La Aldea Ojo del Cielo es un lugar incre\u00edble que se encuentra muy cerca de Tepic, a s\u00f3lo 20 minutos o 25 kil\u00f3metros de la capital nayarita. Aqu\u00ed podr\u00e1s conectarte con la naturaleza que cubre el municipio de San Blas, en algo que parece el para\u00edso en la tierra. La reserva natural comprende un \u00e1rea [&hellip;]<\/p>\n","protected":false},"author":2,"featured_media":3036,"comment_status":"closed","ping_status":"open","sticky":false,"template":"","format":"standard","meta":{"_et_pb_use_builder":"","_et_pb_old_content":"","_et_gb_content_width":"","footnotes":""},"categories":[24],"tags":[],"class_list":["post-3033","post","type-post","status-publish","format-standard","has-post-thumbnail","hentry","category-san-blas"],"yoast_head":"<!-- This site is optimized with the Yoast SEO plugin v27.4 - https:\/\/yoast.com\/product\/yoast-seo-wordpress\/ -->\n<title>Hotels in Tepic | Hoteles Fray \u2013 Complimentary Buffet Breakfast<\/title>\n<meta name=\"description\" content=\"Looking for hotels in Tepic? Hoteles Fray offers the best location, complimentary buffet breakfast, free WiFi, and flexible cancellation. Book directly with no deposit!\" \/>\n<meta name=\"robots\" content=\"index, follow, max-snippet:-1, max-image-preview:large, max-video-preview:-1\" \/>\n<link rel=\"canonical\" href=\"https:\/\/hotelesfray.com\/en\/2022\/02\/26\/aldea-ojo-del-cielo-el-lugar-ideal-para-conectarte-con-la-naturaleza\/\" \/>\n<meta property=\"og:locale\" content=\"en_US\" \/>\n<meta property=\"og:type\" content=\"article\" \/>\n<meta property=\"og:title\" content=\"Hotels in Tepic | Hoteles Fray \u2013 Complimentary Buffet Breakfast\" \/>\n<meta property=\"og:description\" content=\"Looking for hotels in Tepic? Hoteles Fray offers the best location, complimentary buffet breakfast, free WiFi, and flexible cancellation. Book directly with no deposit!\" \/>\n<meta property=\"og:url\" content=\"https:\/\/hotelesfray.com\/en\/2022\/02\/26\/aldea-ojo-del-cielo-el-lugar-ideal-para-conectarte-con-la-naturaleza\/\" \/>\n<meta property=\"og:site_name\" content=\"Hoteles Fray\" \/>\n<meta property=\"article:published_time\" content=\"2022-02-26T18:44:01+00:00\" \/>\n<meta property=\"article:modified_time\" content=\"2025-02-24T00:33:53+00:00\" \/>\n<meta property=\"og:image\" content=\"https:\/\/hotelesfray.com\/wp-content\/uploads\/2022\/02\/OjoDelCielo2-1024x538.jpg\" \/>\n\t<meta property=\"og:image:width\" content=\"1024\" \/>\n\t<meta property=\"og:image:height\" content=\"538\" \/>\n\t<meta property=\"og:image:type\" content=\"image\/jpeg\" \/>\n<meta name=\"author\" content=\"Eduardo Lopez\" \/>\n<meta name=\"twitter:card\" content=\"summary_large_image\" \/>\n<meta name=\"twitter:label1\" content=\"Written by\" \/>\n\t<meta name=\"twitter:data1\" content=\"Eduardo Lopez\" \/>\n\t<meta name=\"twitter:label2\" content=\"Est. reading time\" \/>\n\t<meta name=\"twitter:data2\" content=\"2 minutes\" \/>\n<script type=\"application\/ld+json\" class=\"yoast-schema-graph\">{\"@context\":\"https:\\\/\\\/schema.org\",\"@graph\":[{\"@type\":[\"Article\",\"BlogPosting\"],\"@id\":\"https:\\\/\\\/hotelesfray.com\\\/2022\\\/02\\\/26\\\/aldea-ojo-del-cielo-el-lugar-ideal-para-conectarte-con-la-naturaleza\\\/#article\",\"isPartOf\":{\"@id\":\"https:\\\/\\\/hotelesfray.com\\\/2022\\\/02\\\/26\\\/aldea-ojo-del-cielo-el-lugar-ideal-para-conectarte-con-la-naturaleza\\\/\"},\"author\":{\"name\":\"Eduardo Lopez\",\"@id\":\"https:\\\/\\\/hotelesfray.com\\\/#\\\/schema\\\/person\\\/1a3f5909146e66cdba9aa8b37f1858e1\"},\"headline\":\"Aldea Ojo del Cielo: el lugar ideal para conectarte con la naturaleza\",\"datePublished\":\"2022-02-26T18:44:01+00:00\",\"dateModified\":\"2025-02-24T00:33:53+00:00\",\"mainEntityOfPage\":{\"@id\":\"https:\\\/\\\/hotelesfray.com\\\/2022\\\/02\\\/26\\\/aldea-ojo-del-cielo-el-lugar-ideal-para-conectarte-con-la-naturaleza\\\/\"},\"wordCount\":380,\"publisher\":{\"@id\":\"https:\\\/\\\/hotelesfray.com\\\/#organization\"},\"image\":{\"@id\":\"https:\\\/\\\/hotelesfray.com\\\/2022\\\/02\\\/26\\\/aldea-ojo-del-cielo-el-lugar-ideal-para-conectarte-con-la-naturaleza\\\/#primaryimage\"},\"thumbnailUrl\":\"https:\\\/\\\/hotelesfray.com\\\/wp-content\\\/uploads\\\/2022\\\/02\\\/OjoDelCielo2.jpg\",\"articleSection\":[\"San Blas\"],\"inLanguage\":\"en-US\"},{\"@type\":\"WebPage\",\"@id\":\"https:\\\/\\\/hotelesfray.com\\\/2022\\\/02\\\/26\\\/aldea-ojo-del-cielo-el-lugar-ideal-para-conectarte-con-la-naturaleza\\\/\",\"url\":\"https:\\\/\\\/hotelesfray.com\\\/2022\\\/02\\\/26\\\/aldea-ojo-del-cielo-el-lugar-ideal-para-conectarte-con-la-naturaleza\\\/\",\"name\":\"Aldea Ojo del Cielo: el lugar ideal para conectarte con la naturaleza | Hoteles Fray\",\"isPartOf\":{\"@id\":\"https:\\\/\\\/hotelesfray.com\\\/#website\"},\"primaryImageOfPage\":{\"@id\":\"https:\\\/\\\/hotelesfray.com\\\/2022\\\/02\\\/26\\\/aldea-ojo-del-cielo-el-lugar-ideal-para-conectarte-con-la-naturaleza\\\/#primaryimage\"},\"image\":{\"@id\":\"https:\\\/\\\/hotelesfray.com\\\/2022\\\/02\\\/26\\\/aldea-ojo-del-cielo-el-lugar-ideal-para-conectarte-con-la-naturaleza\\\/#primaryimage\"},\"thumbnailUrl\":\"https:\\\/\\\/hotelesfray.com\\\/wp-content\\\/uploads\\\/2022\\\/02\\\/OjoDelCielo2.jpg\",\"datePublished\":\"2022-02-26T18:44:01+00:00\",\"dateModified\":\"2025-02-24T00:33:53+00:00\",\"breadcrumb\":{\"@id\":\"https:\\\/\\\/hotelesfray.com\\\/2022\\\/02\\\/26\\\/aldea-ojo-del-cielo-el-lugar-ideal-para-conectarte-con-la-naturaleza\\\/#breadcrumb\"},\"inLanguage\":\"en-US\",\"potentialAction\":[{\"@type\":\"ReadAction\",\"target\":[\"https:\\\/\\\/hotelesfray.com\\\/2022\\\/02\\\/26\\\/aldea-ojo-del-cielo-el-lugar-ideal-para-conectarte-con-la-naturaleza\\\/\"]}]},{\"@type\":\"ImageObject\",\"inLanguage\":\"en-US\",\"@id\":\"https:\\\/\\\/hotelesfray.com\\\/2022\\\/02\\\/26\\\/aldea-ojo-del-cielo-el-lugar-ideal-para-conectarte-con-la-naturaleza\\\/#primaryimage\",\"url\":\"https:\\\/\\\/hotelesfray.com\\\/wp-content\\\/uploads\\\/2022\\\/02\\\/OjoDelCielo2.jpg\",\"contentUrl\":\"https:\\\/\\\/hotelesfray.com\\\/wp-content\\\/uploads\\\/2022\\\/02\\\/OjoDelCielo2.jpg\",\"width\":2000,\"height\":1050},{\"@type\":\"BreadcrumbList\",\"@id\":\"https:\\\/\\\/hotelesfray.com\\\/2022\\\/02\\\/26\\\/aldea-ojo-del-cielo-el-lugar-ideal-para-conectarte-con-la-naturaleza\\\/#breadcrumb\",\"itemListElement\":[{\"@type\":\"ListItem\",\"position\":1,\"name\":\"San Blas\",\"item\":\"https:\\\/\\\/hotelesfray.com\\\/category\\\/san-blas\\\/\"},{\"@type\":\"ListItem\",\"position\":2,\"name\":\"Aldea Ojo del Cielo: el lugar ideal para conectarte con la naturaleza\"}]},{\"@type\":\"WebSite\",\"@id\":\"https:\\\/\\\/hotelesfray.com\\\/#website\",\"url\":\"https:\\\/\\\/hotelesfray.com\\\/\",\"name\":\"Hoteles Fray\",\"description\":\"Los Mejores Hoteles en el Centro de Tepic, Nayarit\",\"publisher\":{\"@id\":\"https:\\\/\\\/hotelesfray.com\\\/#organization\"},\"potentialAction\":[{\"@type\":\"SearchAction\",\"target\":{\"@type\":\"EntryPoint\",\"urlTemplate\":\"https:\\\/\\\/hotelesfray.com\\\/?s={search_term_string}\"},\"query-input\":{\"@type\":\"PropertyValueSpecification\",\"valueRequired\":true,\"valueName\":\"search_term_string\"}}],\"inLanguage\":\"en-US\"},{\"@type\":\"Organization\",\"@id\":\"https:\\\/\\\/hotelesfray.com\\\/#organization\",\"name\":\"Hoteles Fray\",\"url\":\"https:\\\/\\\/hotelesfray.com\\\/\",\"logo\":{\"@type\":\"ImageObject\",\"inLanguage\":\"en-US\",\"@id\":\"https:\\\/\\\/hotelesfray.com\\\/#\\\/schema\\\/logo\\\/image\\\/\",\"url\":\"https:\\\/\\\/hotelesfray.com\\\/wp-content\\\/uploads\\\/2023\\\/01\\\/HotelesFray-cuadro.png\",\"contentUrl\":\"https:\\\/\\\/hotelesfray.com\\\/wp-content\\\/uploads\\\/2023\\\/01\\\/HotelesFray-cuadro.png\",\"width\":2200,\"height\":2200,\"caption\":\"Hoteles Fray\"},\"image\":{\"@id\":\"https:\\\/\\\/hotelesfray.com\\\/#\\\/schema\\\/logo\\\/image\\\/\"}},{\"@type\":\"Person\",\"@id\":\"https:\\\/\\\/hotelesfray.com\\\/#\\\/schema\\\/person\\\/1a3f5909146e66cdba9aa8b37f1858e1\",\"name\":\"Eduardo Lopez\",\"image\":{\"@type\":\"ImageObject\",\"inLanguage\":\"en-US\",\"@id\":\"https:\\\/\\\/secure.gravatar.com\\\/avatar\\\/3d6f41a002d28c6845cb55b565f68141a241a36951b539d6f4dbddac28595734?s=96&d=mm&r=g\",\"url\":\"https:\\\/\\\/secure.gravatar.com\\\/avatar\\\/3d6f41a002d28c6845cb55b565f68141a241a36951b539d6f4dbddac28595734?s=96&d=mm&r=g\",\"contentUrl\":\"https:\\\/\\\/secure.gravatar.com\\\/avatar\\\/3d6f41a002d28c6845cb55b565f68141a241a36951b539d6f4dbddac28595734?s=96&d=mm&r=g\",\"caption\":\"Eduardo Lopez\"},\"url\":\"https:\\\/\\\/hotelesfray.com\\\/en\\\/author\\\/gente\\\/\"}]}<\/script>\n<!-- \/ Yoast SEO plugin. -->","yoast_head_json":{"title":"Hotels in Tepic | Hoteles Fray \u2013 Complimentary Buffet Breakfast","description":"Looking for hotels in Tepic? Hoteles Fray offers the best location, complimentary buffet breakfast, free WiFi, and flexible cancellation. Book directly with no deposit!","robots":{"index":"index","follow":"follow","max-snippet":"max-snippet:-1","max-image-preview":"max-image-preview:large","max-video-preview":"max-video-preview:-1"},"canonical":"https:\/\/hotelesfray.com\/en\/2022\/02\/26\/aldea-ojo-del-cielo-el-lugar-ideal-para-conectarte-con-la-naturaleza\/","og_locale":"en_US","og_type":"article","og_title":"Hotels in Tepic | Hoteles Fray \u2013 Complimentary Buffet Breakfast","og_description":"Looking for hotels in Tepic? Hoteles Fray offers the best location, complimentary buffet breakfast, free WiFi, and flexible cancellation. Book directly with no deposit!","og_url":"https:\/\/hotelesfray.com\/en\/2022\/02\/26\/aldea-ojo-del-cielo-el-lugar-ideal-para-conectarte-con-la-naturaleza\/","og_site_name":"Hoteles Fray","article_published_time":"2022-02-26T18:44:01+00:00","article_modified_time":"2025-02-24T00:33:53+00:00","og_image":[{"width":1024,"height":538,"url":"https:\/\/hotelesfray.com\/wp-content\/uploads\/2022\/02\/OjoDelCielo2-1024x538.jpg","type":"image\/jpeg"}],"author":"Eduardo Lopez","twitter_card":"summary_large_image","twitter_misc":{"Written by":"Eduardo Lopez","Est. reading time":"2 minutes"},"schema":{"@context":"https:\/\/schema.org","@graph":[{"@type":["Article","BlogPosting"],"@id":"https:\/\/hotelesfray.com\/2022\/02\/26\/aldea-ojo-del-cielo-el-lugar-ideal-para-conectarte-con-la-naturaleza\/#article","isPartOf":{"@id":"https:\/\/hotelesfray.com\/2022\/02\/26\/aldea-ojo-del-cielo-el-lugar-ideal-para-conectarte-con-la-naturaleza\/"},"author":{"name":"Eduardo Lopez","@id":"https:\/\/hotelesfray.com\/#\/schema\/person\/1a3f5909146e66cdba9aa8b37f1858e1"},"headline":"Aldea Ojo del Cielo: el lugar ideal para conectarte con la naturaleza","datePublished":"2022-02-26T18:44:01+00:00","dateModified":"2025-02-24T00:33:53+00:00","mainEntityOfPage":{"@id":"https:\/\/hotelesfray.com\/2022\/02\/26\/aldea-ojo-del-cielo-el-lugar-ideal-para-conectarte-con-la-naturaleza\/"},"wordCount":380,"publisher":{"@id":"https:\/\/hotelesfray.com\/#organization"},"image":{"@id":"https:\/\/hotelesfray.com\/2022\/02\/26\/aldea-ojo-del-cielo-el-lugar-ideal-para-conectarte-con-la-naturaleza\/#primaryimage"},"thumbnailUrl":"https:\/\/hotelesfray.com\/wp-content\/uploads\/2022\/02\/OjoDelCielo2.jpg","articleSection":["San Blas"],"inLanguage":"en-US"},{"@type":"WebPage","@id":"https:\/\/hotelesfray.com\/2022\/02\/26\/aldea-ojo-del-cielo-el-lugar-ideal-para-conectarte-con-la-naturaleza\/","url":"https:\/\/hotelesfray.com\/2022\/02\/26\/aldea-ojo-del-cielo-el-lugar-ideal-para-conectarte-con-la-naturaleza\/","name":"Aldea Ojo del Cielo: el lugar ideal para conectarte con la naturaleza | Hoteles Fray","isPartOf":{"@id":"https:\/\/hotelesfray.com\/#website"},"primaryImageOfPage":{"@id":"https:\/\/hotelesfray.com\/2022\/02\/26\/aldea-ojo-del-cielo-el-lugar-ideal-para-conectarte-con-la-naturaleza\/#primaryimage"},"image":{"@id":"https:\/\/hotelesfray.com\/2022\/02\/26\/aldea-ojo-del-cielo-el-lugar-ideal-para-conectarte-con-la-naturaleza\/#primaryimage"},"thumbnailUrl":"https:\/\/hotelesfray.com\/wp-content\/uploads\/2022\/02\/OjoDelCielo2.jpg","datePublished":"2022-02-26T18:44:01+00:00","dateModified":"2025-02-24T00:33:53+00:00","breadcrumb":{"@id":"https:\/\/hotelesfray.com\/2022\/02\/26\/aldea-ojo-del-cielo-el-lugar-ideal-para-conectarte-con-la-naturaleza\/#breadcrumb"},"inLanguage":"en-US","potentialAction":[{"@type":"ReadAction","target":["https:\/\/hotelesfray.com\/2022\/02\/26\/aldea-ojo-del-cielo-el-lugar-ideal-para-conectarte-con-la-naturaleza\/"]}]},{"@type":"ImageObject","inLanguage":"en-US","@id":"https:\/\/hotelesfray.com\/2022\/02\/26\/aldea-ojo-del-cielo-el-lugar-ideal-para-conectarte-con-la-naturaleza\/#primaryimage","url":"https:\/\/hotelesfray.com\/wp-content\/uploads\/2022\/02\/OjoDelCielo2.jpg","contentUrl":"https:\/\/hotelesfray.com\/wp-content\/uploads\/2022\/02\/OjoDelCielo2.jpg","width":2000,"height":1050},{"@type":"BreadcrumbList","@id":"https:\/\/hotelesfray.com\/2022\/02\/26\/aldea-ojo-del-cielo-el-lugar-ideal-para-conectarte-con-la-naturaleza\/#breadcrumb","itemListElement":[{"@type":"ListItem","position":1,"name":"San Blas","item":"https:\/\/hotelesfray.com\/category\/san-blas\/"},{"@type":"ListItem","position":2,"name":"Aldea Ojo del Cielo: el lugar ideal para conectarte con la naturaleza"}]},{"@type":"WebSite","@id":"https:\/\/hotelesfray.com\/#website","url":"https:\/\/hotelesfray.com\/","name":"Hoteles Fray","description":"Los Mejores Hoteles en el Centro de Tepic, Nayarit","publisher":{"@id":"https:\/\/hotelesfray.com\/#organization"},"potentialAction":[{"@type":"SearchAction","target":{"@type":"EntryPoint","urlTemplate":"https:\/\/hotelesfray.com\/?s={search_term_string}"},"query-input":{"@type":"PropertyValueSpecification","valueRequired":true,"valueName":"search_term_string"}}],"inLanguage":"en-US"},{"@type":"Organization","@id":"https:\/\/hotelesfray.com\/#organization","name":"Hoteles Fray","url":"https:\/\/hotelesfray.com\/","logo":{"@type":"ImageObject","inLanguage":"en-US","@id":"https:\/\/hotelesfray.com\/#\/schema\/logo\/image\/","url":"https:\/\/hotelesfray.com\/wp-content\/uploads\/2023\/01\/HotelesFray-cuadro.png","contentUrl":"https:\/\/hotelesfray.com\/wp-content\/uploads\/2023\/01\/HotelesFray-cuadro.png","width":2200,"height":2200,"caption":"Hoteles Fray"},"image":{"@id":"https:\/\/hotelesfray.com\/#\/schema\/logo\/image\/"}},{"@type":"Person","@id":"https:\/\/hotelesfray.com\/#\/schema\/person\/1a3f5909146e66cdba9aa8b37f1858e1","name":"Eduardo Lopez","image":{"@type":"ImageObject","inLanguage":"en-US","@id":"https:\/\/secure.gravatar.com\/avatar\/3d6f41a002d28c6845cb55b565f68141a241a36951b539d6f4dbddac28595734?s=96&d=mm&r=g","url":"https:\/\/secure.gravatar.com\/avatar\/3d6f41a002d28c6845cb55b565f68141a241a36951b539d6f4dbddac28595734?s=96&d=mm&r=g","contentUrl":"https:\/\/secure.gravatar.com\/avatar\/3d6f41a002d28c6845cb55b565f68141a241a36951b539d6f4dbddac28595734?s=96&d=mm&r=g","caption":"Eduardo Lopez"},"url":"https:\/\/hotelesfray.com\/en\/author\/gente\/"}]}},"_links":{"self":[{"href":"https:\/\/hotelesfray.com\/en\/wp-json\/wp\/v2\/posts\/3033","targetHints":{"allow":["GET"]}}],"collection":[{"href":"https:\/\/hotelesfray.com\/en\/wp-json\/wp\/v2\/posts"}],"about":[{"href":"https:\/\/hotelesfray.com\/en\/wp-json\/wp\/v2\/types\/post"}],"author":[{"embeddable":true,"href":"https:\/\/hotelesfray.com\/en\/wp-json\/wp\/v2\/users\/2"}],"replies":[{"embeddable":true,"href":"https:\/\/hotelesfray.com\/en\/wp-json\/wp\/v2\/comments?post=3033"}],"version-history":[{"count":2,"href":"https:\/\/hotelesfray.com\/en\/wp-json\/wp\/v2\/posts\/3033\/revisions"}],"predecessor-version":[{"id":3040,"href":"https:\/\/hotelesfray.com\/en\/wp-json\/wp\/v2\/posts\/3033\/revisions\/3040"}],"wp:featuredmedia":[{"embeddable":true,"href":"https:\/\/hotelesfray.com\/en\/wp-json\/wp\/v2\/media\/3036"}],"wp:attachment":[{"href":"https:\/\/hotelesfray.com\/en\/wp-json\/wp\/v2\/media?parent=3033"}],"wp:term":[{"taxonomy":"category","embeddable":true,"href":"https:\/\/hotelesfray.com\/en\/wp-json\/wp\/v2\/categories?post=3033"},{"taxonomy":"post_tag","embeddable":true,"href":"https:\/\/hotelesfray.com\/en\/wp-json\/wp\/v2\/tags?post=3033"}],"curies":[{"name":"wp","href":"https:\/\/api.w.org\/{rel}","templated":true}]}}