{"id":3110,"date":"2022-04-20T11:33:24","date_gmt":"2022-04-20T15:33:24","guid":{"rendered":"https:\/\/hotelfrayjunipero.com\/?p=3110"},"modified":"2025-02-23T20:33:53","modified_gmt":"2025-02-24T00:33:53","slug":"la-alberca-de-piedra-una-maravilla-en-ixtlan-del-rio","status":"publish","type":"post","link":"https:\/\/hotelesfray.com\/en\/2022\/04\/20\/la-alberca-de-piedra-una-maravilla-en-ixtlan-del-rio\/","title":{"rendered":"La Alberca de Piedra, una maravilla en Ixtl\u00e1n del R\u00edo"},"content":{"rendered":"<div class=\"wp-block-image\"><figure class=\"alignright size-medium\"><img loading=\"lazy\" decoding=\"async\" width=\"169\" height=\"300\" src=\"https:\/\/hotelfrayjunipero.com\/wp-content\/uploads\/2022\/04\/AlbercaPiedra1-169x300.jpg\" alt=\"\" class=\"wp-image-3113\"\/><\/figure><\/div>\n\n\n\n<p>La <strong>Alberca de Piedra <\/strong>se localiza en el municipio de Ixtl\u00e1n del R\u00edo, Nayarit, rumbo al camino que conduce a \u201cLa haciendota\u201d . Es un lugar completamente natural cuya alberca es llenada con agua de manantial limpia, fresca y sobre todo libre de qu\u00edmicos o tratamientos artificiales.<\/p>\n\n\n\n<p>Es un hermoso lugar para relajarse y pasar un momento agradable, la naturaleza que la rodea es realmente encantadora, tiene una incre\u00edble cascada que sirve como un fascinante hidromasaje.<\/p>\n\n\n\n<p>Tiene grandes \u00e1reas con asadores para que ah\u00ed mismo prepares tus alimentos y convivas con tu familia. El clima del lugar es muy agradable ya que cuenta con gran vegetaci\u00f3n y \u00e1rboles que brindan una fresca sombra y que tambi\u00e9n contribuyen a crear el ambiente tan \u00fanico de la alberca de piedra.<\/p>\n\n\n\n<p>Cuenta con \u00e1rea de ba\u00f1os los cuales est\u00e1n en excelente estado, limpios y con agua potable, que contribuyen a tu comodidad al visitar este balneario natural.<\/p>\n\n\n\n<p>Una parte que destaca de este lugar es una casita que esta en un \u00e1rbol, llamada \u201cLa caba\u00f1a del vaquero\u201d la cual es propicia para subir y tomarse la t\u00edpica foto del recuerdo, aunque en cualquier parte de \u201cde piedra\u201d tendr\u00e1s excelentes panor\u00e1micas que har\u00e1n tu paseo inolvidable.<\/p>\n\n\n\n<p>Te invitamos a conocer la alberca \u201cde piedra\u201d explora cada rinc\u00f3n y disfruta las maravillas que te ofrece el estado de Nayarit.<\/p>\n\n\n\n<figure class=\"wp-block-gallery has-nested-images columns-default is-cropped wp-block-gallery-1 is-layout-flex wp-block-gallery-is-layout-flex\">\n<figure class=\"wp-block-image size-large\"><img loading=\"lazy\" decoding=\"async\" width=\"720\" height=\"720\" data-id=\"3115\" src=\"https:\/\/hotelfrayjunipero.com\/wp-content\/uploads\/2022\/04\/AlbercaPiedra3.jpg\" alt=\"\" class=\"wp-image-3115\" srcset=\"https:\/\/hotelfrayjunipero.com\/wp-content\/uploads\/2022\/04\/AlbercaPiedra3.jpg 720w, https:\/\/hotelfrayjunipero.com\/wp-content\/uploads\/2022\/04\/AlbercaPiedra3-480x480.jpg 480w\" sizes=\"(min-width: 0px) and (max-width: 480px) 480px, (min-width: 481px) 720px, 100vw\" \/><\/figure>\n\n\n\n<figure class=\"wp-block-image size-large\"><img loading=\"lazy\" decoding=\"async\" width=\"960\" height=\"720\" data-id=\"3114\" src=\"https:\/\/hotelfrayjunipero.com\/wp-content\/uploads\/2022\/04\/AlbercaPiedra2.jpg\" alt=\"\" class=\"wp-image-3114\" srcset=\"https:\/\/hotelfrayjunipero.com\/wp-content\/uploads\/2022\/04\/AlbercaPiedra2.jpg 960w, https:\/\/hotelfrayjunipero.com\/wp-content\/uploads\/2022\/04\/AlbercaPiedra2-480x360.jpg 480w\" sizes=\"(min-width: 0px) and (max-width: 480px) 480px, (min-width: 481px) 960px, 100vw\" \/><\/figure>\n\n\n\n<figure class=\"wp-block-image size-large\"><img loading=\"lazy\" decoding=\"async\" width=\"960\" height=\"720\" data-id=\"3116\" src=\"https:\/\/hotelfrayjunipero.com\/wp-content\/uploads\/2022\/04\/AlbercaPiedra4.jpg\" alt=\"\" class=\"wp-image-3116\" srcset=\"https:\/\/hotelfrayjunipero.com\/wp-content\/uploads\/2022\/04\/AlbercaPiedra4.jpg 960w, https:\/\/hotelfrayjunipero.com\/wp-content\/uploads\/2022\/04\/AlbercaPiedra4-480x360.jpg 480w\" sizes=\"(min-width: 0px) and (max-width: 480px) 480px, (min-width: 481px) 960px, 100vw\" \/><\/figure>\n\n\n\n<figure class=\"wp-block-image size-large\"><img loading=\"lazy\" decoding=\"async\" width=\"960\" height=\"720\" data-id=\"3117\" src=\"https:\/\/hotelfrayjunipero.com\/wp-content\/uploads\/2022\/04\/AlbercaPiedra5.jpg\" alt=\"\" class=\"wp-image-3117\" srcset=\"https:\/\/hotelfrayjunipero.com\/wp-content\/uploads\/2022\/04\/AlbercaPiedra5.jpg 960w, https:\/\/hotelfrayjunipero.com\/wp-content\/uploads\/2022\/04\/AlbercaPiedra5-480x360.jpg 480w\" sizes=\"(min-width: 0px) and (max-width: 480px) 480px, (min-width: 481px) 960px, 100vw\" \/><\/figure>\n<\/figure>\n\n\n\n<p>Con informaci\u00f3n de GenteNayarit.com<\/p>","protected":false},"excerpt":{"rendered":"<p>La Alberca de Piedra se localiza en el municipio de Ixtl\u00e1n del R\u00edo, Nayarit, rumbo al camino que conduce a \u201cLa haciendota\u201d . Es un lugar completamente natural cuya alberca es llenada con agua de manantial limpia, fresca y sobre todo libre de qu\u00edmicos o tratamientos artificiales. Es un hermoso lugar para relajarse y pasar [&hellip;]<\/p>\n","protected":false},"author":2,"featured_media":3112,"comment_status":"closed","ping_status":"open","sticky":false,"template":"","format":"standard","meta":{"_et_pb_use_builder":"","_et_pb_old_content":"","_et_gb_content_width":"","footnotes":""},"categories":[46],"tags":[],"class_list":["post-3110","post","type-post","status-publish","format-standard","has-post-thumbnail","hentry","category-ixtlan-del-rio"],"yoast_head":"<!-- This site is optimized with the Yoast SEO plugin v27.4 - https:\/\/yoast.com\/product\/yoast-seo-wordpress\/ -->\n<title>Hotels in Tepic | Hoteles Fray \u2013 Complimentary Buffet Breakfast<\/title>\n<meta name=\"description\" content=\"Looking for hotels in Tepic? Hoteles Fray offers the best location, complimentary buffet breakfast, free WiFi, and flexible cancellation. Book directly with no deposit!\" \/>\n<meta name=\"robots\" content=\"index, follow, max-snippet:-1, max-image-preview:large, max-video-preview:-1\" \/>\n<link rel=\"canonical\" href=\"https:\/\/hotelesfray.com\/en\/2022\/04\/20\/la-alberca-de-piedra-una-maravilla-en-ixtlan-del-rio\/\" \/>\n<meta property=\"og:locale\" content=\"en_US\" \/>\n<meta property=\"og:type\" content=\"article\" \/>\n<meta property=\"og:title\" content=\"Hotels in Tepic | Hoteles Fray \u2013 Complimentary Buffet Breakfast\" \/>\n<meta property=\"og:description\" content=\"Looking for hotels in Tepic? Hoteles Fray offers the best location, complimentary buffet breakfast, free WiFi, and flexible cancellation. Book directly with no deposit!\" \/>\n<meta property=\"og:url\" content=\"https:\/\/hotelesfray.com\/en\/2022\/04\/20\/la-alberca-de-piedra-una-maravilla-en-ixtlan-del-rio\/\" \/>\n<meta property=\"og:site_name\" content=\"Hoteles Fray\" \/>\n<meta property=\"article:published_time\" content=\"2022-04-20T15:33:24+00:00\" \/>\n<meta property=\"article:modified_time\" content=\"2025-02-24T00:33:53+00:00\" \/>\n<meta property=\"og:image\" content=\"https:\/\/hotelesfray.com\/wp-content\/uploads\/2022\/04\/AlbercaPiedra0.jpg\" \/>\n\t<meta property=\"og:image:width\" content=\"960\" \/>\n\t<meta property=\"og:image:height\" content=\"640\" \/>\n\t<meta property=\"og:image:type\" content=\"image\/jpeg\" \/>\n<meta name=\"author\" content=\"Eduardo Lopez\" \/>\n<meta name=\"twitter:card\" content=\"summary_large_image\" \/>\n<meta name=\"twitter:label1\" content=\"Written by\" \/>\n\t<meta name=\"twitter:data1\" content=\"Eduardo Lopez\" \/>\n\t<meta name=\"twitter:label2\" content=\"Est. reading time\" \/>\n\t<meta name=\"twitter:data2\" content=\"3 minutes\" \/>\n<script type=\"application\/ld+json\" class=\"yoast-schema-graph\">{\"@context\":\"https:\\\/\\\/schema.org\",\"@graph\":[{\"@type\":[\"Article\",\"BlogPosting\"],\"@id\":\"https:\\\/\\\/hotelesfray.com\\\/2022\\\/04\\\/20\\\/la-alberca-de-piedra-una-maravilla-en-ixtlan-del-rio\\\/#article\",\"isPartOf\":{\"@id\":\"https:\\\/\\\/hotelesfray.com\\\/2022\\\/04\\\/20\\\/la-alberca-de-piedra-una-maravilla-en-ixtlan-del-rio\\\/\"},\"author\":{\"name\":\"Eduardo Lopez\",\"@id\":\"https:\\\/\\\/hotelesfray.com\\\/#\\\/schema\\\/person\\\/1a3f5909146e66cdba9aa8b37f1858e1\"},\"headline\":\"La Alberca de Piedra, una maravilla en Ixtl\u00e1n del R\u00edo\",\"datePublished\":\"2022-04-20T15:33:24+00:00\",\"dateModified\":\"2025-02-24T00:33:53+00:00\",\"mainEntityOfPage\":{\"@id\":\"https:\\\/\\\/hotelesfray.com\\\/2022\\\/04\\\/20\\\/la-alberca-de-piedra-una-maravilla-en-ixtlan-del-rio\\\/\"},\"wordCount\":255,\"publisher\":{\"@id\":\"https:\\\/\\\/hotelesfray.com\\\/#organization\"},\"image\":{\"@id\":\"https:\\\/\\\/hotelesfray.com\\\/2022\\\/04\\\/20\\\/la-alberca-de-piedra-una-maravilla-en-ixtlan-del-rio\\\/#primaryimage\"},\"thumbnailUrl\":\"https:\\\/\\\/hotelesfray.com\\\/wp-content\\\/uploads\\\/2022\\\/04\\\/AlbercaPiedra0.jpg\",\"articleSection\":[\"Ixtl\u00e1n del R\u00edo\"],\"inLanguage\":\"en-US\"},{\"@type\":\"WebPage\",\"@id\":\"https:\\\/\\\/hotelesfray.com\\\/2022\\\/04\\\/20\\\/la-alberca-de-piedra-una-maravilla-en-ixtlan-del-rio\\\/\",\"url\":\"https:\\\/\\\/hotelesfray.com\\\/2022\\\/04\\\/20\\\/la-alberca-de-piedra-una-maravilla-en-ixtlan-del-rio\\\/\",\"name\":\"La Alberca de Piedra, una maravilla en Ixtl\u00e1n del R\u00edo | Hoteles Fray\",\"isPartOf\":{\"@id\":\"https:\\\/\\\/hotelesfray.com\\\/#website\"},\"primaryImageOfPage\":{\"@id\":\"https:\\\/\\\/hotelesfray.com\\\/2022\\\/04\\\/20\\\/la-alberca-de-piedra-una-maravilla-en-ixtlan-del-rio\\\/#primaryimage\"},\"image\":{\"@id\":\"https:\\\/\\\/hotelesfray.com\\\/2022\\\/04\\\/20\\\/la-alberca-de-piedra-una-maravilla-en-ixtlan-del-rio\\\/#primaryimage\"},\"thumbnailUrl\":\"https:\\\/\\\/hotelesfray.com\\\/wp-content\\\/uploads\\\/2022\\\/04\\\/AlbercaPiedra0.jpg\",\"datePublished\":\"2022-04-20T15:33:24+00:00\",\"dateModified\":\"2025-02-24T00:33:53+00:00\",\"breadcrumb\":{\"@id\":\"https:\\\/\\\/hotelesfray.com\\\/2022\\\/04\\\/20\\\/la-alberca-de-piedra-una-maravilla-en-ixtlan-del-rio\\\/#breadcrumb\"},\"inLanguage\":\"en-US\",\"potentialAction\":[{\"@type\":\"ReadAction\",\"target\":[\"https:\\\/\\\/hotelesfray.com\\\/2022\\\/04\\\/20\\\/la-alberca-de-piedra-una-maravilla-en-ixtlan-del-rio\\\/\"]}]},{\"@type\":\"ImageObject\",\"inLanguage\":\"en-US\",\"@id\":\"https:\\\/\\\/hotelesfray.com\\\/2022\\\/04\\\/20\\\/la-alberca-de-piedra-una-maravilla-en-ixtlan-del-rio\\\/#primaryimage\",\"url\":\"https:\\\/\\\/hotelesfray.com\\\/wp-content\\\/uploads\\\/2022\\\/04\\\/AlbercaPiedra0.jpg\",\"contentUrl\":\"https:\\\/\\\/hotelesfray.com\\\/wp-content\\\/uploads\\\/2022\\\/04\\\/AlbercaPiedra0.jpg\",\"width\":960,\"height\":640},{\"@type\":\"BreadcrumbList\",\"@id\":\"https:\\\/\\\/hotelesfray.com\\\/2022\\\/04\\\/20\\\/la-alberca-de-piedra-una-maravilla-en-ixtlan-del-rio\\\/#breadcrumb\",\"itemListElement\":[{\"@type\":\"ListItem\",\"position\":1,\"name\":\"Ixtl\u00e1n del R\u00edo\",\"item\":\"https:\\\/\\\/hotelesfray.com\\\/category\\\/ixtlan-del-rio\\\/\"},{\"@type\":\"ListItem\",\"position\":2,\"name\":\"La Alberca de Piedra, una maravilla en Ixtl\u00e1n del R\u00edo\"}]},{\"@type\":\"WebSite\",\"@id\":\"https:\\\/\\\/hotelesfray.com\\\/#website\",\"url\":\"https:\\\/\\\/hotelesfray.com\\\/\",\"name\":\"Hoteles Fray\",\"description\":\"Los Mejores Hoteles en el Centro de Tepic, Nayarit\",\"publisher\":{\"@id\":\"https:\\\/\\\/hotelesfray.com\\\/#organization\"},\"potentialAction\":[{\"@type\":\"SearchAction\",\"target\":{\"@type\":\"EntryPoint\",\"urlTemplate\":\"https:\\\/\\\/hotelesfray.com\\\/?s={search_term_string}\"},\"query-input\":{\"@type\":\"PropertyValueSpecification\",\"valueRequired\":true,\"valueName\":\"search_term_string\"}}],\"inLanguage\":\"en-US\"},{\"@type\":\"Organization\",\"@id\":\"https:\\\/\\\/hotelesfray.com\\\/#organization\",\"name\":\"Hoteles Fray\",\"url\":\"https:\\\/\\\/hotelesfray.com\\\/\",\"logo\":{\"@type\":\"ImageObject\",\"inLanguage\":\"en-US\",\"@id\":\"https:\\\/\\\/hotelesfray.com\\\/#\\\/schema\\\/logo\\\/image\\\/\",\"url\":\"https:\\\/\\\/hotelesfray.com\\\/wp-content\\\/uploads\\\/2023\\\/01\\\/HotelesFray-cuadro.png\",\"contentUrl\":\"https:\\\/\\\/hotelesfray.com\\\/wp-content\\\/uploads\\\/2023\\\/01\\\/HotelesFray-cuadro.png\",\"width\":2200,\"height\":2200,\"caption\":\"Hoteles Fray\"},\"image\":{\"@id\":\"https:\\\/\\\/hotelesfray.com\\\/#\\\/schema\\\/logo\\\/image\\\/\"}},{\"@type\":\"Person\",\"@id\":\"https:\\\/\\\/hotelesfray.com\\\/#\\\/schema\\\/person\\\/1a3f5909146e66cdba9aa8b37f1858e1\",\"name\":\"Eduardo Lopez\",\"image\":{\"@type\":\"ImageObject\",\"inLanguage\":\"en-US\",\"@id\":\"https:\\\/\\\/secure.gravatar.com\\\/avatar\\\/3d6f41a002d28c6845cb55b565f68141a241a36951b539d6f4dbddac28595734?s=96&d=mm&r=g\",\"url\":\"https:\\\/\\\/secure.gravatar.com\\\/avatar\\\/3d6f41a002d28c6845cb55b565f68141a241a36951b539d6f4dbddac28595734?s=96&d=mm&r=g\",\"contentUrl\":\"https:\\\/\\\/secure.gravatar.com\\\/avatar\\\/3d6f41a002d28c6845cb55b565f68141a241a36951b539d6f4dbddac28595734?s=96&d=mm&r=g\",\"caption\":\"Eduardo Lopez\"},\"url\":\"https:\\\/\\\/hotelesfray.com\\\/en\\\/author\\\/gente\\\/\"}]}<\/script>\n<!-- \/ Yoast SEO plugin. -->","yoast_head_json":{"title":"Hotels in Tepic | Hoteles Fray \u2013 Complimentary Buffet Breakfast","description":"Looking for hotels in Tepic? Hoteles Fray offers the best location, complimentary buffet breakfast, free WiFi, and flexible cancellation. Book directly with no deposit!","robots":{"index":"index","follow":"follow","max-snippet":"max-snippet:-1","max-image-preview":"max-image-preview:large","max-video-preview":"max-video-preview:-1"},"canonical":"https:\/\/hotelesfray.com\/en\/2022\/04\/20\/la-alberca-de-piedra-una-maravilla-en-ixtlan-del-rio\/","og_locale":"en_US","og_type":"article","og_title":"Hotels in Tepic | Hoteles Fray \u2013 Complimentary Buffet Breakfast","og_description":"Looking for hotels in Tepic? Hoteles Fray offers the best location, complimentary buffet breakfast, free WiFi, and flexible cancellation. Book directly with no deposit!","og_url":"https:\/\/hotelesfray.com\/en\/2022\/04\/20\/la-alberca-de-piedra-una-maravilla-en-ixtlan-del-rio\/","og_site_name":"Hoteles Fray","article_published_time":"2022-04-20T15:33:24+00:00","article_modified_time":"2025-02-24T00:33:53+00:00","og_image":[{"width":960,"height":640,"url":"https:\/\/hotelesfray.com\/wp-content\/uploads\/2022\/04\/AlbercaPiedra0.jpg","type":"image\/jpeg"}],"author":"Eduardo Lopez","twitter_card":"summary_large_image","twitter_misc":{"Written by":"Eduardo Lopez","Est. reading time":"3 minutes"},"schema":{"@context":"https:\/\/schema.org","@graph":[{"@type":["Article","BlogPosting"],"@id":"https:\/\/hotelesfray.com\/2022\/04\/20\/la-alberca-de-piedra-una-maravilla-en-ixtlan-del-rio\/#article","isPartOf":{"@id":"https:\/\/hotelesfray.com\/2022\/04\/20\/la-alberca-de-piedra-una-maravilla-en-ixtlan-del-rio\/"},"author":{"name":"Eduardo Lopez","@id":"https:\/\/hotelesfray.com\/#\/schema\/person\/1a3f5909146e66cdba9aa8b37f1858e1"},"headline":"La Alberca de Piedra, una maravilla en Ixtl\u00e1n del R\u00edo","datePublished":"2022-04-20T15:33:24+00:00","dateModified":"2025-02-24T00:33:53+00:00","mainEntityOfPage":{"@id":"https:\/\/hotelesfray.com\/2022\/04\/20\/la-alberca-de-piedra-una-maravilla-en-ixtlan-del-rio\/"},"wordCount":255,"publisher":{"@id":"https:\/\/hotelesfray.com\/#organization"},"image":{"@id":"https:\/\/hotelesfray.com\/2022\/04\/20\/la-alberca-de-piedra-una-maravilla-en-ixtlan-del-rio\/#primaryimage"},"thumbnailUrl":"https:\/\/hotelesfray.com\/wp-content\/uploads\/2022\/04\/AlbercaPiedra0.jpg","articleSection":["Ixtl\u00e1n del R\u00edo"],"inLanguage":"en-US"},{"@type":"WebPage","@id":"https:\/\/hotelesfray.com\/2022\/04\/20\/la-alberca-de-piedra-una-maravilla-en-ixtlan-del-rio\/","url":"https:\/\/hotelesfray.com\/2022\/04\/20\/la-alberca-de-piedra-una-maravilla-en-ixtlan-del-rio\/","name":"La Alberca de Piedra, una maravilla en Ixtl\u00e1n del R\u00edo | Hoteles Fray","isPartOf":{"@id":"https:\/\/hotelesfray.com\/#website"},"primaryImageOfPage":{"@id":"https:\/\/hotelesfray.com\/2022\/04\/20\/la-alberca-de-piedra-una-maravilla-en-ixtlan-del-rio\/#primaryimage"},"image":{"@id":"https:\/\/hotelesfray.com\/2022\/04\/20\/la-alberca-de-piedra-una-maravilla-en-ixtlan-del-rio\/#primaryimage"},"thumbnailUrl":"https:\/\/hotelesfray.com\/wp-content\/uploads\/2022\/04\/AlbercaPiedra0.jpg","datePublished":"2022-04-20T15:33:24+00:00","dateModified":"2025-02-24T00:33:53+00:00","breadcrumb":{"@id":"https:\/\/hotelesfray.com\/2022\/04\/20\/la-alberca-de-piedra-una-maravilla-en-ixtlan-del-rio\/#breadcrumb"},"inLanguage":"en-US","potentialAction":[{"@type":"ReadAction","target":["https:\/\/hotelesfray.com\/2022\/04\/20\/la-alberca-de-piedra-una-maravilla-en-ixtlan-del-rio\/"]}]},{"@type":"ImageObject","inLanguage":"en-US","@id":"https:\/\/hotelesfray.com\/2022\/04\/20\/la-alberca-de-piedra-una-maravilla-en-ixtlan-del-rio\/#primaryimage","url":"https:\/\/hotelesfray.com\/wp-content\/uploads\/2022\/04\/AlbercaPiedra0.jpg","contentUrl":"https:\/\/hotelesfray.com\/wp-content\/uploads\/2022\/04\/AlbercaPiedra0.jpg","width":960,"height":640},{"@type":"BreadcrumbList","@id":"https:\/\/hotelesfray.com\/2022\/04\/20\/la-alberca-de-piedra-una-maravilla-en-ixtlan-del-rio\/#breadcrumb","itemListElement":[{"@type":"ListItem","position":1,"name":"Ixtl\u00e1n del R\u00edo","item":"https:\/\/hotelesfray.com\/category\/ixtlan-del-rio\/"},{"@type":"ListItem","position":2,"name":"La Alberca de Piedra, una maravilla en Ixtl\u00e1n del R\u00edo"}]},{"@type":"WebSite","@id":"https:\/\/hotelesfray.com\/#website","url":"https:\/\/hotelesfray.com\/","name":"Hoteles Fray","description":"Los Mejores Hoteles en el Centro de Tepic, Nayarit","publisher":{"@id":"https:\/\/hotelesfray.com\/#organization"},"potentialAction":[{"@type":"SearchAction","target":{"@type":"EntryPoint","urlTemplate":"https:\/\/hotelesfray.com\/?s={search_term_string}"},"query-input":{"@type":"PropertyValueSpecification","valueRequired":true,"valueName":"search_term_string"}}],"inLanguage":"en-US"},{"@type":"Organization","@id":"https:\/\/hotelesfray.com\/#organization","name":"Hoteles Fray","url":"https:\/\/hotelesfray.com\/","logo":{"@type":"ImageObject","inLanguage":"en-US","@id":"https:\/\/hotelesfray.com\/#\/schema\/logo\/image\/","url":"https:\/\/hotelesfray.com\/wp-content\/uploads\/2023\/01\/HotelesFray-cuadro.png","contentUrl":"https:\/\/hotelesfray.com\/wp-content\/uploads\/2023\/01\/HotelesFray-cuadro.png","width":2200,"height":2200,"caption":"Hoteles Fray"},"image":{"@id":"https:\/\/hotelesfray.com\/#\/schema\/logo\/image\/"}},{"@type":"Person","@id":"https:\/\/hotelesfray.com\/#\/schema\/person\/1a3f5909146e66cdba9aa8b37f1858e1","name":"Eduardo Lopez","image":{"@type":"ImageObject","inLanguage":"en-US","@id":"https:\/\/secure.gravatar.com\/avatar\/3d6f41a002d28c6845cb55b565f68141a241a36951b539d6f4dbddac28595734?s=96&d=mm&r=g","url":"https:\/\/secure.gravatar.com\/avatar\/3d6f41a002d28c6845cb55b565f68141a241a36951b539d6f4dbddac28595734?s=96&d=mm&r=g","contentUrl":"https:\/\/secure.gravatar.com\/avatar\/3d6f41a002d28c6845cb55b565f68141a241a36951b539d6f4dbddac28595734?s=96&d=mm&r=g","caption":"Eduardo Lopez"},"url":"https:\/\/hotelesfray.com\/en\/author\/gente\/"}]}},"_links":{"self":[{"href":"https:\/\/hotelesfray.com\/en\/wp-json\/wp\/v2\/posts\/3110","targetHints":{"allow":["GET"]}}],"collection":[{"href":"https:\/\/hotelesfray.com\/en\/wp-json\/wp\/v2\/posts"}],"about":[{"href":"https:\/\/hotelesfray.com\/en\/wp-json\/wp\/v2\/types\/post"}],"author":[{"embeddable":true,"href":"https:\/\/hotelesfray.com\/en\/wp-json\/wp\/v2\/users\/2"}],"replies":[{"embeddable":true,"href":"https:\/\/hotelesfray.com\/en\/wp-json\/wp\/v2\/comments?post=3110"}],"version-history":[{"count":1,"href":"https:\/\/hotelesfray.com\/en\/wp-json\/wp\/v2\/posts\/3110\/revisions"}],"predecessor-version":[{"id":3118,"href":"https:\/\/hotelesfray.com\/en\/wp-json\/wp\/v2\/posts\/3110\/revisions\/3118"}],"wp:featuredmedia":[{"embeddable":true,"href":"https:\/\/hotelesfray.com\/en\/wp-json\/wp\/v2\/media\/3112"}],"wp:attachment":[{"href":"https:\/\/hotelesfray.com\/en\/wp-json\/wp\/v2\/media?parent=3110"}],"wp:term":[{"taxonomy":"category","embeddable":true,"href":"https:\/\/hotelesfray.com\/en\/wp-json\/wp\/v2\/categories?post=3110"},{"taxonomy":"post_tag","embeddable":true,"href":"https:\/\/hotelesfray.com\/en\/wp-json\/wp\/v2\/tags?post=3110"}],"curies":[{"name":"wp","href":"https:\/\/api.w.org\/{rel}","templated":true}]}}