{"id":3233,"date":"2022-05-24T17:53:02","date_gmt":"2022-05-24T21:53:02","guid":{"rendered":"https:\/\/hotelfrayjunipero.com\/?p=3233"},"modified":"2025-02-23T20:35:45","modified_gmt":"2025-02-24T00:35:45","slug":"conoce-boca-de-camichin-la-capital-del-ostion-en-nayarit","status":"publish","type":"post","link":"https:\/\/hotelesfray.com\/en\/2022\/05\/24\/conoce-boca-de-camichin-la-capital-del-ostion-en-nayarit\/","title":{"rendered":"Conoce Boca de Camich\u00edn, la capital del osti\u00f3n en Nayarit"},"content":{"rendered":"<p><strong>Boca de Camich\u00edn<\/strong> es un poblado que se encuentra en las costas de Santiago Ixcuintla, municipio del estado de Nayarit. Aqu\u00ed, se produce una de las delicias m\u00e1s codiciadas por viajeros tanto de la entidad como del pa\u00eds y todo el mundo: el osti\u00f3n.<\/p>\n\n\n\n<h2 class=\"wp-block-heading\">\u00bfQu\u00e9 hacer?<\/h2>\n\n\n\n<p>Como ya lo comentamos, el principal atractivo de este lugar son sus ostiones, los cuales se producen en las costas que se encuentran frente al poblado, en la desembocadura del r\u00edo San Pedro. Adem\u00e1s de este molusco, tambi\u00e9n se producen grandes cantidades de camar\u00f3n, pargo, osti\u00f3n, robalo entre otras. Todos estos platillos los puedes disfrutar en restaurantes con muy c\u00f3modas ramadas.<\/p>\n\n\n\n<figure class=\"wp-block-image size-large\"><img loading=\"lazy\" decoding=\"async\" width=\"1024\" height=\"683\" src=\"https:\/\/hotelfrayjunipero.com\/wp-content\/uploads\/2022\/05\/BocaCamichin3-1024x683.jpg\" alt=\"\" class=\"wp-image-3234\" srcset=\"https:\/\/hotelfrayjunipero.com\/wp-content\/uploads\/2022\/05\/BocaCamichin3-980x653.jpg 980w, https:\/\/hotelfrayjunipero.com\/wp-content\/uploads\/2022\/05\/BocaCamichin3-480x320.jpg 480w\" sizes=\"(min-width: 0px) and (max-width: 480px) 480px, (min-width: 481px) and (max-width: 980px) 980px, (min-width: 981px) 1024px, 100vw\" \/><\/figure>\n\n\n\n<p>Esta playa es muy visitada por turistas y gente local atra\u00eddos por sus hermosos paisajes y su deliciosa gastronom\u00eda preparada con mariscos frescos como ingrediente principal. En Boca de Camich\u00edn tambi\u00e9n se ofrecen paseos en lancha por toda el \u00e1rea de esteros, entre vastos canales y lagunas de gran belleza. Si eres un aficionado al ecoturismo disfrutar\u00e1s grandemente disfrutando de su variedad de flora y fauna.<\/p>\n\n\n\n<h2 class=\"wp-block-heading\">\u00bfC\u00f3mo llegar?<\/h2>\n\n\n\n<p>Para llegar a Boca de Camich\u00edn, desde Tepic, deber\u00e1s dirigirte hacia el norte por la carretera o autopista Tepic \u2013 Mazatl\u00e1n, tomando la desviaci\u00f3n hacia la cabecera municipal de Santiago Ixcuintla. Una vez que est\u00e9s en el poblado, lo cruzar\u00e1s para salir hacia la carretera que conduce a La Amapa, continuando hasta topar la desviaci\u00f3n a Los Corchos a mano derecha, y tras unos minutos te encontrar\u00e1s en la Boca.<\/p>\n\n\n\n<div class=\"wp-block-buttons is-layout-flex wp-block-buttons-is-layout-flex\">\n<div class=\"wp-block-button\"><a class=\"wp-block-button__link\" href=\"https:\/\/goo.gl\/maps\/fy4J2FpzU6Pw5zRL6\">\u00bfC\u00f3mo llegar?<\/a><\/div>\n<\/div>\n\n\n\n<figure class=\"wp-block-image size-large\"><img loading=\"lazy\" decoding=\"async\" width=\"1024\" height=\"683\" src=\"https:\/\/hotelfrayjunipero.com\/wp-content\/uploads\/2022\/05\/BocaCamichin1-1024x683.jpg\" alt=\"\" class=\"wp-image-3236\" srcset=\"https:\/\/hotelfrayjunipero.com\/wp-content\/uploads\/2022\/05\/BocaCamichin1-980x653.jpg 980w, https:\/\/hotelfrayjunipero.com\/wp-content\/uploads\/2022\/05\/BocaCamichin1-480x320.jpg 480w\" sizes=\"(min-width: 0px) and (max-width: 480px) 480px, (min-width: 481px) and (max-width: 980px) 980px, (min-width: 981px) 1024px, 100vw\" \/><\/figure>\n\n\n\n<h2 class=\"wp-block-heading\">Conoce Nayarit de la mano de tu #HotelFray<\/h2>\n\n\n\n<p>\u00a1Recuerda compartir con nosotros las incre\u00edbles fotograf\u00edas que tomes en este lugar! Enviandolas a nuestras p\u00e1ginas de Facebook e Instagram, o con el hashtag #VisitaTepic.<\/p>\n\n\n\n<p>No olvides que en el coraz\u00f3n de Tepic tu #HotelFray te espera para tener el mejor descanso despu\u00e9s de un d\u00eda de aventura, con desayuno incluido en cortes\u00eda, estacionamiento subterr\u00e1neo y la mejor ubicaci\u00f3n en la Plaza Principal, a unos pasos de la Catedral.<\/p>","protected":false},"excerpt":{"rendered":"<p>Boca de Camich\u00edn es un poblado que se encuentra en las costas de Santiago Ixcuintla, municipio del estado de Nayarit. Aqu\u00ed, se produce una de las delicias m\u00e1s codiciadas por viajeros tanto de la entidad como del pa\u00eds y todo el mundo: el osti\u00f3n. \u00bfQu\u00e9 hacer? Como ya lo comentamos, el principal atractivo de este [&hellip;]<\/p>\n","protected":false},"author":2,"featured_media":3235,"comment_status":"closed","ping_status":"open","sticky":false,"template":"","format":"standard","meta":{"_et_pb_use_builder":"","_et_pb_old_content":"","_et_gb_content_width":"","footnotes":""},"categories":[44,38],"tags":[],"class_list":["post-3233","post","type-post","status-publish","format-standard","has-post-thumbnail","hentry","category-playas","category-santiago-ixcuintla"],"yoast_head":"<!-- This site is optimized with the Yoast SEO plugin v27.4 - https:\/\/yoast.com\/product\/yoast-seo-wordpress\/ -->\n<title>Hotels in Tepic | Hoteles Fray \u2013 Complimentary Buffet Breakfast<\/title>\n<meta name=\"description\" content=\"Looking for hotels in Tepic? Hoteles Fray offers the best location, complimentary buffet breakfast, free WiFi, and flexible cancellation. Book directly with no deposit!\" \/>\n<meta name=\"robots\" content=\"index, follow, max-snippet:-1, max-image-preview:large, max-video-preview:-1\" \/>\n<link rel=\"canonical\" href=\"https:\/\/hotelesfray.com\/en\/2022\/05\/24\/conoce-boca-de-camichin-la-capital-del-ostion-en-nayarit\/\" \/>\n<meta property=\"og:locale\" content=\"en_US\" \/>\n<meta property=\"og:type\" content=\"article\" \/>\n<meta property=\"og:title\" content=\"Hotels in Tepic | Hoteles Fray \u2013 Complimentary Buffet Breakfast\" \/>\n<meta property=\"og:description\" content=\"Looking for hotels in Tepic? Hoteles Fray offers the best location, complimentary buffet breakfast, free WiFi, and flexible cancellation. Book directly with no deposit!\" \/>\n<meta property=\"og:url\" content=\"https:\/\/hotelesfray.com\/en\/2022\/05\/24\/conoce-boca-de-camichin-la-capital-del-ostion-en-nayarit\/\" \/>\n<meta property=\"og:site_name\" content=\"Hoteles Fray\" \/>\n<meta property=\"article:published_time\" content=\"2022-05-24T21:53:02+00:00\" \/>\n<meta property=\"article:modified_time\" content=\"2025-02-24T00:35:45+00:00\" \/>\n<meta property=\"og:image\" content=\"https:\/\/hotelesfray.com\/wp-content\/uploads\/2022\/05\/BocaCamichin2.jpg\" \/>\n\t<meta property=\"og:image:width\" content=\"1920\" \/>\n\t<meta property=\"og:image:height\" content=\"1280\" \/>\n\t<meta property=\"og:image:type\" content=\"image\/jpeg\" \/>\n<meta name=\"author\" content=\"Eduardo Lopez\" \/>\n<meta name=\"twitter:card\" content=\"summary_large_image\" \/>\n<meta name=\"twitter:label1\" content=\"Written by\" \/>\n\t<meta name=\"twitter:data1\" content=\"Eduardo Lopez\" \/>\n\t<meta name=\"twitter:label2\" content=\"Est. reading time\" \/>\n\t<meta name=\"twitter:data2\" content=\"2 minutes\" \/>\n<script type=\"application\/ld+json\" class=\"yoast-schema-graph\">{\"@context\":\"https:\\\/\\\/schema.org\",\"@graph\":[{\"@type\":[\"Article\",\"BlogPosting\"],\"@id\":\"https:\\\/\\\/hotelesfray.com\\\/2022\\\/05\\\/24\\\/conoce-boca-de-camichin-la-capital-del-ostion-en-nayarit\\\/#article\",\"isPartOf\":{\"@id\":\"https:\\\/\\\/hotelesfray.com\\\/2022\\\/05\\\/24\\\/conoce-boca-de-camichin-la-capital-del-ostion-en-nayarit\\\/\"},\"author\":{\"name\":\"Eduardo Lopez\",\"@id\":\"https:\\\/\\\/hotelesfray.com\\\/#\\\/schema\\\/person\\\/1a3f5909146e66cdba9aa8b37f1858e1\"},\"headline\":\"Conoce Boca de Camich\u00edn, la capital del osti\u00f3n en Nayarit\",\"datePublished\":\"2022-05-24T21:53:02+00:00\",\"dateModified\":\"2025-02-24T00:35:45+00:00\",\"mainEntityOfPage\":{\"@id\":\"https:\\\/\\\/hotelesfray.com\\\/2022\\\/05\\\/24\\\/conoce-boca-de-camichin-la-capital-del-ostion-en-nayarit\\\/\"},\"wordCount\":369,\"publisher\":{\"@id\":\"https:\\\/\\\/hotelesfray.com\\\/#organization\"},\"image\":{\"@id\":\"https:\\\/\\\/hotelesfray.com\\\/2022\\\/05\\\/24\\\/conoce-boca-de-camichin-la-capital-del-ostion-en-nayarit\\\/#primaryimage\"},\"thumbnailUrl\":\"https:\\\/\\\/hotelesfray.com\\\/wp-content\\\/uploads\\\/2022\\\/05\\\/BocaCamichin2.jpg\",\"articleSection\":[\"Playas\",\"Santiago Ixcuintla\"],\"inLanguage\":\"en-US\"},{\"@type\":\"WebPage\",\"@id\":\"https:\\\/\\\/hotelesfray.com\\\/2022\\\/05\\\/24\\\/conoce-boca-de-camichin-la-capital-del-ostion-en-nayarit\\\/\",\"url\":\"https:\\\/\\\/hotelesfray.com\\\/2022\\\/05\\\/24\\\/conoce-boca-de-camichin-la-capital-del-ostion-en-nayarit\\\/\",\"name\":\"Conoce Boca de Camich\u00edn, la capital del osti\u00f3n en Nayarit | Hoteles Fray\",\"isPartOf\":{\"@id\":\"https:\\\/\\\/hotelesfray.com\\\/#website\"},\"primaryImageOfPage\":{\"@id\":\"https:\\\/\\\/hotelesfray.com\\\/2022\\\/05\\\/24\\\/conoce-boca-de-camichin-la-capital-del-ostion-en-nayarit\\\/#primaryimage\"},\"image\":{\"@id\":\"https:\\\/\\\/hotelesfray.com\\\/2022\\\/05\\\/24\\\/conoce-boca-de-camichin-la-capital-del-ostion-en-nayarit\\\/#primaryimage\"},\"thumbnailUrl\":\"https:\\\/\\\/hotelesfray.com\\\/wp-content\\\/uploads\\\/2022\\\/05\\\/BocaCamichin2.jpg\",\"datePublished\":\"2022-05-24T21:53:02+00:00\",\"dateModified\":\"2025-02-24T00:35:45+00:00\",\"breadcrumb\":{\"@id\":\"https:\\\/\\\/hotelesfray.com\\\/2022\\\/05\\\/24\\\/conoce-boca-de-camichin-la-capital-del-ostion-en-nayarit\\\/#breadcrumb\"},\"inLanguage\":\"en-US\",\"potentialAction\":[{\"@type\":\"ReadAction\",\"target\":[\"https:\\\/\\\/hotelesfray.com\\\/2022\\\/05\\\/24\\\/conoce-boca-de-camichin-la-capital-del-ostion-en-nayarit\\\/\"]}]},{\"@type\":\"ImageObject\",\"inLanguage\":\"en-US\",\"@id\":\"https:\\\/\\\/hotelesfray.com\\\/2022\\\/05\\\/24\\\/conoce-boca-de-camichin-la-capital-del-ostion-en-nayarit\\\/#primaryimage\",\"url\":\"https:\\\/\\\/hotelesfray.com\\\/wp-content\\\/uploads\\\/2022\\\/05\\\/BocaCamichin2.jpg\",\"contentUrl\":\"https:\\\/\\\/hotelesfray.com\\\/wp-content\\\/uploads\\\/2022\\\/05\\\/BocaCamichin2.jpg\",\"width\":1920,\"height\":1280},{\"@type\":\"BreadcrumbList\",\"@id\":\"https:\\\/\\\/hotelesfray.com\\\/2022\\\/05\\\/24\\\/conoce-boca-de-camichin-la-capital-del-ostion-en-nayarit\\\/#breadcrumb\",\"itemListElement\":[{\"@type\":\"ListItem\",\"position\":1,\"name\":\"Santiago Ixcuintla\",\"item\":\"https:\\\/\\\/hotelesfray.com\\\/category\\\/santiago-ixcuintla\\\/\"},{\"@type\":\"ListItem\",\"position\":2,\"name\":\"Conoce Boca de Camich\u00edn, la capital del osti\u00f3n en Nayarit\"}]},{\"@type\":\"WebSite\",\"@id\":\"https:\\\/\\\/hotelesfray.com\\\/#website\",\"url\":\"https:\\\/\\\/hotelesfray.com\\\/\",\"name\":\"Hoteles Fray\",\"description\":\"Los Mejores Hoteles en el Centro de Tepic, Nayarit\",\"publisher\":{\"@id\":\"https:\\\/\\\/hotelesfray.com\\\/#organization\"},\"potentialAction\":[{\"@type\":\"SearchAction\",\"target\":{\"@type\":\"EntryPoint\",\"urlTemplate\":\"https:\\\/\\\/hotelesfray.com\\\/?s={search_term_string}\"},\"query-input\":{\"@type\":\"PropertyValueSpecification\",\"valueRequired\":true,\"valueName\":\"search_term_string\"}}],\"inLanguage\":\"en-US\"},{\"@type\":\"Organization\",\"@id\":\"https:\\\/\\\/hotelesfray.com\\\/#organization\",\"name\":\"Hoteles Fray\",\"url\":\"https:\\\/\\\/hotelesfray.com\\\/\",\"logo\":{\"@type\":\"ImageObject\",\"inLanguage\":\"en-US\",\"@id\":\"https:\\\/\\\/hotelesfray.com\\\/#\\\/schema\\\/logo\\\/image\\\/\",\"url\":\"https:\\\/\\\/hotelesfray.com\\\/wp-content\\\/uploads\\\/2023\\\/01\\\/HotelesFray-cuadro.png\",\"contentUrl\":\"https:\\\/\\\/hotelesfray.com\\\/wp-content\\\/uploads\\\/2023\\\/01\\\/HotelesFray-cuadro.png\",\"width\":2200,\"height\":2200,\"caption\":\"Hoteles Fray\"},\"image\":{\"@id\":\"https:\\\/\\\/hotelesfray.com\\\/#\\\/schema\\\/logo\\\/image\\\/\"}},{\"@type\":\"Person\",\"@id\":\"https:\\\/\\\/hotelesfray.com\\\/#\\\/schema\\\/person\\\/1a3f5909146e66cdba9aa8b37f1858e1\",\"name\":\"Eduardo Lopez\",\"image\":{\"@type\":\"ImageObject\",\"inLanguage\":\"en-US\",\"@id\":\"https:\\\/\\\/secure.gravatar.com\\\/avatar\\\/3d6f41a002d28c6845cb55b565f68141a241a36951b539d6f4dbddac28595734?s=96&d=mm&r=g\",\"url\":\"https:\\\/\\\/secure.gravatar.com\\\/avatar\\\/3d6f41a002d28c6845cb55b565f68141a241a36951b539d6f4dbddac28595734?s=96&d=mm&r=g\",\"contentUrl\":\"https:\\\/\\\/secure.gravatar.com\\\/avatar\\\/3d6f41a002d28c6845cb55b565f68141a241a36951b539d6f4dbddac28595734?s=96&d=mm&r=g\",\"caption\":\"Eduardo Lopez\"},\"url\":\"https:\\\/\\\/hotelesfray.com\\\/en\\\/author\\\/gente\\\/\"}]}<\/script>\n<!-- \/ Yoast SEO plugin. -->","yoast_head_json":{"title":"Hotels in Tepic | Hoteles Fray \u2013 Complimentary Buffet Breakfast","description":"Looking for hotels in Tepic? Hoteles Fray offers the best location, complimentary buffet breakfast, free WiFi, and flexible cancellation. Book directly with no deposit!","robots":{"index":"index","follow":"follow","max-snippet":"max-snippet:-1","max-image-preview":"max-image-preview:large","max-video-preview":"max-video-preview:-1"},"canonical":"https:\/\/hotelesfray.com\/en\/2022\/05\/24\/conoce-boca-de-camichin-la-capital-del-ostion-en-nayarit\/","og_locale":"en_US","og_type":"article","og_title":"Hotels in Tepic | Hoteles Fray \u2013 Complimentary Buffet Breakfast","og_description":"Looking for hotels in Tepic? Hoteles Fray offers the best location, complimentary buffet breakfast, free WiFi, and flexible cancellation. Book directly with no deposit!","og_url":"https:\/\/hotelesfray.com\/en\/2022\/05\/24\/conoce-boca-de-camichin-la-capital-del-ostion-en-nayarit\/","og_site_name":"Hoteles Fray","article_published_time":"2022-05-24T21:53:02+00:00","article_modified_time":"2025-02-24T00:35:45+00:00","og_image":[{"width":1920,"height":1280,"url":"https:\/\/hotelesfray.com\/wp-content\/uploads\/2022\/05\/BocaCamichin2.jpg","type":"image\/jpeg"}],"author":"Eduardo Lopez","twitter_card":"summary_large_image","twitter_misc":{"Written by":"Eduardo Lopez","Est. reading time":"2 minutes"},"schema":{"@context":"https:\/\/schema.org","@graph":[{"@type":["Article","BlogPosting"],"@id":"https:\/\/hotelesfray.com\/2022\/05\/24\/conoce-boca-de-camichin-la-capital-del-ostion-en-nayarit\/#article","isPartOf":{"@id":"https:\/\/hotelesfray.com\/2022\/05\/24\/conoce-boca-de-camichin-la-capital-del-ostion-en-nayarit\/"},"author":{"name":"Eduardo Lopez","@id":"https:\/\/hotelesfray.com\/#\/schema\/person\/1a3f5909146e66cdba9aa8b37f1858e1"},"headline":"Conoce Boca de Camich\u00edn, la capital del osti\u00f3n en Nayarit","datePublished":"2022-05-24T21:53:02+00:00","dateModified":"2025-02-24T00:35:45+00:00","mainEntityOfPage":{"@id":"https:\/\/hotelesfray.com\/2022\/05\/24\/conoce-boca-de-camichin-la-capital-del-ostion-en-nayarit\/"},"wordCount":369,"publisher":{"@id":"https:\/\/hotelesfray.com\/#organization"},"image":{"@id":"https:\/\/hotelesfray.com\/2022\/05\/24\/conoce-boca-de-camichin-la-capital-del-ostion-en-nayarit\/#primaryimage"},"thumbnailUrl":"https:\/\/hotelesfray.com\/wp-content\/uploads\/2022\/05\/BocaCamichin2.jpg","articleSection":["Playas","Santiago Ixcuintla"],"inLanguage":"en-US"},{"@type":"WebPage","@id":"https:\/\/hotelesfray.com\/2022\/05\/24\/conoce-boca-de-camichin-la-capital-del-ostion-en-nayarit\/","url":"https:\/\/hotelesfray.com\/2022\/05\/24\/conoce-boca-de-camichin-la-capital-del-ostion-en-nayarit\/","name":"Conoce Boca de Camich\u00edn, la capital del osti\u00f3n en Nayarit | Hoteles Fray","isPartOf":{"@id":"https:\/\/hotelesfray.com\/#website"},"primaryImageOfPage":{"@id":"https:\/\/hotelesfray.com\/2022\/05\/24\/conoce-boca-de-camichin-la-capital-del-ostion-en-nayarit\/#primaryimage"},"image":{"@id":"https:\/\/hotelesfray.com\/2022\/05\/24\/conoce-boca-de-camichin-la-capital-del-ostion-en-nayarit\/#primaryimage"},"thumbnailUrl":"https:\/\/hotelesfray.com\/wp-content\/uploads\/2022\/05\/BocaCamichin2.jpg","datePublished":"2022-05-24T21:53:02+00:00","dateModified":"2025-02-24T00:35:45+00:00","breadcrumb":{"@id":"https:\/\/hotelesfray.com\/2022\/05\/24\/conoce-boca-de-camichin-la-capital-del-ostion-en-nayarit\/#breadcrumb"},"inLanguage":"en-US","potentialAction":[{"@type":"ReadAction","target":["https:\/\/hotelesfray.com\/2022\/05\/24\/conoce-boca-de-camichin-la-capital-del-ostion-en-nayarit\/"]}]},{"@type":"ImageObject","inLanguage":"en-US","@id":"https:\/\/hotelesfray.com\/2022\/05\/24\/conoce-boca-de-camichin-la-capital-del-ostion-en-nayarit\/#primaryimage","url":"https:\/\/hotelesfray.com\/wp-content\/uploads\/2022\/05\/BocaCamichin2.jpg","contentUrl":"https:\/\/hotelesfray.com\/wp-content\/uploads\/2022\/05\/BocaCamichin2.jpg","width":1920,"height":1280},{"@type":"BreadcrumbList","@id":"https:\/\/hotelesfray.com\/2022\/05\/24\/conoce-boca-de-camichin-la-capital-del-ostion-en-nayarit\/#breadcrumb","itemListElement":[{"@type":"ListItem","position":1,"name":"Santiago Ixcuintla","item":"https:\/\/hotelesfray.com\/category\/santiago-ixcuintla\/"},{"@type":"ListItem","position":2,"name":"Conoce Boca de Camich\u00edn, la capital del osti\u00f3n en Nayarit"}]},{"@type":"WebSite","@id":"https:\/\/hotelesfray.com\/#website","url":"https:\/\/hotelesfray.com\/","name":"Hoteles Fray","description":"Los Mejores Hoteles en el Centro de Tepic, Nayarit","publisher":{"@id":"https:\/\/hotelesfray.com\/#organization"},"potentialAction":[{"@type":"SearchAction","target":{"@type":"EntryPoint","urlTemplate":"https:\/\/hotelesfray.com\/?s={search_term_string}"},"query-input":{"@type":"PropertyValueSpecification","valueRequired":true,"valueName":"search_term_string"}}],"inLanguage":"en-US"},{"@type":"Organization","@id":"https:\/\/hotelesfray.com\/#organization","name":"Hoteles Fray","url":"https:\/\/hotelesfray.com\/","logo":{"@type":"ImageObject","inLanguage":"en-US","@id":"https:\/\/hotelesfray.com\/#\/schema\/logo\/image\/","url":"https:\/\/hotelesfray.com\/wp-content\/uploads\/2023\/01\/HotelesFray-cuadro.png","contentUrl":"https:\/\/hotelesfray.com\/wp-content\/uploads\/2023\/01\/HotelesFray-cuadro.png","width":2200,"height":2200,"caption":"Hoteles Fray"},"image":{"@id":"https:\/\/hotelesfray.com\/#\/schema\/logo\/image\/"}},{"@type":"Person","@id":"https:\/\/hotelesfray.com\/#\/schema\/person\/1a3f5909146e66cdba9aa8b37f1858e1","name":"Eduardo Lopez","image":{"@type":"ImageObject","inLanguage":"en-US","@id":"https:\/\/secure.gravatar.com\/avatar\/3d6f41a002d28c6845cb55b565f68141a241a36951b539d6f4dbddac28595734?s=96&d=mm&r=g","url":"https:\/\/secure.gravatar.com\/avatar\/3d6f41a002d28c6845cb55b565f68141a241a36951b539d6f4dbddac28595734?s=96&d=mm&r=g","contentUrl":"https:\/\/secure.gravatar.com\/avatar\/3d6f41a002d28c6845cb55b565f68141a241a36951b539d6f4dbddac28595734?s=96&d=mm&r=g","caption":"Eduardo Lopez"},"url":"https:\/\/hotelesfray.com\/en\/author\/gente\/"}]}},"_links":{"self":[{"href":"https:\/\/hotelesfray.com\/en\/wp-json\/wp\/v2\/posts\/3233","targetHints":{"allow":["GET"]}}],"collection":[{"href":"https:\/\/hotelesfray.com\/en\/wp-json\/wp\/v2\/posts"}],"about":[{"href":"https:\/\/hotelesfray.com\/en\/wp-json\/wp\/v2\/types\/post"}],"author":[{"embeddable":true,"href":"https:\/\/hotelesfray.com\/en\/wp-json\/wp\/v2\/users\/2"}],"replies":[{"embeddable":true,"href":"https:\/\/hotelesfray.com\/en\/wp-json\/wp\/v2\/comments?post=3233"}],"version-history":[{"count":1,"href":"https:\/\/hotelesfray.com\/en\/wp-json\/wp\/v2\/posts\/3233\/revisions"}],"predecessor-version":[{"id":3237,"href":"https:\/\/hotelesfray.com\/en\/wp-json\/wp\/v2\/posts\/3233\/revisions\/3237"}],"wp:featuredmedia":[{"embeddable":true,"href":"https:\/\/hotelesfray.com\/en\/wp-json\/wp\/v2\/media\/3235"}],"wp:attachment":[{"href":"https:\/\/hotelesfray.com\/en\/wp-json\/wp\/v2\/media?parent=3233"}],"wp:term":[{"taxonomy":"category","embeddable":true,"href":"https:\/\/hotelesfray.com\/en\/wp-json\/wp\/v2\/categories?post=3233"},{"taxonomy":"post_tag","embeddable":true,"href":"https:\/\/hotelesfray.com\/en\/wp-json\/wp\/v2\/tags?post=3233"}],"curies":[{"name":"wp","href":"https:\/\/api.w.org\/{rel}","templated":true}]}}