{"id":3287,"date":"2022-06-16T12:29:37","date_gmt":"2022-06-16T16:29:37","guid":{"rendered":"https:\/\/hotelfrayjunipero.com\/?p=3287"},"modified":"2025-02-23T20:38:18","modified_gmt":"2025-02-24T00:38:18","slug":"que-es-la-riviera-nayarit-y-que-playas-estan-dentro-de-ella","status":"publish","type":"post","link":"https:\/\/hotelesfray.com\/en\/2022\/06\/16\/que-es-la-riviera-nayarit-y-que-playas-estan-dentro-de-ella\/","title":{"rendered":"\u00bfQu\u00e9 es la \u00abRiviera Nayarit\u00bb y que playas est\u00e1n dentro de ella?"},"content":{"rendered":"<p>Por muchos a\u00f1os la&nbsp;<strong>Riviera Nayarit<\/strong>&nbsp;era uno de esos lugares que se mantuvieron casi en secreto, a la sombra de Acapulco y Puerto Vallarta. Es en los \u00faltimos a\u00f1os que la Riviera Nayarit ha cobrado relevancia como destino tur\u00edstico, a nivel no solo nacional sino internacional, compitiendo a la par de destinos como Canc\u00fan o la Riviera Maya en Quintana Roo.<\/p>\n\n\n\n<p>Las Playas de la Riviera Nayarit se extienden a lo largo de 307 kil\u00f3metros sobre el pac\u00edfico, empezando desde Nuevo Vallarta, Nayarit, al norte de Puerto Vallarta, Jalisco, hasta llegar a Boca de Tecap\u00e1n, colindante con el Estado de Sinaloa. El trayecto esta lleno de manglares, humedales, lagunas costeras, vestigios arqueol\u00f3gicos, pueblos m\u00e1gicos, y reservas ecol\u00f3gicas como la Reserva de la Bi\u00f3sfera de la Sierra de Vallejo, que es hogar de diversas especies end\u00e9micas; as\u00ed como tambi\u00e9n del Parque Nacional Isla Isabel y de las hermosas\u00a0<strong>Islas Marietas<\/strong>, todo esto entre valles, playas y hermosos paisajes monta\u00f1osos.<\/p>\n\n\n\n<figure class=\"wp-block-image size-large\"><img loading=\"lazy\" decoding=\"async\" width=\"1024\" height=\"683\" src=\"https:\/\/hotelfrayjunipero.com\/wp-content\/uploads\/2022\/06\/N30b-1024x683.jpg\" alt=\"\" class=\"wp-image-3289\" srcset=\"https:\/\/hotelfrayjunipero.com\/wp-content\/uploads\/2022\/06\/N30b-980x653.jpg 980w, https:\/\/hotelfrayjunipero.com\/wp-content\/uploads\/2022\/06\/N30b-480x320.jpg 480w\" sizes=\"(min-width: 0px) and (max-width: 480px) 480px, (min-width: 481px) and (max-width: 980px) 980px, (min-width: 981px) 1024px, 100vw\" \/><\/figure>\n\n\n\n<p>Es aqu\u00ed donde los ind\u00edgenas Huicholes o wix\u00e1rika, como ellos mismos se hacen llamar, han habitado durante a\u00f1os. De hecho en toda la sierra y la costa de Nayarit puedes encontrar su hermosa artesan\u00eda hecha a base de cuentas de chaquira y coloridos motivos.<\/p>\n\n\n\n<p>Pero adem\u00e1s de todo la Riviera Nayarit tambi\u00e9n debe su encanto al excelente clima, ya que su temperatura promedio oscila entre los 23 y 28\u00b0 cent\u00edgrados en promedio, con temporada de lluvias es de junio a octubre, haci\u00e9ndolo muy agradable para visitar en cualquier \u00e9poca del a\u00f1o.<\/p>\n\n\n\n<p>Ubicaci\u00f3n, historia, excelente clima, adem\u00e1s de modernos Hoteles boutique, campos de golf y resorts de lujo, crean el ambiente perfecto para unas vacaciones so\u00f1adas. Los principales puntos y Atractivos tur\u00edsticos en la Riviera Nayarit son:<\/p>\n\n\n\n<ol class=\"wp-block-list\"><li>Nuevo Vallarta<\/li><li>Bucer\u00edas<\/li><li>La Cruz De Huanacaxtle<\/li><li>Destiladeras<\/li><li>Costa Banderas<\/li><li>Punta De Mita<\/li><li>Litib\u00fa<\/li><li>Sayulita<\/li><li>San Pancho<\/li><li>Lo De Marcos<\/li><li>Punta Raza<\/li><li>El Capomo<\/li><li>Rinc\u00f3n de Guayabitos<\/li><li>Chacala<\/li><li>Las Varas<\/li><li>Boca De Chila<\/li><li>Punta De Custodio<\/li><li>Bah\u00eda De Matanch\u00e9n<\/li><li>San Blas<\/li><li>Isla De Mexcaltit\u00e1n<\/li><li>Islas Marietas<\/li><li>El Novillero<\/li><\/ol>\n\n\n\n<p>Como ver\u00e1s hay mucho que hacer y ver en la Riviera Nayarit, bien vale la pena pasar m\u00e1s de 3 d\u00edas en esta zona. Para ello no escatimes en elegir un buen hotel de acuerdo a tus planes, presupuesto y los atractivos tur\u00edsticos que te gustar\u00eda visita.<\/p>\n\n\n\n<div class=\"wp-block-image\"><figure class=\"aligncenter size-full\"><img loading=\"lazy\" decoding=\"async\" width=\"650\" height=\"450\" src=\"https:\/\/hotelfrayjunipero.com\/wp-content\/uploads\/2022\/06\/MapaRiviera.jpg\" alt=\"\" class=\"wp-image-3288\" srcset=\"https:\/\/hotelfrayjunipero.com\/wp-content\/uploads\/2022\/06\/MapaRiviera.jpg 650w, https:\/\/hotelfrayjunipero.com\/wp-content\/uploads\/2022\/06\/MapaRiviera-480x332.jpg 480w\" sizes=\"(min-width: 0px) and (max-width: 480px) 480px, (min-width: 481px) 650px, 100vw\" \/><\/figure><\/div>\n\n\n\n<p>C<em>on informaci\u00f3n de GenteNayarit.com<\/em><\/p>","protected":false},"excerpt":{"rendered":"<p>Por muchos a\u00f1os la&nbsp;Riviera Nayarit&nbsp;era uno de esos lugares que se mantuvieron casi en secreto, a la sombra de Acapulco y Puerto Vallarta. Es en los \u00faltimos a\u00f1os que la Riviera Nayarit ha cobrado relevancia como destino tur\u00edstico, a nivel no solo nacional sino internacional, compitiendo a la par de destinos como Canc\u00fan o la [&hellip;]<\/p>\n","protected":false},"author":2,"featured_media":3290,"comment_status":"closed","ping_status":"open","sticky":false,"template":"","format":"standard","meta":{"_et_pb_use_builder":"","_et_pb_old_content":"","_et_gb_content_width":"","footnotes":""},"categories":[44],"tags":[],"class_list":["post-3287","post","type-post","status-publish","format-standard","has-post-thumbnail","hentry","category-playas"],"yoast_head":"<!-- This site is optimized with the Yoast SEO plugin v27.4 - https:\/\/yoast.com\/product\/yoast-seo-wordpress\/ -->\n<title>Hotels in Tepic | Hoteles Fray \u2013 Complimentary Buffet Breakfast<\/title>\n<meta name=\"description\" content=\"Looking for hotels in Tepic? Hoteles Fray offers the best location, complimentary buffet breakfast, free WiFi, and flexible cancellation. Book directly with no deposit!\" \/>\n<meta name=\"robots\" content=\"index, follow, max-snippet:-1, max-image-preview:large, max-video-preview:-1\" \/>\n<link rel=\"canonical\" href=\"https:\/\/hotelesfray.com\/en\/2022\/06\/16\/que-es-la-riviera-nayarit-y-que-playas-estan-dentro-de-ella\/\" \/>\n<meta property=\"og:locale\" content=\"en_US\" \/>\n<meta property=\"og:type\" content=\"article\" \/>\n<meta property=\"og:title\" content=\"Hotels in Tepic | Hoteles Fray \u2013 Complimentary Buffet Breakfast\" \/>\n<meta property=\"og:description\" content=\"Looking for hotels in Tepic? Hoteles Fray offers the best location, complimentary buffet breakfast, free WiFi, and flexible cancellation. Book directly with no deposit!\" \/>\n<meta property=\"og:url\" content=\"https:\/\/hotelesfray.com\/en\/2022\/06\/16\/que-es-la-riviera-nayarit-y-que-playas-estan-dentro-de-ella\/\" \/>\n<meta property=\"og:site_name\" content=\"Hoteles Fray\" \/>\n<meta property=\"article:published_time\" content=\"2022-06-16T16:29:37+00:00\" \/>\n<meta property=\"article:modified_time\" content=\"2025-02-24T00:38:18+00:00\" \/>\n<meta property=\"og:image\" content=\"https:\/\/hotelesfray.com\/wp-content\/uploads\/2022\/06\/N8b.jpg\" \/>\n\t<meta property=\"og:image:width\" content=\"1920\" \/>\n\t<meta property=\"og:image:height\" content=\"1280\" \/>\n\t<meta property=\"og:image:type\" content=\"image\/jpeg\" \/>\n<meta name=\"author\" content=\"Eduardo Lopez\" \/>\n<meta name=\"twitter:card\" content=\"summary_large_image\" \/>\n<meta name=\"twitter:label1\" content=\"Written by\" \/>\n\t<meta name=\"twitter:data1\" content=\"Eduardo Lopez\" \/>\n\t<meta name=\"twitter:label2\" content=\"Est. reading time\" \/>\n\t<meta name=\"twitter:data2\" content=\"3 minutes\" \/>\n<script type=\"application\/ld+json\" class=\"yoast-schema-graph\">{\"@context\":\"https:\\\/\\\/schema.org\",\"@graph\":[{\"@type\":[\"Article\",\"BlogPosting\"],\"@id\":\"https:\\\/\\\/hotelesfray.com\\\/2022\\\/06\\\/16\\\/que-es-la-riviera-nayarit-y-que-playas-estan-dentro-de-ella\\\/#article\",\"isPartOf\":{\"@id\":\"https:\\\/\\\/hotelesfray.com\\\/2022\\\/06\\\/16\\\/que-es-la-riviera-nayarit-y-que-playas-estan-dentro-de-ella\\\/\"},\"author\":{\"name\":\"Eduardo Lopez\",\"@id\":\"https:\\\/\\\/hotelesfray.com\\\/#\\\/schema\\\/person\\\/1a3f5909146e66cdba9aa8b37f1858e1\"},\"headline\":\"\u00bfQu\u00e9 es la \u00abRiviera Nayarit\u00bb y que playas est\u00e1n dentro de ella?\",\"datePublished\":\"2022-06-16T16:29:37+00:00\",\"dateModified\":\"2025-02-24T00:38:18+00:00\",\"mainEntityOfPage\":{\"@id\":\"https:\\\/\\\/hotelesfray.com\\\/2022\\\/06\\\/16\\\/que-es-la-riviera-nayarit-y-que-playas-estan-dentro-de-ella\\\/\"},\"wordCount\":434,\"publisher\":{\"@id\":\"https:\\\/\\\/hotelesfray.com\\\/#organization\"},\"image\":{\"@id\":\"https:\\\/\\\/hotelesfray.com\\\/2022\\\/06\\\/16\\\/que-es-la-riviera-nayarit-y-que-playas-estan-dentro-de-ella\\\/#primaryimage\"},\"thumbnailUrl\":\"https:\\\/\\\/hotelesfray.com\\\/wp-content\\\/uploads\\\/2022\\\/06\\\/N8b.jpg\",\"articleSection\":[\"Playas\"],\"inLanguage\":\"en-US\"},{\"@type\":\"WebPage\",\"@id\":\"https:\\\/\\\/hotelesfray.com\\\/2022\\\/06\\\/16\\\/que-es-la-riviera-nayarit-y-que-playas-estan-dentro-de-ella\\\/\",\"url\":\"https:\\\/\\\/hotelesfray.com\\\/2022\\\/06\\\/16\\\/que-es-la-riviera-nayarit-y-que-playas-estan-dentro-de-ella\\\/\",\"name\":\"\u00bfQu\u00e9 es la \\\"Riviera Nayarit\\\" y que playas est\u00e1n dentro de ella? | Hoteles Fray\",\"isPartOf\":{\"@id\":\"https:\\\/\\\/hotelesfray.com\\\/#website\"},\"primaryImageOfPage\":{\"@id\":\"https:\\\/\\\/hotelesfray.com\\\/2022\\\/06\\\/16\\\/que-es-la-riviera-nayarit-y-que-playas-estan-dentro-de-ella\\\/#primaryimage\"},\"image\":{\"@id\":\"https:\\\/\\\/hotelesfray.com\\\/2022\\\/06\\\/16\\\/que-es-la-riviera-nayarit-y-que-playas-estan-dentro-de-ella\\\/#primaryimage\"},\"thumbnailUrl\":\"https:\\\/\\\/hotelesfray.com\\\/wp-content\\\/uploads\\\/2022\\\/06\\\/N8b.jpg\",\"datePublished\":\"2022-06-16T16:29:37+00:00\",\"dateModified\":\"2025-02-24T00:38:18+00:00\",\"breadcrumb\":{\"@id\":\"https:\\\/\\\/hotelesfray.com\\\/2022\\\/06\\\/16\\\/que-es-la-riviera-nayarit-y-que-playas-estan-dentro-de-ella\\\/#breadcrumb\"},\"inLanguage\":\"en-US\",\"potentialAction\":[{\"@type\":\"ReadAction\",\"target\":[\"https:\\\/\\\/hotelesfray.com\\\/2022\\\/06\\\/16\\\/que-es-la-riviera-nayarit-y-que-playas-estan-dentro-de-ella\\\/\"]}]},{\"@type\":\"ImageObject\",\"inLanguage\":\"en-US\",\"@id\":\"https:\\\/\\\/hotelesfray.com\\\/2022\\\/06\\\/16\\\/que-es-la-riviera-nayarit-y-que-playas-estan-dentro-de-ella\\\/#primaryimage\",\"url\":\"https:\\\/\\\/hotelesfray.com\\\/wp-content\\\/uploads\\\/2022\\\/06\\\/N8b.jpg\",\"contentUrl\":\"https:\\\/\\\/hotelesfray.com\\\/wp-content\\\/uploads\\\/2022\\\/06\\\/N8b.jpg\",\"width\":1920,\"height\":1280},{\"@type\":\"BreadcrumbList\",\"@id\":\"https:\\\/\\\/hotelesfray.com\\\/2022\\\/06\\\/16\\\/que-es-la-riviera-nayarit-y-que-playas-estan-dentro-de-ella\\\/#breadcrumb\",\"itemListElement\":[{\"@type\":\"ListItem\",\"position\":1,\"name\":\"Playas\",\"item\":\"https:\\\/\\\/hotelesfray.com\\\/category\\\/playas\\\/\"},{\"@type\":\"ListItem\",\"position\":2,\"name\":\"\u00bfQu\u00e9 es la \u00abRiviera Nayarit\u00bb y que playas est\u00e1n dentro de ella?\"}]},{\"@type\":\"WebSite\",\"@id\":\"https:\\\/\\\/hotelesfray.com\\\/#website\",\"url\":\"https:\\\/\\\/hotelesfray.com\\\/\",\"name\":\"Hoteles Fray\",\"description\":\"Los Mejores Hoteles en el Centro de Tepic, Nayarit\",\"publisher\":{\"@id\":\"https:\\\/\\\/hotelesfray.com\\\/#organization\"},\"potentialAction\":[{\"@type\":\"SearchAction\",\"target\":{\"@type\":\"EntryPoint\",\"urlTemplate\":\"https:\\\/\\\/hotelesfray.com\\\/?s={search_term_string}\"},\"query-input\":{\"@type\":\"PropertyValueSpecification\",\"valueRequired\":true,\"valueName\":\"search_term_string\"}}],\"inLanguage\":\"en-US\"},{\"@type\":\"Organization\",\"@id\":\"https:\\\/\\\/hotelesfray.com\\\/#organization\",\"name\":\"Hoteles Fray\",\"url\":\"https:\\\/\\\/hotelesfray.com\\\/\",\"logo\":{\"@type\":\"ImageObject\",\"inLanguage\":\"en-US\",\"@id\":\"https:\\\/\\\/hotelesfray.com\\\/#\\\/schema\\\/logo\\\/image\\\/\",\"url\":\"https:\\\/\\\/hotelesfray.com\\\/wp-content\\\/uploads\\\/2023\\\/01\\\/HotelesFray-cuadro.png\",\"contentUrl\":\"https:\\\/\\\/hotelesfray.com\\\/wp-content\\\/uploads\\\/2023\\\/01\\\/HotelesFray-cuadro.png\",\"width\":2200,\"height\":2200,\"caption\":\"Hoteles Fray\"},\"image\":{\"@id\":\"https:\\\/\\\/hotelesfray.com\\\/#\\\/schema\\\/logo\\\/image\\\/\"}},{\"@type\":\"Person\",\"@id\":\"https:\\\/\\\/hotelesfray.com\\\/#\\\/schema\\\/person\\\/1a3f5909146e66cdba9aa8b37f1858e1\",\"name\":\"Eduardo Lopez\",\"image\":{\"@type\":\"ImageObject\",\"inLanguage\":\"en-US\",\"@id\":\"https:\\\/\\\/secure.gravatar.com\\\/avatar\\\/3d6f41a002d28c6845cb55b565f68141a241a36951b539d6f4dbddac28595734?s=96&d=mm&r=g\",\"url\":\"https:\\\/\\\/secure.gravatar.com\\\/avatar\\\/3d6f41a002d28c6845cb55b565f68141a241a36951b539d6f4dbddac28595734?s=96&d=mm&r=g\",\"contentUrl\":\"https:\\\/\\\/secure.gravatar.com\\\/avatar\\\/3d6f41a002d28c6845cb55b565f68141a241a36951b539d6f4dbddac28595734?s=96&d=mm&r=g\",\"caption\":\"Eduardo Lopez\"},\"url\":\"https:\\\/\\\/hotelesfray.com\\\/en\\\/author\\\/gente\\\/\"}]}<\/script>\n<!-- \/ Yoast SEO plugin. -->","yoast_head_json":{"title":"Hotels in Tepic | Hoteles Fray \u2013 Complimentary Buffet Breakfast","description":"Looking for hotels in Tepic? Hoteles Fray offers the best location, complimentary buffet breakfast, free WiFi, and flexible cancellation. Book directly with no deposit!","robots":{"index":"index","follow":"follow","max-snippet":"max-snippet:-1","max-image-preview":"max-image-preview:large","max-video-preview":"max-video-preview:-1"},"canonical":"https:\/\/hotelesfray.com\/en\/2022\/06\/16\/que-es-la-riviera-nayarit-y-que-playas-estan-dentro-de-ella\/","og_locale":"en_US","og_type":"article","og_title":"Hotels in Tepic | Hoteles Fray \u2013 Complimentary Buffet Breakfast","og_description":"Looking for hotels in Tepic? Hoteles Fray offers the best location, complimentary buffet breakfast, free WiFi, and flexible cancellation. Book directly with no deposit!","og_url":"https:\/\/hotelesfray.com\/en\/2022\/06\/16\/que-es-la-riviera-nayarit-y-que-playas-estan-dentro-de-ella\/","og_site_name":"Hoteles Fray","article_published_time":"2022-06-16T16:29:37+00:00","article_modified_time":"2025-02-24T00:38:18+00:00","og_image":[{"width":1920,"height":1280,"url":"https:\/\/hotelesfray.com\/wp-content\/uploads\/2022\/06\/N8b.jpg","type":"image\/jpeg"}],"author":"Eduardo Lopez","twitter_card":"summary_large_image","twitter_misc":{"Written by":"Eduardo Lopez","Est. reading time":"3 minutes"},"schema":{"@context":"https:\/\/schema.org","@graph":[{"@type":["Article","BlogPosting"],"@id":"https:\/\/hotelesfray.com\/2022\/06\/16\/que-es-la-riviera-nayarit-y-que-playas-estan-dentro-de-ella\/#article","isPartOf":{"@id":"https:\/\/hotelesfray.com\/2022\/06\/16\/que-es-la-riviera-nayarit-y-que-playas-estan-dentro-de-ella\/"},"author":{"name":"Eduardo Lopez","@id":"https:\/\/hotelesfray.com\/#\/schema\/person\/1a3f5909146e66cdba9aa8b37f1858e1"},"headline":"\u00bfQu\u00e9 es la \u00abRiviera Nayarit\u00bb y que playas est\u00e1n dentro de ella?","datePublished":"2022-06-16T16:29:37+00:00","dateModified":"2025-02-24T00:38:18+00:00","mainEntityOfPage":{"@id":"https:\/\/hotelesfray.com\/2022\/06\/16\/que-es-la-riviera-nayarit-y-que-playas-estan-dentro-de-ella\/"},"wordCount":434,"publisher":{"@id":"https:\/\/hotelesfray.com\/#organization"},"image":{"@id":"https:\/\/hotelesfray.com\/2022\/06\/16\/que-es-la-riviera-nayarit-y-que-playas-estan-dentro-de-ella\/#primaryimage"},"thumbnailUrl":"https:\/\/hotelesfray.com\/wp-content\/uploads\/2022\/06\/N8b.jpg","articleSection":["Playas"],"inLanguage":"en-US"},{"@type":"WebPage","@id":"https:\/\/hotelesfray.com\/2022\/06\/16\/que-es-la-riviera-nayarit-y-que-playas-estan-dentro-de-ella\/","url":"https:\/\/hotelesfray.com\/2022\/06\/16\/que-es-la-riviera-nayarit-y-que-playas-estan-dentro-de-ella\/","name":"\u00bfQu\u00e9 es la \"Riviera Nayarit\" y que playas est\u00e1n dentro de ella? | Hoteles Fray","isPartOf":{"@id":"https:\/\/hotelesfray.com\/#website"},"primaryImageOfPage":{"@id":"https:\/\/hotelesfray.com\/2022\/06\/16\/que-es-la-riviera-nayarit-y-que-playas-estan-dentro-de-ella\/#primaryimage"},"image":{"@id":"https:\/\/hotelesfray.com\/2022\/06\/16\/que-es-la-riviera-nayarit-y-que-playas-estan-dentro-de-ella\/#primaryimage"},"thumbnailUrl":"https:\/\/hotelesfray.com\/wp-content\/uploads\/2022\/06\/N8b.jpg","datePublished":"2022-06-16T16:29:37+00:00","dateModified":"2025-02-24T00:38:18+00:00","breadcrumb":{"@id":"https:\/\/hotelesfray.com\/2022\/06\/16\/que-es-la-riviera-nayarit-y-que-playas-estan-dentro-de-ella\/#breadcrumb"},"inLanguage":"en-US","potentialAction":[{"@type":"ReadAction","target":["https:\/\/hotelesfray.com\/2022\/06\/16\/que-es-la-riviera-nayarit-y-que-playas-estan-dentro-de-ella\/"]}]},{"@type":"ImageObject","inLanguage":"en-US","@id":"https:\/\/hotelesfray.com\/2022\/06\/16\/que-es-la-riviera-nayarit-y-que-playas-estan-dentro-de-ella\/#primaryimage","url":"https:\/\/hotelesfray.com\/wp-content\/uploads\/2022\/06\/N8b.jpg","contentUrl":"https:\/\/hotelesfray.com\/wp-content\/uploads\/2022\/06\/N8b.jpg","width":1920,"height":1280},{"@type":"BreadcrumbList","@id":"https:\/\/hotelesfray.com\/2022\/06\/16\/que-es-la-riviera-nayarit-y-que-playas-estan-dentro-de-ella\/#breadcrumb","itemListElement":[{"@type":"ListItem","position":1,"name":"Playas","item":"https:\/\/hotelesfray.com\/category\/playas\/"},{"@type":"ListItem","position":2,"name":"\u00bfQu\u00e9 es la \u00abRiviera Nayarit\u00bb y que playas est\u00e1n dentro de ella?"}]},{"@type":"WebSite","@id":"https:\/\/hotelesfray.com\/#website","url":"https:\/\/hotelesfray.com\/","name":"Hoteles Fray","description":"Los Mejores Hoteles en el Centro de Tepic, Nayarit","publisher":{"@id":"https:\/\/hotelesfray.com\/#organization"},"potentialAction":[{"@type":"SearchAction","target":{"@type":"EntryPoint","urlTemplate":"https:\/\/hotelesfray.com\/?s={search_term_string}"},"query-input":{"@type":"PropertyValueSpecification","valueRequired":true,"valueName":"search_term_string"}}],"inLanguage":"en-US"},{"@type":"Organization","@id":"https:\/\/hotelesfray.com\/#organization","name":"Hoteles Fray","url":"https:\/\/hotelesfray.com\/","logo":{"@type":"ImageObject","inLanguage":"en-US","@id":"https:\/\/hotelesfray.com\/#\/schema\/logo\/image\/","url":"https:\/\/hotelesfray.com\/wp-content\/uploads\/2023\/01\/HotelesFray-cuadro.png","contentUrl":"https:\/\/hotelesfray.com\/wp-content\/uploads\/2023\/01\/HotelesFray-cuadro.png","width":2200,"height":2200,"caption":"Hoteles Fray"},"image":{"@id":"https:\/\/hotelesfray.com\/#\/schema\/logo\/image\/"}},{"@type":"Person","@id":"https:\/\/hotelesfray.com\/#\/schema\/person\/1a3f5909146e66cdba9aa8b37f1858e1","name":"Eduardo Lopez","image":{"@type":"ImageObject","inLanguage":"en-US","@id":"https:\/\/secure.gravatar.com\/avatar\/3d6f41a002d28c6845cb55b565f68141a241a36951b539d6f4dbddac28595734?s=96&d=mm&r=g","url":"https:\/\/secure.gravatar.com\/avatar\/3d6f41a002d28c6845cb55b565f68141a241a36951b539d6f4dbddac28595734?s=96&d=mm&r=g","contentUrl":"https:\/\/secure.gravatar.com\/avatar\/3d6f41a002d28c6845cb55b565f68141a241a36951b539d6f4dbddac28595734?s=96&d=mm&r=g","caption":"Eduardo Lopez"},"url":"https:\/\/hotelesfray.com\/en\/author\/gente\/"}]}},"_links":{"self":[{"href":"https:\/\/hotelesfray.com\/en\/wp-json\/wp\/v2\/posts\/3287","targetHints":{"allow":["GET"]}}],"collection":[{"href":"https:\/\/hotelesfray.com\/en\/wp-json\/wp\/v2\/posts"}],"about":[{"href":"https:\/\/hotelesfray.com\/en\/wp-json\/wp\/v2\/types\/post"}],"author":[{"embeddable":true,"href":"https:\/\/hotelesfray.com\/en\/wp-json\/wp\/v2\/users\/2"}],"replies":[{"embeddable":true,"href":"https:\/\/hotelesfray.com\/en\/wp-json\/wp\/v2\/comments?post=3287"}],"version-history":[{"count":1,"href":"https:\/\/hotelesfray.com\/en\/wp-json\/wp\/v2\/posts\/3287\/revisions"}],"predecessor-version":[{"id":3291,"href":"https:\/\/hotelesfray.com\/en\/wp-json\/wp\/v2\/posts\/3287\/revisions\/3291"}],"wp:featuredmedia":[{"embeddable":true,"href":"https:\/\/hotelesfray.com\/en\/wp-json\/wp\/v2\/media\/3290"}],"wp:attachment":[{"href":"https:\/\/hotelesfray.com\/en\/wp-json\/wp\/v2\/media?parent=3287"}],"wp:term":[{"taxonomy":"category","embeddable":true,"href":"https:\/\/hotelesfray.com\/en\/wp-json\/wp\/v2\/categories?post=3287"},{"taxonomy":"post_tag","embeddable":true,"href":"https:\/\/hotelesfray.com\/en\/wp-json\/wp\/v2\/tags?post=3287"}],"curies":[{"name":"wp","href":"https:\/\/api.w.org\/{rel}","templated":true}]}}