{"id":3302,"date":"2022-07-04T16:19:12","date_gmt":"2022-07-04T20:19:12","guid":{"rendered":"https:\/\/hotelfrayjunipero.com\/?p=3302"},"modified":"2025-02-23T20:35:42","modified_gmt":"2025-02-24T00:35:42","slug":"playa-la-nopalera-una-belleza-natural-de-nayarit","status":"publish","type":"post","link":"https:\/\/hotelesfray.com\/en\/2022\/07\/04\/playa-la-nopalera-una-belleza-natural-de-nayarit\/","title":{"rendered":"Playa \u00abLa Nopalera\u00bb: una belleza natural de Nayarit"},"content":{"rendered":"<p>En el municipio de Bah\u00eda de Banderas, espec\u00edficamente en las ya famosas Islas Marietas se localiza otro atractivo de la Riviera Nayarit de enorme belleza natural, nos referimos a la playa \u201cLa nopalera\u201d.<\/p>\n\n\n\n<p>Ubicada en Islas Marietas consta de dos Islas que se localizan a 8 kil\u00f3metros de Punta de Mita, en la costa norte de la Bah\u00eda. El archipi\u00e9lago de origen volc\u00e1nico est\u00e1 compuesto por la isla grande y la isla redonda. Esta playa de aguas cristalinas se forma s\u00f3lo algunas veces al a\u00f1o debido a las corrientes marinas. Por estar en un lugar protegido, el acceso a este magn\u00edfico sitio es limitado y tiene sus restricciones.<\/p>\n\n\n\n<p>En primer lugar, s\u00f3lo puede ser visitado por 120 personas al d\u00eda, si quieres darte un chapuz\u00f3n en sus maravillosas aguas debes evitar el uso de bloqueadores, repelentes y bronceador. Todo lo anterior se debe a que las Islas Marietas donde se encuentra la playa nopalera, es un \u00e1rea protegida, debido a que cuenta con una gran cantidad de flora y fauna, posee tambi\u00e9n especies end\u00e9micas tales como el p\u00e1jaro de patas azules y no se diga se su riqueza en corales y peces.<\/p>\n\n\n\n<p>Para acceder a esta playa es necesario utilizar chaleco salvavidas, como una forma obligatoria de prevenci\u00f3n. Otro requisito es tener un gu\u00eda autorizado. Es importante que si visitas playa La nopalera, sigas las instrucciones de los gu\u00edas y cuides esta bell\u00edsima \u00e1rea natural para que pueda seguir siendo admirada por todos los que la visiten.<\/p>\n\n\n\n<figure class=\"wp-block-gallery has-nested-images columns-default is-cropped wp-block-gallery-1 is-layout-flex wp-block-gallery-is-layout-flex\">\n<figure class=\"wp-block-image size-large\"><img loading=\"lazy\" decoding=\"async\" width=\"960\" height=\"538\" data-id=\"3305\" src=\"https:\/\/hotelfrayjunipero.com\/wp-content\/uploads\/2022\/07\/LaNopalera3.jpeg\" alt=\"\" class=\"wp-image-3305\" srcset=\"https:\/\/hotelfrayjunipero.com\/wp-content\/uploads\/2022\/07\/LaNopalera3.jpeg 960w, https:\/\/hotelfrayjunipero.com\/wp-content\/uploads\/2022\/07\/LaNopalera3-480x269.jpeg 480w\" sizes=\"(min-width: 0px) and (max-width: 480px) 480px, (min-width: 481px) 960px, 100vw\" \/><\/figure>\n\n\n\n<figure class=\"wp-block-image size-large\"><img loading=\"lazy\" decoding=\"async\" width=\"960\" height=\"538\" data-id=\"3306\" src=\"https:\/\/hotelfrayjunipero.com\/wp-content\/uploads\/2022\/07\/LaNopalera4.jpeg\" alt=\"\" class=\"wp-image-3306\" srcset=\"https:\/\/hotelfrayjunipero.com\/wp-content\/uploads\/2022\/07\/LaNopalera4.jpeg 960w, https:\/\/hotelfrayjunipero.com\/wp-content\/uploads\/2022\/07\/LaNopalera4-480x269.jpeg 480w\" sizes=\"(min-width: 0px) and (max-width: 480px) 480px, (min-width: 481px) 960px, 100vw\" \/><\/figure>\n\n\n\n<figure class=\"wp-block-image size-large\"><img loading=\"lazy\" decoding=\"async\" width=\"960\" height=\"538\" data-id=\"3304\" src=\"https:\/\/hotelfrayjunipero.com\/wp-content\/uploads\/2022\/07\/LaNopalera2.jpeg\" alt=\"\" class=\"wp-image-3304\" srcset=\"https:\/\/hotelfrayjunipero.com\/wp-content\/uploads\/2022\/07\/LaNopalera2.jpeg 960w, https:\/\/hotelfrayjunipero.com\/wp-content\/uploads\/2022\/07\/LaNopalera2-480x269.jpeg 480w\" sizes=\"(min-width: 0px) and (max-width: 480px) 480px, (min-width: 481px) 960px, 100vw\" \/><\/figure>\n<\/figure>\n\n\n\n<p>Con informaci\u00f3n de GenteNayarit.com<\/p>","protected":false},"excerpt":{"rendered":"<p>En el municipio de Bah\u00eda de Banderas, espec\u00edficamente en las ya famosas Islas Marietas se localiza otro atractivo de la Riviera Nayarit de enorme belleza natural, nos referimos a la playa \u201cLa nopalera\u201d. Ubicada en Islas Marietas consta de dos Islas que se localizan a 8 kil\u00f3metros de Punta de Mita, en la costa norte [&hellip;]<\/p>\n","protected":false},"author":2,"featured_media":3305,"comment_status":"closed","ping_status":"open","sticky":false,"template":"","format":"standard","meta":{"_et_pb_use_builder":"","_et_pb_old_content":"","_et_gb_content_width":"","footnotes":""},"categories":[47,44],"tags":[],"class_list":["post-3302","post","type-post","status-publish","format-standard","has-post-thumbnail","hentry","category-bahia-de-banderas","category-playas"],"yoast_head":"<!-- This site is optimized with the Yoast SEO plugin v27.4 - https:\/\/yoast.com\/product\/yoast-seo-wordpress\/ -->\n<title>Hotels in Tepic | Hoteles Fray \u2013 Complimentary Buffet Breakfast<\/title>\n<meta name=\"description\" content=\"Looking for hotels in Tepic? Hoteles Fray offers the best location, complimentary buffet breakfast, free WiFi, and flexible cancellation. Book directly with no deposit!\" \/>\n<meta name=\"robots\" content=\"index, follow, max-snippet:-1, max-image-preview:large, max-video-preview:-1\" \/>\n<link rel=\"canonical\" href=\"https:\/\/hotelesfray.com\/en\/2022\/07\/04\/playa-la-nopalera-una-belleza-natural-de-nayarit\/\" \/>\n<meta property=\"og:locale\" content=\"en_US\" \/>\n<meta property=\"og:type\" content=\"article\" \/>\n<meta property=\"og:title\" content=\"Hotels in Tepic | Hoteles Fray \u2013 Complimentary Buffet Breakfast\" \/>\n<meta property=\"og:description\" content=\"Looking for hotels in Tepic? Hoteles Fray offers the best location, complimentary buffet breakfast, free WiFi, and flexible cancellation. Book directly with no deposit!\" \/>\n<meta property=\"og:url\" content=\"https:\/\/hotelesfray.com\/en\/2022\/07\/04\/playa-la-nopalera-una-belleza-natural-de-nayarit\/\" \/>\n<meta property=\"og:site_name\" content=\"Hoteles Fray\" \/>\n<meta property=\"article:published_time\" content=\"2022-07-04T20:19:12+00:00\" \/>\n<meta property=\"article:modified_time\" content=\"2025-02-24T00:35:42+00:00\" \/>\n<meta property=\"og:image\" content=\"https:\/\/hotelesfray.com\/wp-content\/uploads\/2022\/07\/LaNopalera3.jpeg\" \/>\n\t<meta property=\"og:image:width\" content=\"960\" \/>\n\t<meta property=\"og:image:height\" content=\"538\" \/>\n\t<meta property=\"og:image:type\" content=\"image\/jpeg\" \/>\n<meta name=\"author\" content=\"Eduardo Lopez\" \/>\n<meta name=\"twitter:card\" content=\"summary_large_image\" \/>\n<meta name=\"twitter:label1\" content=\"Written by\" \/>\n\t<meta name=\"twitter:data1\" content=\"Eduardo Lopez\" \/>\n\t<meta name=\"twitter:label2\" content=\"Est. reading time\" \/>\n\t<meta name=\"twitter:data2\" content=\"2 minutes\" \/>\n<script type=\"application\/ld+json\" class=\"yoast-schema-graph\">{\"@context\":\"https:\\\/\\\/schema.org\",\"@graph\":[{\"@type\":[\"Article\",\"BlogPosting\"],\"@id\":\"https:\\\/\\\/hotelesfray.com\\\/2022\\\/07\\\/04\\\/playa-la-nopalera-una-belleza-natural-de-nayarit\\\/#article\",\"isPartOf\":{\"@id\":\"https:\\\/\\\/hotelesfray.com\\\/2022\\\/07\\\/04\\\/playa-la-nopalera-una-belleza-natural-de-nayarit\\\/\"},\"author\":{\"name\":\"Eduardo Lopez\",\"@id\":\"https:\\\/\\\/hotelesfray.com\\\/#\\\/schema\\\/person\\\/1a3f5909146e66cdba9aa8b37f1858e1\"},\"headline\":\"Playa \u00abLa Nopalera\u00bb: una belleza natural de Nayarit\",\"datePublished\":\"2022-07-04T20:19:12+00:00\",\"dateModified\":\"2025-02-24T00:35:42+00:00\",\"mainEntityOfPage\":{\"@id\":\"https:\\\/\\\/hotelesfray.com\\\/2022\\\/07\\\/04\\\/playa-la-nopalera-una-belleza-natural-de-nayarit\\\/\"},\"wordCount\":278,\"publisher\":{\"@id\":\"https:\\\/\\\/hotelesfray.com\\\/#organization\"},\"image\":{\"@id\":\"https:\\\/\\\/hotelesfray.com\\\/2022\\\/07\\\/04\\\/playa-la-nopalera-una-belleza-natural-de-nayarit\\\/#primaryimage\"},\"thumbnailUrl\":\"https:\\\/\\\/hotelesfray.com\\\/wp-content\\\/uploads\\\/2022\\\/07\\\/LaNopalera3.jpeg\",\"articleSection\":[\"Bah\u00eda de Banderas\",\"Playas\"],\"inLanguage\":\"en-US\"},{\"@type\":\"WebPage\",\"@id\":\"https:\\\/\\\/hotelesfray.com\\\/2022\\\/07\\\/04\\\/playa-la-nopalera-una-belleza-natural-de-nayarit\\\/\",\"url\":\"https:\\\/\\\/hotelesfray.com\\\/2022\\\/07\\\/04\\\/playa-la-nopalera-una-belleza-natural-de-nayarit\\\/\",\"name\":\"Playa \\\"La Nopalera\\\": una belleza natural de Nayarit | Hoteles Fray\",\"isPartOf\":{\"@id\":\"https:\\\/\\\/hotelesfray.com\\\/#website\"},\"primaryImageOfPage\":{\"@id\":\"https:\\\/\\\/hotelesfray.com\\\/2022\\\/07\\\/04\\\/playa-la-nopalera-una-belleza-natural-de-nayarit\\\/#primaryimage\"},\"image\":{\"@id\":\"https:\\\/\\\/hotelesfray.com\\\/2022\\\/07\\\/04\\\/playa-la-nopalera-una-belleza-natural-de-nayarit\\\/#primaryimage\"},\"thumbnailUrl\":\"https:\\\/\\\/hotelesfray.com\\\/wp-content\\\/uploads\\\/2022\\\/07\\\/LaNopalera3.jpeg\",\"datePublished\":\"2022-07-04T20:19:12+00:00\",\"dateModified\":\"2025-02-24T00:35:42+00:00\",\"breadcrumb\":{\"@id\":\"https:\\\/\\\/hotelesfray.com\\\/2022\\\/07\\\/04\\\/playa-la-nopalera-una-belleza-natural-de-nayarit\\\/#breadcrumb\"},\"inLanguage\":\"en-US\",\"potentialAction\":[{\"@type\":\"ReadAction\",\"target\":[\"https:\\\/\\\/hotelesfray.com\\\/2022\\\/07\\\/04\\\/playa-la-nopalera-una-belleza-natural-de-nayarit\\\/\"]}]},{\"@type\":\"ImageObject\",\"inLanguage\":\"en-US\",\"@id\":\"https:\\\/\\\/hotelesfray.com\\\/2022\\\/07\\\/04\\\/playa-la-nopalera-una-belleza-natural-de-nayarit\\\/#primaryimage\",\"url\":\"https:\\\/\\\/hotelesfray.com\\\/wp-content\\\/uploads\\\/2022\\\/07\\\/LaNopalera3.jpeg\",\"contentUrl\":\"https:\\\/\\\/hotelesfray.com\\\/wp-content\\\/uploads\\\/2022\\\/07\\\/LaNopalera3.jpeg\",\"width\":960,\"height\":538},{\"@type\":\"BreadcrumbList\",\"@id\":\"https:\\\/\\\/hotelesfray.com\\\/2022\\\/07\\\/04\\\/playa-la-nopalera-una-belleza-natural-de-nayarit\\\/#breadcrumb\",\"itemListElement\":[{\"@type\":\"ListItem\",\"position\":1,\"name\":\"Bah\u00eda de Banderas\",\"item\":\"https:\\\/\\\/hotelesfray.com\\\/category\\\/bahia-de-banderas\\\/\"},{\"@type\":\"ListItem\",\"position\":2,\"name\":\"Playa \u00abLa Nopalera\u00bb: una belleza natural de Nayarit\"}]},{\"@type\":\"WebSite\",\"@id\":\"https:\\\/\\\/hotelesfray.com\\\/#website\",\"url\":\"https:\\\/\\\/hotelesfray.com\\\/\",\"name\":\"Hoteles Fray\",\"description\":\"Los Mejores Hoteles en el Centro de Tepic, Nayarit\",\"publisher\":{\"@id\":\"https:\\\/\\\/hotelesfray.com\\\/#organization\"},\"potentialAction\":[{\"@type\":\"SearchAction\",\"target\":{\"@type\":\"EntryPoint\",\"urlTemplate\":\"https:\\\/\\\/hotelesfray.com\\\/?s={search_term_string}\"},\"query-input\":{\"@type\":\"PropertyValueSpecification\",\"valueRequired\":true,\"valueName\":\"search_term_string\"}}],\"inLanguage\":\"en-US\"},{\"@type\":\"Organization\",\"@id\":\"https:\\\/\\\/hotelesfray.com\\\/#organization\",\"name\":\"Hoteles Fray\",\"url\":\"https:\\\/\\\/hotelesfray.com\\\/\",\"logo\":{\"@type\":\"ImageObject\",\"inLanguage\":\"en-US\",\"@id\":\"https:\\\/\\\/hotelesfray.com\\\/#\\\/schema\\\/logo\\\/image\\\/\",\"url\":\"https:\\\/\\\/hotelesfray.com\\\/wp-content\\\/uploads\\\/2023\\\/01\\\/HotelesFray-cuadro.png\",\"contentUrl\":\"https:\\\/\\\/hotelesfray.com\\\/wp-content\\\/uploads\\\/2023\\\/01\\\/HotelesFray-cuadro.png\",\"width\":2200,\"height\":2200,\"caption\":\"Hoteles Fray\"},\"image\":{\"@id\":\"https:\\\/\\\/hotelesfray.com\\\/#\\\/schema\\\/logo\\\/image\\\/\"}},{\"@type\":\"Person\",\"@id\":\"https:\\\/\\\/hotelesfray.com\\\/#\\\/schema\\\/person\\\/1a3f5909146e66cdba9aa8b37f1858e1\",\"name\":\"Eduardo Lopez\",\"image\":{\"@type\":\"ImageObject\",\"inLanguage\":\"en-US\",\"@id\":\"https:\\\/\\\/secure.gravatar.com\\\/avatar\\\/3d6f41a002d28c6845cb55b565f68141a241a36951b539d6f4dbddac28595734?s=96&d=mm&r=g\",\"url\":\"https:\\\/\\\/secure.gravatar.com\\\/avatar\\\/3d6f41a002d28c6845cb55b565f68141a241a36951b539d6f4dbddac28595734?s=96&d=mm&r=g\",\"contentUrl\":\"https:\\\/\\\/secure.gravatar.com\\\/avatar\\\/3d6f41a002d28c6845cb55b565f68141a241a36951b539d6f4dbddac28595734?s=96&d=mm&r=g\",\"caption\":\"Eduardo Lopez\"},\"url\":\"https:\\\/\\\/hotelesfray.com\\\/en\\\/author\\\/gente\\\/\"}]}<\/script>\n<!-- \/ Yoast SEO plugin. -->","yoast_head_json":{"title":"Hotels in Tepic | Hoteles Fray \u2013 Complimentary Buffet Breakfast","description":"Looking for hotels in Tepic? Hoteles Fray offers the best location, complimentary buffet breakfast, free WiFi, and flexible cancellation. Book directly with no deposit!","robots":{"index":"index","follow":"follow","max-snippet":"max-snippet:-1","max-image-preview":"max-image-preview:large","max-video-preview":"max-video-preview:-1"},"canonical":"https:\/\/hotelesfray.com\/en\/2022\/07\/04\/playa-la-nopalera-una-belleza-natural-de-nayarit\/","og_locale":"en_US","og_type":"article","og_title":"Hotels in Tepic | Hoteles Fray \u2013 Complimentary Buffet Breakfast","og_description":"Looking for hotels in Tepic? Hoteles Fray offers the best location, complimentary buffet breakfast, free WiFi, and flexible cancellation. Book directly with no deposit!","og_url":"https:\/\/hotelesfray.com\/en\/2022\/07\/04\/playa-la-nopalera-una-belleza-natural-de-nayarit\/","og_site_name":"Hoteles Fray","article_published_time":"2022-07-04T20:19:12+00:00","article_modified_time":"2025-02-24T00:35:42+00:00","og_image":[{"width":960,"height":538,"url":"https:\/\/hotelesfray.com\/wp-content\/uploads\/2022\/07\/LaNopalera3.jpeg","type":"image\/jpeg"}],"author":"Eduardo Lopez","twitter_card":"summary_large_image","twitter_misc":{"Written by":"Eduardo Lopez","Est. reading time":"2 minutes"},"schema":{"@context":"https:\/\/schema.org","@graph":[{"@type":["Article","BlogPosting"],"@id":"https:\/\/hotelesfray.com\/2022\/07\/04\/playa-la-nopalera-una-belleza-natural-de-nayarit\/#article","isPartOf":{"@id":"https:\/\/hotelesfray.com\/2022\/07\/04\/playa-la-nopalera-una-belleza-natural-de-nayarit\/"},"author":{"name":"Eduardo Lopez","@id":"https:\/\/hotelesfray.com\/#\/schema\/person\/1a3f5909146e66cdba9aa8b37f1858e1"},"headline":"Playa \u00abLa Nopalera\u00bb: una belleza natural de Nayarit","datePublished":"2022-07-04T20:19:12+00:00","dateModified":"2025-02-24T00:35:42+00:00","mainEntityOfPage":{"@id":"https:\/\/hotelesfray.com\/2022\/07\/04\/playa-la-nopalera-una-belleza-natural-de-nayarit\/"},"wordCount":278,"publisher":{"@id":"https:\/\/hotelesfray.com\/#organization"},"image":{"@id":"https:\/\/hotelesfray.com\/2022\/07\/04\/playa-la-nopalera-una-belleza-natural-de-nayarit\/#primaryimage"},"thumbnailUrl":"https:\/\/hotelesfray.com\/wp-content\/uploads\/2022\/07\/LaNopalera3.jpeg","articleSection":["Bah\u00eda de Banderas","Playas"],"inLanguage":"en-US"},{"@type":"WebPage","@id":"https:\/\/hotelesfray.com\/2022\/07\/04\/playa-la-nopalera-una-belleza-natural-de-nayarit\/","url":"https:\/\/hotelesfray.com\/2022\/07\/04\/playa-la-nopalera-una-belleza-natural-de-nayarit\/","name":"Playa \"La Nopalera\": una belleza natural de Nayarit | Hoteles Fray","isPartOf":{"@id":"https:\/\/hotelesfray.com\/#website"},"primaryImageOfPage":{"@id":"https:\/\/hotelesfray.com\/2022\/07\/04\/playa-la-nopalera-una-belleza-natural-de-nayarit\/#primaryimage"},"image":{"@id":"https:\/\/hotelesfray.com\/2022\/07\/04\/playa-la-nopalera-una-belleza-natural-de-nayarit\/#primaryimage"},"thumbnailUrl":"https:\/\/hotelesfray.com\/wp-content\/uploads\/2022\/07\/LaNopalera3.jpeg","datePublished":"2022-07-04T20:19:12+00:00","dateModified":"2025-02-24T00:35:42+00:00","breadcrumb":{"@id":"https:\/\/hotelesfray.com\/2022\/07\/04\/playa-la-nopalera-una-belleza-natural-de-nayarit\/#breadcrumb"},"inLanguage":"en-US","potentialAction":[{"@type":"ReadAction","target":["https:\/\/hotelesfray.com\/2022\/07\/04\/playa-la-nopalera-una-belleza-natural-de-nayarit\/"]}]},{"@type":"ImageObject","inLanguage":"en-US","@id":"https:\/\/hotelesfray.com\/2022\/07\/04\/playa-la-nopalera-una-belleza-natural-de-nayarit\/#primaryimage","url":"https:\/\/hotelesfray.com\/wp-content\/uploads\/2022\/07\/LaNopalera3.jpeg","contentUrl":"https:\/\/hotelesfray.com\/wp-content\/uploads\/2022\/07\/LaNopalera3.jpeg","width":960,"height":538},{"@type":"BreadcrumbList","@id":"https:\/\/hotelesfray.com\/2022\/07\/04\/playa-la-nopalera-una-belleza-natural-de-nayarit\/#breadcrumb","itemListElement":[{"@type":"ListItem","position":1,"name":"Bah\u00eda de Banderas","item":"https:\/\/hotelesfray.com\/category\/bahia-de-banderas\/"},{"@type":"ListItem","position":2,"name":"Playa \u00abLa Nopalera\u00bb: una belleza natural de Nayarit"}]},{"@type":"WebSite","@id":"https:\/\/hotelesfray.com\/#website","url":"https:\/\/hotelesfray.com\/","name":"Hoteles Fray","description":"Los Mejores Hoteles en el Centro de Tepic, Nayarit","publisher":{"@id":"https:\/\/hotelesfray.com\/#organization"},"potentialAction":[{"@type":"SearchAction","target":{"@type":"EntryPoint","urlTemplate":"https:\/\/hotelesfray.com\/?s={search_term_string}"},"query-input":{"@type":"PropertyValueSpecification","valueRequired":true,"valueName":"search_term_string"}}],"inLanguage":"en-US"},{"@type":"Organization","@id":"https:\/\/hotelesfray.com\/#organization","name":"Hoteles Fray","url":"https:\/\/hotelesfray.com\/","logo":{"@type":"ImageObject","inLanguage":"en-US","@id":"https:\/\/hotelesfray.com\/#\/schema\/logo\/image\/","url":"https:\/\/hotelesfray.com\/wp-content\/uploads\/2023\/01\/HotelesFray-cuadro.png","contentUrl":"https:\/\/hotelesfray.com\/wp-content\/uploads\/2023\/01\/HotelesFray-cuadro.png","width":2200,"height":2200,"caption":"Hoteles Fray"},"image":{"@id":"https:\/\/hotelesfray.com\/#\/schema\/logo\/image\/"}},{"@type":"Person","@id":"https:\/\/hotelesfray.com\/#\/schema\/person\/1a3f5909146e66cdba9aa8b37f1858e1","name":"Eduardo Lopez","image":{"@type":"ImageObject","inLanguage":"en-US","@id":"https:\/\/secure.gravatar.com\/avatar\/3d6f41a002d28c6845cb55b565f68141a241a36951b539d6f4dbddac28595734?s=96&d=mm&r=g","url":"https:\/\/secure.gravatar.com\/avatar\/3d6f41a002d28c6845cb55b565f68141a241a36951b539d6f4dbddac28595734?s=96&d=mm&r=g","contentUrl":"https:\/\/secure.gravatar.com\/avatar\/3d6f41a002d28c6845cb55b565f68141a241a36951b539d6f4dbddac28595734?s=96&d=mm&r=g","caption":"Eduardo Lopez"},"url":"https:\/\/hotelesfray.com\/en\/author\/gente\/"}]}},"_links":{"self":[{"href":"https:\/\/hotelesfray.com\/en\/wp-json\/wp\/v2\/posts\/3302","targetHints":{"allow":["GET"]}}],"collection":[{"href":"https:\/\/hotelesfray.com\/en\/wp-json\/wp\/v2\/posts"}],"about":[{"href":"https:\/\/hotelesfray.com\/en\/wp-json\/wp\/v2\/types\/post"}],"author":[{"embeddable":true,"href":"https:\/\/hotelesfray.com\/en\/wp-json\/wp\/v2\/users\/2"}],"replies":[{"embeddable":true,"href":"https:\/\/hotelesfray.com\/en\/wp-json\/wp\/v2\/comments?post=3302"}],"version-history":[{"count":1,"href":"https:\/\/hotelesfray.com\/en\/wp-json\/wp\/v2\/posts\/3302\/revisions"}],"predecessor-version":[{"id":3307,"href":"https:\/\/hotelesfray.com\/en\/wp-json\/wp\/v2\/posts\/3302\/revisions\/3307"}],"wp:featuredmedia":[{"embeddable":true,"href":"https:\/\/hotelesfray.com\/en\/wp-json\/wp\/v2\/media\/3305"}],"wp:attachment":[{"href":"https:\/\/hotelesfray.com\/en\/wp-json\/wp\/v2\/media?parent=3302"}],"wp:term":[{"taxonomy":"category","embeddable":true,"href":"https:\/\/hotelesfray.com\/en\/wp-json\/wp\/v2\/categories?post=3302"},{"taxonomy":"post_tag","embeddable":true,"href":"https:\/\/hotelesfray.com\/en\/wp-json\/wp\/v2\/tags?post=3302"}],"curies":[{"name":"wp","href":"https:\/\/api.w.org\/{rel}","templated":true}]}}