{"id":3370,"date":"2022-08-25T13:21:49","date_gmt":"2022-08-25T17:21:49","guid":{"rendered":"https:\/\/hotelfrayjunipero.com\/?p=3370"},"modified":"2025-02-23T20:33:53","modified_gmt":"2025-02-24T00:33:53","slug":"conoce-jala-especial-pueblos-magicos-de-nayarit","status":"publish","type":"post","link":"https:\/\/hotelesfray.com\/en\/2022\/08\/25\/conoce-jala-especial-pueblos-magicos-de-nayarit\/","title":{"rendered":"Conoce Jala \u2013 Especial Pueblos M\u00e1gicos de Nayarit"},"content":{"rendered":"<p class=\"has-drop-cap\"><strong>Jala <\/strong>es un <strong>Pueblo M\u00e1gico<\/strong> lleno de historia, arquitectura y tradici\u00f3n; de calles empedradas y viejas casonas de estilo espa\u00f1ol, construidas con adobe y techos cubiertos de teja roja. Caminar por sus calles irregulares y admirar la gracia de sus antiguas construcciones resguardadas a trav\u00e9s del tiempo es tan solo el principio de lo que se puede disfrutar en este hermoso municipio. <\/p>\n\n\n\n<p>Se encuentra ubicado al pie del gigantesco Volc\u00e1n El Ceboruco a\u00fan activo, cuenta con 2280 metros de altura y cuya \u00faltima erupci\u00f3n sucedi\u00f3 en 1870; se puede acceder al cr\u00e1ter del volc\u00e1n y admirar las fumarolas, adem\u00e1s de disfrutar del hermoso paisaje de verdes valles y fr\u00edos bosques de diversa vegetaci\u00f3n. La magia, el encanto y el misticismo describen este lugar ideal para disfrutar en familia, amigos y pareja.<\/p>\n\n\n\n<figure class=\"wp-block-image size-large\"><img loading=\"lazy\" decoding=\"async\" width=\"1024\" height=\"683\" src=\"https:\/\/hotelfrayjunipero.com\/wp-content\/uploads\/2022\/08\/JalaPM1-1024x683.jpg\" alt=\"\" class=\"wp-image-3372\" srcset=\"https:\/\/hotelfrayjunipero.com\/wp-content\/uploads\/2022\/08\/JalaPM1-980x653.jpg 980w, https:\/\/hotelfrayjunipero.com\/wp-content\/uploads\/2022\/08\/JalaPM1-480x320.jpg 480w\" sizes=\"(min-width: 0px) and (max-width: 480px) 480px, (min-width: 481px) and (max-width: 980px) 980px, (min-width: 981px) 1024px, 100vw\" \/><\/figure>\n\n\n\n<h2 class=\"wp-block-heading\">\u00bfQu\u00e9 hacer?<\/h2>\n\n\n\n<ul class=\"wp-block-list\"><li>Un recorrido peatonal por el centro hist\u00f3rico.<\/li><li>Visitar la Bas\u00edlica Lateranense de Nuestra Se\u00f1ora de la Asunci\u00f3n construida en el siglo XIX y considerada una joya arquitect\u00f3nica de M\u00e9xico que fue edificada en cantera rosa, verde y amarilla, ornamentada con vitrales multicolores.<\/li><li>La Iglesia del Convento de la Limpia y Pura Concepci\u00f3n de Mar\u00eda construida entre 1582 y 1617, la belleza del edificio radica en la sencillez de su blanca fachada y la enigm\u00e1tica figura de la Pur\u00edsima Concepci\u00f3n de Mar\u00eda con penacho de plumas sobre el port\u00f3n de ingreso, una obra de arte amerindio que combina lo hispano y lo ind\u00edgena.<\/li><li>Visita a los curanderos para que te realicen una limpia y tu esp\u00edritu se purifique y aleje las malas vibras.<\/li><li>Atestigua la Festividad de la Judea durante la Semana Santa, donde se realiza una de las representaciones de la \u201cPasi\u00f3n de Cristo\u201d m\u00e1s emotivas de todo el pa\u00eds.<\/li><li>Vive la Feria del Elote durante el mes de agosto que atrae a miles de visitantes, los cuales disfrutan de los diferentes puestos de comida t\u00edpica de la regi\u00f3n, eventos art\u00edsticos, culturales y concursos.<\/li><li>Conoce el Volc\u00e1n El Ceboruco \u201cEl Gigante Negro\u201d donde podr\u00e1s acceder en veh\u00edculo hasta el primer cr\u00e1ter. Durante su ascenso aprecia el cambio de ecosistema, flora y fauna. Practica senderismo, ciclismo de monta\u00f1a, camping y realiza un recorrido en cuatrimoto, este lugar te ofrece las mejores vistas panor\u00e1micas de los valles del sur de Nayarit y el incre\u00edble paisaje rodeado de lava volc\u00e1nica petrificada, adem\u00e1s se puede apreciar las fumarolas que emite el volc\u00e1n.<\/li><\/ul>\n\n\n\n<figure class=\"wp-block-image size-large\"><img loading=\"lazy\" decoding=\"async\" width=\"1024\" height=\"683\" src=\"https:\/\/hotelfrayjunipero.com\/wp-content\/uploads\/2022\/08\/JalaPM3-1024x683.jpg\" alt=\"\" class=\"wp-image-3373\" srcset=\"https:\/\/hotelfrayjunipero.com\/wp-content\/uploads\/2022\/08\/JalaPM3-980x653.jpg 980w, https:\/\/hotelfrayjunipero.com\/wp-content\/uploads\/2022\/08\/JalaPM3-480x320.jpg 480w\" sizes=\"(min-width: 0px) and (max-width: 480px) 480px, (min-width: 481px) and (max-width: 980px) 980px, (min-width: 981px) 1024px, 100vw\" \/><\/figure>\n\n\n\n<h2 class=\"wp-block-heading\">Gastronom\u00eda<\/h2>\n\n\n\n<p>Jala ofrece una exquisita gastronom\u00eda local hecha a base de ma\u00edz reconocida por el tama\u00f1o de sus elotes, ostent\u00e1ndose como los m\u00e1s grandes del mundo ya que pueden llegar a medir alrededor de 60 cm; as\u00ed como deleitarte con las t\u00edpicas y peculiares tostadas gigantes con m\u00e1s de 30 cm. de largo. Las gorditas de horno, los encanelados, los rosquetes, los cacahuates de min\u00fasculo tama\u00f1o y una amplia variedad de mermeladas, chiles y jamaica, son otros productos locales con gran tradici\u00f3n. Adem\u00e1s, en Jala se encuentran hermosas artesan\u00edas elaboradas de madera, hojas de pino y ma\u00edz.<\/p>\n\n\n\n<figure class=\"wp-block-image size-large\"><img loading=\"lazy\" decoding=\"async\" width=\"1024\" height=\"683\" src=\"https:\/\/hotelfrayjunipero.com\/wp-content\/uploads\/2022\/08\/JalaPM2-1024x683.jpg\" alt=\"\" class=\"wp-image-3374\" srcset=\"https:\/\/hotelfrayjunipero.com\/wp-content\/uploads\/2022\/08\/JalaPM2-980x653.jpg 980w, https:\/\/hotelfrayjunipero.com\/wp-content\/uploads\/2022\/08\/JalaPM2-480x320.jpg 480w\" sizes=\"(min-width: 0px) and (max-width: 480px) 480px, (min-width: 481px) and (max-width: 980px) 980px, (min-width: 981px) 1024px, 100vw\" \/><\/figure>\n\n\n\n<p><em>Con informaci\u00f3n de NayaritEnam<\/em>ora.com<\/p>","protected":false},"excerpt":{"rendered":"<p>Jala es un Pueblo M\u00e1gico lleno de historia, arquitectura y tradici\u00f3n; de calles empedradas y viejas casonas de estilo espa\u00f1ol, construidas con adobe y techos cubiertos de teja roja. Caminar por sus calles irregulares y admirar la gracia de sus antiguas construcciones resguardadas a trav\u00e9s del tiempo es tan solo el principio de lo que [&hellip;]<\/p>\n","protected":false},"author":2,"featured_media":3371,"comment_status":"closed","ping_status":"open","sticky":false,"template":"","format":"standard","meta":{"_et_pb_use_builder":"","_et_pb_old_content":"","_et_gb_content_width":"","footnotes":""},"categories":[48,39],"tags":[],"class_list":["post-3370","post","type-post","status-publish","format-standard","has-post-thumbnail","hentry","category-jala","category-pueblos-magicos"],"yoast_head":"<!-- This site is optimized with the Yoast SEO plugin v27.4 - https:\/\/yoast.com\/product\/yoast-seo-wordpress\/ -->\n<title>Hotels in Tepic | Hoteles Fray \u2013 Complimentary Buffet Breakfast<\/title>\n<meta name=\"description\" content=\"Looking for hotels in Tepic? Hoteles Fray offers the best location, complimentary buffet breakfast, free WiFi, and flexible cancellation. Book directly with no deposit!\" \/>\n<meta name=\"robots\" content=\"index, follow, max-snippet:-1, max-image-preview:large, max-video-preview:-1\" \/>\n<link rel=\"canonical\" href=\"https:\/\/hotelesfray.com\/en\/2022\/08\/25\/conoce-jala-especial-pueblos-magicos-de-nayarit\/\" \/>\n<meta property=\"og:locale\" content=\"en_US\" \/>\n<meta property=\"og:type\" content=\"article\" \/>\n<meta property=\"og:title\" content=\"Hotels in Tepic | Hoteles Fray \u2013 Complimentary Buffet Breakfast\" \/>\n<meta property=\"og:description\" content=\"Looking for hotels in Tepic? Hoteles Fray offers the best location, complimentary buffet breakfast, free WiFi, and flexible cancellation. Book directly with no deposit!\" \/>\n<meta property=\"og:url\" content=\"https:\/\/hotelesfray.com\/en\/2022\/08\/25\/conoce-jala-especial-pueblos-magicos-de-nayarit\/\" \/>\n<meta property=\"og:site_name\" content=\"Hoteles Fray\" \/>\n<meta property=\"article:published_time\" content=\"2022-08-25T17:21:49+00:00\" \/>\n<meta property=\"article:modified_time\" content=\"2025-02-24T00:33:53+00:00\" \/>\n<meta property=\"og:image\" content=\"https:\/\/hotelesfray.com\/wp-content\/uploads\/2022\/08\/JalaPM.jpg\" \/>\n\t<meta property=\"og:image:width\" content=\"1920\" \/>\n\t<meta property=\"og:image:height\" content=\"1080\" \/>\n\t<meta property=\"og:image:type\" content=\"image\/jpeg\" \/>\n<meta name=\"author\" content=\"Eduardo Lopez\" \/>\n<meta name=\"twitter:card\" content=\"summary_large_image\" \/>\n<meta name=\"twitter:label1\" content=\"Written by\" \/>\n\t<meta name=\"twitter:data1\" content=\"Eduardo Lopez\" \/>\n\t<meta name=\"twitter:label2\" content=\"Est. reading time\" \/>\n\t<meta name=\"twitter:data2\" content=\"3 minutes\" \/>\n<script type=\"application\/ld+json\" class=\"yoast-schema-graph\">{\"@context\":\"https:\\\/\\\/schema.org\",\"@graph\":[{\"@type\":[\"Article\",\"BlogPosting\"],\"@id\":\"https:\\\/\\\/hotelesfray.com\\\/2022\\\/08\\\/25\\\/conoce-jala-especial-pueblos-magicos-de-nayarit\\\/#article\",\"isPartOf\":{\"@id\":\"https:\\\/\\\/hotelesfray.com\\\/2022\\\/08\\\/25\\\/conoce-jala-especial-pueblos-magicos-de-nayarit\\\/\"},\"author\":{\"name\":\"Eduardo Lopez\",\"@id\":\"https:\\\/\\\/hotelesfray.com\\\/#\\\/schema\\\/person\\\/1a3f5909146e66cdba9aa8b37f1858e1\"},\"headline\":\"Conoce Jala \u2013 Especial Pueblos M\u00e1gicos de Nayarit\",\"datePublished\":\"2022-08-25T17:21:49+00:00\",\"dateModified\":\"2025-02-24T00:33:53+00:00\",\"mainEntityOfPage\":{\"@id\":\"https:\\\/\\\/hotelesfray.com\\\/2022\\\/08\\\/25\\\/conoce-jala-especial-pueblos-magicos-de-nayarit\\\/\"},\"wordCount\":553,\"publisher\":{\"@id\":\"https:\\\/\\\/hotelesfray.com\\\/#organization\"},\"image\":{\"@id\":\"https:\\\/\\\/hotelesfray.com\\\/2022\\\/08\\\/25\\\/conoce-jala-especial-pueblos-magicos-de-nayarit\\\/#primaryimage\"},\"thumbnailUrl\":\"https:\\\/\\\/hotelesfray.com\\\/wp-content\\\/uploads\\\/2022\\\/08\\\/JalaPM.jpg\",\"articleSection\":[\"Jala\",\"Pueblos M\u00e1gicos\"],\"inLanguage\":\"en-US\"},{\"@type\":\"WebPage\",\"@id\":\"https:\\\/\\\/hotelesfray.com\\\/2022\\\/08\\\/25\\\/conoce-jala-especial-pueblos-magicos-de-nayarit\\\/\",\"url\":\"https:\\\/\\\/hotelesfray.com\\\/2022\\\/08\\\/25\\\/conoce-jala-especial-pueblos-magicos-de-nayarit\\\/\",\"name\":\"Conoce Jala \u2013 Especial Pueblos M\u00e1gicos de Nayarit | Hoteles Fray\",\"isPartOf\":{\"@id\":\"https:\\\/\\\/hotelesfray.com\\\/#website\"},\"primaryImageOfPage\":{\"@id\":\"https:\\\/\\\/hotelesfray.com\\\/2022\\\/08\\\/25\\\/conoce-jala-especial-pueblos-magicos-de-nayarit\\\/#primaryimage\"},\"image\":{\"@id\":\"https:\\\/\\\/hotelesfray.com\\\/2022\\\/08\\\/25\\\/conoce-jala-especial-pueblos-magicos-de-nayarit\\\/#primaryimage\"},\"thumbnailUrl\":\"https:\\\/\\\/hotelesfray.com\\\/wp-content\\\/uploads\\\/2022\\\/08\\\/JalaPM.jpg\",\"datePublished\":\"2022-08-25T17:21:49+00:00\",\"dateModified\":\"2025-02-24T00:33:53+00:00\",\"breadcrumb\":{\"@id\":\"https:\\\/\\\/hotelesfray.com\\\/2022\\\/08\\\/25\\\/conoce-jala-especial-pueblos-magicos-de-nayarit\\\/#breadcrumb\"},\"inLanguage\":\"en-US\",\"potentialAction\":[{\"@type\":\"ReadAction\",\"target\":[\"https:\\\/\\\/hotelesfray.com\\\/2022\\\/08\\\/25\\\/conoce-jala-especial-pueblos-magicos-de-nayarit\\\/\"]}]},{\"@type\":\"ImageObject\",\"inLanguage\":\"en-US\",\"@id\":\"https:\\\/\\\/hotelesfray.com\\\/2022\\\/08\\\/25\\\/conoce-jala-especial-pueblos-magicos-de-nayarit\\\/#primaryimage\",\"url\":\"https:\\\/\\\/hotelesfray.com\\\/wp-content\\\/uploads\\\/2022\\\/08\\\/JalaPM.jpg\",\"contentUrl\":\"https:\\\/\\\/hotelesfray.com\\\/wp-content\\\/uploads\\\/2022\\\/08\\\/JalaPM.jpg\",\"width\":1920,\"height\":1080},{\"@type\":\"BreadcrumbList\",\"@id\":\"https:\\\/\\\/hotelesfray.com\\\/2022\\\/08\\\/25\\\/conoce-jala-especial-pueblos-magicos-de-nayarit\\\/#breadcrumb\",\"itemListElement\":[{\"@type\":\"ListItem\",\"position\":1,\"name\":\"Pueblos M\u00e1gicos\",\"item\":\"https:\\\/\\\/hotelesfray.com\\\/category\\\/pueblos-magicos\\\/\"},{\"@type\":\"ListItem\",\"position\":2,\"name\":\"Conoce Jala \u2013 Especial Pueblos M\u00e1gicos de Nayarit\"}]},{\"@type\":\"WebSite\",\"@id\":\"https:\\\/\\\/hotelesfray.com\\\/#website\",\"url\":\"https:\\\/\\\/hotelesfray.com\\\/\",\"name\":\"Hoteles Fray\",\"description\":\"Los Mejores Hoteles en el Centro de Tepic, Nayarit\",\"publisher\":{\"@id\":\"https:\\\/\\\/hotelesfray.com\\\/#organization\"},\"potentialAction\":[{\"@type\":\"SearchAction\",\"target\":{\"@type\":\"EntryPoint\",\"urlTemplate\":\"https:\\\/\\\/hotelesfray.com\\\/?s={search_term_string}\"},\"query-input\":{\"@type\":\"PropertyValueSpecification\",\"valueRequired\":true,\"valueName\":\"search_term_string\"}}],\"inLanguage\":\"en-US\"},{\"@type\":\"Organization\",\"@id\":\"https:\\\/\\\/hotelesfray.com\\\/#organization\",\"name\":\"Hoteles Fray\",\"url\":\"https:\\\/\\\/hotelesfray.com\\\/\",\"logo\":{\"@type\":\"ImageObject\",\"inLanguage\":\"en-US\",\"@id\":\"https:\\\/\\\/hotelesfray.com\\\/#\\\/schema\\\/logo\\\/image\\\/\",\"url\":\"https:\\\/\\\/hotelesfray.com\\\/wp-content\\\/uploads\\\/2023\\\/01\\\/HotelesFray-cuadro.png\",\"contentUrl\":\"https:\\\/\\\/hotelesfray.com\\\/wp-content\\\/uploads\\\/2023\\\/01\\\/HotelesFray-cuadro.png\",\"width\":2200,\"height\":2200,\"caption\":\"Hoteles Fray\"},\"image\":{\"@id\":\"https:\\\/\\\/hotelesfray.com\\\/#\\\/schema\\\/logo\\\/image\\\/\"}},{\"@type\":\"Person\",\"@id\":\"https:\\\/\\\/hotelesfray.com\\\/#\\\/schema\\\/person\\\/1a3f5909146e66cdba9aa8b37f1858e1\",\"name\":\"Eduardo Lopez\",\"image\":{\"@type\":\"ImageObject\",\"inLanguage\":\"en-US\",\"@id\":\"https:\\\/\\\/secure.gravatar.com\\\/avatar\\\/3d6f41a002d28c6845cb55b565f68141a241a36951b539d6f4dbddac28595734?s=96&d=mm&r=g\",\"url\":\"https:\\\/\\\/secure.gravatar.com\\\/avatar\\\/3d6f41a002d28c6845cb55b565f68141a241a36951b539d6f4dbddac28595734?s=96&d=mm&r=g\",\"contentUrl\":\"https:\\\/\\\/secure.gravatar.com\\\/avatar\\\/3d6f41a002d28c6845cb55b565f68141a241a36951b539d6f4dbddac28595734?s=96&d=mm&r=g\",\"caption\":\"Eduardo Lopez\"},\"url\":\"https:\\\/\\\/hotelesfray.com\\\/en\\\/author\\\/gente\\\/\"}]}<\/script>\n<!-- \/ Yoast SEO plugin. -->","yoast_head_json":{"title":"Hotels in Tepic | Hoteles Fray \u2013 Complimentary Buffet Breakfast","description":"Looking for hotels in Tepic? Hoteles Fray offers the best location, complimentary buffet breakfast, free WiFi, and flexible cancellation. Book directly with no deposit!","robots":{"index":"index","follow":"follow","max-snippet":"max-snippet:-1","max-image-preview":"max-image-preview:large","max-video-preview":"max-video-preview:-1"},"canonical":"https:\/\/hotelesfray.com\/en\/2022\/08\/25\/conoce-jala-especial-pueblos-magicos-de-nayarit\/","og_locale":"en_US","og_type":"article","og_title":"Hotels in Tepic | Hoteles Fray \u2013 Complimentary Buffet Breakfast","og_description":"Looking for hotels in Tepic? Hoteles Fray offers the best location, complimentary buffet breakfast, free WiFi, and flexible cancellation. Book directly with no deposit!","og_url":"https:\/\/hotelesfray.com\/en\/2022\/08\/25\/conoce-jala-especial-pueblos-magicos-de-nayarit\/","og_site_name":"Hoteles Fray","article_published_time":"2022-08-25T17:21:49+00:00","article_modified_time":"2025-02-24T00:33:53+00:00","og_image":[{"width":1920,"height":1080,"url":"https:\/\/hotelesfray.com\/wp-content\/uploads\/2022\/08\/JalaPM.jpg","type":"image\/jpeg"}],"author":"Eduardo Lopez","twitter_card":"summary_large_image","twitter_misc":{"Written by":"Eduardo Lopez","Est. reading time":"3 minutes"},"schema":{"@context":"https:\/\/schema.org","@graph":[{"@type":["Article","BlogPosting"],"@id":"https:\/\/hotelesfray.com\/2022\/08\/25\/conoce-jala-especial-pueblos-magicos-de-nayarit\/#article","isPartOf":{"@id":"https:\/\/hotelesfray.com\/2022\/08\/25\/conoce-jala-especial-pueblos-magicos-de-nayarit\/"},"author":{"name":"Eduardo Lopez","@id":"https:\/\/hotelesfray.com\/#\/schema\/person\/1a3f5909146e66cdba9aa8b37f1858e1"},"headline":"Conoce Jala \u2013 Especial Pueblos M\u00e1gicos de Nayarit","datePublished":"2022-08-25T17:21:49+00:00","dateModified":"2025-02-24T00:33:53+00:00","mainEntityOfPage":{"@id":"https:\/\/hotelesfray.com\/2022\/08\/25\/conoce-jala-especial-pueblos-magicos-de-nayarit\/"},"wordCount":553,"publisher":{"@id":"https:\/\/hotelesfray.com\/#organization"},"image":{"@id":"https:\/\/hotelesfray.com\/2022\/08\/25\/conoce-jala-especial-pueblos-magicos-de-nayarit\/#primaryimage"},"thumbnailUrl":"https:\/\/hotelesfray.com\/wp-content\/uploads\/2022\/08\/JalaPM.jpg","articleSection":["Jala","Pueblos M\u00e1gicos"],"inLanguage":"en-US"},{"@type":"WebPage","@id":"https:\/\/hotelesfray.com\/2022\/08\/25\/conoce-jala-especial-pueblos-magicos-de-nayarit\/","url":"https:\/\/hotelesfray.com\/2022\/08\/25\/conoce-jala-especial-pueblos-magicos-de-nayarit\/","name":"Conoce Jala \u2013 Especial Pueblos M\u00e1gicos de Nayarit | Hoteles Fray","isPartOf":{"@id":"https:\/\/hotelesfray.com\/#website"},"primaryImageOfPage":{"@id":"https:\/\/hotelesfray.com\/2022\/08\/25\/conoce-jala-especial-pueblos-magicos-de-nayarit\/#primaryimage"},"image":{"@id":"https:\/\/hotelesfray.com\/2022\/08\/25\/conoce-jala-especial-pueblos-magicos-de-nayarit\/#primaryimage"},"thumbnailUrl":"https:\/\/hotelesfray.com\/wp-content\/uploads\/2022\/08\/JalaPM.jpg","datePublished":"2022-08-25T17:21:49+00:00","dateModified":"2025-02-24T00:33:53+00:00","breadcrumb":{"@id":"https:\/\/hotelesfray.com\/2022\/08\/25\/conoce-jala-especial-pueblos-magicos-de-nayarit\/#breadcrumb"},"inLanguage":"en-US","potentialAction":[{"@type":"ReadAction","target":["https:\/\/hotelesfray.com\/2022\/08\/25\/conoce-jala-especial-pueblos-magicos-de-nayarit\/"]}]},{"@type":"ImageObject","inLanguage":"en-US","@id":"https:\/\/hotelesfray.com\/2022\/08\/25\/conoce-jala-especial-pueblos-magicos-de-nayarit\/#primaryimage","url":"https:\/\/hotelesfray.com\/wp-content\/uploads\/2022\/08\/JalaPM.jpg","contentUrl":"https:\/\/hotelesfray.com\/wp-content\/uploads\/2022\/08\/JalaPM.jpg","width":1920,"height":1080},{"@type":"BreadcrumbList","@id":"https:\/\/hotelesfray.com\/2022\/08\/25\/conoce-jala-especial-pueblos-magicos-de-nayarit\/#breadcrumb","itemListElement":[{"@type":"ListItem","position":1,"name":"Pueblos M\u00e1gicos","item":"https:\/\/hotelesfray.com\/category\/pueblos-magicos\/"},{"@type":"ListItem","position":2,"name":"Conoce Jala \u2013 Especial Pueblos M\u00e1gicos de Nayarit"}]},{"@type":"WebSite","@id":"https:\/\/hotelesfray.com\/#website","url":"https:\/\/hotelesfray.com\/","name":"Hoteles Fray","description":"Los Mejores Hoteles en el Centro de Tepic, Nayarit","publisher":{"@id":"https:\/\/hotelesfray.com\/#organization"},"potentialAction":[{"@type":"SearchAction","target":{"@type":"EntryPoint","urlTemplate":"https:\/\/hotelesfray.com\/?s={search_term_string}"},"query-input":{"@type":"PropertyValueSpecification","valueRequired":true,"valueName":"search_term_string"}}],"inLanguage":"en-US"},{"@type":"Organization","@id":"https:\/\/hotelesfray.com\/#organization","name":"Hoteles Fray","url":"https:\/\/hotelesfray.com\/","logo":{"@type":"ImageObject","inLanguage":"en-US","@id":"https:\/\/hotelesfray.com\/#\/schema\/logo\/image\/","url":"https:\/\/hotelesfray.com\/wp-content\/uploads\/2023\/01\/HotelesFray-cuadro.png","contentUrl":"https:\/\/hotelesfray.com\/wp-content\/uploads\/2023\/01\/HotelesFray-cuadro.png","width":2200,"height":2200,"caption":"Hoteles Fray"},"image":{"@id":"https:\/\/hotelesfray.com\/#\/schema\/logo\/image\/"}},{"@type":"Person","@id":"https:\/\/hotelesfray.com\/#\/schema\/person\/1a3f5909146e66cdba9aa8b37f1858e1","name":"Eduardo Lopez","image":{"@type":"ImageObject","inLanguage":"en-US","@id":"https:\/\/secure.gravatar.com\/avatar\/3d6f41a002d28c6845cb55b565f68141a241a36951b539d6f4dbddac28595734?s=96&d=mm&r=g","url":"https:\/\/secure.gravatar.com\/avatar\/3d6f41a002d28c6845cb55b565f68141a241a36951b539d6f4dbddac28595734?s=96&d=mm&r=g","contentUrl":"https:\/\/secure.gravatar.com\/avatar\/3d6f41a002d28c6845cb55b565f68141a241a36951b539d6f4dbddac28595734?s=96&d=mm&r=g","caption":"Eduardo Lopez"},"url":"https:\/\/hotelesfray.com\/en\/author\/gente\/"}]}},"_links":{"self":[{"href":"https:\/\/hotelesfray.com\/en\/wp-json\/wp\/v2\/posts\/3370","targetHints":{"allow":["GET"]}}],"collection":[{"href":"https:\/\/hotelesfray.com\/en\/wp-json\/wp\/v2\/posts"}],"about":[{"href":"https:\/\/hotelesfray.com\/en\/wp-json\/wp\/v2\/types\/post"}],"author":[{"embeddable":true,"href":"https:\/\/hotelesfray.com\/en\/wp-json\/wp\/v2\/users\/2"}],"replies":[{"embeddable":true,"href":"https:\/\/hotelesfray.com\/en\/wp-json\/wp\/v2\/comments?post=3370"}],"version-history":[{"count":1,"href":"https:\/\/hotelesfray.com\/en\/wp-json\/wp\/v2\/posts\/3370\/revisions"}],"predecessor-version":[{"id":3375,"href":"https:\/\/hotelesfray.com\/en\/wp-json\/wp\/v2\/posts\/3370\/revisions\/3375"}],"wp:featuredmedia":[{"embeddable":true,"href":"https:\/\/hotelesfray.com\/en\/wp-json\/wp\/v2\/media\/3371"}],"wp:attachment":[{"href":"https:\/\/hotelesfray.com\/en\/wp-json\/wp\/v2\/media?parent=3370"}],"wp:term":[{"taxonomy":"category","embeddable":true,"href":"https:\/\/hotelesfray.com\/en\/wp-json\/wp\/v2\/categories?post=3370"},{"taxonomy":"post_tag","embeddable":true,"href":"https:\/\/hotelesfray.com\/en\/wp-json\/wp\/v2\/tags?post=3370"}],"curies":[{"name":"wp","href":"https:\/\/api.w.org\/{rel}","templated":true}]}}