{"id":3378,"date":"2022-10-20T18:47:07","date_gmt":"2022-10-20T22:47:07","guid":{"rendered":"https:\/\/hotelfrayjunipero.com\/?p=3378"},"modified":"2025-02-23T20:33:52","modified_gmt":"2025-02-24T00:33:52","slug":"conoce-mexcaltitan-especial-pueblos-magicos-de-nayarit","status":"publish","type":"post","link":"https:\/\/hotelesfray.com\/en\/2022\/10\/20\/conoce-mexcaltitan-especial-pueblos-magicos-de-nayarit\/","title":{"rendered":"Conoce Mexcaltit\u00e1n\u00a0\u2013 Especial Pueblos M\u00e1gicos de Nayarit"},"content":{"rendered":"<p><strong>Mexcaltit\u00e1n <\/strong>es un Pueblo M\u00e1gico de Nayarit renacido. Con su reciente y total renovaci\u00f3n se convierte en un destino sin igual que deber\u00e1s disfrutar pronto.<\/p>\n\n\n\n<p>Se le conoce como la cuna de mexicanidad, pues la leyenda hist\u00f3rica cuenta que fue en este lugar donde inici\u00f3 la peregrinaci\u00f3n n\u00e1huatl, es decir, \u00a1se trata del legendario Aztl\u00e1n! Dicho movimiento culminar\u00eda con la fundaci\u00f3n de Tenochtitl\u00e1n en lo que hoy es la Ciudad de M\u00e9xico.<\/p>\n\n\n\n<figure class=\"wp-block-image size-large\"><img loading=\"lazy\" decoding=\"async\" width=\"1024\" height=\"538\" src=\"https:\/\/hotelfrayjunipero.com\/wp-content\/uploads\/2022\/10\/MexcaltitanPM4-1024x538.jpg\" alt=\"\" class=\"wp-image-3434\" srcset=\"https:\/\/hotelfrayjunipero.com\/wp-content\/uploads\/2022\/10\/MexcaltitanPM4-980x515.jpg 980w, https:\/\/hotelfrayjunipero.com\/wp-content\/uploads\/2022\/10\/MexcaltitanPM4-480x252.jpg 480w\" sizes=\"(min-width: 0px) and (max-width: 480px) 480px, (min-width: 481px) and (max-width: 980px) 980px, (min-width: 981px) 1024px, 100vw\" \/><\/figure>\n\n\n\n<p>El nombre Mexcaltit\u00e1n significa \u00abCasa de los Mexicanos\u00bb, y como tal, da hogar a un sin fin de reliquias culturales de culturas prehisp\u00e1nicas, siendo la m\u00e1s importante de todas ellas la figura del \u00ab\u00c1guila Garza\u00bb.<\/p>\n\n\n\n<h2 class=\"wp-block-heading\">\u00bfQu\u00e9 hacer?<\/h2>\n\n\n\n<figure class=\"wp-block-image size-large\"><img loading=\"lazy\" decoding=\"async\" width=\"1024\" height=\"538\" src=\"https:\/\/hotelfrayjunipero.com\/wp-content\/uploads\/2022\/10\/MexcaltitanPM2-1024x538.jpg\" alt=\"\" class=\"wp-image-3436\" srcset=\"https:\/\/hotelfrayjunipero.com\/wp-content\/uploads\/2022\/10\/MexcaltitanPM2-980x515.jpg 980w, https:\/\/hotelfrayjunipero.com\/wp-content\/uploads\/2022\/10\/MexcaltitanPM2-480x252.jpg 480w\" sizes=\"(min-width: 0px) and (max-width: 480px) 480px, (min-width: 481px) and (max-width: 980px) 980px, (min-width: 981px) 1024px, 100vw\" \/><\/figure>\n\n\n\n<ul class=\"wp-block-list\"><li>Recorrer sus renovadas calles, con un sin fin de colores y un clima c\u00e1lido t\u00edpico del norte de Nayarit.<\/li><li>Visita el \u00abMuseo del Origen\u00bb, que se encuentra dentro de un edificio que data de 1815, con variadas piezas que resaltan la importancia de un pasado prehisp\u00e1nico en la entidad.<\/li><li>Practica el turismo religoso con los recorridos y peregrinaciones que inician o culminan en este lugar.<\/li><li>Admira la belleza de la Plaza Principal acompa\u00f1ada de su kiosko y el Templo de San Pedro y San Pablo.<\/li><li>Visita la isla en tiempo de lluvias y disfruta la Venecia mexicana, por las calles que se convierten en canales.<\/li><\/ul>\n\n\n\n<p><em>Con informaci\u00f3n de NayaritEnam<\/em>ora.com<\/p>\n\n\n\n<div class=\"wp-block-buttons is-layout-flex wp-block-buttons-is-layout-flex\">\n<div class=\"wp-block-button\"><a class=\"wp-block-button__link\">\u00bfC\u00f3mo llegar?<\/a><\/div>\n<\/div>\n\n\n\n<figure class=\"wp-block-image size-large\"><img loading=\"lazy\" decoding=\"async\" width=\"1024\" height=\"538\" src=\"https:\/\/hotelfrayjunipero.com\/wp-content\/uploads\/2022\/10\/MexcaltitanPM3-1024x538.jpg\" alt=\"\" class=\"wp-image-3435\" srcset=\"https:\/\/hotelfrayjunipero.com\/wp-content\/uploads\/2022\/10\/MexcaltitanPM3-980x515.jpg 980w, https:\/\/hotelfrayjunipero.com\/wp-content\/uploads\/2022\/10\/MexcaltitanPM3-480x252.jpg 480w\" sizes=\"(min-width: 0px) and (max-width: 480px) 480px, (min-width: 481px) and (max-width: 980px) 980px, (min-width: 981px) 1024px, 100vw\" \/><\/figure>","protected":false},"excerpt":{"rendered":"<p>Mexcaltit\u00e1n es un Pueblo M\u00e1gico de Nayarit renacido. Con su reciente y total renovaci\u00f3n se convierte en un destino sin igual que deber\u00e1s disfrutar pronto. Se le conoce como la cuna de mexicanidad, pues la leyenda hist\u00f3rica cuenta que fue en este lugar donde inici\u00f3 la peregrinaci\u00f3n n\u00e1huatl, es decir, \u00a1se trata del legendario Aztl\u00e1n! [&hellip;]<\/p>\n","protected":false},"author":2,"featured_media":3433,"comment_status":"closed","ping_status":"open","sticky":false,"template":"","format":"standard","meta":{"_et_pb_use_builder":"","_et_pb_old_content":"","_et_gb_content_width":"","footnotes":""},"categories":[38],"tags":[],"class_list":["post-3378","post","type-post","status-publish","format-standard","has-post-thumbnail","hentry","category-santiago-ixcuintla"],"yoast_head":"<!-- This site is optimized with the Yoast SEO plugin v27.4 - https:\/\/yoast.com\/product\/yoast-seo-wordpress\/ -->\n<title>Hotels in Tepic | Hoteles Fray \u2013 Complimentary Buffet Breakfast<\/title>\n<meta name=\"description\" content=\"Looking for hotels in Tepic? Hoteles Fray offers the best location, complimentary buffet breakfast, free WiFi, and flexible cancellation. Book directly with no deposit!\" \/>\n<meta name=\"robots\" content=\"index, follow, max-snippet:-1, max-image-preview:large, max-video-preview:-1\" \/>\n<link rel=\"canonical\" href=\"https:\/\/hotelesfray.com\/en\/2022\/10\/20\/conoce-mexcaltitan-especial-pueblos-magicos-de-nayarit\/\" \/>\n<meta property=\"og:locale\" content=\"en_US\" \/>\n<meta property=\"og:type\" content=\"article\" \/>\n<meta property=\"og:title\" content=\"Hotels in Tepic | Hoteles Fray \u2013 Complimentary Buffet Breakfast\" \/>\n<meta property=\"og:description\" content=\"Looking for hotels in Tepic? Hoteles Fray offers the best location, complimentary buffet breakfast, free WiFi, and flexible cancellation. Book directly with no deposit!\" \/>\n<meta property=\"og:url\" content=\"https:\/\/hotelesfray.com\/en\/2022\/10\/20\/conoce-mexcaltitan-especial-pueblos-magicos-de-nayarit\/\" \/>\n<meta property=\"og:site_name\" content=\"Hoteles Fray\" \/>\n<meta property=\"article:published_time\" content=\"2022-10-20T22:47:07+00:00\" \/>\n<meta property=\"article:modified_time\" content=\"2025-02-24T00:33:52+00:00\" \/>\n<meta property=\"og:image\" content=\"https:\/\/hotelesfray.com\/wp-content\/uploads\/2022\/10\/MexcaltitanPM1.jpg\" \/>\n\t<meta property=\"og:image:width\" content=\"2000\" \/>\n\t<meta property=\"og:image:height\" content=\"1050\" \/>\n\t<meta property=\"og:image:type\" content=\"image\/jpeg\" \/>\n<meta name=\"author\" content=\"Eduardo Lopez\" \/>\n<meta name=\"twitter:card\" content=\"summary_large_image\" \/>\n<meta name=\"twitter:label1\" content=\"Written by\" \/>\n\t<meta name=\"twitter:data1\" content=\"Eduardo Lopez\" \/>\n\t<meta name=\"twitter:label2\" content=\"Est. reading time\" \/>\n\t<meta name=\"twitter:data2\" content=\"1 minute\" \/>\n<script type=\"application\/ld+json\" class=\"yoast-schema-graph\">{\"@context\":\"https:\\\/\\\/schema.org\",\"@graph\":[{\"@type\":[\"Article\",\"BlogPosting\"],\"@id\":\"https:\\\/\\\/hotelesfray.com\\\/2022\\\/10\\\/20\\\/conoce-mexcaltitan-especial-pueblos-magicos-de-nayarit\\\/#article\",\"isPartOf\":{\"@id\":\"https:\\\/\\\/hotelesfray.com\\\/2022\\\/10\\\/20\\\/conoce-mexcaltitan-especial-pueblos-magicos-de-nayarit\\\/\"},\"author\":{\"name\":\"Eduardo Lopez\",\"@id\":\"https:\\\/\\\/hotelesfray.com\\\/#\\\/schema\\\/person\\\/1a3f5909146e66cdba9aa8b37f1858e1\"},\"headline\":\"Conoce Mexcaltit\u00e1n\u00a0\u2013 Especial Pueblos M\u00e1gicos de Nayarit\",\"datePublished\":\"2022-10-20T22:47:07+00:00\",\"dateModified\":\"2025-02-24T00:33:52+00:00\",\"mainEntityOfPage\":{\"@id\":\"https:\\\/\\\/hotelesfray.com\\\/2022\\\/10\\\/20\\\/conoce-mexcaltitan-especial-pueblos-magicos-de-nayarit\\\/\"},\"wordCount\":250,\"publisher\":{\"@id\":\"https:\\\/\\\/hotelesfray.com\\\/#organization\"},\"image\":{\"@id\":\"https:\\\/\\\/hotelesfray.com\\\/2022\\\/10\\\/20\\\/conoce-mexcaltitan-especial-pueblos-magicos-de-nayarit\\\/#primaryimage\"},\"thumbnailUrl\":\"https:\\\/\\\/hotelesfray.com\\\/wp-content\\\/uploads\\\/2022\\\/10\\\/MexcaltitanPM1.jpg\",\"articleSection\":[\"Santiago Ixcuintla\"],\"inLanguage\":\"en-US\"},{\"@type\":\"WebPage\",\"@id\":\"https:\\\/\\\/hotelesfray.com\\\/2022\\\/10\\\/20\\\/conoce-mexcaltitan-especial-pueblos-magicos-de-nayarit\\\/\",\"url\":\"https:\\\/\\\/hotelesfray.com\\\/2022\\\/10\\\/20\\\/conoce-mexcaltitan-especial-pueblos-magicos-de-nayarit\\\/\",\"name\":\"Conoce Mexcaltit\u00e1n\u00a0\u2013 Especial Pueblos M\u00e1gicos de Nayarit | Hoteles Fray\",\"isPartOf\":{\"@id\":\"https:\\\/\\\/hotelesfray.com\\\/#website\"},\"primaryImageOfPage\":{\"@id\":\"https:\\\/\\\/hotelesfray.com\\\/2022\\\/10\\\/20\\\/conoce-mexcaltitan-especial-pueblos-magicos-de-nayarit\\\/#primaryimage\"},\"image\":{\"@id\":\"https:\\\/\\\/hotelesfray.com\\\/2022\\\/10\\\/20\\\/conoce-mexcaltitan-especial-pueblos-magicos-de-nayarit\\\/#primaryimage\"},\"thumbnailUrl\":\"https:\\\/\\\/hotelesfray.com\\\/wp-content\\\/uploads\\\/2022\\\/10\\\/MexcaltitanPM1.jpg\",\"datePublished\":\"2022-10-20T22:47:07+00:00\",\"dateModified\":\"2025-02-24T00:33:52+00:00\",\"breadcrumb\":{\"@id\":\"https:\\\/\\\/hotelesfray.com\\\/2022\\\/10\\\/20\\\/conoce-mexcaltitan-especial-pueblos-magicos-de-nayarit\\\/#breadcrumb\"},\"inLanguage\":\"en-US\",\"potentialAction\":[{\"@type\":\"ReadAction\",\"target\":[\"https:\\\/\\\/hotelesfray.com\\\/2022\\\/10\\\/20\\\/conoce-mexcaltitan-especial-pueblos-magicos-de-nayarit\\\/\"]}]},{\"@type\":\"ImageObject\",\"inLanguage\":\"en-US\",\"@id\":\"https:\\\/\\\/hotelesfray.com\\\/2022\\\/10\\\/20\\\/conoce-mexcaltitan-especial-pueblos-magicos-de-nayarit\\\/#primaryimage\",\"url\":\"https:\\\/\\\/hotelesfray.com\\\/wp-content\\\/uploads\\\/2022\\\/10\\\/MexcaltitanPM1.jpg\",\"contentUrl\":\"https:\\\/\\\/hotelesfray.com\\\/wp-content\\\/uploads\\\/2022\\\/10\\\/MexcaltitanPM1.jpg\",\"width\":2000,\"height\":1050},{\"@type\":\"BreadcrumbList\",\"@id\":\"https:\\\/\\\/hotelesfray.com\\\/2022\\\/10\\\/20\\\/conoce-mexcaltitan-especial-pueblos-magicos-de-nayarit\\\/#breadcrumb\",\"itemListElement\":[{\"@type\":\"ListItem\",\"position\":1,\"name\":\"Santiago Ixcuintla\",\"item\":\"https:\\\/\\\/hotelesfray.com\\\/category\\\/santiago-ixcuintla\\\/\"},{\"@type\":\"ListItem\",\"position\":2,\"name\":\"Conoce Mexcaltit\u00e1n\u00a0\u2013 Especial Pueblos M\u00e1gicos de Nayarit\"}]},{\"@type\":\"WebSite\",\"@id\":\"https:\\\/\\\/hotelesfray.com\\\/#website\",\"url\":\"https:\\\/\\\/hotelesfray.com\\\/\",\"name\":\"Hoteles Fray\",\"description\":\"Los Mejores Hoteles en el Centro de Tepic, Nayarit\",\"publisher\":{\"@id\":\"https:\\\/\\\/hotelesfray.com\\\/#organization\"},\"potentialAction\":[{\"@type\":\"SearchAction\",\"target\":{\"@type\":\"EntryPoint\",\"urlTemplate\":\"https:\\\/\\\/hotelesfray.com\\\/?s={search_term_string}\"},\"query-input\":{\"@type\":\"PropertyValueSpecification\",\"valueRequired\":true,\"valueName\":\"search_term_string\"}}],\"inLanguage\":\"en-US\"},{\"@type\":\"Organization\",\"@id\":\"https:\\\/\\\/hotelesfray.com\\\/#organization\",\"name\":\"Hoteles Fray\",\"url\":\"https:\\\/\\\/hotelesfray.com\\\/\",\"logo\":{\"@type\":\"ImageObject\",\"inLanguage\":\"en-US\",\"@id\":\"https:\\\/\\\/hotelesfray.com\\\/#\\\/schema\\\/logo\\\/image\\\/\",\"url\":\"https:\\\/\\\/hotelesfray.com\\\/wp-content\\\/uploads\\\/2023\\\/01\\\/HotelesFray-cuadro.png\",\"contentUrl\":\"https:\\\/\\\/hotelesfray.com\\\/wp-content\\\/uploads\\\/2023\\\/01\\\/HotelesFray-cuadro.png\",\"width\":2200,\"height\":2200,\"caption\":\"Hoteles Fray\"},\"image\":{\"@id\":\"https:\\\/\\\/hotelesfray.com\\\/#\\\/schema\\\/logo\\\/image\\\/\"}},{\"@type\":\"Person\",\"@id\":\"https:\\\/\\\/hotelesfray.com\\\/#\\\/schema\\\/person\\\/1a3f5909146e66cdba9aa8b37f1858e1\",\"name\":\"Eduardo Lopez\",\"image\":{\"@type\":\"ImageObject\",\"inLanguage\":\"en-US\",\"@id\":\"https:\\\/\\\/secure.gravatar.com\\\/avatar\\\/3d6f41a002d28c6845cb55b565f68141a241a36951b539d6f4dbddac28595734?s=96&d=mm&r=g\",\"url\":\"https:\\\/\\\/secure.gravatar.com\\\/avatar\\\/3d6f41a002d28c6845cb55b565f68141a241a36951b539d6f4dbddac28595734?s=96&d=mm&r=g\",\"contentUrl\":\"https:\\\/\\\/secure.gravatar.com\\\/avatar\\\/3d6f41a002d28c6845cb55b565f68141a241a36951b539d6f4dbddac28595734?s=96&d=mm&r=g\",\"caption\":\"Eduardo Lopez\"},\"url\":\"https:\\\/\\\/hotelesfray.com\\\/en\\\/author\\\/gente\\\/\"}]}<\/script>\n<!-- \/ Yoast SEO plugin. -->","yoast_head_json":{"title":"Hotels in Tepic | Hoteles Fray \u2013 Complimentary Buffet Breakfast","description":"Looking for hotels in Tepic? Hoteles Fray offers the best location, complimentary buffet breakfast, free WiFi, and flexible cancellation. Book directly with no deposit!","robots":{"index":"index","follow":"follow","max-snippet":"max-snippet:-1","max-image-preview":"max-image-preview:large","max-video-preview":"max-video-preview:-1"},"canonical":"https:\/\/hotelesfray.com\/en\/2022\/10\/20\/conoce-mexcaltitan-especial-pueblos-magicos-de-nayarit\/","og_locale":"en_US","og_type":"article","og_title":"Hotels in Tepic | Hoteles Fray \u2013 Complimentary Buffet Breakfast","og_description":"Looking for hotels in Tepic? Hoteles Fray offers the best location, complimentary buffet breakfast, free WiFi, and flexible cancellation. Book directly with no deposit!","og_url":"https:\/\/hotelesfray.com\/en\/2022\/10\/20\/conoce-mexcaltitan-especial-pueblos-magicos-de-nayarit\/","og_site_name":"Hoteles Fray","article_published_time":"2022-10-20T22:47:07+00:00","article_modified_time":"2025-02-24T00:33:52+00:00","og_image":[{"width":2000,"height":1050,"url":"https:\/\/hotelesfray.com\/wp-content\/uploads\/2022\/10\/MexcaltitanPM1.jpg","type":"image\/jpeg"}],"author":"Eduardo Lopez","twitter_card":"summary_large_image","twitter_misc":{"Written by":"Eduardo Lopez","Est. reading time":"1 minute"},"schema":{"@context":"https:\/\/schema.org","@graph":[{"@type":["Article","BlogPosting"],"@id":"https:\/\/hotelesfray.com\/2022\/10\/20\/conoce-mexcaltitan-especial-pueblos-magicos-de-nayarit\/#article","isPartOf":{"@id":"https:\/\/hotelesfray.com\/2022\/10\/20\/conoce-mexcaltitan-especial-pueblos-magicos-de-nayarit\/"},"author":{"name":"Eduardo Lopez","@id":"https:\/\/hotelesfray.com\/#\/schema\/person\/1a3f5909146e66cdba9aa8b37f1858e1"},"headline":"Conoce Mexcaltit\u00e1n\u00a0\u2013 Especial Pueblos M\u00e1gicos de Nayarit","datePublished":"2022-10-20T22:47:07+00:00","dateModified":"2025-02-24T00:33:52+00:00","mainEntityOfPage":{"@id":"https:\/\/hotelesfray.com\/2022\/10\/20\/conoce-mexcaltitan-especial-pueblos-magicos-de-nayarit\/"},"wordCount":250,"publisher":{"@id":"https:\/\/hotelesfray.com\/#organization"},"image":{"@id":"https:\/\/hotelesfray.com\/2022\/10\/20\/conoce-mexcaltitan-especial-pueblos-magicos-de-nayarit\/#primaryimage"},"thumbnailUrl":"https:\/\/hotelesfray.com\/wp-content\/uploads\/2022\/10\/MexcaltitanPM1.jpg","articleSection":["Santiago Ixcuintla"],"inLanguage":"en-US"},{"@type":"WebPage","@id":"https:\/\/hotelesfray.com\/2022\/10\/20\/conoce-mexcaltitan-especial-pueblos-magicos-de-nayarit\/","url":"https:\/\/hotelesfray.com\/2022\/10\/20\/conoce-mexcaltitan-especial-pueblos-magicos-de-nayarit\/","name":"Conoce Mexcaltit\u00e1n\u00a0\u2013 Especial Pueblos M\u00e1gicos de Nayarit | Hoteles Fray","isPartOf":{"@id":"https:\/\/hotelesfray.com\/#website"},"primaryImageOfPage":{"@id":"https:\/\/hotelesfray.com\/2022\/10\/20\/conoce-mexcaltitan-especial-pueblos-magicos-de-nayarit\/#primaryimage"},"image":{"@id":"https:\/\/hotelesfray.com\/2022\/10\/20\/conoce-mexcaltitan-especial-pueblos-magicos-de-nayarit\/#primaryimage"},"thumbnailUrl":"https:\/\/hotelesfray.com\/wp-content\/uploads\/2022\/10\/MexcaltitanPM1.jpg","datePublished":"2022-10-20T22:47:07+00:00","dateModified":"2025-02-24T00:33:52+00:00","breadcrumb":{"@id":"https:\/\/hotelesfray.com\/2022\/10\/20\/conoce-mexcaltitan-especial-pueblos-magicos-de-nayarit\/#breadcrumb"},"inLanguage":"en-US","potentialAction":[{"@type":"ReadAction","target":["https:\/\/hotelesfray.com\/2022\/10\/20\/conoce-mexcaltitan-especial-pueblos-magicos-de-nayarit\/"]}]},{"@type":"ImageObject","inLanguage":"en-US","@id":"https:\/\/hotelesfray.com\/2022\/10\/20\/conoce-mexcaltitan-especial-pueblos-magicos-de-nayarit\/#primaryimage","url":"https:\/\/hotelesfray.com\/wp-content\/uploads\/2022\/10\/MexcaltitanPM1.jpg","contentUrl":"https:\/\/hotelesfray.com\/wp-content\/uploads\/2022\/10\/MexcaltitanPM1.jpg","width":2000,"height":1050},{"@type":"BreadcrumbList","@id":"https:\/\/hotelesfray.com\/2022\/10\/20\/conoce-mexcaltitan-especial-pueblos-magicos-de-nayarit\/#breadcrumb","itemListElement":[{"@type":"ListItem","position":1,"name":"Santiago Ixcuintla","item":"https:\/\/hotelesfray.com\/category\/santiago-ixcuintla\/"},{"@type":"ListItem","position":2,"name":"Conoce Mexcaltit\u00e1n\u00a0\u2013 Especial Pueblos M\u00e1gicos de Nayarit"}]},{"@type":"WebSite","@id":"https:\/\/hotelesfray.com\/#website","url":"https:\/\/hotelesfray.com\/","name":"Hoteles Fray","description":"Los Mejores Hoteles en el Centro de Tepic, Nayarit","publisher":{"@id":"https:\/\/hotelesfray.com\/#organization"},"potentialAction":[{"@type":"SearchAction","target":{"@type":"EntryPoint","urlTemplate":"https:\/\/hotelesfray.com\/?s={search_term_string}"},"query-input":{"@type":"PropertyValueSpecification","valueRequired":true,"valueName":"search_term_string"}}],"inLanguage":"en-US"},{"@type":"Organization","@id":"https:\/\/hotelesfray.com\/#organization","name":"Hoteles Fray","url":"https:\/\/hotelesfray.com\/","logo":{"@type":"ImageObject","inLanguage":"en-US","@id":"https:\/\/hotelesfray.com\/#\/schema\/logo\/image\/","url":"https:\/\/hotelesfray.com\/wp-content\/uploads\/2023\/01\/HotelesFray-cuadro.png","contentUrl":"https:\/\/hotelesfray.com\/wp-content\/uploads\/2023\/01\/HotelesFray-cuadro.png","width":2200,"height":2200,"caption":"Hoteles Fray"},"image":{"@id":"https:\/\/hotelesfray.com\/#\/schema\/logo\/image\/"}},{"@type":"Person","@id":"https:\/\/hotelesfray.com\/#\/schema\/person\/1a3f5909146e66cdba9aa8b37f1858e1","name":"Eduardo Lopez","image":{"@type":"ImageObject","inLanguage":"en-US","@id":"https:\/\/secure.gravatar.com\/avatar\/3d6f41a002d28c6845cb55b565f68141a241a36951b539d6f4dbddac28595734?s=96&d=mm&r=g","url":"https:\/\/secure.gravatar.com\/avatar\/3d6f41a002d28c6845cb55b565f68141a241a36951b539d6f4dbddac28595734?s=96&d=mm&r=g","contentUrl":"https:\/\/secure.gravatar.com\/avatar\/3d6f41a002d28c6845cb55b565f68141a241a36951b539d6f4dbddac28595734?s=96&d=mm&r=g","caption":"Eduardo Lopez"},"url":"https:\/\/hotelesfray.com\/en\/author\/gente\/"}]}},"_links":{"self":[{"href":"https:\/\/hotelesfray.com\/en\/wp-json\/wp\/v2\/posts\/3378","targetHints":{"allow":["GET"]}}],"collection":[{"href":"https:\/\/hotelesfray.com\/en\/wp-json\/wp\/v2\/posts"}],"about":[{"href":"https:\/\/hotelesfray.com\/en\/wp-json\/wp\/v2\/types\/post"}],"author":[{"embeddable":true,"href":"https:\/\/hotelesfray.com\/en\/wp-json\/wp\/v2\/users\/2"}],"replies":[{"embeddable":true,"href":"https:\/\/hotelesfray.com\/en\/wp-json\/wp\/v2\/comments?post=3378"}],"version-history":[{"count":2,"href":"https:\/\/hotelesfray.com\/en\/wp-json\/wp\/v2\/posts\/3378\/revisions"}],"predecessor-version":[{"id":3437,"href":"https:\/\/hotelesfray.com\/en\/wp-json\/wp\/v2\/posts\/3378\/revisions\/3437"}],"wp:featuredmedia":[{"embeddable":true,"href":"https:\/\/hotelesfray.com\/en\/wp-json\/wp\/v2\/media\/3433"}],"wp:attachment":[{"href":"https:\/\/hotelesfray.com\/en\/wp-json\/wp\/v2\/media?parent=3378"}],"wp:term":[{"taxonomy":"category","embeddable":true,"href":"https:\/\/hotelesfray.com\/en\/wp-json\/wp\/v2\/categories?post=3378"},{"taxonomy":"post_tag","embeddable":true,"href":"https:\/\/hotelesfray.com\/en\/wp-json\/wp\/v2\/tags?post=3378"}],"curies":[{"name":"wp","href":"https:\/\/api.w.org\/{rel}","templated":true}]}}