{"id":3439,"date":"2022-11-08T21:29:24","date_gmt":"2022-11-09T01:29:24","guid":{"rendered":"https:\/\/hotelfrayjunipero.com\/?p=3439"},"modified":"2025-02-23T20:35:45","modified_gmt":"2025-02-24T00:35:45","slug":"cuando-es-la-temporada-de-avistamiento-de-ballenas-en-nayarit","status":"publish","type":"post","link":"https:\/\/hotelesfray.com\/en\/2022\/11\/08\/cuando-es-la-temporada-de-avistamiento-de-ballenas-en-nayarit\/","title":{"rendered":"\u00bfCu\u00e1ndo es la temporada de avistamiento de ballenas en Nayarit?"},"content":{"rendered":"<p>Todos los a\u00f1os, en las \u00e9pocas de clima m\u00e1s templado, miles de ejemplares de ballenas migran hacia costas de nuestro hermoso estado de Nayarit. Para el a\u00f1o en curso, <strong>la temporada oficial de avistamiento de ballenas comienza en diciembre y finaliza en marzo<\/strong>, seg\u00fan la publicaci\u00f3n del <a href=\"https:\/\/sidof.segob.gob.mx\/\">Diario Oficial de la Federaci\u00f3n<\/a>.<\/p>\n\n\n\n<figure class=\"wp-block-image size-large\"><img loading=\"lazy\" decoding=\"async\" width=\"1024\" height=\"683\" src=\"https:\/\/hotelfrayjunipero.com\/wp-content\/uploads\/2022\/11\/AvistamientoBallenas1-1024x683.jpg\" alt=\"\" class=\"wp-image-3442\" srcset=\"https:\/\/hotelfrayjunipero.com\/wp-content\/uploads\/2022\/11\/AvistamientoBallenas1-980x653.jpg 980w, https:\/\/hotelfrayjunipero.com\/wp-content\/uploads\/2022\/11\/AvistamientoBallenas1-480x320.jpg 480w\" sizes=\"(min-width: 0px) and (max-width: 480px) 480px, (min-width: 481px) and (max-width: 980px) 980px, (min-width: 981px) 1024px, 100vw\" \/><\/figure>\n\n\n\n<h3 class=\"wp-block-heading\">\u00bfD\u00f3nde tomar un tour de avistamiento de ballenas en Nayarit?<\/h3>\n\n\n\n<p>En Nayarit se podr\u00e1 disfrutar de este aut\u00e9ntico espect\u00e1culo y maravilla de la naturaleza a lo largo de toda la zona costera conocida como la Riviera Nayarit, la cual incluye los municipios de <strong>Bah\u00eda de Banderas, Compostela, San Blas, Santiago Ixcuintla y Tecuala<\/strong>. Desde Tepic la forma m\u00e1s sencilla es hacerlo desde el puerto de San Blas a s\u00f3lo 25 minutos de la capital y tu #HotelFray, as\u00ed como las playas de Rinc\u00f3n de Guayabitos.<\/p>\n\n\n\n<figure class=\"wp-block-image size-large\"><img loading=\"lazy\" decoding=\"async\" width=\"1024\" height=\"683\" src=\"https:\/\/hotelfrayjunipero.com\/wp-content\/uploads\/2022\/11\/AvistamientoBallenas2-1024x683.jpg\" alt=\"\" class=\"wp-image-3441\" srcset=\"https:\/\/hotelfrayjunipero.com\/wp-content\/uploads\/2022\/11\/AvistamientoBallenas2-980x653.jpg 980w, https:\/\/hotelfrayjunipero.com\/wp-content\/uploads\/2022\/11\/AvistamientoBallenas2-480x320.jpg 480w\" sizes=\"(min-width: 0px) and (max-width: 480px) 480px, (min-width: 481px) and (max-width: 980px) 980px, (min-width: 981px) 1024px, 100vw\" \/><\/figure>","protected":false},"excerpt":{"rendered":"<p>Todos los a\u00f1os, en las \u00e9pocas de clima m\u00e1s templado, miles de ejemplares de ballenas migran hacia costas de nuestro hermoso estado de Nayarit. Para el a\u00f1o en curso, la temporada oficial de avistamiento de ballenas comienza en diciembre y finaliza en marzo, seg\u00fan la publicaci\u00f3n del Diario Oficial de la Federaci\u00f3n. \u00bfD\u00f3nde tomar un [&hellip;]<\/p>\n","protected":false},"author":2,"featured_media":3440,"comment_status":"closed","ping_status":"open","sticky":false,"template":"","format":"standard","meta":{"_et_pb_use_builder":"","_et_pb_old_content":"","_et_gb_content_width":"","footnotes":""},"categories":[42,44,24],"tags":[],"class_list":["post-3439","post","type-post","status-publish","format-standard","has-post-thumbnail","hentry","category-compostela","category-playas","category-san-blas"],"yoast_head":"<!-- This site is optimized with the Yoast SEO plugin v27.4 - https:\/\/yoast.com\/product\/yoast-seo-wordpress\/ -->\n<title>Hotels in Tepic | Hoteles Fray \u2013 Complimentary Buffet Breakfast<\/title>\n<meta name=\"description\" content=\"Looking for hotels in Tepic? Hoteles Fray offers the best location, complimentary buffet breakfast, free WiFi, and flexible cancellation. Book directly with no deposit!\" \/>\n<meta name=\"robots\" content=\"index, follow, max-snippet:-1, max-image-preview:large, max-video-preview:-1\" \/>\n<link rel=\"canonical\" href=\"https:\/\/hotelesfray.com\/en\/2022\/11\/08\/cuando-es-la-temporada-de-avistamiento-de-ballenas-en-nayarit\/\" \/>\n<meta property=\"og:locale\" content=\"en_US\" \/>\n<meta property=\"og:type\" content=\"article\" \/>\n<meta property=\"og:title\" content=\"Hotels in Tepic | Hoteles Fray \u2013 Complimentary Buffet Breakfast\" \/>\n<meta property=\"og:description\" content=\"Looking for hotels in Tepic? Hoteles Fray offers the best location, complimentary buffet breakfast, free WiFi, and flexible cancellation. Book directly with no deposit!\" \/>\n<meta property=\"og:url\" content=\"https:\/\/hotelesfray.com\/en\/2022\/11\/08\/cuando-es-la-temporada-de-avistamiento-de-ballenas-en-nayarit\/\" \/>\n<meta property=\"og:site_name\" content=\"Hoteles Fray\" \/>\n<meta property=\"article:published_time\" content=\"2022-11-09T01:29:24+00:00\" \/>\n<meta property=\"article:modified_time\" content=\"2025-02-24T00:35:45+00:00\" \/>\n<meta property=\"og:image\" content=\"https:\/\/hotelesfray.com\/wp-content\/uploads\/2022\/11\/AvistamientoBallenas.jpg\" \/>\n\t<meta property=\"og:image:width\" content=\"1920\" \/>\n\t<meta property=\"og:image:height\" content=\"1280\" \/>\n\t<meta property=\"og:image:type\" content=\"image\/jpeg\" \/>\n<meta name=\"author\" content=\"Eduardo Lopez\" \/>\n<meta name=\"twitter:card\" content=\"summary_large_image\" \/>\n<meta name=\"twitter:label1\" content=\"Written by\" \/>\n\t<meta name=\"twitter:data1\" content=\"Eduardo Lopez\" \/>\n\t<meta name=\"twitter:label2\" content=\"Est. reading time\" \/>\n\t<meta name=\"twitter:data2\" content=\"1 minute\" \/>\n<script type=\"application\/ld+json\" class=\"yoast-schema-graph\">{\"@context\":\"https:\\\/\\\/schema.org\",\"@graph\":[{\"@type\":[\"Article\",\"BlogPosting\"],\"@id\":\"https:\\\/\\\/hotelesfray.com\\\/2022\\\/11\\\/08\\\/cuando-es-la-temporada-de-avistamiento-de-ballenas-en-nayarit\\\/#article\",\"isPartOf\":{\"@id\":\"https:\\\/\\\/hotelesfray.com\\\/2022\\\/11\\\/08\\\/cuando-es-la-temporada-de-avistamiento-de-ballenas-en-nayarit\\\/\"},\"author\":{\"name\":\"Eduardo Lopez\",\"@id\":\"https:\\\/\\\/hotelesfray.com\\\/#\\\/schema\\\/person\\\/1a3f5909146e66cdba9aa8b37f1858e1\"},\"headline\":\"\u00bfCu\u00e1ndo es la temporada de avistamiento de ballenas en Nayarit?\",\"datePublished\":\"2022-11-09T01:29:24+00:00\",\"dateModified\":\"2025-02-24T00:35:45+00:00\",\"mainEntityOfPage\":{\"@id\":\"https:\\\/\\\/hotelesfray.com\\\/2022\\\/11\\\/08\\\/cuando-es-la-temporada-de-avistamiento-de-ballenas-en-nayarit\\\/\"},\"wordCount\":160,\"publisher\":{\"@id\":\"https:\\\/\\\/hotelesfray.com\\\/#organization\"},\"image\":{\"@id\":\"https:\\\/\\\/hotelesfray.com\\\/2022\\\/11\\\/08\\\/cuando-es-la-temporada-de-avistamiento-de-ballenas-en-nayarit\\\/#primaryimage\"},\"thumbnailUrl\":\"https:\\\/\\\/hotelesfray.com\\\/wp-content\\\/uploads\\\/2022\\\/11\\\/AvistamientoBallenas.jpg\",\"articleSection\":[\"Compostela\",\"Playas\",\"San Blas\"],\"inLanguage\":\"en-US\"},{\"@type\":\"WebPage\",\"@id\":\"https:\\\/\\\/hotelesfray.com\\\/2022\\\/11\\\/08\\\/cuando-es-la-temporada-de-avistamiento-de-ballenas-en-nayarit\\\/\",\"url\":\"https:\\\/\\\/hotelesfray.com\\\/2022\\\/11\\\/08\\\/cuando-es-la-temporada-de-avistamiento-de-ballenas-en-nayarit\\\/\",\"name\":\"\u00bfCu\u00e1ndo es la temporada de avistamiento de ballenas en Nayarit? | Hoteles Fray\",\"isPartOf\":{\"@id\":\"https:\\\/\\\/hotelesfray.com\\\/#website\"},\"primaryImageOfPage\":{\"@id\":\"https:\\\/\\\/hotelesfray.com\\\/2022\\\/11\\\/08\\\/cuando-es-la-temporada-de-avistamiento-de-ballenas-en-nayarit\\\/#primaryimage\"},\"image\":{\"@id\":\"https:\\\/\\\/hotelesfray.com\\\/2022\\\/11\\\/08\\\/cuando-es-la-temporada-de-avistamiento-de-ballenas-en-nayarit\\\/#primaryimage\"},\"thumbnailUrl\":\"https:\\\/\\\/hotelesfray.com\\\/wp-content\\\/uploads\\\/2022\\\/11\\\/AvistamientoBallenas.jpg\",\"datePublished\":\"2022-11-09T01:29:24+00:00\",\"dateModified\":\"2025-02-24T00:35:45+00:00\",\"breadcrumb\":{\"@id\":\"https:\\\/\\\/hotelesfray.com\\\/2022\\\/11\\\/08\\\/cuando-es-la-temporada-de-avistamiento-de-ballenas-en-nayarit\\\/#breadcrumb\"},\"inLanguage\":\"en-US\",\"potentialAction\":[{\"@type\":\"ReadAction\",\"target\":[\"https:\\\/\\\/hotelesfray.com\\\/2022\\\/11\\\/08\\\/cuando-es-la-temporada-de-avistamiento-de-ballenas-en-nayarit\\\/\"]}]},{\"@type\":\"ImageObject\",\"inLanguage\":\"en-US\",\"@id\":\"https:\\\/\\\/hotelesfray.com\\\/2022\\\/11\\\/08\\\/cuando-es-la-temporada-de-avistamiento-de-ballenas-en-nayarit\\\/#primaryimage\",\"url\":\"https:\\\/\\\/hotelesfray.com\\\/wp-content\\\/uploads\\\/2022\\\/11\\\/AvistamientoBallenas.jpg\",\"contentUrl\":\"https:\\\/\\\/hotelesfray.com\\\/wp-content\\\/uploads\\\/2022\\\/11\\\/AvistamientoBallenas.jpg\",\"width\":1920,\"height\":1280},{\"@type\":\"BreadcrumbList\",\"@id\":\"https:\\\/\\\/hotelesfray.com\\\/2022\\\/11\\\/08\\\/cuando-es-la-temporada-de-avistamiento-de-ballenas-en-nayarit\\\/#breadcrumb\",\"itemListElement\":[{\"@type\":\"ListItem\",\"position\":1,\"name\":\"Compostela\",\"item\":\"https:\\\/\\\/hotelesfray.com\\\/category\\\/compostela\\\/\"},{\"@type\":\"ListItem\",\"position\":2,\"name\":\"\u00bfCu\u00e1ndo es la temporada de avistamiento de ballenas en Nayarit?\"}]},{\"@type\":\"WebSite\",\"@id\":\"https:\\\/\\\/hotelesfray.com\\\/#website\",\"url\":\"https:\\\/\\\/hotelesfray.com\\\/\",\"name\":\"Hoteles Fray\",\"description\":\"Los Mejores Hoteles en el Centro de Tepic, Nayarit\",\"publisher\":{\"@id\":\"https:\\\/\\\/hotelesfray.com\\\/#organization\"},\"potentialAction\":[{\"@type\":\"SearchAction\",\"target\":{\"@type\":\"EntryPoint\",\"urlTemplate\":\"https:\\\/\\\/hotelesfray.com\\\/?s={search_term_string}\"},\"query-input\":{\"@type\":\"PropertyValueSpecification\",\"valueRequired\":true,\"valueName\":\"search_term_string\"}}],\"inLanguage\":\"en-US\"},{\"@type\":\"Organization\",\"@id\":\"https:\\\/\\\/hotelesfray.com\\\/#organization\",\"name\":\"Hoteles Fray\",\"url\":\"https:\\\/\\\/hotelesfray.com\\\/\",\"logo\":{\"@type\":\"ImageObject\",\"inLanguage\":\"en-US\",\"@id\":\"https:\\\/\\\/hotelesfray.com\\\/#\\\/schema\\\/logo\\\/image\\\/\",\"url\":\"https:\\\/\\\/hotelesfray.com\\\/wp-content\\\/uploads\\\/2023\\\/01\\\/HotelesFray-cuadro.png\",\"contentUrl\":\"https:\\\/\\\/hotelesfray.com\\\/wp-content\\\/uploads\\\/2023\\\/01\\\/HotelesFray-cuadro.png\",\"width\":2200,\"height\":2200,\"caption\":\"Hoteles Fray\"},\"image\":{\"@id\":\"https:\\\/\\\/hotelesfray.com\\\/#\\\/schema\\\/logo\\\/image\\\/\"}},{\"@type\":\"Person\",\"@id\":\"https:\\\/\\\/hotelesfray.com\\\/#\\\/schema\\\/person\\\/1a3f5909146e66cdba9aa8b37f1858e1\",\"name\":\"Eduardo Lopez\",\"image\":{\"@type\":\"ImageObject\",\"inLanguage\":\"en-US\",\"@id\":\"https:\\\/\\\/secure.gravatar.com\\\/avatar\\\/3d6f41a002d28c6845cb55b565f68141a241a36951b539d6f4dbddac28595734?s=96&d=mm&r=g\",\"url\":\"https:\\\/\\\/secure.gravatar.com\\\/avatar\\\/3d6f41a002d28c6845cb55b565f68141a241a36951b539d6f4dbddac28595734?s=96&d=mm&r=g\",\"contentUrl\":\"https:\\\/\\\/secure.gravatar.com\\\/avatar\\\/3d6f41a002d28c6845cb55b565f68141a241a36951b539d6f4dbddac28595734?s=96&d=mm&r=g\",\"caption\":\"Eduardo Lopez\"},\"url\":\"https:\\\/\\\/hotelesfray.com\\\/en\\\/author\\\/gente\\\/\"}]}<\/script>\n<!-- \/ Yoast SEO plugin. -->","yoast_head_json":{"title":"Hotels in Tepic | Hoteles Fray \u2013 Complimentary Buffet Breakfast","description":"Looking for hotels in Tepic? Hoteles Fray offers the best location, complimentary buffet breakfast, free WiFi, and flexible cancellation. Book directly with no deposit!","robots":{"index":"index","follow":"follow","max-snippet":"max-snippet:-1","max-image-preview":"max-image-preview:large","max-video-preview":"max-video-preview:-1"},"canonical":"https:\/\/hotelesfray.com\/en\/2022\/11\/08\/cuando-es-la-temporada-de-avistamiento-de-ballenas-en-nayarit\/","og_locale":"en_US","og_type":"article","og_title":"Hotels in Tepic | Hoteles Fray \u2013 Complimentary Buffet Breakfast","og_description":"Looking for hotels in Tepic? Hoteles Fray offers the best location, complimentary buffet breakfast, free WiFi, and flexible cancellation. Book directly with no deposit!","og_url":"https:\/\/hotelesfray.com\/en\/2022\/11\/08\/cuando-es-la-temporada-de-avistamiento-de-ballenas-en-nayarit\/","og_site_name":"Hoteles Fray","article_published_time":"2022-11-09T01:29:24+00:00","article_modified_time":"2025-02-24T00:35:45+00:00","og_image":[{"width":1920,"height":1280,"url":"https:\/\/hotelesfray.com\/wp-content\/uploads\/2022\/11\/AvistamientoBallenas.jpg","type":"image\/jpeg"}],"author":"Eduardo Lopez","twitter_card":"summary_large_image","twitter_misc":{"Written by":"Eduardo Lopez","Est. reading time":"1 minute"},"schema":{"@context":"https:\/\/schema.org","@graph":[{"@type":["Article","BlogPosting"],"@id":"https:\/\/hotelesfray.com\/2022\/11\/08\/cuando-es-la-temporada-de-avistamiento-de-ballenas-en-nayarit\/#article","isPartOf":{"@id":"https:\/\/hotelesfray.com\/2022\/11\/08\/cuando-es-la-temporada-de-avistamiento-de-ballenas-en-nayarit\/"},"author":{"name":"Eduardo Lopez","@id":"https:\/\/hotelesfray.com\/#\/schema\/person\/1a3f5909146e66cdba9aa8b37f1858e1"},"headline":"\u00bfCu\u00e1ndo es la temporada de avistamiento de ballenas en Nayarit?","datePublished":"2022-11-09T01:29:24+00:00","dateModified":"2025-02-24T00:35:45+00:00","mainEntityOfPage":{"@id":"https:\/\/hotelesfray.com\/2022\/11\/08\/cuando-es-la-temporada-de-avistamiento-de-ballenas-en-nayarit\/"},"wordCount":160,"publisher":{"@id":"https:\/\/hotelesfray.com\/#organization"},"image":{"@id":"https:\/\/hotelesfray.com\/2022\/11\/08\/cuando-es-la-temporada-de-avistamiento-de-ballenas-en-nayarit\/#primaryimage"},"thumbnailUrl":"https:\/\/hotelesfray.com\/wp-content\/uploads\/2022\/11\/AvistamientoBallenas.jpg","articleSection":["Compostela","Playas","San Blas"],"inLanguage":"en-US"},{"@type":"WebPage","@id":"https:\/\/hotelesfray.com\/2022\/11\/08\/cuando-es-la-temporada-de-avistamiento-de-ballenas-en-nayarit\/","url":"https:\/\/hotelesfray.com\/2022\/11\/08\/cuando-es-la-temporada-de-avistamiento-de-ballenas-en-nayarit\/","name":"\u00bfCu\u00e1ndo es la temporada de avistamiento de ballenas en Nayarit? | Hoteles Fray","isPartOf":{"@id":"https:\/\/hotelesfray.com\/#website"},"primaryImageOfPage":{"@id":"https:\/\/hotelesfray.com\/2022\/11\/08\/cuando-es-la-temporada-de-avistamiento-de-ballenas-en-nayarit\/#primaryimage"},"image":{"@id":"https:\/\/hotelesfray.com\/2022\/11\/08\/cuando-es-la-temporada-de-avistamiento-de-ballenas-en-nayarit\/#primaryimage"},"thumbnailUrl":"https:\/\/hotelesfray.com\/wp-content\/uploads\/2022\/11\/AvistamientoBallenas.jpg","datePublished":"2022-11-09T01:29:24+00:00","dateModified":"2025-02-24T00:35:45+00:00","breadcrumb":{"@id":"https:\/\/hotelesfray.com\/2022\/11\/08\/cuando-es-la-temporada-de-avistamiento-de-ballenas-en-nayarit\/#breadcrumb"},"inLanguage":"en-US","potentialAction":[{"@type":"ReadAction","target":["https:\/\/hotelesfray.com\/2022\/11\/08\/cuando-es-la-temporada-de-avistamiento-de-ballenas-en-nayarit\/"]}]},{"@type":"ImageObject","inLanguage":"en-US","@id":"https:\/\/hotelesfray.com\/2022\/11\/08\/cuando-es-la-temporada-de-avistamiento-de-ballenas-en-nayarit\/#primaryimage","url":"https:\/\/hotelesfray.com\/wp-content\/uploads\/2022\/11\/AvistamientoBallenas.jpg","contentUrl":"https:\/\/hotelesfray.com\/wp-content\/uploads\/2022\/11\/AvistamientoBallenas.jpg","width":1920,"height":1280},{"@type":"BreadcrumbList","@id":"https:\/\/hotelesfray.com\/2022\/11\/08\/cuando-es-la-temporada-de-avistamiento-de-ballenas-en-nayarit\/#breadcrumb","itemListElement":[{"@type":"ListItem","position":1,"name":"Compostela","item":"https:\/\/hotelesfray.com\/category\/compostela\/"},{"@type":"ListItem","position":2,"name":"\u00bfCu\u00e1ndo es la temporada de avistamiento de ballenas en Nayarit?"}]},{"@type":"WebSite","@id":"https:\/\/hotelesfray.com\/#website","url":"https:\/\/hotelesfray.com\/","name":"Hoteles Fray","description":"Los Mejores Hoteles en el Centro de Tepic, Nayarit","publisher":{"@id":"https:\/\/hotelesfray.com\/#organization"},"potentialAction":[{"@type":"SearchAction","target":{"@type":"EntryPoint","urlTemplate":"https:\/\/hotelesfray.com\/?s={search_term_string}"},"query-input":{"@type":"PropertyValueSpecification","valueRequired":true,"valueName":"search_term_string"}}],"inLanguage":"en-US"},{"@type":"Organization","@id":"https:\/\/hotelesfray.com\/#organization","name":"Hoteles Fray","url":"https:\/\/hotelesfray.com\/","logo":{"@type":"ImageObject","inLanguage":"en-US","@id":"https:\/\/hotelesfray.com\/#\/schema\/logo\/image\/","url":"https:\/\/hotelesfray.com\/wp-content\/uploads\/2023\/01\/HotelesFray-cuadro.png","contentUrl":"https:\/\/hotelesfray.com\/wp-content\/uploads\/2023\/01\/HotelesFray-cuadro.png","width":2200,"height":2200,"caption":"Hoteles Fray"},"image":{"@id":"https:\/\/hotelesfray.com\/#\/schema\/logo\/image\/"}},{"@type":"Person","@id":"https:\/\/hotelesfray.com\/#\/schema\/person\/1a3f5909146e66cdba9aa8b37f1858e1","name":"Eduardo Lopez","image":{"@type":"ImageObject","inLanguage":"en-US","@id":"https:\/\/secure.gravatar.com\/avatar\/3d6f41a002d28c6845cb55b565f68141a241a36951b539d6f4dbddac28595734?s=96&d=mm&r=g","url":"https:\/\/secure.gravatar.com\/avatar\/3d6f41a002d28c6845cb55b565f68141a241a36951b539d6f4dbddac28595734?s=96&d=mm&r=g","contentUrl":"https:\/\/secure.gravatar.com\/avatar\/3d6f41a002d28c6845cb55b565f68141a241a36951b539d6f4dbddac28595734?s=96&d=mm&r=g","caption":"Eduardo Lopez"},"url":"https:\/\/hotelesfray.com\/en\/author\/gente\/"}]}},"_links":{"self":[{"href":"https:\/\/hotelesfray.com\/en\/wp-json\/wp\/v2\/posts\/3439","targetHints":{"allow":["GET"]}}],"collection":[{"href":"https:\/\/hotelesfray.com\/en\/wp-json\/wp\/v2\/posts"}],"about":[{"href":"https:\/\/hotelesfray.com\/en\/wp-json\/wp\/v2\/types\/post"}],"author":[{"embeddable":true,"href":"https:\/\/hotelesfray.com\/en\/wp-json\/wp\/v2\/users\/2"}],"replies":[{"embeddable":true,"href":"https:\/\/hotelesfray.com\/en\/wp-json\/wp\/v2\/comments?post=3439"}],"version-history":[{"count":2,"href":"https:\/\/hotelesfray.com\/en\/wp-json\/wp\/v2\/posts\/3439\/revisions"}],"predecessor-version":[{"id":5816,"href":"https:\/\/hotelesfray.com\/en\/wp-json\/wp\/v2\/posts\/3439\/revisions\/5816"}],"wp:featuredmedia":[{"embeddable":true,"href":"https:\/\/hotelesfray.com\/en\/wp-json\/wp\/v2\/media\/3440"}],"wp:attachment":[{"href":"https:\/\/hotelesfray.com\/en\/wp-json\/wp\/v2\/media?parent=3439"}],"wp:term":[{"taxonomy":"category","embeddable":true,"href":"https:\/\/hotelesfray.com\/en\/wp-json\/wp\/v2\/categories?post=3439"},{"taxonomy":"post_tag","embeddable":true,"href":"https:\/\/hotelesfray.com\/en\/wp-json\/wp\/v2\/tags?post=3439"}],"curies":[{"name":"wp","href":"https:\/\/api.w.org\/{rel}","templated":true}]}}