{"id":3453,"date":"2022-11-21T19:35:38","date_gmt":"2022-11-21T23:35:38","guid":{"rendered":"https:\/\/hotelfrayjunipero.com\/?p=3453"},"modified":"2025-02-23T20:35:44","modified_gmt":"2025-02-24T00:35:44","slug":"la-extraordinaria-historia-de-la-virgen-bajo-el-agua-en-la-isla-del-coral-en-guayabitos","status":"publish","type":"post","link":"https:\/\/hotelesfray.com\/en\/2022\/11\/21\/la-extraordinaria-historia-de-la-virgen-bajo-el-agua-en-la-isla-del-coral-en-guayabitos\/","title":{"rendered":"La extraordinaria historia de la virgen bajo el agua en la Isla del Coral en Guayabitos"},"content":{"rendered":"<p><a href=\"https:\/\/www.facebook.com\/sharer.php?u=https%3A%2F%2Fgentenayarit.com%2F2018%2F12%2F26%2Fla-extraordinaria-historia-de-la-virgen-bajo-el-agua-en-la-isla-del-coral-en-guayabitos%2F\"><\/a><a href=\"https:\/\/twitter.com\/intent\/tweet?text=La+extraordinaria+historia+de+la+virgen+bajo+el+agua+en+la+Isla+del+Coral++en+Guayabitos&amp;url=https%3A%2F%2Fgentenayarit.com%2F2018%2F12%2F26%2Fla-extraordinaria-historia-de-la-virgen-bajo-el-agua-en-la-isla-del-coral-en-guayabitos%2F&amp;via=Gente+Nayarit\"><\/a><a href=\"https:\/\/pinterest.com\/pin\/create\/button\/?url=https:\/\/gentenayarit.com\/2018\/12\/26\/la-extraordinaria-historia-de-la-virgen-bajo-el-agua-en-la-isla-del-coral-en-guayabitos\/&amp;media=https:\/\/gentenayarit.com\/wp-content\/uploads\/2018\/12\/20915603_1980247235554048_8643972037160961349_n.jpg&amp;description=La+extraordinaria+historia+de+la+virgen+bajo+el+agua+en+la+Isla+del+Coral++en+Guayabitos\"><\/a><a href=\"https:\/\/api.whatsapp.com\/send?text=La+extraordinaria+historia+de+la+virgen+bajo+el+agua+en+la+Isla+del+Coral++en+Guayabitos%20%0A%0A%20https:\/\/gentenayarit.com\/2018\/12\/26\/la-extraordinaria-historia-de-la-virgen-bajo-el-agua-en-la-isla-del-coral-en-guayabitos\/\"><\/a>La estatua submarina ubicada entre la Isla del Coral y Rinc\u00f3n de Guayabitos es guardiana de la Bah\u00eda de Jaltemba y protectora de pescadores, turistas, buzos y navegantes de la zona, es uno de los atractivos tur\u00edsticos de la regi\u00f3n a la que le atribuyen diversos milagros.<\/p>\n\n\n\n<figure class=\"wp-block-image aligncenter\"><img decoding=\"async\" src=\"https:\/\/gentenayarit.com\/wp-content\/uploads\/2018\/12\/FB_IMG_1538104528755.jpg\" alt=\"\" class=\"wp-image-1993\"\/><\/figure>\n\n\n\n<p>La imagen reproducida en metal de la Virgen de la Pur\u00edsima Concepci\u00f3n fue donada por el Se\u00f1or Ra\u00fal Gradilla en el a\u00f1o 2002 y diez a\u00f1os despu\u00e9s, fue colocada de manera submarina en un punto intermedio entre Rinc\u00f3n de Guayabitos y la Isla del Coral, por parte de los integrantes de la Sociedad Cooperativa de Producci\u00f3n de Servicios Tur\u00edsticos Bah\u00eda de Banderas, con sede en la comunidad de Los Ayala, municipio de Compostela, Nayarit.<\/p>\n\n\n\n<figure class=\"wp-block-image aligncenter\"><img decoding=\"async\" src=\"https:\/\/gentenayarit.com\/wp-content\/uploads\/2018\/12\/isla-del-coral-un-acuario-natural-donde-puedes-ver-delfines-y-ballenas-isla-1024x767.jpg\" alt=\"\" class=\"wp-image-1994\"\/><\/figure>\n\n\n\n<p>La Virgen de la Pur\u00edsima Concepci\u00f3n fue robada del primer sitio donde fue ubicada, en la zona de piedras de la Isla del Coral, buscando comercializar el valor econ\u00f3mico del metal con el que est\u00e1 elaborada, se\u00f1alando las historias del imprevisto suceso que, milagrosamente fue devuelta d\u00edas despu\u00e9s a la playa de Los Ayala; aquellas manos que osaron llevarse a la patrona de la bah\u00eda se arrepintieron de manera inexplicable por &nbsp;el delito que hab\u00edan cometido y de manera voluntaria regresaron la estatua met\u00e1lica, sin da\u00f1o alguno a la zona de playa, siendo divulgado ampliamente la sustracci\u00f3n de la venerada virgen, por lo que habitantes iniciaron sus plegarias para que fuera encontrada, &nbsp;quedando demostrado a la postre el amor de la virgen por este lugar.<\/p>\n\n\n\n<p>Los pescadores y prestadores de servicios tur\u00edsticos de Rinc\u00f3n de Guayabitos y Los Ayala celebran el D\u00eda de la Marina, acudiendo durante su recorrido marino de festejo al recinto donde est\u00e1 sumergida la imagen de la Virgen de la Pur\u00edsima Concepci\u00f3n desde 2012, luego de su reubicaci\u00f3n, pudiendo ser observada desde las lanchas con fondo de cristal, al estar localizada en un punto especial para seguir siendo admirada y venerada por personas de la comunidad y el turismo, posteriormente fue colocada en un punto cercano a la playa de la Isla del Coral, sitio desde donde los visitantes pueden llegar nadando para venerarla y observarla con visores y goggles.<\/p>\n\n\n\n<figure class=\"wp-block-image aligncenter\"><img decoding=\"async\" src=\"https:\/\/gentenayarit.com\/wp-content\/uploads\/2018\/12\/images-1.jpg\" alt=\"\" class=\"wp-image-1995\"\/><\/figure>\n\n\n\n<p>La virgen es uno de los atractivos tur\u00edsticos de la Riviera Nayarit en la zona de Rinc\u00f3n de Guayabitos, se sumergi\u00f3 un d\u00eda 22 de Agosto, coincidiendo con el aniversario luctuoso de Salvador \u201cEl Gordo\u201d Pineda, existiendo en la regi\u00f3n varias historias que le dan fortaleza a los milagros que le son atribuidos por los pobladores a lo largo de los \u00faltimos a\u00f1os, siendo los integrantes de la Sociedad Cooperativa de Producci\u00f3n de Servicios Tur\u00edsticos Bah\u00eda de Banderas, quienes la emergen cada a\u00f1o de su lecho marino para efectuarle una limpieza y que nuevamente quede reluciente para regresarla al fondo del mar.<\/p>\n\n\n\n<p><em>Con informaci\u00f3n de GenteNayarit.com<\/em><\/p>","protected":false},"excerpt":{"rendered":"<p>La estatua submarina ubicada entre la Isla del Coral y Rinc\u00f3n de Guayabitos es guardiana de la Bah\u00eda de Jaltemba y protectora de pescadores, turistas, buzos y navegantes de la zona, es uno de los atractivos tur\u00edsticos de la regi\u00f3n a la que le atribuyen diversos milagros. La imagen reproducida en metal de la Virgen [&hellip;]<\/p>\n","protected":false},"author":2,"featured_media":3454,"comment_status":"closed","ping_status":"open","sticky":false,"template":"","format":"standard","meta":{"_et_pb_use_builder":"","_et_pb_old_content":"","_et_gb_content_width":"","footnotes":""},"categories":[42,44],"tags":[],"class_list":["post-3453","post","type-post","status-publish","format-standard","has-post-thumbnail","hentry","category-compostela","category-playas"],"yoast_head":"<!-- This site is optimized with the Yoast SEO plugin v27.4 - https:\/\/yoast.com\/product\/yoast-seo-wordpress\/ -->\n<title>Hotels in Tepic | Hoteles Fray \u2013 Complimentary Buffet Breakfast<\/title>\n<meta name=\"description\" content=\"Looking for hotels in Tepic? Hoteles Fray offers the best location, complimentary buffet breakfast, free WiFi, and flexible cancellation. Book directly with no deposit!\" \/>\n<meta name=\"robots\" content=\"index, follow, max-snippet:-1, max-image-preview:large, max-video-preview:-1\" \/>\n<link rel=\"canonical\" href=\"https:\/\/hotelesfray.com\/en\/2022\/11\/21\/la-extraordinaria-historia-de-la-virgen-bajo-el-agua-en-la-isla-del-coral-en-guayabitos\/\" \/>\n<meta property=\"og:locale\" content=\"en_US\" \/>\n<meta property=\"og:type\" content=\"article\" \/>\n<meta property=\"og:title\" content=\"Hotels in Tepic | Hoteles Fray \u2013 Complimentary Buffet Breakfast\" \/>\n<meta property=\"og:description\" content=\"Looking for hotels in Tepic? Hoteles Fray offers the best location, complimentary buffet breakfast, free WiFi, and flexible cancellation. Book directly with no deposit!\" \/>\n<meta property=\"og:url\" content=\"https:\/\/hotelesfray.com\/en\/2022\/11\/21\/la-extraordinaria-historia-de-la-virgen-bajo-el-agua-en-la-isla-del-coral-en-guayabitos\/\" \/>\n<meta property=\"og:site_name\" content=\"Hoteles Fray\" \/>\n<meta property=\"article:published_time\" content=\"2022-11-21T23:35:38+00:00\" \/>\n<meta property=\"article:modified_time\" content=\"2025-02-24T00:35:44+00:00\" \/>\n<meta property=\"og:image\" content=\"https:\/\/hotelesfray.com\/wp-content\/uploads\/2022\/11\/VirgenIslaCoral.jpeg\" \/>\n\t<meta property=\"og:image:width\" content=\"960\" \/>\n\t<meta property=\"og:image:height\" content=\"720\" \/>\n\t<meta property=\"og:image:type\" content=\"image\/jpeg\" \/>\n<meta name=\"author\" content=\"Eduardo Lopez\" \/>\n<meta name=\"twitter:card\" content=\"summary_large_image\" \/>\n<meta name=\"twitter:label1\" content=\"Written by\" \/>\n\t<meta name=\"twitter:data1\" content=\"Eduardo Lopez\" \/>\n\t<meta name=\"twitter:label2\" content=\"Est. reading time\" \/>\n\t<meta name=\"twitter:data2\" content=\"3 minutes\" \/>\n<script type=\"application\/ld+json\" class=\"yoast-schema-graph\">{\"@context\":\"https:\\\/\\\/schema.org\",\"@graph\":[{\"@type\":[\"Article\",\"BlogPosting\"],\"@id\":\"https:\\\/\\\/hotelesfray.com\\\/2022\\\/11\\\/21\\\/la-extraordinaria-historia-de-la-virgen-bajo-el-agua-en-la-isla-del-coral-en-guayabitos\\\/#article\",\"isPartOf\":{\"@id\":\"https:\\\/\\\/hotelesfray.com\\\/2022\\\/11\\\/21\\\/la-extraordinaria-historia-de-la-virgen-bajo-el-agua-en-la-isla-del-coral-en-guayabitos\\\/\"},\"author\":{\"name\":\"Eduardo Lopez\",\"@id\":\"https:\\\/\\\/hotelesfray.com\\\/#\\\/schema\\\/person\\\/1a3f5909146e66cdba9aa8b37f1858e1\"},\"headline\":\"La extraordinaria historia de la virgen bajo el agua en la Isla del Coral en Guayabitos\",\"datePublished\":\"2022-11-21T23:35:38+00:00\",\"dateModified\":\"2025-02-24T00:35:44+00:00\",\"mainEntityOfPage\":{\"@id\":\"https:\\\/\\\/hotelesfray.com\\\/2022\\\/11\\\/21\\\/la-extraordinaria-historia-de-la-virgen-bajo-el-agua-en-la-isla-del-coral-en-guayabitos\\\/\"},\"wordCount\":519,\"publisher\":{\"@id\":\"https:\\\/\\\/hotelesfray.com\\\/#organization\"},\"image\":{\"@id\":\"https:\\\/\\\/hotelesfray.com\\\/2022\\\/11\\\/21\\\/la-extraordinaria-historia-de-la-virgen-bajo-el-agua-en-la-isla-del-coral-en-guayabitos\\\/#primaryimage\"},\"thumbnailUrl\":\"https:\\\/\\\/hotelesfray.com\\\/wp-content\\\/uploads\\\/2022\\\/11\\\/VirgenIslaCoral.jpeg\",\"articleSection\":[\"Compostela\",\"Playas\"],\"inLanguage\":\"en-US\"},{\"@type\":\"WebPage\",\"@id\":\"https:\\\/\\\/hotelesfray.com\\\/2022\\\/11\\\/21\\\/la-extraordinaria-historia-de-la-virgen-bajo-el-agua-en-la-isla-del-coral-en-guayabitos\\\/\",\"url\":\"https:\\\/\\\/hotelesfray.com\\\/2022\\\/11\\\/21\\\/la-extraordinaria-historia-de-la-virgen-bajo-el-agua-en-la-isla-del-coral-en-guayabitos\\\/\",\"name\":\"La extraordinaria historia de la virgen bajo el agua en la Isla del Coral en Guayabitos | Hoteles Fray\",\"isPartOf\":{\"@id\":\"https:\\\/\\\/hotelesfray.com\\\/#website\"},\"primaryImageOfPage\":{\"@id\":\"https:\\\/\\\/hotelesfray.com\\\/2022\\\/11\\\/21\\\/la-extraordinaria-historia-de-la-virgen-bajo-el-agua-en-la-isla-del-coral-en-guayabitos\\\/#primaryimage\"},\"image\":{\"@id\":\"https:\\\/\\\/hotelesfray.com\\\/2022\\\/11\\\/21\\\/la-extraordinaria-historia-de-la-virgen-bajo-el-agua-en-la-isla-del-coral-en-guayabitos\\\/#primaryimage\"},\"thumbnailUrl\":\"https:\\\/\\\/hotelesfray.com\\\/wp-content\\\/uploads\\\/2022\\\/11\\\/VirgenIslaCoral.jpeg\",\"datePublished\":\"2022-11-21T23:35:38+00:00\",\"dateModified\":\"2025-02-24T00:35:44+00:00\",\"breadcrumb\":{\"@id\":\"https:\\\/\\\/hotelesfray.com\\\/2022\\\/11\\\/21\\\/la-extraordinaria-historia-de-la-virgen-bajo-el-agua-en-la-isla-del-coral-en-guayabitos\\\/#breadcrumb\"},\"inLanguage\":\"en-US\",\"potentialAction\":[{\"@type\":\"ReadAction\",\"target\":[\"https:\\\/\\\/hotelesfray.com\\\/2022\\\/11\\\/21\\\/la-extraordinaria-historia-de-la-virgen-bajo-el-agua-en-la-isla-del-coral-en-guayabitos\\\/\"]}]},{\"@type\":\"ImageObject\",\"inLanguage\":\"en-US\",\"@id\":\"https:\\\/\\\/hotelesfray.com\\\/2022\\\/11\\\/21\\\/la-extraordinaria-historia-de-la-virgen-bajo-el-agua-en-la-isla-del-coral-en-guayabitos\\\/#primaryimage\",\"url\":\"https:\\\/\\\/hotelesfray.com\\\/wp-content\\\/uploads\\\/2022\\\/11\\\/VirgenIslaCoral.jpeg\",\"contentUrl\":\"https:\\\/\\\/hotelesfray.com\\\/wp-content\\\/uploads\\\/2022\\\/11\\\/VirgenIslaCoral.jpeg\",\"width\":960,\"height\":720},{\"@type\":\"BreadcrumbList\",\"@id\":\"https:\\\/\\\/hotelesfray.com\\\/2022\\\/11\\\/21\\\/la-extraordinaria-historia-de-la-virgen-bajo-el-agua-en-la-isla-del-coral-en-guayabitos\\\/#breadcrumb\",\"itemListElement\":[{\"@type\":\"ListItem\",\"position\":1,\"name\":\"Compostela\",\"item\":\"https:\\\/\\\/hotelesfray.com\\\/category\\\/compostela\\\/\"},{\"@type\":\"ListItem\",\"position\":2,\"name\":\"La extraordinaria historia de la virgen bajo el agua en la Isla del Coral en Guayabitos\"}]},{\"@type\":\"WebSite\",\"@id\":\"https:\\\/\\\/hotelesfray.com\\\/#website\",\"url\":\"https:\\\/\\\/hotelesfray.com\\\/\",\"name\":\"Hoteles Fray\",\"description\":\"Los Mejores Hoteles en el Centro de Tepic, Nayarit\",\"publisher\":{\"@id\":\"https:\\\/\\\/hotelesfray.com\\\/#organization\"},\"potentialAction\":[{\"@type\":\"SearchAction\",\"target\":{\"@type\":\"EntryPoint\",\"urlTemplate\":\"https:\\\/\\\/hotelesfray.com\\\/?s={search_term_string}\"},\"query-input\":{\"@type\":\"PropertyValueSpecification\",\"valueRequired\":true,\"valueName\":\"search_term_string\"}}],\"inLanguage\":\"en-US\"},{\"@type\":\"Organization\",\"@id\":\"https:\\\/\\\/hotelesfray.com\\\/#organization\",\"name\":\"Hoteles Fray\",\"url\":\"https:\\\/\\\/hotelesfray.com\\\/\",\"logo\":{\"@type\":\"ImageObject\",\"inLanguage\":\"en-US\",\"@id\":\"https:\\\/\\\/hotelesfray.com\\\/#\\\/schema\\\/logo\\\/image\\\/\",\"url\":\"https:\\\/\\\/hotelesfray.com\\\/wp-content\\\/uploads\\\/2023\\\/01\\\/HotelesFray-cuadro.png\",\"contentUrl\":\"https:\\\/\\\/hotelesfray.com\\\/wp-content\\\/uploads\\\/2023\\\/01\\\/HotelesFray-cuadro.png\",\"width\":2200,\"height\":2200,\"caption\":\"Hoteles Fray\"},\"image\":{\"@id\":\"https:\\\/\\\/hotelesfray.com\\\/#\\\/schema\\\/logo\\\/image\\\/\"}},{\"@type\":\"Person\",\"@id\":\"https:\\\/\\\/hotelesfray.com\\\/#\\\/schema\\\/person\\\/1a3f5909146e66cdba9aa8b37f1858e1\",\"name\":\"Eduardo Lopez\",\"image\":{\"@type\":\"ImageObject\",\"inLanguage\":\"en-US\",\"@id\":\"https:\\\/\\\/secure.gravatar.com\\\/avatar\\\/3d6f41a002d28c6845cb55b565f68141a241a36951b539d6f4dbddac28595734?s=96&d=mm&r=g\",\"url\":\"https:\\\/\\\/secure.gravatar.com\\\/avatar\\\/3d6f41a002d28c6845cb55b565f68141a241a36951b539d6f4dbddac28595734?s=96&d=mm&r=g\",\"contentUrl\":\"https:\\\/\\\/secure.gravatar.com\\\/avatar\\\/3d6f41a002d28c6845cb55b565f68141a241a36951b539d6f4dbddac28595734?s=96&d=mm&r=g\",\"caption\":\"Eduardo Lopez\"},\"url\":\"https:\\\/\\\/hotelesfray.com\\\/en\\\/author\\\/gente\\\/\"}]}<\/script>\n<!-- \/ Yoast SEO plugin. -->","yoast_head_json":{"title":"Hotels in Tepic | Hoteles Fray \u2013 Complimentary Buffet Breakfast","description":"Looking for hotels in Tepic? Hoteles Fray offers the best location, complimentary buffet breakfast, free WiFi, and flexible cancellation. Book directly with no deposit!","robots":{"index":"index","follow":"follow","max-snippet":"max-snippet:-1","max-image-preview":"max-image-preview:large","max-video-preview":"max-video-preview:-1"},"canonical":"https:\/\/hotelesfray.com\/en\/2022\/11\/21\/la-extraordinaria-historia-de-la-virgen-bajo-el-agua-en-la-isla-del-coral-en-guayabitos\/","og_locale":"en_US","og_type":"article","og_title":"Hotels in Tepic | Hoteles Fray \u2013 Complimentary Buffet Breakfast","og_description":"Looking for hotels in Tepic? Hoteles Fray offers the best location, complimentary buffet breakfast, free WiFi, and flexible cancellation. Book directly with no deposit!","og_url":"https:\/\/hotelesfray.com\/en\/2022\/11\/21\/la-extraordinaria-historia-de-la-virgen-bajo-el-agua-en-la-isla-del-coral-en-guayabitos\/","og_site_name":"Hoteles Fray","article_published_time":"2022-11-21T23:35:38+00:00","article_modified_time":"2025-02-24T00:35:44+00:00","og_image":[{"width":960,"height":720,"url":"https:\/\/hotelesfray.com\/wp-content\/uploads\/2022\/11\/VirgenIslaCoral.jpeg","type":"image\/jpeg"}],"author":"Eduardo Lopez","twitter_card":"summary_large_image","twitter_misc":{"Written by":"Eduardo Lopez","Est. reading time":"3 minutes"},"schema":{"@context":"https:\/\/schema.org","@graph":[{"@type":["Article","BlogPosting"],"@id":"https:\/\/hotelesfray.com\/2022\/11\/21\/la-extraordinaria-historia-de-la-virgen-bajo-el-agua-en-la-isla-del-coral-en-guayabitos\/#article","isPartOf":{"@id":"https:\/\/hotelesfray.com\/2022\/11\/21\/la-extraordinaria-historia-de-la-virgen-bajo-el-agua-en-la-isla-del-coral-en-guayabitos\/"},"author":{"name":"Eduardo Lopez","@id":"https:\/\/hotelesfray.com\/#\/schema\/person\/1a3f5909146e66cdba9aa8b37f1858e1"},"headline":"La extraordinaria historia de la virgen bajo el agua en la Isla del Coral en Guayabitos","datePublished":"2022-11-21T23:35:38+00:00","dateModified":"2025-02-24T00:35:44+00:00","mainEntityOfPage":{"@id":"https:\/\/hotelesfray.com\/2022\/11\/21\/la-extraordinaria-historia-de-la-virgen-bajo-el-agua-en-la-isla-del-coral-en-guayabitos\/"},"wordCount":519,"publisher":{"@id":"https:\/\/hotelesfray.com\/#organization"},"image":{"@id":"https:\/\/hotelesfray.com\/2022\/11\/21\/la-extraordinaria-historia-de-la-virgen-bajo-el-agua-en-la-isla-del-coral-en-guayabitos\/#primaryimage"},"thumbnailUrl":"https:\/\/hotelesfray.com\/wp-content\/uploads\/2022\/11\/VirgenIslaCoral.jpeg","articleSection":["Compostela","Playas"],"inLanguage":"en-US"},{"@type":"WebPage","@id":"https:\/\/hotelesfray.com\/2022\/11\/21\/la-extraordinaria-historia-de-la-virgen-bajo-el-agua-en-la-isla-del-coral-en-guayabitos\/","url":"https:\/\/hotelesfray.com\/2022\/11\/21\/la-extraordinaria-historia-de-la-virgen-bajo-el-agua-en-la-isla-del-coral-en-guayabitos\/","name":"La extraordinaria historia de la virgen bajo el agua en la Isla del Coral en Guayabitos | Hoteles Fray","isPartOf":{"@id":"https:\/\/hotelesfray.com\/#website"},"primaryImageOfPage":{"@id":"https:\/\/hotelesfray.com\/2022\/11\/21\/la-extraordinaria-historia-de-la-virgen-bajo-el-agua-en-la-isla-del-coral-en-guayabitos\/#primaryimage"},"image":{"@id":"https:\/\/hotelesfray.com\/2022\/11\/21\/la-extraordinaria-historia-de-la-virgen-bajo-el-agua-en-la-isla-del-coral-en-guayabitos\/#primaryimage"},"thumbnailUrl":"https:\/\/hotelesfray.com\/wp-content\/uploads\/2022\/11\/VirgenIslaCoral.jpeg","datePublished":"2022-11-21T23:35:38+00:00","dateModified":"2025-02-24T00:35:44+00:00","breadcrumb":{"@id":"https:\/\/hotelesfray.com\/2022\/11\/21\/la-extraordinaria-historia-de-la-virgen-bajo-el-agua-en-la-isla-del-coral-en-guayabitos\/#breadcrumb"},"inLanguage":"en-US","potentialAction":[{"@type":"ReadAction","target":["https:\/\/hotelesfray.com\/2022\/11\/21\/la-extraordinaria-historia-de-la-virgen-bajo-el-agua-en-la-isla-del-coral-en-guayabitos\/"]}]},{"@type":"ImageObject","inLanguage":"en-US","@id":"https:\/\/hotelesfray.com\/2022\/11\/21\/la-extraordinaria-historia-de-la-virgen-bajo-el-agua-en-la-isla-del-coral-en-guayabitos\/#primaryimage","url":"https:\/\/hotelesfray.com\/wp-content\/uploads\/2022\/11\/VirgenIslaCoral.jpeg","contentUrl":"https:\/\/hotelesfray.com\/wp-content\/uploads\/2022\/11\/VirgenIslaCoral.jpeg","width":960,"height":720},{"@type":"BreadcrumbList","@id":"https:\/\/hotelesfray.com\/2022\/11\/21\/la-extraordinaria-historia-de-la-virgen-bajo-el-agua-en-la-isla-del-coral-en-guayabitos\/#breadcrumb","itemListElement":[{"@type":"ListItem","position":1,"name":"Compostela","item":"https:\/\/hotelesfray.com\/category\/compostela\/"},{"@type":"ListItem","position":2,"name":"La extraordinaria historia de la virgen bajo el agua en la Isla del Coral en Guayabitos"}]},{"@type":"WebSite","@id":"https:\/\/hotelesfray.com\/#website","url":"https:\/\/hotelesfray.com\/","name":"Hoteles Fray","description":"Los Mejores Hoteles en el Centro de Tepic, Nayarit","publisher":{"@id":"https:\/\/hotelesfray.com\/#organization"},"potentialAction":[{"@type":"SearchAction","target":{"@type":"EntryPoint","urlTemplate":"https:\/\/hotelesfray.com\/?s={search_term_string}"},"query-input":{"@type":"PropertyValueSpecification","valueRequired":true,"valueName":"search_term_string"}}],"inLanguage":"en-US"},{"@type":"Organization","@id":"https:\/\/hotelesfray.com\/#organization","name":"Hoteles Fray","url":"https:\/\/hotelesfray.com\/","logo":{"@type":"ImageObject","inLanguage":"en-US","@id":"https:\/\/hotelesfray.com\/#\/schema\/logo\/image\/","url":"https:\/\/hotelesfray.com\/wp-content\/uploads\/2023\/01\/HotelesFray-cuadro.png","contentUrl":"https:\/\/hotelesfray.com\/wp-content\/uploads\/2023\/01\/HotelesFray-cuadro.png","width":2200,"height":2200,"caption":"Hoteles Fray"},"image":{"@id":"https:\/\/hotelesfray.com\/#\/schema\/logo\/image\/"}},{"@type":"Person","@id":"https:\/\/hotelesfray.com\/#\/schema\/person\/1a3f5909146e66cdba9aa8b37f1858e1","name":"Eduardo Lopez","image":{"@type":"ImageObject","inLanguage":"en-US","@id":"https:\/\/secure.gravatar.com\/avatar\/3d6f41a002d28c6845cb55b565f68141a241a36951b539d6f4dbddac28595734?s=96&d=mm&r=g","url":"https:\/\/secure.gravatar.com\/avatar\/3d6f41a002d28c6845cb55b565f68141a241a36951b539d6f4dbddac28595734?s=96&d=mm&r=g","contentUrl":"https:\/\/secure.gravatar.com\/avatar\/3d6f41a002d28c6845cb55b565f68141a241a36951b539d6f4dbddac28595734?s=96&d=mm&r=g","caption":"Eduardo Lopez"},"url":"https:\/\/hotelesfray.com\/en\/author\/gente\/"}]}},"_links":{"self":[{"href":"https:\/\/hotelesfray.com\/en\/wp-json\/wp\/v2\/posts\/3453","targetHints":{"allow":["GET"]}}],"collection":[{"href":"https:\/\/hotelesfray.com\/en\/wp-json\/wp\/v2\/posts"}],"about":[{"href":"https:\/\/hotelesfray.com\/en\/wp-json\/wp\/v2\/types\/post"}],"author":[{"embeddable":true,"href":"https:\/\/hotelesfray.com\/en\/wp-json\/wp\/v2\/users\/2"}],"replies":[{"embeddable":true,"href":"https:\/\/hotelesfray.com\/en\/wp-json\/wp\/v2\/comments?post=3453"}],"version-history":[{"count":1,"href":"https:\/\/hotelesfray.com\/en\/wp-json\/wp\/v2\/posts\/3453\/revisions"}],"predecessor-version":[{"id":3455,"href":"https:\/\/hotelesfray.com\/en\/wp-json\/wp\/v2\/posts\/3453\/revisions\/3455"}],"wp:featuredmedia":[{"embeddable":true,"href":"https:\/\/hotelesfray.com\/en\/wp-json\/wp\/v2\/media\/3454"}],"wp:attachment":[{"href":"https:\/\/hotelesfray.com\/en\/wp-json\/wp\/v2\/media?parent=3453"}],"wp:term":[{"taxonomy":"category","embeddable":true,"href":"https:\/\/hotelesfray.com\/en\/wp-json\/wp\/v2\/categories?post=3453"},{"taxonomy":"post_tag","embeddable":true,"href":"https:\/\/hotelesfray.com\/en\/wp-json\/wp\/v2\/tags?post=3453"}],"curies":[{"name":"wp","href":"https:\/\/api.w.org\/{rel}","templated":true}]}}