{"id":4599,"date":"2023-09-22T23:28:16","date_gmt":"2023-09-23T03:28:16","guid":{"rendered":"https:\/\/hotelesfray.com\/?p=4599"},"modified":"2025-02-23T20:39:52","modified_gmt":"2025-02-24T00:39:52","slug":"la-catedral-de-tepic-un-patrimonio-de-los-nayaritas","status":"publish","type":"post","link":"https:\/\/hotelesfray.com\/en\/2023\/09\/22\/la-catedral-de-tepic-un-patrimonio-de-los-nayaritas\/","title":{"rendered":"La catedral de Tepic, un patrimonio de los Nayaritas"},"content":{"rendered":"<p>En la ciudad de Tepic el edificio m\u00e1s caracter\u00edstico es la catedral. La catedral de Tepic, asiento y c\u00e1tedra del Obispo, es considerado uno de los edificios m\u00e1s importantes; representando el s\u00edmbolo religioso y civil de esta ciudad.<\/p>\n\n\n\n<p>En su estructura exterior, que es muy sencilla, pertenece al estilo neog\u00f3tico. Es de un sola nave en forma de cruz latina mide 58 metros de largo por 12.5 metros de ancho, la altura del punto m\u00e1ximo de la b\u00f3veda hasta el piso es de 16.5 metros, el cruce de la nave est\u00e1 rematado a la altura de las b\u00f3vedas por una c\u00fapula de planta octagonal, que tiene ocho ventanas. Las torres alcanzan una altura de 40 metros aproximadamente tomando el nivel de la calle, sostenidas por un p\u00f3rtico que da accesos a tres arcos g\u00f3ticos, uno al norte, otro al sur y otro al poniente.<\/p>\n\n\n\n<figure class=\"wp-block-image size-full\"><img data-dominant-color=\"616161\" data-has-transparency=\"true\" style=\"--dominant-color: #616161;\" loading=\"lazy\" decoding=\"async\" width=\"403\" height=\"305\" src=\"https:\/\/hotelesfray.com\/wp-content\/uploads\/2023\/09\/image3541.png\" alt=\"\" class=\"wp-image-4601 has-transparency\" srcset=\"https:\/\/hotelesfray.com\/wp-content\/uploads\/2023\/09\/image3541.png 403w, https:\/\/hotelesfray.com\/wp-content\/uploads\/2023\/09\/image3541-300x227.png 300w\" sizes=\"(max-width: 403px) 100vw, 403px\" \/><\/figure>\n\n\n\n<p>En la b\u00f3veda de la antesala se encuentra una pintura mural que representa un pasaje del apocalipsis, de Jes\u00fas Bonilla. En este lugar est\u00e1 la entrada principal, es un arco de medio punto flanqueado por dos medias columnas pareadas, que sostienen dos esculturas, una de San Pedro y otra de San Pablo. El port\u00f3n es de madera de cedro, tiene una clavaz\u00f3n de bronce con sus dos llamadores de forma de \u00e1guilas bic\u00e9falas.<\/p>\n\n\n\n<p>En el segundo piso del p\u00f3rtico est\u00e1 el antecoro, el cual est\u00e1 iluminado por 4 ventanas ojivales, dos quedan al frente de la fachada principal y las otras est\u00e1n al norte y sur.<\/p>\n\n\n\n<p>Las torres est\u00e1n compuestas de tres cuerpos de planta hexagonal y cada planta est\u00e1 marcada por una cornisa, en dichos cuerpos hay seis campaniles ojivales. Ambas torres est\u00e1n rematadas por linternillas g\u00f3ticas, que sostienen una cruz de hierro forjado, y m\u00e1s abajo se encuentran seis macetones.<\/p>\n\n\n\n<p>En medio de las dos torres se encuentra el cuarto del reloj con fachada g\u00f3tica y tres macetones en la parte superior; la maquinaria fue un obsequio de Domingo G. Aguirre, en 1889.<\/p>\n\n\n\n<p>En el interior de la nave se despliegan las galas renacentistas en bellas formas cl\u00e1sicas. El piso del coro es sostenido por seis arcos de medio punto que descansan en un cornis\u00f3n y columnas de estilo corintio, existe adem\u00e1s, otro arco m\u00e1s peque\u00f1o con las mismas caracter\u00edsticas.<\/p>\n\n\n\n<p>En el \u00e1bside, el altar mayor es de estilo cl\u00e1sico de fina madera, y su enorme crucifijo escultura en talla. En la media naranja est\u00e1n doce cuadros de los santos ap\u00f3stoles, pintura del siglo XVIII. En lo alto se encuentra la patrona de la catedral Nuestra Se\u00f1ora de la Asunci\u00f3n.<\/p>\n\n\n\n<figure class=\"wp-block-image size-full\"><img data-dominant-color=\"a8a191\" data-has-transparency=\"false\" style=\"--dominant-color: #a8a191;\" loading=\"lazy\" decoding=\"async\" width=\"406\" height=\"640\" src=\"https:\/\/hotelesfray.com\/wp-content\/uploads\/2023\/09\/0c996310d35d5836e56f7f41e9a52222-jpeg.webp\" alt=\"\" class=\"wp-image-4602 not-transparent\" srcset=\"https:\/\/hotelesfray.com\/wp-content\/uploads\/2023\/09\/0c996310d35d5836e56f7f41e9a52222-jpeg.webp 406w, https:\/\/hotelesfray.com\/wp-content\/uploads\/2023\/09\/0c996310d35d5836e56f7f41e9a52222-190x300.webp 190w\" sizes=\"(max-width: 406px) 100vw, 406px\" \/><\/figure>\n\n\n\n<h2 class=\"wp-block-heading\">Historia de la catedral<\/h2>\n\n\n\n<p>La catedral se encuentra en el mismo lugar en que fue construido el antiguo templo parroquial. En el siglo XVII el antiguo edificio se encontraba todav\u00eda en perfectas condiciones.<\/p>\n\n\n\n<p>El 13 de noviembre de 1708 el Obispo Dr. Diego Camacho y \u00c1vila al visitar la iglesia la encontr\u00f3 un poco destruida y alent\u00f3 a los vecinos para que la reconstruyeran. En 1725 el M. R. P. Fray Antonio Mart\u00ednez, inici\u00f3 una segunda remodelaci\u00f3n del templo. El 10 de noviembre de 1729, el Obispo Dr. Nicol\u00e1s G\u00f3mez de Cervantes orden\u00f3 la reconstrucci\u00f3n de la sacrist\u00eda y el bautisterio.<\/p>\n\n\n\n<p>En la segunda mitad del siglo XVIII el pueblo de Tepic empezaba su transformaci\u00f3n socioecon\u00f3mica. El comienzo del comercio por medio del Puerto de San Blas y el desarrollo agr\u00edcola, los cuales fueron los principales elementos del progreso del pueblo. El 4 de agosto de 1761, fue elevada la vicar\u00eda a la categor\u00eda de parroquia. Cerca de 1804, el Bachiller Benito Antonio V\u00e9lez plantea a un grupo de tepicenses el proyecto de construcci\u00f3n de un nuevo edificio. Aceptado dicho proyecto por las autoridades obispales de Guadalajara, se logra colocar la primera piedra el 9 de diciembre de 1804.<\/p>\n\n\n\n<figure class=\"wp-block-image size-full\"><img data-dominant-color=\"7b8088\" data-has-transparency=\"false\" style=\"--dominant-color: #7b8088;\" loading=\"lazy\" decoding=\"async\" width=\"404\" height=\"640\" src=\"https:\/\/hotelesfray.com\/wp-content\/uploads\/2023\/09\/22c374a453df635fb96cfa80c8b3198e-jpeg.webp\" alt=\"\" class=\"wp-image-4603 not-transparent\" srcset=\"https:\/\/hotelesfray.com\/wp-content\/uploads\/2023\/09\/22c374a453df635fb96cfa80c8b3198e-jpeg.webp 404w, https:\/\/hotelesfray.com\/wp-content\/uploads\/2023\/09\/22c374a453df635fb96cfa80c8b3198e-189x300.webp 189w\" sizes=\"(max-width: 404px) 100vw, 404px\" \/><\/figure>\n\n\n\n<p>La construcci\u00f3n avanz\u00f3 r\u00e1pidamente, ya que el primero de junio del siguiente a\u00f1o, se estaban construyendo el \u00e1bside y los cruceros, casi llegaban los muros a la altura en que se inician los arcos. El 7 de junio de 1806, se comenz\u00f3 a labrar las cornisas de la parte del \u00e1bside, crucero y los marcos de las ventanas. La construcci\u00f3n avanzaba r\u00e1pidamente ya que el 17 de febrero de 1807, se arm\u00f3 el arco del presbiterio y el de los cruceros.<\/p>\n\n\n\n<p>Para el a\u00f1o de 1810, la sacrist\u00eda qued\u00f3 terminada. En ese a\u00f1o se suspendi\u00f3 la construcci\u00f3n por el movimiento de la Independencia. En 1819, se vuelve a retomar la construcci\u00f3n y en ese momento se trabajaba a la altura de las b\u00f3vedas. Quiz\u00e1s para finales del a\u00f1o de 1822 el edificio estaba casi terminado. Para el a\u00f1o de 1824, parece que el templo parroquial hoy la catedral, hab\u00eda finalizado su construcci\u00f3n, solamente faltaban los muebles, y tambi\u00e9n ese a\u00f1o se construye el \u00f3rgano principal por el Sr. Don Andr\u00e9s Mu\u00f1oz.<\/p>\n\n\n\n<p>En 1836, se abre del lado norte otra puerta al estilo neocl\u00e1sico, con un port\u00f3n de madera en las ventanas. Hacia el a\u00f1o de 1860, se construy\u00f3 la fachada que actualmente se conoce. En 1868, analizaron la arquitectura del templo y decidieron modificarlo por completo hasta desaparecer el estilo neocl\u00e1sico.<\/p>\n\n\n\n<p>En los a\u00f1os de 1879 y 1882, se inici\u00f3 el cambio del altar al estilo neog\u00f3tico, en cuya parte superior coloc\u00f3 a la patrona del templo, Nuestra Se\u00f1ora de la Asunci\u00f3n; lo mismo se hace con los altares laterales y en todo el cuerpo del templo se colocaron motivos g\u00f3ticos.<\/p>\n\n\n\n<p>A finales de 1867 se iniciaron las obras del p\u00f3rtico. En 1882 se termin\u00f3 de construir el primer cuerpo de las torres; y en 1885 se termin\u00f3 de construir el segundo cuerpo. El 14 de octubre de 1893 se termina de construir la torre derecha y hasta el 31 de marzo de 1896 la izquierda. Se colocaron las cruces el 4 de diciembre de 1896 las cuales miden 2.5 metros de largo y se coloc\u00f3 el pararrayos.<\/p>\n\n\n\n<figure class=\"wp-block-image size-full\"><img data-dominant-color=\"858583\" data-has-transparency=\"false\" style=\"--dominant-color: #858583;\" loading=\"lazy\" decoding=\"async\" width=\"768\" height=\"576\" src=\"https:\/\/hotelesfray.com\/wp-content\/uploads\/2023\/09\/1200px-Catedral_de_Tepic_Nayarit_MEXICO-768x576-1-jpeg.webp\" alt=\"\" class=\"wp-image-4604 not-transparent\" srcset=\"https:\/\/hotelesfray.com\/wp-content\/uploads\/2023\/09\/1200px-Catedral_de_Tepic_Nayarit_MEXICO-768x576-1-jpeg.webp 768w, https:\/\/hotelesfray.com\/wp-content\/uploads\/2023\/09\/1200px-Catedral_de_Tepic_Nayarit_MEXICO-768x576-1-480x360.webp 480w\" sizes=\"(min-width: 0px) and (max-width: 480px) 480px, (min-width: 481px) 768px, 100vw\" \/><\/figure>\n\n\n\n<p>La capilla que se encuentra anexa a la catedral, localizada al lado izquierdo se comenz\u00f3 a construir en 1710 y finaliz\u00f3 su construcci\u00f3n en 1729. La cual fue dedicado a Nuestra Se\u00f1ora de los Dolores. El sagrario o capilla sufri\u00f3 varias remodelaciones.<br>Al convertirse el templo parroquial en Catedral en 1891, el sagrario se transform\u00f3 en la sede parroquial de Tepic, que se prolong\u00f3 hasta 1974. En el siglo XX se realizaron varias restauraciones; una de ellas fue que se recorri\u00f3 el \u00e1bside y se construy\u00f3 una media naranja. Por supuesto desapareci\u00f3 la decoraci\u00f3n neog\u00f3tica. Y se dise\u00f1o un estucado renacentista en b\u00f3vedas y paredes.<\/p>\n\n\n\n<p>Se tall\u00f3 siller\u00eda para los can\u00f3nigos y el trono del Obispo, as\u00ed como el p\u00falpito. El 2 de mayo de 1923, se realiz\u00f3 la solemne dedicaci\u00f3n de la catedral consagr\u00e1ndola el Sr. Delegado Apost\u00f3lico Dr. Leopoldo Ruiz y Flores. El 20 de abril de 1959, se iniciaron obras de restauraci\u00f3n en el \u00e1bside. Se comenz\u00f3 desde el primer arco del crucero; desapareciendo por completo el estuco, las cornisas y las columnas, as\u00ed como el altar mayor.<\/p>\n\n\n\n<p>En 1959, sufri\u00f3 algunos cambios, fue pintada, las vidrieras de los nichos desaparecieron, se coloc\u00f3 un guardapolvo de loseta y cantera. Los arcos y columnas se recubrieron de loseta imitaci\u00f3n cantera, se escarb\u00f3 para construir un s\u00f3tano y criptas para los prelados. El altar mayor antes de estilo cl\u00e1sico fue sustituido por uno de m\u00e1rmol. La siller\u00eda de los can\u00f3nigos desapareci\u00f3, lo mismo que el trono con su baldoquino, en su lugar se coloc\u00f3 uno modernista y fr\u00edo m\u00e1rmol. La patrona de la catedral tambi\u00e9n desaparece. Esto se llev\u00f3 a cabo hasta 1961.<\/p>\n\n\n\n<p>La segunda restauraci\u00f3n comienza el 19 de mayo de 1976. Se restauraron las b\u00f3vedas se rehabilit\u00f3 el estucado de follaje crispado, los marcos de las ventanas. La b\u00f3veda de \u00e1bside se restaur\u00f3 reponi\u00e9ndose las decoraciones de estuco que desaparecieron en 1959.<br>En la sacrist\u00eda se restaur\u00f3 el piso, el cual era de cemento y se puso de loseta. Toda la nave ten\u00eda piso de granito que estaba semidestruido, y en 1984, el piso fue suplido por uno de m\u00e1rmol caf\u00e9 de Santo Tom\u00e1s de Puebla. Todo el templo fue pintado en color marfil en vin\u00edlica y el estuco dorado en esmalte.<\/p>","protected":false},"excerpt":{"rendered":"<p>En la ciudad de Tepic el edificio m\u00e1s caracter\u00edstico es la catedral. La catedral de Tepic, asiento y c\u00e1tedra del Obispo, es considerado uno de los edificios m\u00e1s importantes; representando el s\u00edmbolo religioso y civil de esta ciudad. En su estructura exterior, que es muy sencilla, pertenece al estilo neog\u00f3tico. Es de un sola nave [&hellip;]<\/p>\n","protected":false},"author":2,"featured_media":4600,"comment_status":"closed","ping_status":"open","sticky":false,"template":"","format":"standard","meta":{"_et_pb_use_builder":"","_et_pb_old_content":"","_et_gb_content_width":"","footnotes":""},"categories":[164,26],"tags":[],"class_list":["post-4599","post","type-post","status-publish","format-standard","has-post-thumbnail","hentry","category-historia","category-tepic"],"yoast_head":"<!-- This site is optimized with the Yoast SEO plugin v27.4 - https:\/\/yoast.com\/product\/yoast-seo-wordpress\/ -->\n<title>Hotels in Tepic | Hoteles Fray \u2013 Complimentary Buffet Breakfast<\/title>\n<meta name=\"description\" content=\"Looking for hotels in Tepic? Hoteles Fray offers the best location, complimentary buffet breakfast, free WiFi, and flexible cancellation. Book directly with no deposit!\" \/>\n<meta name=\"robots\" content=\"index, follow, max-snippet:-1, max-image-preview:large, max-video-preview:-1\" \/>\n<link rel=\"canonical\" href=\"https:\/\/hotelesfray.com\/en\/2023\/09\/22\/la-catedral-de-tepic-un-patrimonio-de-los-nayaritas\/\" \/>\n<meta property=\"og:locale\" content=\"en_US\" \/>\n<meta property=\"og:type\" content=\"article\" \/>\n<meta property=\"og:title\" content=\"Hotels in Tepic | Hoteles Fray \u2013 Complimentary Buffet Breakfast\" \/>\n<meta property=\"og:description\" content=\"Looking for hotels in Tepic? Hoteles Fray offers the best location, complimentary buffet breakfast, free WiFi, and flexible cancellation. Book directly with no deposit!\" \/>\n<meta property=\"og:url\" content=\"https:\/\/hotelesfray.com\/en\/2023\/09\/22\/la-catedral-de-tepic-un-patrimonio-de-los-nayaritas\/\" \/>\n<meta property=\"og:site_name\" content=\"Hoteles Fray\" \/>\n<meta property=\"article:published_time\" content=\"2023-09-23T03:28:16+00:00\" \/>\n<meta property=\"article:modified_time\" content=\"2025-02-24T00:39:52+00:00\" \/>\n<meta property=\"og:image\" content=\"https:\/\/hotelesfray.com\/wp-content\/uploads\/2023\/09\/portada-entrada-jpeg.webp\" \/>\n\t<meta property=\"og:image:width\" content=\"1000\" \/>\n\t<meta property=\"og:image:height\" content=\"543\" \/>\n\t<meta property=\"og:image:type\" content=\"image\/jpeg\" \/>\n<meta name=\"author\" content=\"Eduardo Lopez\" \/>\n<meta name=\"twitter:card\" content=\"summary_large_image\" \/>\n<meta name=\"twitter:label1\" content=\"Written by\" \/>\n\t<meta name=\"twitter:data1\" content=\"Eduardo Lopez\" \/>\n\t<meta name=\"twitter:label2\" content=\"Est. reading time\" \/>\n\t<meta name=\"twitter:data2\" content=\"7 minutes\" \/>\n<script type=\"application\/ld+json\" class=\"yoast-schema-graph\">{\"@context\":\"https:\\\/\\\/schema.org\",\"@graph\":[{\"@type\":[\"Article\",\"BlogPosting\"],\"@id\":\"https:\\\/\\\/hotelesfray.com\\\/2023\\\/09\\\/22\\\/la-catedral-de-tepic-un-patrimonio-de-los-nayaritas\\\/#article\",\"isPartOf\":{\"@id\":\"https:\\\/\\\/hotelesfray.com\\\/2023\\\/09\\\/22\\\/la-catedral-de-tepic-un-patrimonio-de-los-nayaritas\\\/\"},\"author\":{\"name\":\"Eduardo Lopez\",\"@id\":\"https:\\\/\\\/hotelesfray.com\\\/#\\\/schema\\\/person\\\/1a3f5909146e66cdba9aa8b37f1858e1\"},\"headline\":\"La catedral de Tepic, un patrimonio de los Nayaritas\",\"datePublished\":\"2023-09-23T03:28:16+00:00\",\"dateModified\":\"2025-02-24T00:39:52+00:00\",\"mainEntityOfPage\":{\"@id\":\"https:\\\/\\\/hotelesfray.com\\\/2023\\\/09\\\/22\\\/la-catedral-de-tepic-un-patrimonio-de-los-nayaritas\\\/\"},\"wordCount\":1414,\"publisher\":{\"@id\":\"https:\\\/\\\/hotelesfray.com\\\/#organization\"},\"image\":{\"@id\":\"https:\\\/\\\/hotelesfray.com\\\/2023\\\/09\\\/22\\\/la-catedral-de-tepic-un-patrimonio-de-los-nayaritas\\\/#primaryimage\"},\"thumbnailUrl\":\"https:\\\/\\\/hotelesfray.com\\\/wp-content\\\/uploads\\\/2023\\\/09\\\/portada-entrada-jpeg.webp\",\"articleSection\":[\"Historia\",\"Tepic\"],\"inLanguage\":\"en-US\"},{\"@type\":\"WebPage\",\"@id\":\"https:\\\/\\\/hotelesfray.com\\\/2023\\\/09\\\/22\\\/la-catedral-de-tepic-un-patrimonio-de-los-nayaritas\\\/\",\"url\":\"https:\\\/\\\/hotelesfray.com\\\/2023\\\/09\\\/22\\\/la-catedral-de-tepic-un-patrimonio-de-los-nayaritas\\\/\",\"name\":\"La catedral de Tepic, un patrimonio de los Nayaritas | Hoteles Fray\",\"isPartOf\":{\"@id\":\"https:\\\/\\\/hotelesfray.com\\\/#website\"},\"primaryImageOfPage\":{\"@id\":\"https:\\\/\\\/hotelesfray.com\\\/2023\\\/09\\\/22\\\/la-catedral-de-tepic-un-patrimonio-de-los-nayaritas\\\/#primaryimage\"},\"image\":{\"@id\":\"https:\\\/\\\/hotelesfray.com\\\/2023\\\/09\\\/22\\\/la-catedral-de-tepic-un-patrimonio-de-los-nayaritas\\\/#primaryimage\"},\"thumbnailUrl\":\"https:\\\/\\\/hotelesfray.com\\\/wp-content\\\/uploads\\\/2023\\\/09\\\/portada-entrada-jpeg.webp\",\"datePublished\":\"2023-09-23T03:28:16+00:00\",\"dateModified\":\"2025-02-24T00:39:52+00:00\",\"breadcrumb\":{\"@id\":\"https:\\\/\\\/hotelesfray.com\\\/2023\\\/09\\\/22\\\/la-catedral-de-tepic-un-patrimonio-de-los-nayaritas\\\/#breadcrumb\"},\"inLanguage\":\"en-US\",\"potentialAction\":[{\"@type\":\"ReadAction\",\"target\":[\"https:\\\/\\\/hotelesfray.com\\\/2023\\\/09\\\/22\\\/la-catedral-de-tepic-un-patrimonio-de-los-nayaritas\\\/\"]}]},{\"@type\":\"ImageObject\",\"inLanguage\":\"en-US\",\"@id\":\"https:\\\/\\\/hotelesfray.com\\\/2023\\\/09\\\/22\\\/la-catedral-de-tepic-un-patrimonio-de-los-nayaritas\\\/#primaryimage\",\"url\":\"https:\\\/\\\/hotelesfray.com\\\/wp-content\\\/uploads\\\/2023\\\/09\\\/portada-entrada-jpeg.webp\",\"contentUrl\":\"https:\\\/\\\/hotelesfray.com\\\/wp-content\\\/uploads\\\/2023\\\/09\\\/portada-entrada-jpeg.webp\",\"width\":1000,\"height\":543},{\"@type\":\"BreadcrumbList\",\"@id\":\"https:\\\/\\\/hotelesfray.com\\\/2023\\\/09\\\/22\\\/la-catedral-de-tepic-un-patrimonio-de-los-nayaritas\\\/#breadcrumb\",\"itemListElement\":[{\"@type\":\"ListItem\",\"position\":1,\"name\":\"General\",\"item\":\"https:\\\/\\\/hotelesfray.com\\\/category\\\/general\\\/\"},{\"@type\":\"ListItem\",\"position\":2,\"name\":\"La catedral de Tepic, un patrimonio de los Nayaritas\"}]},{\"@type\":\"WebSite\",\"@id\":\"https:\\\/\\\/hotelesfray.com\\\/#website\",\"url\":\"https:\\\/\\\/hotelesfray.com\\\/\",\"name\":\"Hoteles Fray\",\"description\":\"Los Mejores Hoteles en el Centro de Tepic, Nayarit\",\"publisher\":{\"@id\":\"https:\\\/\\\/hotelesfray.com\\\/#organization\"},\"potentialAction\":[{\"@type\":\"SearchAction\",\"target\":{\"@type\":\"EntryPoint\",\"urlTemplate\":\"https:\\\/\\\/hotelesfray.com\\\/?s={search_term_string}\"},\"query-input\":{\"@type\":\"PropertyValueSpecification\",\"valueRequired\":true,\"valueName\":\"search_term_string\"}}],\"inLanguage\":\"en-US\"},{\"@type\":\"Organization\",\"@id\":\"https:\\\/\\\/hotelesfray.com\\\/#organization\",\"name\":\"Hoteles Fray\",\"url\":\"https:\\\/\\\/hotelesfray.com\\\/\",\"logo\":{\"@type\":\"ImageObject\",\"inLanguage\":\"en-US\",\"@id\":\"https:\\\/\\\/hotelesfray.com\\\/#\\\/schema\\\/logo\\\/image\\\/\",\"url\":\"https:\\\/\\\/hotelesfray.com\\\/wp-content\\\/uploads\\\/2023\\\/01\\\/HotelesFray-cuadro.png\",\"contentUrl\":\"https:\\\/\\\/hotelesfray.com\\\/wp-content\\\/uploads\\\/2023\\\/01\\\/HotelesFray-cuadro.png\",\"width\":2200,\"height\":2200,\"caption\":\"Hoteles Fray\"},\"image\":{\"@id\":\"https:\\\/\\\/hotelesfray.com\\\/#\\\/schema\\\/logo\\\/image\\\/\"}},{\"@type\":\"Person\",\"@id\":\"https:\\\/\\\/hotelesfray.com\\\/#\\\/schema\\\/person\\\/1a3f5909146e66cdba9aa8b37f1858e1\",\"name\":\"Eduardo Lopez\",\"image\":{\"@type\":\"ImageObject\",\"inLanguage\":\"en-US\",\"@id\":\"https:\\\/\\\/secure.gravatar.com\\\/avatar\\\/3d6f41a002d28c6845cb55b565f68141a241a36951b539d6f4dbddac28595734?s=96&d=mm&r=g\",\"url\":\"https:\\\/\\\/secure.gravatar.com\\\/avatar\\\/3d6f41a002d28c6845cb55b565f68141a241a36951b539d6f4dbddac28595734?s=96&d=mm&r=g\",\"contentUrl\":\"https:\\\/\\\/secure.gravatar.com\\\/avatar\\\/3d6f41a002d28c6845cb55b565f68141a241a36951b539d6f4dbddac28595734?s=96&d=mm&r=g\",\"caption\":\"Eduardo Lopez\"},\"url\":\"https:\\\/\\\/hotelesfray.com\\\/en\\\/author\\\/gente\\\/\"}]}<\/script>\n<!-- \/ Yoast SEO plugin. -->","yoast_head_json":{"title":"Hotels in Tepic | Hoteles Fray \u2013 Complimentary Buffet Breakfast","description":"Looking for hotels in Tepic? Hoteles Fray offers the best location, complimentary buffet breakfast, free WiFi, and flexible cancellation. Book directly with no deposit!","robots":{"index":"index","follow":"follow","max-snippet":"max-snippet:-1","max-image-preview":"max-image-preview:large","max-video-preview":"max-video-preview:-1"},"canonical":"https:\/\/hotelesfray.com\/en\/2023\/09\/22\/la-catedral-de-tepic-un-patrimonio-de-los-nayaritas\/","og_locale":"en_US","og_type":"article","og_title":"Hotels in Tepic | Hoteles Fray \u2013 Complimentary Buffet Breakfast","og_description":"Looking for hotels in Tepic? Hoteles Fray offers the best location, complimentary buffet breakfast, free WiFi, and flexible cancellation. Book directly with no deposit!","og_url":"https:\/\/hotelesfray.com\/en\/2023\/09\/22\/la-catedral-de-tepic-un-patrimonio-de-los-nayaritas\/","og_site_name":"Hoteles Fray","article_published_time":"2023-09-23T03:28:16+00:00","article_modified_time":"2025-02-24T00:39:52+00:00","og_image":[{"width":1000,"height":543,"url":"https:\/\/hotelesfray.com\/wp-content\/uploads\/2023\/09\/portada-entrada-jpeg.webp","type":"image\/jpeg"}],"author":"Eduardo Lopez","twitter_card":"summary_large_image","twitter_misc":{"Written by":"Eduardo Lopez","Est. reading time":"7 minutes"},"schema":{"@context":"https:\/\/schema.org","@graph":[{"@type":["Article","BlogPosting"],"@id":"https:\/\/hotelesfray.com\/2023\/09\/22\/la-catedral-de-tepic-un-patrimonio-de-los-nayaritas\/#article","isPartOf":{"@id":"https:\/\/hotelesfray.com\/2023\/09\/22\/la-catedral-de-tepic-un-patrimonio-de-los-nayaritas\/"},"author":{"name":"Eduardo Lopez","@id":"https:\/\/hotelesfray.com\/#\/schema\/person\/1a3f5909146e66cdba9aa8b37f1858e1"},"headline":"La catedral de Tepic, un patrimonio de los Nayaritas","datePublished":"2023-09-23T03:28:16+00:00","dateModified":"2025-02-24T00:39:52+00:00","mainEntityOfPage":{"@id":"https:\/\/hotelesfray.com\/2023\/09\/22\/la-catedral-de-tepic-un-patrimonio-de-los-nayaritas\/"},"wordCount":1414,"publisher":{"@id":"https:\/\/hotelesfray.com\/#organization"},"image":{"@id":"https:\/\/hotelesfray.com\/2023\/09\/22\/la-catedral-de-tepic-un-patrimonio-de-los-nayaritas\/#primaryimage"},"thumbnailUrl":"https:\/\/hotelesfray.com\/wp-content\/uploads\/2023\/09\/portada-entrada-jpeg.webp","articleSection":["Historia","Tepic"],"inLanguage":"en-US"},{"@type":"WebPage","@id":"https:\/\/hotelesfray.com\/2023\/09\/22\/la-catedral-de-tepic-un-patrimonio-de-los-nayaritas\/","url":"https:\/\/hotelesfray.com\/2023\/09\/22\/la-catedral-de-tepic-un-patrimonio-de-los-nayaritas\/","name":"La catedral de Tepic, un patrimonio de los Nayaritas | Hoteles Fray","isPartOf":{"@id":"https:\/\/hotelesfray.com\/#website"},"primaryImageOfPage":{"@id":"https:\/\/hotelesfray.com\/2023\/09\/22\/la-catedral-de-tepic-un-patrimonio-de-los-nayaritas\/#primaryimage"},"image":{"@id":"https:\/\/hotelesfray.com\/2023\/09\/22\/la-catedral-de-tepic-un-patrimonio-de-los-nayaritas\/#primaryimage"},"thumbnailUrl":"https:\/\/hotelesfray.com\/wp-content\/uploads\/2023\/09\/portada-entrada-jpeg.webp","datePublished":"2023-09-23T03:28:16+00:00","dateModified":"2025-02-24T00:39:52+00:00","breadcrumb":{"@id":"https:\/\/hotelesfray.com\/2023\/09\/22\/la-catedral-de-tepic-un-patrimonio-de-los-nayaritas\/#breadcrumb"},"inLanguage":"en-US","potentialAction":[{"@type":"ReadAction","target":["https:\/\/hotelesfray.com\/2023\/09\/22\/la-catedral-de-tepic-un-patrimonio-de-los-nayaritas\/"]}]},{"@type":"ImageObject","inLanguage":"en-US","@id":"https:\/\/hotelesfray.com\/2023\/09\/22\/la-catedral-de-tepic-un-patrimonio-de-los-nayaritas\/#primaryimage","url":"https:\/\/hotelesfray.com\/wp-content\/uploads\/2023\/09\/portada-entrada-jpeg.webp","contentUrl":"https:\/\/hotelesfray.com\/wp-content\/uploads\/2023\/09\/portada-entrada-jpeg.webp","width":1000,"height":543},{"@type":"BreadcrumbList","@id":"https:\/\/hotelesfray.com\/2023\/09\/22\/la-catedral-de-tepic-un-patrimonio-de-los-nayaritas\/#breadcrumb","itemListElement":[{"@type":"ListItem","position":1,"name":"General","item":"https:\/\/hotelesfray.com\/category\/general\/"},{"@type":"ListItem","position":2,"name":"La catedral de Tepic, un patrimonio de los Nayaritas"}]},{"@type":"WebSite","@id":"https:\/\/hotelesfray.com\/#website","url":"https:\/\/hotelesfray.com\/","name":"Hoteles Fray","description":"Los Mejores Hoteles en el Centro de Tepic, Nayarit","publisher":{"@id":"https:\/\/hotelesfray.com\/#organization"},"potentialAction":[{"@type":"SearchAction","target":{"@type":"EntryPoint","urlTemplate":"https:\/\/hotelesfray.com\/?s={search_term_string}"},"query-input":{"@type":"PropertyValueSpecification","valueRequired":true,"valueName":"search_term_string"}}],"inLanguage":"en-US"},{"@type":"Organization","@id":"https:\/\/hotelesfray.com\/#organization","name":"Hoteles Fray","url":"https:\/\/hotelesfray.com\/","logo":{"@type":"ImageObject","inLanguage":"en-US","@id":"https:\/\/hotelesfray.com\/#\/schema\/logo\/image\/","url":"https:\/\/hotelesfray.com\/wp-content\/uploads\/2023\/01\/HotelesFray-cuadro.png","contentUrl":"https:\/\/hotelesfray.com\/wp-content\/uploads\/2023\/01\/HotelesFray-cuadro.png","width":2200,"height":2200,"caption":"Hoteles Fray"},"image":{"@id":"https:\/\/hotelesfray.com\/#\/schema\/logo\/image\/"}},{"@type":"Person","@id":"https:\/\/hotelesfray.com\/#\/schema\/person\/1a3f5909146e66cdba9aa8b37f1858e1","name":"Eduardo Lopez","image":{"@type":"ImageObject","inLanguage":"en-US","@id":"https:\/\/secure.gravatar.com\/avatar\/3d6f41a002d28c6845cb55b565f68141a241a36951b539d6f4dbddac28595734?s=96&d=mm&r=g","url":"https:\/\/secure.gravatar.com\/avatar\/3d6f41a002d28c6845cb55b565f68141a241a36951b539d6f4dbddac28595734?s=96&d=mm&r=g","contentUrl":"https:\/\/secure.gravatar.com\/avatar\/3d6f41a002d28c6845cb55b565f68141a241a36951b539d6f4dbddac28595734?s=96&d=mm&r=g","caption":"Eduardo Lopez"},"url":"https:\/\/hotelesfray.com\/en\/author\/gente\/"}]}},"_links":{"self":[{"href":"https:\/\/hotelesfray.com\/en\/wp-json\/wp\/v2\/posts\/4599","targetHints":{"allow":["GET"]}}],"collection":[{"href":"https:\/\/hotelesfray.com\/en\/wp-json\/wp\/v2\/posts"}],"about":[{"href":"https:\/\/hotelesfray.com\/en\/wp-json\/wp\/v2\/types\/post"}],"author":[{"embeddable":true,"href":"https:\/\/hotelesfray.com\/en\/wp-json\/wp\/v2\/users\/2"}],"replies":[{"embeddable":true,"href":"https:\/\/hotelesfray.com\/en\/wp-json\/wp\/v2\/comments?post=4599"}],"version-history":[{"count":1,"href":"https:\/\/hotelesfray.com\/en\/wp-json\/wp\/v2\/posts\/4599\/revisions"}],"predecessor-version":[{"id":4605,"href":"https:\/\/hotelesfray.com\/en\/wp-json\/wp\/v2\/posts\/4599\/revisions\/4605"}],"wp:featuredmedia":[{"embeddable":true,"href":"https:\/\/hotelesfray.com\/en\/wp-json\/wp\/v2\/media\/4600"}],"wp:attachment":[{"href":"https:\/\/hotelesfray.com\/en\/wp-json\/wp\/v2\/media?parent=4599"}],"wp:term":[{"taxonomy":"category","embeddable":true,"href":"https:\/\/hotelesfray.com\/en\/wp-json\/wp\/v2\/categories?post=4599"},{"taxonomy":"post_tag","embeddable":true,"href":"https:\/\/hotelesfray.com\/en\/wp-json\/wp\/v2\/tags?post=4599"}],"curies":[{"name":"wp","href":"https:\/\/api.w.org\/{rel}","templated":true}]}}