{"id":4607,"date":"2023-10-07T20:50:25","date_gmt":"2023-10-08T00:50:25","guid":{"rendered":"https:\/\/hotelesfray.com\/?p=4607"},"modified":"2025-02-23T20:33:50","modified_gmt":"2025-02-24T00:33:50","slug":"el-primer-festival-de-gastonomia-y-vino-en-nayarit-nayarit-esta-en-su-punto","status":"publish","type":"post","link":"https:\/\/hotelesfray.com\/en\/2023\/10\/07\/el-primer-festival-de-gastonomia-y-vino-en-nayarit-nayarit-esta-en-su-punto\/","title":{"rendered":"\u00a1El primer festival de gastonom\u00eda y vino en Nayarit! NAYARIT EST\u00c1 EN SU PUNTO"},"content":{"rendered":"<p>\u00a1Nayarit est\u00e1 en su punto! Te presentamos e invitamos al primer festival de gastronom\u00eda y vino en la historia del estado, este 13, 14 y 15 de octubre. Una iniciativa de la Academia Nayarita de Gastronom\u00eda A.C., donde podr\u00e1s disfrutar de muestras culinarias, degustaciones, tour enol\u00f3gico, catas, conferencias y concursos.<\/p>\n\n\n\n<p>Se trata de un impulso para promover, conservar la esencia y los sabores ancestrales de la cocina nayarita, patrimonio inmaterial del estado de Nayarit como se declar\u00f3 por el congreso local en 2019.Es este mismo esfuerzo el que lleva al 15 de octubre a convertirse en el D\u00eda de la Gastronom\u00eda en Nayarit, y lo celebramos con las actividades de este festival.<\/p>\n\n\n\n<p>La gran inauguraci\u00f3n es el d\u00eda viernes, 13 de octubre, con el evento de las 9AM en el Centro de Arte Contempor\u00e1neo \u00abEmilia Ortiz\u00bb. <\/p>\n\n\n\n<p>A las 2PM se realiza la apertura del festival en los distintos restaurantes participantes, con sus propios, atractivos y respectivos programas, desde homenajes a los municipios de Nayarit y su cocina, as\u00ed como enfoques a la tradici\u00f3n, los sabores, el ma\u00edz nativo y mucho m\u00e1s.<\/p>\n\n\n\n<figure class=\"wp-block-image size-large\"><img data-dominant-color=\"e8e8e4\" data-has-transparency=\"false\" style=\"--dominant-color: #e8e8e4;\" loading=\"lazy\" decoding=\"async\" width=\"1024\" height=\"1024\" src=\"https:\/\/hotelesfray.com\/wp-content\/uploads\/2023\/10\/382224286_122121365234030290_5736755233497170337_n-1-1024x1024.webp\" alt=\"\" class=\"wp-image-4612 not-transparent\" srcset=\"https:\/\/hotelesfray.com\/wp-content\/uploads\/2023\/10\/382224286_122121365234030290_5736755233497170337_n-1-1024x1024.webp 1024w, https:\/\/hotelesfray.com\/wp-content\/uploads\/2023\/10\/382224286_122121365234030290_5736755233497170337_n-1-300x300.webp 300w, https:\/\/hotelesfray.com\/wp-content\/uploads\/2023\/10\/382224286_122121365234030290_5736755233497170337_n-1-150x150.webp 150w, https:\/\/hotelesfray.com\/wp-content\/uploads\/2023\/10\/382224286_122121365234030290_5736755233497170337_n-1-768x768.webp 768w, https:\/\/hotelesfray.com\/wp-content\/uploads\/2023\/10\/382224286_122121365234030290_5736755233497170337_n-1-1536x1536.webp 1536w, https:\/\/hotelesfray.com\/wp-content\/uploads\/2023\/10\/382224286_122121365234030290_5736755233497170337_n-1-1080x1079.webp 1080w, https:\/\/hotelesfray.com\/wp-content\/uploads\/2023\/10\/382224286_122121365234030290_5736755233497170337_n-1-1280x1279.webp 1280w, https:\/\/hotelesfray.com\/wp-content\/uploads\/2023\/10\/382224286_122121365234030290_5736755233497170337_n-1-980x980.webp 980w, https:\/\/hotelesfray.com\/wp-content\/uploads\/2023\/10\/382224286_122121365234030290_5736755233497170337_n-1-480x480.webp 480w, https:\/\/hotelesfray.com\/wp-content\/uploads\/2023\/10\/382224286_122121365234030290_5736755233497170337_n-1-jpg.webp 2048w\" sizes=\"(max-width: 1024px) 100vw, 1024px\" \/><\/figure>\n\n\n\n<p>El s\u00e1bado, 14 de octubre, continua con las actividades a partir de las 9 de la ma\u00f1ana hasta las 8 de la noche, con conferencias, concursos, restaurantes y la Expo de Bebidas Nayaritas a las 4PM.<\/p>\n\n\n\n<p>En Jala, a las 12PM veremos la inaguraci\u00f3n del Vi\u00f1edo \u00abMeseta e Cielo\u00bb as\u00ed como cata de vinos y degustaci\u00f3n de productos locales.<\/p>\n\n\n\n<figure class=\"wp-block-image size-large\"><img data-dominant-color=\"e7e8e3\" data-has-transparency=\"false\" style=\"--dominant-color: #e7e8e3;\" loading=\"lazy\" decoding=\"async\" width=\"1024\" height=\"1024\" src=\"https:\/\/hotelesfray.com\/wp-content\/uploads\/2023\/10\/382239978_122121365372030290_9096481449466417867_n-1-1024x1024.webp\" alt=\"\" class=\"wp-image-4609 not-transparent\" srcset=\"https:\/\/hotelesfray.com\/wp-content\/uploads\/2023\/10\/382239978_122121365372030290_9096481449466417867_n-1-1024x1024.webp 1024w, https:\/\/hotelesfray.com\/wp-content\/uploads\/2023\/10\/382239978_122121365372030290_9096481449466417867_n-1-300x300.webp 300w, https:\/\/hotelesfray.com\/wp-content\/uploads\/2023\/10\/382239978_122121365372030290_9096481449466417867_n-1-150x150.webp 150w, https:\/\/hotelesfray.com\/wp-content\/uploads\/2023\/10\/382239978_122121365372030290_9096481449466417867_n-1-768x768.webp 768w, https:\/\/hotelesfray.com\/wp-content\/uploads\/2023\/10\/382239978_122121365372030290_9096481449466417867_n-1-1536x1536.webp 1536w, https:\/\/hotelesfray.com\/wp-content\/uploads\/2023\/10\/382239978_122121365372030290_9096481449466417867_n-1-1080x1080.webp 1080w, https:\/\/hotelesfray.com\/wp-content\/uploads\/2023\/10\/382239978_122121365372030290_9096481449466417867_n-1-1280x1280.webp 1280w, https:\/\/hotelesfray.com\/wp-content\/uploads\/2023\/10\/382239978_122121365372030290_9096481449466417867_n-1-980x980.webp 980w, https:\/\/hotelesfray.com\/wp-content\/uploads\/2023\/10\/382239978_122121365372030290_9096481449466417867_n-1-480x480.webp 480w, https:\/\/hotelesfray.com\/wp-content\/uploads\/2023\/10\/382239978_122121365372030290_9096481449466417867_n-1-jpg.webp 2048w\" sizes=\"(max-width: 1024px) 100vw, 1024px\" \/><\/figure>\n\n\n\n<figure class=\"wp-block-image size-large\"><img data-dominant-color=\"ecece8\" data-has-transparency=\"false\" style=\"--dominant-color: #ecece8;\" loading=\"lazy\" decoding=\"async\" width=\"1024\" height=\"1024\" src=\"https:\/\/hotelesfray.com\/wp-content\/uploads\/2023\/10\/380739286_122121365300030290_4063002078521896056_n-1-1024x1024.webp\" alt=\"\" class=\"wp-image-4610 not-transparent\" srcset=\"https:\/\/hotelesfray.com\/wp-content\/uploads\/2023\/10\/380739286_122121365300030290_4063002078521896056_n-1-1024x1024.webp 1024w, https:\/\/hotelesfray.com\/wp-content\/uploads\/2023\/10\/380739286_122121365300030290_4063002078521896056_n-1-300x300.webp 300w, https:\/\/hotelesfray.com\/wp-content\/uploads\/2023\/10\/380739286_122121365300030290_4063002078521896056_n-1-150x150.webp 150w, https:\/\/hotelesfray.com\/wp-content\/uploads\/2023\/10\/380739286_122121365300030290_4063002078521896056_n-1-768x768.webp 768w, https:\/\/hotelesfray.com\/wp-content\/uploads\/2023\/10\/380739286_122121365300030290_4063002078521896056_n-1-1536x1536.webp 1536w, https:\/\/hotelesfray.com\/wp-content\/uploads\/2023\/10\/380739286_122121365300030290_4063002078521896056_n-1-1080x1079.webp 1080w, https:\/\/hotelesfray.com\/wp-content\/uploads\/2023\/10\/380739286_122121365300030290_4063002078521896056_n-1-1280x1279.webp 1280w, https:\/\/hotelesfray.com\/wp-content\/uploads\/2023\/10\/380739286_122121365300030290_4063002078521896056_n-1-980x980.webp 980w, https:\/\/hotelesfray.com\/wp-content\/uploads\/2023\/10\/380739286_122121365300030290_4063002078521896056_n-1-480x480.webp 480w, https:\/\/hotelesfray.com\/wp-content\/uploads\/2023\/10\/380739286_122121365300030290_4063002078521896056_n-1-jpg.webp 2048w\" sizes=\"(max-width: 1024px) 100vw, 1024px\" \/><\/figure>\n\n\n\n<p>El domingo, 15 de octubre, ver\u00e1 desarrollarse la carrera de meseros a las 10 de la ma\u00f1ana, y la continuaci\u00f3n del Festival de Gastronom\u00eda en los restaurantes participantes a partir de las 2 de la tarde.<\/p>\n\n\n\n<figure class=\"wp-block-image size-large\"><img data-dominant-color=\"eeeee9\" data-has-transparency=\"false\" style=\"--dominant-color: #eeeee9;\" loading=\"lazy\" decoding=\"async\" width=\"1024\" height=\"1024\" src=\"https:\/\/hotelesfray.com\/wp-content\/uploads\/2023\/10\/380710343_122121365438030290_3904391091259491518_n-1-1024x1024.webp\" alt=\"\" class=\"wp-image-4611 not-transparent\" srcset=\"https:\/\/hotelesfray.com\/wp-content\/uploads\/2023\/10\/380710343_122121365438030290_3904391091259491518_n-1-1024x1024.webp 1024w, https:\/\/hotelesfray.com\/wp-content\/uploads\/2023\/10\/380710343_122121365438030290_3904391091259491518_n-1-300x300.webp 300w, https:\/\/hotelesfray.com\/wp-content\/uploads\/2023\/10\/380710343_122121365438030290_3904391091259491518_n-1-150x150.webp 150w, https:\/\/hotelesfray.com\/wp-content\/uploads\/2023\/10\/380710343_122121365438030290_3904391091259491518_n-1-768x768.webp 768w, https:\/\/hotelesfray.com\/wp-content\/uploads\/2023\/10\/380710343_122121365438030290_3904391091259491518_n-1-1536x1536.webp 1536w, https:\/\/hotelesfray.com\/wp-content\/uploads\/2023\/10\/380710343_122121365438030290_3904391091259491518_n-1-1080x1079.webp 1080w, https:\/\/hotelesfray.com\/wp-content\/uploads\/2023\/10\/380710343_122121365438030290_3904391091259491518_n-1-1280x1279.webp 1280w, https:\/\/hotelesfray.com\/wp-content\/uploads\/2023\/10\/380710343_122121365438030290_3904391091259491518_n-1-980x980.webp 980w, https:\/\/hotelesfray.com\/wp-content\/uploads\/2023\/10\/380710343_122121365438030290_3904391091259491518_n-1-480x480.webp 480w, https:\/\/hotelesfray.com\/wp-content\/uploads\/2023\/10\/380710343_122121365438030290_3904391091259491518_n-1-jpg.webp 2048w\" sizes=\"(max-width: 1024px) 100vw, 1024px\" \/><\/figure>\n\n\n\n<p>Invita a tus amigos, accede a la p\u00e1gina oficial en Facebook, comparte este video y disfruta de las tradiciones de Nayarit al m\u00e1ximo. <strong>\u00a1Te esperamos!<\/strong><\/p>\n\n\n\n<div class=\"wp-block-buttons is-layout-flex wp-block-buttons-is-layout-flex\">\n<div class=\"wp-block-button\"><a class=\"wp-block-button__link wp-element-button\" href=\"https:\/\/www.facebook.com\/nayaritestaensupunto\">Ver p\u00e1gina oficial<\/a><\/div>\n\n\n\n<div class=\"wp-block-button\"><a class=\"wp-block-button__link wp-element-button\" href=\"https:\/\/hotelesfray.com\/wp-content\/uploads\/2023\/10\/382224286_122121365234030290_5736755233497170337_n-1.pdf\">Descarga el itinerario<\/a><\/div>\n<\/div>","protected":false},"excerpt":{"rendered":"<p>\u00a1Nayarit est\u00e1 en su punto! Te presentamos e invitamos al primer festival de gastronom\u00eda y vino en la historia del estado, este 13, 14 y 15 de octubre. Una iniciativa de la Academia Nayarita de Gastronom\u00eda A.C., donde podr\u00e1s disfrutar de muestras culinarias, degustaciones, tour enol\u00f3gico, catas, conferencias y concursos. Se trata de un impulso [&hellip;]<\/p>\n","protected":false},"author":2,"featured_media":4613,"comment_status":"closed","ping_status":"open","sticky":false,"template":"","format":"standard","meta":{"_et_pb_use_builder":"","_et_pb_old_content":"","_et_gb_content_width":"","footnotes":""},"categories":[40],"tags":[],"class_list":["post-4607","post","type-post","status-publish","format-standard","has-post-thumbnail","hentry","category-eventos"],"yoast_head":"<!-- This site is optimized with the Yoast SEO plugin v27.4 - https:\/\/yoast.com\/product\/yoast-seo-wordpress\/ -->\n<title>Hotels in Tepic | Hoteles Fray \u2013 Complimentary Buffet Breakfast<\/title>\n<meta name=\"description\" content=\"Looking for hotels in Tepic? Hoteles Fray offers the best location, complimentary buffet breakfast, free WiFi, and flexible cancellation. Book directly with no deposit!\" \/>\n<meta name=\"robots\" content=\"index, follow, max-snippet:-1, max-image-preview:large, max-video-preview:-1\" \/>\n<link rel=\"canonical\" href=\"https:\/\/hotelesfray.com\/en\/2023\/10\/07\/el-primer-festival-de-gastonomia-y-vino-en-nayarit-nayarit-esta-en-su-punto\/\" \/>\n<meta property=\"og:locale\" content=\"en_US\" \/>\n<meta property=\"og:type\" content=\"article\" \/>\n<meta property=\"og:title\" content=\"Hotels in Tepic | Hoteles Fray \u2013 Complimentary Buffet Breakfast\" \/>\n<meta property=\"og:description\" content=\"Looking for hotels in Tepic? Hoteles Fray offers the best location, complimentary buffet breakfast, free WiFi, and flexible cancellation. Book directly with no deposit!\" \/>\n<meta property=\"og:url\" content=\"https:\/\/hotelesfray.com\/en\/2023\/10\/07\/el-primer-festival-de-gastonomia-y-vino-en-nayarit-nayarit-esta-en-su-punto\/\" \/>\n<meta property=\"og:site_name\" content=\"Hoteles Fray\" \/>\n<meta property=\"article:published_time\" content=\"2023-10-08T00:50:25+00:00\" \/>\n<meta property=\"article:modified_time\" content=\"2025-02-24T00:33:50+00:00\" \/>\n<meta property=\"og:image\" content=\"https:\/\/hotelesfray.com\/wp-content\/uploads\/2023\/10\/380939557_122119264532030290_4191518298173156631_n-jpg.webp\" \/>\n\t<meta property=\"og:image:width\" content=\"1773\" \/>\n\t<meta property=\"og:image:height\" content=\"656\" \/>\n\t<meta property=\"og:image:type\" content=\"image\/jpeg\" \/>\n<meta name=\"author\" content=\"Eduardo Lopez\" \/>\n<meta name=\"twitter:card\" content=\"summary_large_image\" \/>\n<meta name=\"twitter:label1\" content=\"Written by\" \/>\n\t<meta name=\"twitter:data1\" content=\"Eduardo Lopez\" \/>\n\t<meta name=\"twitter:label2\" content=\"Est. reading time\" \/>\n\t<meta name=\"twitter:data2\" content=\"2 minutes\" \/>\n<script type=\"application\/ld+json\" class=\"yoast-schema-graph\">{\"@context\":\"https:\\\/\\\/schema.org\",\"@graph\":[{\"@type\":[\"Article\",\"BlogPosting\"],\"@id\":\"https:\\\/\\\/hotelesfray.com\\\/2023\\\/10\\\/07\\\/el-primer-festival-de-gastonomia-y-vino-en-nayarit-nayarit-esta-en-su-punto\\\/#article\",\"isPartOf\":{\"@id\":\"https:\\\/\\\/hotelesfray.com\\\/2023\\\/10\\\/07\\\/el-primer-festival-de-gastonomia-y-vino-en-nayarit-nayarit-esta-en-su-punto\\\/\"},\"author\":{\"name\":\"Eduardo Lopez\",\"@id\":\"https:\\\/\\\/hotelesfray.com\\\/#\\\/schema\\\/person\\\/1a3f5909146e66cdba9aa8b37f1858e1\"},\"headline\":\"\u00a1El primer festival de gastonom\u00eda y vino en Nayarit! NAYARIT EST\u00c1 EN SU PUNTO\",\"datePublished\":\"2023-10-08T00:50:25+00:00\",\"dateModified\":\"2025-02-24T00:33:50+00:00\",\"mainEntityOfPage\":{\"@id\":\"https:\\\/\\\/hotelesfray.com\\\/2023\\\/10\\\/07\\\/el-primer-festival-de-gastonomia-y-vino-en-nayarit-nayarit-esta-en-su-punto\\\/\"},\"wordCount\":335,\"publisher\":{\"@id\":\"https:\\\/\\\/hotelesfray.com\\\/#organization\"},\"image\":{\"@id\":\"https:\\\/\\\/hotelesfray.com\\\/2023\\\/10\\\/07\\\/el-primer-festival-de-gastonomia-y-vino-en-nayarit-nayarit-esta-en-su-punto\\\/#primaryimage\"},\"thumbnailUrl\":\"https:\\\/\\\/hotelesfray.com\\\/wp-content\\\/uploads\\\/2023\\\/10\\\/380939557_122119264532030290_4191518298173156631_n-jpg.webp\",\"articleSection\":[\"Eventos\"],\"inLanguage\":\"en-US\"},{\"@type\":\"WebPage\",\"@id\":\"https:\\\/\\\/hotelesfray.com\\\/2023\\\/10\\\/07\\\/el-primer-festival-de-gastonomia-y-vino-en-nayarit-nayarit-esta-en-su-punto\\\/\",\"url\":\"https:\\\/\\\/hotelesfray.com\\\/2023\\\/10\\\/07\\\/el-primer-festival-de-gastonomia-y-vino-en-nayarit-nayarit-esta-en-su-punto\\\/\",\"name\":\"\u00a1El primer festival de gastonom\u00eda y vino en Nayarit! NAYARIT EST\u00c1 EN SU PUNTO | Hoteles Fray\",\"isPartOf\":{\"@id\":\"https:\\\/\\\/hotelesfray.com\\\/#website\"},\"primaryImageOfPage\":{\"@id\":\"https:\\\/\\\/hotelesfray.com\\\/2023\\\/10\\\/07\\\/el-primer-festival-de-gastonomia-y-vino-en-nayarit-nayarit-esta-en-su-punto\\\/#primaryimage\"},\"image\":{\"@id\":\"https:\\\/\\\/hotelesfray.com\\\/2023\\\/10\\\/07\\\/el-primer-festival-de-gastonomia-y-vino-en-nayarit-nayarit-esta-en-su-punto\\\/#primaryimage\"},\"thumbnailUrl\":\"https:\\\/\\\/hotelesfray.com\\\/wp-content\\\/uploads\\\/2023\\\/10\\\/380939557_122119264532030290_4191518298173156631_n-jpg.webp\",\"datePublished\":\"2023-10-08T00:50:25+00:00\",\"dateModified\":\"2025-02-24T00:33:50+00:00\",\"breadcrumb\":{\"@id\":\"https:\\\/\\\/hotelesfray.com\\\/2023\\\/10\\\/07\\\/el-primer-festival-de-gastonomia-y-vino-en-nayarit-nayarit-esta-en-su-punto\\\/#breadcrumb\"},\"inLanguage\":\"en-US\",\"potentialAction\":[{\"@type\":\"ReadAction\",\"target\":[\"https:\\\/\\\/hotelesfray.com\\\/2023\\\/10\\\/07\\\/el-primer-festival-de-gastonomia-y-vino-en-nayarit-nayarit-esta-en-su-punto\\\/\"]}]},{\"@type\":\"ImageObject\",\"inLanguage\":\"en-US\",\"@id\":\"https:\\\/\\\/hotelesfray.com\\\/2023\\\/10\\\/07\\\/el-primer-festival-de-gastonomia-y-vino-en-nayarit-nayarit-esta-en-su-punto\\\/#primaryimage\",\"url\":\"https:\\\/\\\/hotelesfray.com\\\/wp-content\\\/uploads\\\/2023\\\/10\\\/380939557_122119264532030290_4191518298173156631_n-jpg.webp\",\"contentUrl\":\"https:\\\/\\\/hotelesfray.com\\\/wp-content\\\/uploads\\\/2023\\\/10\\\/380939557_122119264532030290_4191518298173156631_n-jpg.webp\",\"width\":1773,\"height\":656},{\"@type\":\"BreadcrumbList\",\"@id\":\"https:\\\/\\\/hotelesfray.com\\\/2023\\\/10\\\/07\\\/el-primer-festival-de-gastonomia-y-vino-en-nayarit-nayarit-esta-en-su-punto\\\/#breadcrumb\",\"itemListElement\":[{\"@type\":\"ListItem\",\"position\":1,\"name\":\"Eventos\",\"item\":\"https:\\\/\\\/hotelesfray.com\\\/category\\\/eventos\\\/\"},{\"@type\":\"ListItem\",\"position\":2,\"name\":\"\u00a1El primer festival de gastonom\u00eda y vino en Nayarit! NAYARIT EST\u00c1 EN SU PUNTO\"}]},{\"@type\":\"WebSite\",\"@id\":\"https:\\\/\\\/hotelesfray.com\\\/#website\",\"url\":\"https:\\\/\\\/hotelesfray.com\\\/\",\"name\":\"Hoteles Fray\",\"description\":\"Los Mejores Hoteles en el Centro de Tepic, Nayarit\",\"publisher\":{\"@id\":\"https:\\\/\\\/hotelesfray.com\\\/#organization\"},\"potentialAction\":[{\"@type\":\"SearchAction\",\"target\":{\"@type\":\"EntryPoint\",\"urlTemplate\":\"https:\\\/\\\/hotelesfray.com\\\/?s={search_term_string}\"},\"query-input\":{\"@type\":\"PropertyValueSpecification\",\"valueRequired\":true,\"valueName\":\"search_term_string\"}}],\"inLanguage\":\"en-US\"},{\"@type\":\"Organization\",\"@id\":\"https:\\\/\\\/hotelesfray.com\\\/#organization\",\"name\":\"Hoteles Fray\",\"url\":\"https:\\\/\\\/hotelesfray.com\\\/\",\"logo\":{\"@type\":\"ImageObject\",\"inLanguage\":\"en-US\",\"@id\":\"https:\\\/\\\/hotelesfray.com\\\/#\\\/schema\\\/logo\\\/image\\\/\",\"url\":\"https:\\\/\\\/hotelesfray.com\\\/wp-content\\\/uploads\\\/2023\\\/01\\\/HotelesFray-cuadro.png\",\"contentUrl\":\"https:\\\/\\\/hotelesfray.com\\\/wp-content\\\/uploads\\\/2023\\\/01\\\/HotelesFray-cuadro.png\",\"width\":2200,\"height\":2200,\"caption\":\"Hoteles Fray\"},\"image\":{\"@id\":\"https:\\\/\\\/hotelesfray.com\\\/#\\\/schema\\\/logo\\\/image\\\/\"}},{\"@type\":\"Person\",\"@id\":\"https:\\\/\\\/hotelesfray.com\\\/#\\\/schema\\\/person\\\/1a3f5909146e66cdba9aa8b37f1858e1\",\"name\":\"Eduardo Lopez\",\"image\":{\"@type\":\"ImageObject\",\"inLanguage\":\"en-US\",\"@id\":\"https:\\\/\\\/secure.gravatar.com\\\/avatar\\\/3d6f41a002d28c6845cb55b565f68141a241a36951b539d6f4dbddac28595734?s=96&d=mm&r=g\",\"url\":\"https:\\\/\\\/secure.gravatar.com\\\/avatar\\\/3d6f41a002d28c6845cb55b565f68141a241a36951b539d6f4dbddac28595734?s=96&d=mm&r=g\",\"contentUrl\":\"https:\\\/\\\/secure.gravatar.com\\\/avatar\\\/3d6f41a002d28c6845cb55b565f68141a241a36951b539d6f4dbddac28595734?s=96&d=mm&r=g\",\"caption\":\"Eduardo Lopez\"},\"url\":\"https:\\\/\\\/hotelesfray.com\\\/en\\\/author\\\/gente\\\/\"}]}<\/script>\n<!-- \/ Yoast SEO plugin. -->","yoast_head_json":{"title":"Hotels in Tepic | Hoteles Fray \u2013 Complimentary Buffet Breakfast","description":"Looking for hotels in Tepic? Hoteles Fray offers the best location, complimentary buffet breakfast, free WiFi, and flexible cancellation. Book directly with no deposit!","robots":{"index":"index","follow":"follow","max-snippet":"max-snippet:-1","max-image-preview":"max-image-preview:large","max-video-preview":"max-video-preview:-1"},"canonical":"https:\/\/hotelesfray.com\/en\/2023\/10\/07\/el-primer-festival-de-gastonomia-y-vino-en-nayarit-nayarit-esta-en-su-punto\/","og_locale":"en_US","og_type":"article","og_title":"Hotels in Tepic | Hoteles Fray \u2013 Complimentary Buffet Breakfast","og_description":"Looking for hotels in Tepic? Hoteles Fray offers the best location, complimentary buffet breakfast, free WiFi, and flexible cancellation. Book directly with no deposit!","og_url":"https:\/\/hotelesfray.com\/en\/2023\/10\/07\/el-primer-festival-de-gastonomia-y-vino-en-nayarit-nayarit-esta-en-su-punto\/","og_site_name":"Hoteles Fray","article_published_time":"2023-10-08T00:50:25+00:00","article_modified_time":"2025-02-24T00:33:50+00:00","og_image":[{"width":1773,"height":656,"url":"https:\/\/hotelesfray.com\/wp-content\/uploads\/2023\/10\/380939557_122119264532030290_4191518298173156631_n-jpg.webp","type":"image\/jpeg"}],"author":"Eduardo Lopez","twitter_card":"summary_large_image","twitter_misc":{"Written by":"Eduardo Lopez","Est. reading time":"2 minutes"},"schema":{"@context":"https:\/\/schema.org","@graph":[{"@type":["Article","BlogPosting"],"@id":"https:\/\/hotelesfray.com\/2023\/10\/07\/el-primer-festival-de-gastonomia-y-vino-en-nayarit-nayarit-esta-en-su-punto\/#article","isPartOf":{"@id":"https:\/\/hotelesfray.com\/2023\/10\/07\/el-primer-festival-de-gastonomia-y-vino-en-nayarit-nayarit-esta-en-su-punto\/"},"author":{"name":"Eduardo Lopez","@id":"https:\/\/hotelesfray.com\/#\/schema\/person\/1a3f5909146e66cdba9aa8b37f1858e1"},"headline":"\u00a1El primer festival de gastonom\u00eda y vino en Nayarit! NAYARIT EST\u00c1 EN SU PUNTO","datePublished":"2023-10-08T00:50:25+00:00","dateModified":"2025-02-24T00:33:50+00:00","mainEntityOfPage":{"@id":"https:\/\/hotelesfray.com\/2023\/10\/07\/el-primer-festival-de-gastonomia-y-vino-en-nayarit-nayarit-esta-en-su-punto\/"},"wordCount":335,"publisher":{"@id":"https:\/\/hotelesfray.com\/#organization"},"image":{"@id":"https:\/\/hotelesfray.com\/2023\/10\/07\/el-primer-festival-de-gastonomia-y-vino-en-nayarit-nayarit-esta-en-su-punto\/#primaryimage"},"thumbnailUrl":"https:\/\/hotelesfray.com\/wp-content\/uploads\/2023\/10\/380939557_122119264532030290_4191518298173156631_n-jpg.webp","articleSection":["Eventos"],"inLanguage":"en-US"},{"@type":"WebPage","@id":"https:\/\/hotelesfray.com\/2023\/10\/07\/el-primer-festival-de-gastonomia-y-vino-en-nayarit-nayarit-esta-en-su-punto\/","url":"https:\/\/hotelesfray.com\/2023\/10\/07\/el-primer-festival-de-gastonomia-y-vino-en-nayarit-nayarit-esta-en-su-punto\/","name":"\u00a1El primer festival de gastonom\u00eda y vino en Nayarit! NAYARIT EST\u00c1 EN SU PUNTO | Hoteles Fray","isPartOf":{"@id":"https:\/\/hotelesfray.com\/#website"},"primaryImageOfPage":{"@id":"https:\/\/hotelesfray.com\/2023\/10\/07\/el-primer-festival-de-gastonomia-y-vino-en-nayarit-nayarit-esta-en-su-punto\/#primaryimage"},"image":{"@id":"https:\/\/hotelesfray.com\/2023\/10\/07\/el-primer-festival-de-gastonomia-y-vino-en-nayarit-nayarit-esta-en-su-punto\/#primaryimage"},"thumbnailUrl":"https:\/\/hotelesfray.com\/wp-content\/uploads\/2023\/10\/380939557_122119264532030290_4191518298173156631_n-jpg.webp","datePublished":"2023-10-08T00:50:25+00:00","dateModified":"2025-02-24T00:33:50+00:00","breadcrumb":{"@id":"https:\/\/hotelesfray.com\/2023\/10\/07\/el-primer-festival-de-gastonomia-y-vino-en-nayarit-nayarit-esta-en-su-punto\/#breadcrumb"},"inLanguage":"en-US","potentialAction":[{"@type":"ReadAction","target":["https:\/\/hotelesfray.com\/2023\/10\/07\/el-primer-festival-de-gastonomia-y-vino-en-nayarit-nayarit-esta-en-su-punto\/"]}]},{"@type":"ImageObject","inLanguage":"en-US","@id":"https:\/\/hotelesfray.com\/2023\/10\/07\/el-primer-festival-de-gastonomia-y-vino-en-nayarit-nayarit-esta-en-su-punto\/#primaryimage","url":"https:\/\/hotelesfray.com\/wp-content\/uploads\/2023\/10\/380939557_122119264532030290_4191518298173156631_n-jpg.webp","contentUrl":"https:\/\/hotelesfray.com\/wp-content\/uploads\/2023\/10\/380939557_122119264532030290_4191518298173156631_n-jpg.webp","width":1773,"height":656},{"@type":"BreadcrumbList","@id":"https:\/\/hotelesfray.com\/2023\/10\/07\/el-primer-festival-de-gastonomia-y-vino-en-nayarit-nayarit-esta-en-su-punto\/#breadcrumb","itemListElement":[{"@type":"ListItem","position":1,"name":"Eventos","item":"https:\/\/hotelesfray.com\/category\/eventos\/"},{"@type":"ListItem","position":2,"name":"\u00a1El primer festival de gastonom\u00eda y vino en Nayarit! NAYARIT EST\u00c1 EN SU PUNTO"}]},{"@type":"WebSite","@id":"https:\/\/hotelesfray.com\/#website","url":"https:\/\/hotelesfray.com\/","name":"Hoteles Fray","description":"Los Mejores Hoteles en el Centro de Tepic, Nayarit","publisher":{"@id":"https:\/\/hotelesfray.com\/#organization"},"potentialAction":[{"@type":"SearchAction","target":{"@type":"EntryPoint","urlTemplate":"https:\/\/hotelesfray.com\/?s={search_term_string}"},"query-input":{"@type":"PropertyValueSpecification","valueRequired":true,"valueName":"search_term_string"}}],"inLanguage":"en-US"},{"@type":"Organization","@id":"https:\/\/hotelesfray.com\/#organization","name":"Hoteles Fray","url":"https:\/\/hotelesfray.com\/","logo":{"@type":"ImageObject","inLanguage":"en-US","@id":"https:\/\/hotelesfray.com\/#\/schema\/logo\/image\/","url":"https:\/\/hotelesfray.com\/wp-content\/uploads\/2023\/01\/HotelesFray-cuadro.png","contentUrl":"https:\/\/hotelesfray.com\/wp-content\/uploads\/2023\/01\/HotelesFray-cuadro.png","width":2200,"height":2200,"caption":"Hoteles Fray"},"image":{"@id":"https:\/\/hotelesfray.com\/#\/schema\/logo\/image\/"}},{"@type":"Person","@id":"https:\/\/hotelesfray.com\/#\/schema\/person\/1a3f5909146e66cdba9aa8b37f1858e1","name":"Eduardo Lopez","image":{"@type":"ImageObject","inLanguage":"en-US","@id":"https:\/\/secure.gravatar.com\/avatar\/3d6f41a002d28c6845cb55b565f68141a241a36951b539d6f4dbddac28595734?s=96&d=mm&r=g","url":"https:\/\/secure.gravatar.com\/avatar\/3d6f41a002d28c6845cb55b565f68141a241a36951b539d6f4dbddac28595734?s=96&d=mm&r=g","contentUrl":"https:\/\/secure.gravatar.com\/avatar\/3d6f41a002d28c6845cb55b565f68141a241a36951b539d6f4dbddac28595734?s=96&d=mm&r=g","caption":"Eduardo Lopez"},"url":"https:\/\/hotelesfray.com\/en\/author\/gente\/"}]}},"_links":{"self":[{"href":"https:\/\/hotelesfray.com\/en\/wp-json\/wp\/v2\/posts\/4607","targetHints":{"allow":["GET"]}}],"collection":[{"href":"https:\/\/hotelesfray.com\/en\/wp-json\/wp\/v2\/posts"}],"about":[{"href":"https:\/\/hotelesfray.com\/en\/wp-json\/wp\/v2\/types\/post"}],"author":[{"embeddable":true,"href":"https:\/\/hotelesfray.com\/en\/wp-json\/wp\/v2\/users\/2"}],"replies":[{"embeddable":true,"href":"https:\/\/hotelesfray.com\/en\/wp-json\/wp\/v2\/comments?post=4607"}],"version-history":[{"count":3,"href":"https:\/\/hotelesfray.com\/en\/wp-json\/wp\/v2\/posts\/4607\/revisions"}],"predecessor-version":[{"id":4617,"href":"https:\/\/hotelesfray.com\/en\/wp-json\/wp\/v2\/posts\/4607\/revisions\/4617"}],"wp:featuredmedia":[{"embeddable":true,"href":"https:\/\/hotelesfray.com\/en\/wp-json\/wp\/v2\/media\/4613"}],"wp:attachment":[{"href":"https:\/\/hotelesfray.com\/en\/wp-json\/wp\/v2\/media?parent=4607"}],"wp:term":[{"taxonomy":"category","embeddable":true,"href":"https:\/\/hotelesfray.com\/en\/wp-json\/wp\/v2\/categories?post=4607"},{"taxonomy":"post_tag","embeddable":true,"href":"https:\/\/hotelesfray.com\/en\/wp-json\/wp\/v2\/tags?post=4607"}],"curies":[{"name":"wp","href":"https:\/\/api.w.org\/{rel}","templated":true}]}}