{"id":4908,"date":"2024-01-08T12:53:16","date_gmt":"2024-01-08T16:53:16","guid":{"rendered":"https:\/\/hotelesfray.com\/?p=4908"},"modified":"2025-02-23T20:33:50","modified_gmt":"2025-02-24T00:33:50","slug":"el-istete-un-dulce-de-nayarit-en-peligro-de-extincion","status":"publish","type":"post","link":"https:\/\/hotelesfray.com\/en\/2024\/01\/08\/el-istete-un-dulce-de-nayarit-en-peligro-de-extincion\/","title":{"rendered":"El Istete: un dulce de Nayarit en peligro de extinci\u00f3n"},"content":{"rendered":"<p>El Istete, dulce t\u00edpico de Tepic, hecho a base de miel de abeja y otros ingredientes y cuya receta es resguardada por una sola familia, est\u00e1 en riesgo de desaparecer por la falta de apoyos y el desinter\u00e9s de los nuevos miembros de esta tradici\u00f3n iniciada hace m\u00e1s de 110 a\u00f1os por do\u00f1a Ramona Ramos Silva.<\/p>\n\n\n\n<p>H\u00e9ctor Efra\u00edn L\u00f3pez L\u00f3pez, de 32 a\u00f1os, es uno de los tres \u201cisteteros\u201d que hay en la ciudad, junto con su hermano Ignacio L\u00f3pez L\u00f3pez, de 42 a\u00f1os, y su padre, Ignacio L\u00f3pez Alatorre de 73, originario de Mazatl\u00e1n, Sinaloa quien desde hace 35 a\u00f1os ejerce el oficio que le ense\u00f1\u00f3 su madre, do\u00f1a Ramona.<\/p>\n\n\n\n<p>H\u00e9ctor narra que su abuela, desde peque\u00f1a y hasta los 96 a\u00f1os, cuando muri\u00f3 por diabetes, se dedic\u00f3 junto con su esposo Sim\u00f3n L\u00f3pez, a la venta de dulces regionales, principalmente en ferias de pueblos, siendo este el oficio que transmiti\u00f3 a sus padres y finalmente a ellos.<\/p>\n\n\n\n<blockquote class=\"wp-block-quote is-layout-flow wp-block-quote-is-layout-flow\">\n<p>\u201cEn Tepic, somos s\u00f3lo tres personas que actualmente hacemos y trabajamos el Istete; lo pueden encontrar en el centro de Tepic, en calles donde ya nos identifican, en la calle Puebla esquina con Hidalgo, en la esquina de la calle Veracruz o el pante\u00f3n Hidalgo; mi pap\u00e1 se pone desde las cuatro de la tarde y yo por las ma\u00f1anas\u201d.<\/p>\n<\/blockquote>\n\n\n\n<figure class=\"wp-block-image size-full\"><img data-dominant-color=\"8a8474\" data-has-transparency=\"false\" style=\"--dominant-color: #8a8474;\" loading=\"lazy\" decoding=\"async\" width=\"768\" height=\"511\" src=\"https:\/\/hotelesfray.com\/wp-content\/uploads\/2024\/01\/1461939973_image3-768x511-1-jpeg.webp\" alt=\"\" class=\"wp-image-4924 not-transparent\" srcset=\"https:\/\/hotelesfray.com\/wp-content\/uploads\/2024\/01\/1461939973_image3-768x511-1-jpeg.webp 768w, https:\/\/hotelesfray.com\/wp-content\/uploads\/2024\/01\/1461939973_image3-768x511-1-480x319.webp 480w\" sizes=\"(min-width: 0px) and (max-width: 480px) 480px, (min-width: 481px) 768px, 100vw\" \/><\/figure>\n\n\n\n<h2 class=\"wp-block-heading\">\u00bfQu\u00e9 es el Istete?<\/h2>\n\n\n\n<p>El dulce, seg\u00fan su elaborador, es una mezcla de miel de abeja, con nuez, almendra, cacao, leche, lim\u00f3n, y especias; seg\u00fan el entrevistado, por estos ingredientes, el dulce puede aliviar molestias de la tos, enfermedades del pulm\u00f3n y ayuda a la memoria.<\/p>\n\n\n\n<blockquote class=\"wp-block-quote is-layout-flow wp-block-quote-is-layout-flow\">\n<p>\u201cEs muy bueno para la salud, a parte que puede ser consumible (como postre), sirve para calmar la tos, ya que a la hora de echarle lim\u00f3n, mejora las propiedades de la miel de abeja\u201d.<\/p>\n<\/blockquote>\n\n\n\n<p>La hora de fabricaci\u00f3n del dulce, que necesita de al menos tres horas para ello, depende de la estaci\u00f3n climatol\u00f3gica, pero debe realizarse a temperaturas templadas o tibias, por ejemplo, en temporadas fr\u00edas es necesario iniciar alrededor de las 9:00 horas cuando hay un poco de calor, para evitar que se enfr\u00ede la mezcla y se dificulte su manejo; en tiempo de calor, hay que hacerlo temprano, para que no se derrita.<\/p>\n\n\n\n<p>Se requiere de mucha condici\u00f3n f\u00edsica para lograr \u201cpunto\u201d del dulce, y son varias horas, caminamos en pueblos de la ciudad, escuelitas, varios sitios, Xalisco, San Cayetano, La Cantera, una ruta diaria, dijo el entrevistado.<\/p>\n\n\n\n<figure class=\"wp-block-image size-full\"><img data-dominant-color=\"967745\" data-has-transparency=\"false\" style=\"--dominant-color: #967745;\" loading=\"lazy\" decoding=\"async\" width=\"768\" height=\"576\" src=\"https:\/\/hotelesfray.com\/wp-content\/uploads\/2024\/01\/781260-768x576-1-jpeg.webp\" alt=\"\" class=\"wp-image-4925 not-transparent\" srcset=\"https:\/\/hotelesfray.com\/wp-content\/uploads\/2024\/01\/781260-768x576-1-jpeg.webp 768w, https:\/\/hotelesfray.com\/wp-content\/uploads\/2024\/01\/781260-768x576-1-480x360.webp 480w\" sizes=\"(min-width: 0px) and (max-width: 480px) 480px, (min-width: 481px) 768px, 100vw\" \/><\/figure>\n\n\n\n<p>Con informaci\u00f3n de <a href=\"https:\/\/gentenayarit.com\/2017\/09\/04\/istete-dulce-de-nayarit-en-peligro-de-extincion\/\">Gente Nayarit<\/a>.<\/p>","protected":false},"excerpt":{"rendered":"<p>El Istete, dulce t\u00edpico de Tepic, hecho a base de miel de abeja y otros ingredientes y cuya receta es resguardada por una sola familia, est\u00e1 en riesgo de desaparecer por la falta de apoyos y el desinter\u00e9s de los nuevos miembros de esta tradici\u00f3n iniciada hace m\u00e1s de 110 a\u00f1os por do\u00f1a Ramona Ramos [&hellip;]<\/p>\n","protected":false},"author":2,"featured_media":4923,"comment_status":"closed","ping_status":"open","sticky":false,"template":"","format":"standard","meta":{"_et_pb_use_builder":"","_et_pb_old_content":"","_et_gb_content_width":"","footnotes":""},"categories":[28],"tags":[],"class_list":["post-4908","post","type-post","status-publish","format-standard","has-post-thumbnail","hentry","category-gastronomia"],"yoast_head":"<!-- This site is optimized with the Yoast SEO plugin v27.4 - https:\/\/yoast.com\/product\/yoast-seo-wordpress\/ -->\n<title>Hotels in Tepic | Hoteles Fray \u2013 Complimentary Buffet Breakfast<\/title>\n<meta name=\"description\" content=\"Looking for hotels in Tepic? Hoteles Fray offers the best location, complimentary buffet breakfast, free WiFi, and flexible cancellation. Book directly with no deposit!\" \/>\n<meta name=\"robots\" content=\"index, follow, max-snippet:-1, max-image-preview:large, max-video-preview:-1\" \/>\n<link rel=\"canonical\" href=\"https:\/\/hotelesfray.com\/en\/2024\/01\/08\/el-istete-un-dulce-de-nayarit-en-peligro-de-extincion\/\" \/>\n<meta property=\"og:locale\" content=\"en_US\" \/>\n<meta property=\"og:type\" content=\"article\" \/>\n<meta property=\"og:title\" content=\"Hotels in Tepic | Hoteles Fray \u2013 Complimentary Buffet Breakfast\" \/>\n<meta property=\"og:description\" content=\"Looking for hotels in Tepic? Hoteles Fray offers the best location, complimentary buffet breakfast, free WiFi, and flexible cancellation. Book directly with no deposit!\" \/>\n<meta property=\"og:url\" content=\"https:\/\/hotelesfray.com\/en\/2024\/01\/08\/el-istete-un-dulce-de-nayarit-en-peligro-de-extincion\/\" \/>\n<meta property=\"og:site_name\" content=\"Hoteles Fray\" \/>\n<meta property=\"article:published_time\" content=\"2024-01-08T16:53:16+00:00\" \/>\n<meta property=\"article:modified_time\" content=\"2025-02-24T00:33:50+00:00\" \/>\n<meta property=\"og:image\" content=\"https:\/\/hotelesfray.com\/wp-content\/uploads\/2024\/01\/1252281-jpeg.webp\" \/>\n\t<meta property=\"og:image:width\" content=\"370\" \/>\n\t<meta property=\"og:image:height\" content=\"277\" \/>\n\t<meta property=\"og:image:type\" content=\"image\/jpeg\" \/>\n<meta name=\"author\" content=\"Eduardo Lopez\" \/>\n<meta name=\"twitter:card\" content=\"summary_large_image\" \/>\n<meta name=\"twitter:label1\" content=\"Written by\" \/>\n\t<meta name=\"twitter:data1\" content=\"Eduardo Lopez\" \/>\n\t<meta name=\"twitter:label2\" content=\"Est. reading time\" \/>\n\t<meta name=\"twitter:data2\" content=\"2 minutes\" \/>\n<script type=\"application\/ld+json\" class=\"yoast-schema-graph\">{\"@context\":\"https:\\\/\\\/schema.org\",\"@graph\":[{\"@type\":[\"Article\",\"BlogPosting\"],\"@id\":\"https:\\\/\\\/hotelesfray.com\\\/2024\\\/01\\\/08\\\/el-istete-un-dulce-de-nayarit-en-peligro-de-extincion\\\/#article\",\"isPartOf\":{\"@id\":\"https:\\\/\\\/hotelesfray.com\\\/2024\\\/01\\\/08\\\/el-istete-un-dulce-de-nayarit-en-peligro-de-extincion\\\/\"},\"author\":{\"name\":\"Eduardo Lopez\",\"@id\":\"https:\\\/\\\/hotelesfray.com\\\/#\\\/schema\\\/person\\\/1a3f5909146e66cdba9aa8b37f1858e1\"},\"headline\":\"El Istete: un dulce de Nayarit en peligro de extinci\u00f3n\",\"datePublished\":\"2024-01-08T16:53:16+00:00\",\"dateModified\":\"2025-02-24T00:33:50+00:00\",\"mainEntityOfPage\":{\"@id\":\"https:\\\/\\\/hotelesfray.com\\\/2024\\\/01\\\/08\\\/el-istete-un-dulce-de-nayarit-en-peligro-de-extincion\\\/\"},\"wordCount\":455,\"publisher\":{\"@id\":\"https:\\\/\\\/hotelesfray.com\\\/#organization\"},\"image\":{\"@id\":\"https:\\\/\\\/hotelesfray.com\\\/2024\\\/01\\\/08\\\/el-istete-un-dulce-de-nayarit-en-peligro-de-extincion\\\/#primaryimage\"},\"thumbnailUrl\":\"https:\\\/\\\/hotelesfray.com\\\/wp-content\\\/uploads\\\/2024\\\/01\\\/1252281-jpeg.webp\",\"articleSection\":[\"Gastronom\u00eda\"],\"inLanguage\":\"en-US\"},{\"@type\":\"WebPage\",\"@id\":\"https:\\\/\\\/hotelesfray.com\\\/2024\\\/01\\\/08\\\/el-istete-un-dulce-de-nayarit-en-peligro-de-extincion\\\/\",\"url\":\"https:\\\/\\\/hotelesfray.com\\\/2024\\\/01\\\/08\\\/el-istete-un-dulce-de-nayarit-en-peligro-de-extincion\\\/\",\"name\":\"El Istete: un dulce de Nayarit en peligro de extinci\u00f3n | Hoteles Fray\",\"isPartOf\":{\"@id\":\"https:\\\/\\\/hotelesfray.com\\\/#website\"},\"primaryImageOfPage\":{\"@id\":\"https:\\\/\\\/hotelesfray.com\\\/2024\\\/01\\\/08\\\/el-istete-un-dulce-de-nayarit-en-peligro-de-extincion\\\/#primaryimage\"},\"image\":{\"@id\":\"https:\\\/\\\/hotelesfray.com\\\/2024\\\/01\\\/08\\\/el-istete-un-dulce-de-nayarit-en-peligro-de-extincion\\\/#primaryimage\"},\"thumbnailUrl\":\"https:\\\/\\\/hotelesfray.com\\\/wp-content\\\/uploads\\\/2024\\\/01\\\/1252281-jpeg.webp\",\"datePublished\":\"2024-01-08T16:53:16+00:00\",\"dateModified\":\"2025-02-24T00:33:50+00:00\",\"breadcrumb\":{\"@id\":\"https:\\\/\\\/hotelesfray.com\\\/2024\\\/01\\\/08\\\/el-istete-un-dulce-de-nayarit-en-peligro-de-extincion\\\/#breadcrumb\"},\"inLanguage\":\"en-US\",\"potentialAction\":[{\"@type\":\"ReadAction\",\"target\":[\"https:\\\/\\\/hotelesfray.com\\\/2024\\\/01\\\/08\\\/el-istete-un-dulce-de-nayarit-en-peligro-de-extincion\\\/\"]}]},{\"@type\":\"ImageObject\",\"inLanguage\":\"en-US\",\"@id\":\"https:\\\/\\\/hotelesfray.com\\\/2024\\\/01\\\/08\\\/el-istete-un-dulce-de-nayarit-en-peligro-de-extincion\\\/#primaryimage\",\"url\":\"https:\\\/\\\/hotelesfray.com\\\/wp-content\\\/uploads\\\/2024\\\/01\\\/1252281-jpeg.webp\",\"contentUrl\":\"https:\\\/\\\/hotelesfray.com\\\/wp-content\\\/uploads\\\/2024\\\/01\\\/1252281-jpeg.webp\",\"width\":370,\"height\":277},{\"@type\":\"BreadcrumbList\",\"@id\":\"https:\\\/\\\/hotelesfray.com\\\/2024\\\/01\\\/08\\\/el-istete-un-dulce-de-nayarit-en-peligro-de-extincion\\\/#breadcrumb\",\"itemListElement\":[{\"@type\":\"ListItem\",\"position\":1,\"name\":\"Gastronom\u00eda\",\"item\":\"https:\\\/\\\/hotelesfray.com\\\/category\\\/gastronomia\\\/\"},{\"@type\":\"ListItem\",\"position\":2,\"name\":\"El Istete: un dulce de Nayarit en peligro de extinci\u00f3n\"}]},{\"@type\":\"WebSite\",\"@id\":\"https:\\\/\\\/hotelesfray.com\\\/#website\",\"url\":\"https:\\\/\\\/hotelesfray.com\\\/\",\"name\":\"Hoteles Fray\",\"description\":\"Los Mejores Hoteles en el Centro de Tepic, Nayarit\",\"publisher\":{\"@id\":\"https:\\\/\\\/hotelesfray.com\\\/#organization\"},\"potentialAction\":[{\"@type\":\"SearchAction\",\"target\":{\"@type\":\"EntryPoint\",\"urlTemplate\":\"https:\\\/\\\/hotelesfray.com\\\/?s={search_term_string}\"},\"query-input\":{\"@type\":\"PropertyValueSpecification\",\"valueRequired\":true,\"valueName\":\"search_term_string\"}}],\"inLanguage\":\"en-US\"},{\"@type\":\"Organization\",\"@id\":\"https:\\\/\\\/hotelesfray.com\\\/#organization\",\"name\":\"Hoteles Fray\",\"url\":\"https:\\\/\\\/hotelesfray.com\\\/\",\"logo\":{\"@type\":\"ImageObject\",\"inLanguage\":\"en-US\",\"@id\":\"https:\\\/\\\/hotelesfray.com\\\/#\\\/schema\\\/logo\\\/image\\\/\",\"url\":\"https:\\\/\\\/hotelesfray.com\\\/wp-content\\\/uploads\\\/2023\\\/01\\\/HotelesFray-cuadro.png\",\"contentUrl\":\"https:\\\/\\\/hotelesfray.com\\\/wp-content\\\/uploads\\\/2023\\\/01\\\/HotelesFray-cuadro.png\",\"width\":2200,\"height\":2200,\"caption\":\"Hoteles Fray\"},\"image\":{\"@id\":\"https:\\\/\\\/hotelesfray.com\\\/#\\\/schema\\\/logo\\\/image\\\/\"}},{\"@type\":\"Person\",\"@id\":\"https:\\\/\\\/hotelesfray.com\\\/#\\\/schema\\\/person\\\/1a3f5909146e66cdba9aa8b37f1858e1\",\"name\":\"Eduardo Lopez\",\"image\":{\"@type\":\"ImageObject\",\"inLanguage\":\"en-US\",\"@id\":\"https:\\\/\\\/secure.gravatar.com\\\/avatar\\\/3d6f41a002d28c6845cb55b565f68141a241a36951b539d6f4dbddac28595734?s=96&d=mm&r=g\",\"url\":\"https:\\\/\\\/secure.gravatar.com\\\/avatar\\\/3d6f41a002d28c6845cb55b565f68141a241a36951b539d6f4dbddac28595734?s=96&d=mm&r=g\",\"contentUrl\":\"https:\\\/\\\/secure.gravatar.com\\\/avatar\\\/3d6f41a002d28c6845cb55b565f68141a241a36951b539d6f4dbddac28595734?s=96&d=mm&r=g\",\"caption\":\"Eduardo Lopez\"},\"url\":\"https:\\\/\\\/hotelesfray.com\\\/en\\\/author\\\/gente\\\/\"}]}<\/script>\n<!-- \/ Yoast SEO plugin. -->","yoast_head_json":{"title":"Hotels in Tepic | Hoteles Fray \u2013 Complimentary Buffet Breakfast","description":"Looking for hotels in Tepic? Hoteles Fray offers the best location, complimentary buffet breakfast, free WiFi, and flexible cancellation. Book directly with no deposit!","robots":{"index":"index","follow":"follow","max-snippet":"max-snippet:-1","max-image-preview":"max-image-preview:large","max-video-preview":"max-video-preview:-1"},"canonical":"https:\/\/hotelesfray.com\/en\/2024\/01\/08\/el-istete-un-dulce-de-nayarit-en-peligro-de-extincion\/","og_locale":"en_US","og_type":"article","og_title":"Hotels in Tepic | Hoteles Fray \u2013 Complimentary Buffet Breakfast","og_description":"Looking for hotels in Tepic? Hoteles Fray offers the best location, complimentary buffet breakfast, free WiFi, and flexible cancellation. Book directly with no deposit!","og_url":"https:\/\/hotelesfray.com\/en\/2024\/01\/08\/el-istete-un-dulce-de-nayarit-en-peligro-de-extincion\/","og_site_name":"Hoteles Fray","article_published_time":"2024-01-08T16:53:16+00:00","article_modified_time":"2025-02-24T00:33:50+00:00","og_image":[{"width":370,"height":277,"url":"https:\/\/hotelesfray.com\/wp-content\/uploads\/2024\/01\/1252281-jpeg.webp","type":"image\/jpeg"}],"author":"Eduardo Lopez","twitter_card":"summary_large_image","twitter_misc":{"Written by":"Eduardo Lopez","Est. reading time":"2 minutes"},"schema":{"@context":"https:\/\/schema.org","@graph":[{"@type":["Article","BlogPosting"],"@id":"https:\/\/hotelesfray.com\/2024\/01\/08\/el-istete-un-dulce-de-nayarit-en-peligro-de-extincion\/#article","isPartOf":{"@id":"https:\/\/hotelesfray.com\/2024\/01\/08\/el-istete-un-dulce-de-nayarit-en-peligro-de-extincion\/"},"author":{"name":"Eduardo Lopez","@id":"https:\/\/hotelesfray.com\/#\/schema\/person\/1a3f5909146e66cdba9aa8b37f1858e1"},"headline":"El Istete: un dulce de Nayarit en peligro de extinci\u00f3n","datePublished":"2024-01-08T16:53:16+00:00","dateModified":"2025-02-24T00:33:50+00:00","mainEntityOfPage":{"@id":"https:\/\/hotelesfray.com\/2024\/01\/08\/el-istete-un-dulce-de-nayarit-en-peligro-de-extincion\/"},"wordCount":455,"publisher":{"@id":"https:\/\/hotelesfray.com\/#organization"},"image":{"@id":"https:\/\/hotelesfray.com\/2024\/01\/08\/el-istete-un-dulce-de-nayarit-en-peligro-de-extincion\/#primaryimage"},"thumbnailUrl":"https:\/\/hotelesfray.com\/wp-content\/uploads\/2024\/01\/1252281-jpeg.webp","articleSection":["Gastronom\u00eda"],"inLanguage":"en-US"},{"@type":"WebPage","@id":"https:\/\/hotelesfray.com\/2024\/01\/08\/el-istete-un-dulce-de-nayarit-en-peligro-de-extincion\/","url":"https:\/\/hotelesfray.com\/2024\/01\/08\/el-istete-un-dulce-de-nayarit-en-peligro-de-extincion\/","name":"El Istete: un dulce de Nayarit en peligro de extinci\u00f3n | Hoteles Fray","isPartOf":{"@id":"https:\/\/hotelesfray.com\/#website"},"primaryImageOfPage":{"@id":"https:\/\/hotelesfray.com\/2024\/01\/08\/el-istete-un-dulce-de-nayarit-en-peligro-de-extincion\/#primaryimage"},"image":{"@id":"https:\/\/hotelesfray.com\/2024\/01\/08\/el-istete-un-dulce-de-nayarit-en-peligro-de-extincion\/#primaryimage"},"thumbnailUrl":"https:\/\/hotelesfray.com\/wp-content\/uploads\/2024\/01\/1252281-jpeg.webp","datePublished":"2024-01-08T16:53:16+00:00","dateModified":"2025-02-24T00:33:50+00:00","breadcrumb":{"@id":"https:\/\/hotelesfray.com\/2024\/01\/08\/el-istete-un-dulce-de-nayarit-en-peligro-de-extincion\/#breadcrumb"},"inLanguage":"en-US","potentialAction":[{"@type":"ReadAction","target":["https:\/\/hotelesfray.com\/2024\/01\/08\/el-istete-un-dulce-de-nayarit-en-peligro-de-extincion\/"]}]},{"@type":"ImageObject","inLanguage":"en-US","@id":"https:\/\/hotelesfray.com\/2024\/01\/08\/el-istete-un-dulce-de-nayarit-en-peligro-de-extincion\/#primaryimage","url":"https:\/\/hotelesfray.com\/wp-content\/uploads\/2024\/01\/1252281-jpeg.webp","contentUrl":"https:\/\/hotelesfray.com\/wp-content\/uploads\/2024\/01\/1252281-jpeg.webp","width":370,"height":277},{"@type":"BreadcrumbList","@id":"https:\/\/hotelesfray.com\/2024\/01\/08\/el-istete-un-dulce-de-nayarit-en-peligro-de-extincion\/#breadcrumb","itemListElement":[{"@type":"ListItem","position":1,"name":"Gastronom\u00eda","item":"https:\/\/hotelesfray.com\/category\/gastronomia\/"},{"@type":"ListItem","position":2,"name":"El Istete: un dulce de Nayarit en peligro de extinci\u00f3n"}]},{"@type":"WebSite","@id":"https:\/\/hotelesfray.com\/#website","url":"https:\/\/hotelesfray.com\/","name":"Hoteles Fray","description":"Los Mejores Hoteles en el Centro de Tepic, Nayarit","publisher":{"@id":"https:\/\/hotelesfray.com\/#organization"},"potentialAction":[{"@type":"SearchAction","target":{"@type":"EntryPoint","urlTemplate":"https:\/\/hotelesfray.com\/?s={search_term_string}"},"query-input":{"@type":"PropertyValueSpecification","valueRequired":true,"valueName":"search_term_string"}}],"inLanguage":"en-US"},{"@type":"Organization","@id":"https:\/\/hotelesfray.com\/#organization","name":"Hoteles Fray","url":"https:\/\/hotelesfray.com\/","logo":{"@type":"ImageObject","inLanguage":"en-US","@id":"https:\/\/hotelesfray.com\/#\/schema\/logo\/image\/","url":"https:\/\/hotelesfray.com\/wp-content\/uploads\/2023\/01\/HotelesFray-cuadro.png","contentUrl":"https:\/\/hotelesfray.com\/wp-content\/uploads\/2023\/01\/HotelesFray-cuadro.png","width":2200,"height":2200,"caption":"Hoteles Fray"},"image":{"@id":"https:\/\/hotelesfray.com\/#\/schema\/logo\/image\/"}},{"@type":"Person","@id":"https:\/\/hotelesfray.com\/#\/schema\/person\/1a3f5909146e66cdba9aa8b37f1858e1","name":"Eduardo Lopez","image":{"@type":"ImageObject","inLanguage":"en-US","@id":"https:\/\/secure.gravatar.com\/avatar\/3d6f41a002d28c6845cb55b565f68141a241a36951b539d6f4dbddac28595734?s=96&d=mm&r=g","url":"https:\/\/secure.gravatar.com\/avatar\/3d6f41a002d28c6845cb55b565f68141a241a36951b539d6f4dbddac28595734?s=96&d=mm&r=g","contentUrl":"https:\/\/secure.gravatar.com\/avatar\/3d6f41a002d28c6845cb55b565f68141a241a36951b539d6f4dbddac28595734?s=96&d=mm&r=g","caption":"Eduardo Lopez"},"url":"https:\/\/hotelesfray.com\/en\/author\/gente\/"}]}},"_links":{"self":[{"href":"https:\/\/hotelesfray.com\/en\/wp-json\/wp\/v2\/posts\/4908","targetHints":{"allow":["GET"]}}],"collection":[{"href":"https:\/\/hotelesfray.com\/en\/wp-json\/wp\/v2\/posts"}],"about":[{"href":"https:\/\/hotelesfray.com\/en\/wp-json\/wp\/v2\/types\/post"}],"author":[{"embeddable":true,"href":"https:\/\/hotelesfray.com\/en\/wp-json\/wp\/v2\/users\/2"}],"replies":[{"embeddable":true,"href":"https:\/\/hotelesfray.com\/en\/wp-json\/wp\/v2\/comments?post=4908"}],"version-history":[{"count":2,"href":"https:\/\/hotelesfray.com\/en\/wp-json\/wp\/v2\/posts\/4908\/revisions"}],"predecessor-version":[{"id":4926,"href":"https:\/\/hotelesfray.com\/en\/wp-json\/wp\/v2\/posts\/4908\/revisions\/4926"}],"wp:featuredmedia":[{"embeddable":true,"href":"https:\/\/hotelesfray.com\/en\/wp-json\/wp\/v2\/media\/4923"}],"wp:attachment":[{"href":"https:\/\/hotelesfray.com\/en\/wp-json\/wp\/v2\/media?parent=4908"}],"wp:term":[{"taxonomy":"category","embeddable":true,"href":"https:\/\/hotelesfray.com\/en\/wp-json\/wp\/v2\/categories?post=4908"},{"taxonomy":"post_tag","embeddable":true,"href":"https:\/\/hotelesfray.com\/en\/wp-json\/wp\/v2\/tags?post=4908"}],"curies":[{"name":"wp","href":"https:\/\/api.w.org\/{rel}","templated":true}]}}