{"id":5103,"date":"2024-05-06T20:34:09","date_gmt":"2024-05-07T00:34:09","guid":{"rendered":"https:\/\/hotelesfray.com\/?p=5103"},"modified":"2025-02-23T20:36:17","modified_gmt":"2025-02-24T00:36:17","slug":"el-lugar-ideal-para-celebrar-a-mama-este-10-de-mayo-esta-aqui","status":"publish","type":"post","link":"https:\/\/hotelesfray.com\/en\/2024\/05\/06\/el-lugar-ideal-para-celebrar-a-mama-este-10-de-mayo-esta-aqui\/","title":{"rendered":"El lugar ideal para celebrar a mam\u00e1 este 10 de mayo est\u00e1 aqu\u00ed"},"content":{"rendered":"<p>El D\u00eda de las Madres est\u00e1 a la vuelta de la esquina y no hay mejor manera de honrar a esas mujeres especiales en nuestras vidas que con una celebraci\u00f3n excepcional. En Hoteles Fray nos complace extenderles una cordial invitaci\u00f3n para que se unan a nosotros en un d\u00eda dedicado a celebrar el amor y la gratitud hacia las madres, mientras disfrutan de una experiencia gastron\u00f3mica inolvidable y de nuestros hermosos salones de eventos.<\/p>\n\n\n\n<h3 class=\"wp-block-heading\"><strong>Men\u00fa Especial del D\u00eda de las Madres<\/strong><\/h3>\n\n\n\n<p>Este a\u00f1o, nuestro equipo en los <strong>Restaurantes Capistrano (Fray Centro) y PISO UNO (Fray Select)<\/strong> han preparado un men\u00fa especial que deleitar\u00e1 todos los sentidos. Adem\u00e1s de nuestro riqu\u00edsimo y variado men\u00fa a la carta, con distintas bebidas y c\u00f3cteles, podr\u00e1s vivir esta experiencia culinaria \u00fanica para mam\u00e1:<\/p>\n\n\n\n<ul class=\"wp-block-list\">\n<li><strong>Primer tiempo:<\/strong> Crema de chile poblano<\/li>\n\n\n\n<li><strong>Segundo tiempo:<\/strong> Pastel de zanahoria<\/li>\n\n\n\n<li><strong>Tercer tiempo: <\/strong>Pollo en salsa de chabacano<\/li>\n\n\n\n<li><strong>Postre:<\/strong> Cheesecake de Oreo<\/li>\n<\/ul>\n\n\n\n<p>Puedes reservar tu mesa <strong>llamando <\/strong>al <a href=\"tel:+523112154671\">(311) 215 4671<\/a> para el <strong>Restaurante Capistrano de tu Hotel Fray Jun\u00edpero: Centro Hist\u00f3rico<\/strong>, o bien por <strong>WhatsApp <\/strong>al <a href=\"https:\/\/api.whatsapp.com\/send\/?phone=523119800560&amp;text=%C2%A1Hola%21+Me+gustar%C3%ADa+reservar+en+el+restaurante+Piso+Uno+del+Hotel+Fray+Select.&amp;type=phone_number&amp;app_absent=0\">(311) 980 0560<\/a> para el <strong>Restaurante PISO UNO de tu Hotel Fray Select.<\/strong><\/p>\n\n\n\n<figure class=\"wp-block-image size-large\"><img data-dominant-color=\"d0b9b6\" data-has-transparency=\"false\" style=\"--dominant-color: #d0b9b6;\" loading=\"lazy\" decoding=\"async\" width=\"819\" height=\"1024\" src=\"https:\/\/hotelesfray.com\/wp-content\/uploads\/2024\/05\/F2-819x1024.webp\" alt=\"\" class=\"wp-image-5106 not-transparent\" srcset=\"https:\/\/hotelesfray.com\/wp-content\/uploads\/2024\/05\/F2-819x1024.webp 819w, https:\/\/hotelesfray.com\/wp-content\/uploads\/2024\/05\/F2-240x300.webp 240w, https:\/\/hotelesfray.com\/wp-content\/uploads\/2024\/05\/F2-768x960.webp 768w, https:\/\/hotelesfray.com\/wp-content\/uploads\/2024\/05\/F2-1229x1536.webp 1229w, https:\/\/hotelesfray.com\/wp-content\/uploads\/2024\/05\/F2-1080x1350.webp 1080w, https:\/\/hotelesfray.com\/wp-content\/uploads\/2024\/05\/F2-1280x1600.webp 1280w, https:\/\/hotelesfray.com\/wp-content\/uploads\/2024\/05\/F2-980x1225.webp 980w, https:\/\/hotelesfray.com\/wp-content\/uploads\/2024\/05\/F2-480x600.webp 480w, https:\/\/hotelesfray.com\/wp-content\/uploads\/2024\/05\/F2-jpg.webp 1600w\" sizes=\"(max-width: 819px) 100vw, 819px\" \/><\/figure>\n\n\n\n<h3 class=\"wp-block-heading\"><strong>Espacios Elegantes para Celebraciones Familiares<\/strong><\/h3>\n\n\n\n<p>Adem\u00e1s de las delicias de nuestros restaurantes, tambi\u00e9n tenemos para ti hermosos salones de eventos que son el escenario perfecto para celebrar este d\u00eda especial en compa\u00f1\u00eda de la familia y amigos. Desde \u00edntimas reuniones familiares hasta grandes celebraciones, nuestro equipo est\u00e1 comprometido en hacer de este D\u00eda de las Madres un momento inolvidable para todos.<\/p>\n\n\n\n<p>Para reservas e informaci\u00f3n adicional, no dudes en contactarnos al <a href=\"tel:+523112154675\">(311) 215 4675<\/a> en el caso del Hotel Fray Jun\u00edpero: Centro Hist\u00f3rico, o al <a href=\"tel:+523111719850\">(311) 171 9850<\/a> para el Hotel Fray Select. Encuentra informaci\u00f3n a detalles en nuestra <a href=\"https:\/\/hotelesfray.com\/en\/eventos\/\">p\u00e1gina de eventos<\/a>.<\/p>\n\n\n\n<p>En este D\u00eda de las Madres, \u00fanete a nosotros mientras celebramos el amor, la dedicaci\u00f3n y la belleza de todas las madres. Esperamos darles la bienvenida y ayudarles a crear recuerdos preciosos que perdurar\u00e1n para siempre.<\/p>\n\n\n\n<p><strong>\u00a1Feliz D\u00eda de las Madres!<\/strong><\/p>","protected":false},"excerpt":{"rendered":"<p>El D\u00eda de las Madres est\u00e1 a la vuelta de la esquina y no hay mejor manera de honrar a esas mujeres especiales en nuestras vidas que con una celebraci\u00f3n excepcional. En Hoteles Fray nos complace extenderles una cordial invitaci\u00f3n para que se unan a nosotros en un d\u00eda dedicado a celebrar el amor y [&hellip;]<\/p>\n","protected":false},"author":2,"featured_media":5104,"comment_status":"closed","ping_status":"open","sticky":false,"template":"","format":"standard","meta":{"_et_pb_use_builder":"","_et_pb_old_content":"","_et_gb_content_width":"","footnotes":""},"categories":[27],"tags":[],"class_list":["post-5103","post","type-post","status-publish","format-standard","has-post-thumbnail","hentry","category-hotel"],"yoast_head":"<!-- This site is optimized with the Yoast SEO plugin v27.4 - https:\/\/yoast.com\/product\/yoast-seo-wordpress\/ -->\n<title>Hotels in Tepic | Hoteles Fray \u2013 Complimentary Buffet Breakfast<\/title>\n<meta name=\"description\" content=\"Looking for hotels in Tepic? Hoteles Fray offers the best location, complimentary buffet breakfast, free WiFi, and flexible cancellation. Book directly with no deposit!\" \/>\n<meta name=\"robots\" content=\"index, follow, max-snippet:-1, max-image-preview:large, max-video-preview:-1\" \/>\n<link rel=\"canonical\" href=\"https:\/\/hotelesfray.com\/en\/2024\/05\/06\/el-lugar-ideal-para-celebrar-a-mama-este-10-de-mayo-esta-aqui\/\" \/>\n<meta property=\"og:locale\" content=\"en_US\" \/>\n<meta property=\"og:type\" content=\"article\" \/>\n<meta property=\"og:title\" content=\"Hotels in Tepic | Hoteles Fray \u2013 Complimentary Buffet Breakfast\" \/>\n<meta property=\"og:description\" content=\"Looking for hotels in Tepic? Hoteles Fray offers the best location, complimentary buffet breakfast, free WiFi, and flexible cancellation. Book directly with no deposit!\" \/>\n<meta property=\"og:url\" content=\"https:\/\/hotelesfray.com\/en\/2024\/05\/06\/el-lugar-ideal-para-celebrar-a-mama-este-10-de-mayo-esta-aqui\/\" \/>\n<meta property=\"og:site_name\" content=\"Hoteles Fray\" \/>\n<meta property=\"article:published_time\" content=\"2024-05-07T00:34:09+00:00\" \/>\n<meta property=\"article:modified_time\" content=\"2025-02-24T00:36:17+00:00\" \/>\n<meta property=\"og:image\" content=\"https:\/\/hotelesfray.com\/wp-content\/uploads\/2024\/05\/MadresHero-jpg.webp\" \/>\n\t<meta property=\"og:image:width\" content=\"1905\" \/>\n\t<meta property=\"og:image:height\" content=\"1000\" \/>\n\t<meta property=\"og:image:type\" content=\"image\/jpeg\" \/>\n<meta name=\"author\" content=\"Eduardo Lopez\" \/>\n<meta name=\"twitter:card\" content=\"summary_large_image\" \/>\n<meta name=\"twitter:label1\" content=\"Written by\" \/>\n\t<meta name=\"twitter:data1\" content=\"Eduardo Lopez\" \/>\n\t<meta name=\"twitter:label2\" content=\"Est. reading time\" \/>\n\t<meta name=\"twitter:data2\" content=\"2 minutes\" \/>\n<script type=\"application\/ld+json\" class=\"yoast-schema-graph\">{\"@context\":\"https:\\\/\\\/schema.org\",\"@graph\":[{\"@type\":[\"Article\",\"BlogPosting\"],\"@id\":\"https:\\\/\\\/hotelesfray.com\\\/2024\\\/05\\\/06\\\/el-lugar-ideal-para-celebrar-a-mama-este-10-de-mayo-esta-aqui\\\/#article\",\"isPartOf\":{\"@id\":\"https:\\\/\\\/hotelesfray.com\\\/2024\\\/05\\\/06\\\/el-lugar-ideal-para-celebrar-a-mama-este-10-de-mayo-esta-aqui\\\/\"},\"author\":{\"name\":\"Eduardo Lopez\",\"@id\":\"https:\\\/\\\/hotelesfray.com\\\/#\\\/schema\\\/person\\\/1a3f5909146e66cdba9aa8b37f1858e1\"},\"headline\":\"El lugar ideal para celebrar a mam\u00e1 este 10 de mayo est\u00e1 aqu\u00ed\",\"datePublished\":\"2024-05-07T00:34:09+00:00\",\"dateModified\":\"2025-02-24T00:36:17+00:00\",\"mainEntityOfPage\":{\"@id\":\"https:\\\/\\\/hotelesfray.com\\\/2024\\\/05\\\/06\\\/el-lugar-ideal-para-celebrar-a-mama-este-10-de-mayo-esta-aqui\\\/\"},\"wordCount\":359,\"publisher\":{\"@id\":\"https:\\\/\\\/hotelesfray.com\\\/#organization\"},\"image\":{\"@id\":\"https:\\\/\\\/hotelesfray.com\\\/2024\\\/05\\\/06\\\/el-lugar-ideal-para-celebrar-a-mama-este-10-de-mayo-esta-aqui\\\/#primaryimage\"},\"thumbnailUrl\":\"https:\\\/\\\/hotelesfray.com\\\/wp-content\\\/uploads\\\/2024\\\/05\\\/MadresHero-jpg.webp\",\"articleSection\":[\"Hotel\"],\"inLanguage\":\"en-US\"},{\"@type\":\"WebPage\",\"@id\":\"https:\\\/\\\/hotelesfray.com\\\/2024\\\/05\\\/06\\\/el-lugar-ideal-para-celebrar-a-mama-este-10-de-mayo-esta-aqui\\\/\",\"url\":\"https:\\\/\\\/hotelesfray.com\\\/2024\\\/05\\\/06\\\/el-lugar-ideal-para-celebrar-a-mama-este-10-de-mayo-esta-aqui\\\/\",\"name\":\"El lugar ideal para celebrar a mam\u00e1 este 10 de mayo est\u00e1 aqu\u00ed | Hoteles Fray\",\"isPartOf\":{\"@id\":\"https:\\\/\\\/hotelesfray.com\\\/#website\"},\"primaryImageOfPage\":{\"@id\":\"https:\\\/\\\/hotelesfray.com\\\/2024\\\/05\\\/06\\\/el-lugar-ideal-para-celebrar-a-mama-este-10-de-mayo-esta-aqui\\\/#primaryimage\"},\"image\":{\"@id\":\"https:\\\/\\\/hotelesfray.com\\\/2024\\\/05\\\/06\\\/el-lugar-ideal-para-celebrar-a-mama-este-10-de-mayo-esta-aqui\\\/#primaryimage\"},\"thumbnailUrl\":\"https:\\\/\\\/hotelesfray.com\\\/wp-content\\\/uploads\\\/2024\\\/05\\\/MadresHero-jpg.webp\",\"datePublished\":\"2024-05-07T00:34:09+00:00\",\"dateModified\":\"2025-02-24T00:36:17+00:00\",\"breadcrumb\":{\"@id\":\"https:\\\/\\\/hotelesfray.com\\\/2024\\\/05\\\/06\\\/el-lugar-ideal-para-celebrar-a-mama-este-10-de-mayo-esta-aqui\\\/#breadcrumb\"},\"inLanguage\":\"en-US\",\"potentialAction\":[{\"@type\":\"ReadAction\",\"target\":[\"https:\\\/\\\/hotelesfray.com\\\/2024\\\/05\\\/06\\\/el-lugar-ideal-para-celebrar-a-mama-este-10-de-mayo-esta-aqui\\\/\"]}]},{\"@type\":\"ImageObject\",\"inLanguage\":\"en-US\",\"@id\":\"https:\\\/\\\/hotelesfray.com\\\/2024\\\/05\\\/06\\\/el-lugar-ideal-para-celebrar-a-mama-este-10-de-mayo-esta-aqui\\\/#primaryimage\",\"url\":\"https:\\\/\\\/hotelesfray.com\\\/wp-content\\\/uploads\\\/2024\\\/05\\\/MadresHero-jpg.webp\",\"contentUrl\":\"https:\\\/\\\/hotelesfray.com\\\/wp-content\\\/uploads\\\/2024\\\/05\\\/MadresHero-jpg.webp\",\"width\":1905,\"height\":1000},{\"@type\":\"BreadcrumbList\",\"@id\":\"https:\\\/\\\/hotelesfray.com\\\/2024\\\/05\\\/06\\\/el-lugar-ideal-para-celebrar-a-mama-este-10-de-mayo-esta-aqui\\\/#breadcrumb\",\"itemListElement\":[{\"@type\":\"ListItem\",\"position\":1,\"name\":\"General\",\"item\":\"https:\\\/\\\/hotelesfray.com\\\/category\\\/general\\\/\"},{\"@type\":\"ListItem\",\"position\":2,\"name\":\"El lugar ideal para celebrar a mam\u00e1 este 10 de mayo est\u00e1 aqu\u00ed\"}]},{\"@type\":\"WebSite\",\"@id\":\"https:\\\/\\\/hotelesfray.com\\\/#website\",\"url\":\"https:\\\/\\\/hotelesfray.com\\\/\",\"name\":\"Hoteles Fray\",\"description\":\"Los Mejores Hoteles en el Centro de Tepic, Nayarit\",\"publisher\":{\"@id\":\"https:\\\/\\\/hotelesfray.com\\\/#organization\"},\"potentialAction\":[{\"@type\":\"SearchAction\",\"target\":{\"@type\":\"EntryPoint\",\"urlTemplate\":\"https:\\\/\\\/hotelesfray.com\\\/?s={search_term_string}\"},\"query-input\":{\"@type\":\"PropertyValueSpecification\",\"valueRequired\":true,\"valueName\":\"search_term_string\"}}],\"inLanguage\":\"en-US\"},{\"@type\":\"Organization\",\"@id\":\"https:\\\/\\\/hotelesfray.com\\\/#organization\",\"name\":\"Hoteles Fray\",\"url\":\"https:\\\/\\\/hotelesfray.com\\\/\",\"logo\":{\"@type\":\"ImageObject\",\"inLanguage\":\"en-US\",\"@id\":\"https:\\\/\\\/hotelesfray.com\\\/#\\\/schema\\\/logo\\\/image\\\/\",\"url\":\"https:\\\/\\\/hotelesfray.com\\\/wp-content\\\/uploads\\\/2023\\\/01\\\/HotelesFray-cuadro.png\",\"contentUrl\":\"https:\\\/\\\/hotelesfray.com\\\/wp-content\\\/uploads\\\/2023\\\/01\\\/HotelesFray-cuadro.png\",\"width\":2200,\"height\":2200,\"caption\":\"Hoteles Fray\"},\"image\":{\"@id\":\"https:\\\/\\\/hotelesfray.com\\\/#\\\/schema\\\/logo\\\/image\\\/\"}},{\"@type\":\"Person\",\"@id\":\"https:\\\/\\\/hotelesfray.com\\\/#\\\/schema\\\/person\\\/1a3f5909146e66cdba9aa8b37f1858e1\",\"name\":\"Eduardo Lopez\",\"image\":{\"@type\":\"ImageObject\",\"inLanguage\":\"en-US\",\"@id\":\"https:\\\/\\\/secure.gravatar.com\\\/avatar\\\/3d6f41a002d28c6845cb55b565f68141a241a36951b539d6f4dbddac28595734?s=96&d=mm&r=g\",\"url\":\"https:\\\/\\\/secure.gravatar.com\\\/avatar\\\/3d6f41a002d28c6845cb55b565f68141a241a36951b539d6f4dbddac28595734?s=96&d=mm&r=g\",\"contentUrl\":\"https:\\\/\\\/secure.gravatar.com\\\/avatar\\\/3d6f41a002d28c6845cb55b565f68141a241a36951b539d6f4dbddac28595734?s=96&d=mm&r=g\",\"caption\":\"Eduardo Lopez\"},\"url\":\"https:\\\/\\\/hotelesfray.com\\\/en\\\/author\\\/gente\\\/\"}]}<\/script>\n<!-- \/ Yoast SEO plugin. -->","yoast_head_json":{"title":"Hotels in Tepic | Hoteles Fray \u2013 Complimentary Buffet Breakfast","description":"Looking for hotels in Tepic? Hoteles Fray offers the best location, complimentary buffet breakfast, free WiFi, and flexible cancellation. Book directly with no deposit!","robots":{"index":"index","follow":"follow","max-snippet":"max-snippet:-1","max-image-preview":"max-image-preview:large","max-video-preview":"max-video-preview:-1"},"canonical":"https:\/\/hotelesfray.com\/en\/2024\/05\/06\/el-lugar-ideal-para-celebrar-a-mama-este-10-de-mayo-esta-aqui\/","og_locale":"en_US","og_type":"article","og_title":"Hotels in Tepic | Hoteles Fray \u2013 Complimentary Buffet Breakfast","og_description":"Looking for hotels in Tepic? Hoteles Fray offers the best location, complimentary buffet breakfast, free WiFi, and flexible cancellation. Book directly with no deposit!","og_url":"https:\/\/hotelesfray.com\/en\/2024\/05\/06\/el-lugar-ideal-para-celebrar-a-mama-este-10-de-mayo-esta-aqui\/","og_site_name":"Hoteles Fray","article_published_time":"2024-05-07T00:34:09+00:00","article_modified_time":"2025-02-24T00:36:17+00:00","og_image":[{"width":1905,"height":1000,"url":"https:\/\/hotelesfray.com\/wp-content\/uploads\/2024\/05\/MadresHero-jpg.webp","type":"image\/jpeg"}],"author":"Eduardo Lopez","twitter_card":"summary_large_image","twitter_misc":{"Written by":"Eduardo Lopez","Est. reading time":"2 minutes"},"schema":{"@context":"https:\/\/schema.org","@graph":[{"@type":["Article","BlogPosting"],"@id":"https:\/\/hotelesfray.com\/2024\/05\/06\/el-lugar-ideal-para-celebrar-a-mama-este-10-de-mayo-esta-aqui\/#article","isPartOf":{"@id":"https:\/\/hotelesfray.com\/2024\/05\/06\/el-lugar-ideal-para-celebrar-a-mama-este-10-de-mayo-esta-aqui\/"},"author":{"name":"Eduardo Lopez","@id":"https:\/\/hotelesfray.com\/#\/schema\/person\/1a3f5909146e66cdba9aa8b37f1858e1"},"headline":"El lugar ideal para celebrar a mam\u00e1 este 10 de mayo est\u00e1 aqu\u00ed","datePublished":"2024-05-07T00:34:09+00:00","dateModified":"2025-02-24T00:36:17+00:00","mainEntityOfPage":{"@id":"https:\/\/hotelesfray.com\/2024\/05\/06\/el-lugar-ideal-para-celebrar-a-mama-este-10-de-mayo-esta-aqui\/"},"wordCount":359,"publisher":{"@id":"https:\/\/hotelesfray.com\/#organization"},"image":{"@id":"https:\/\/hotelesfray.com\/2024\/05\/06\/el-lugar-ideal-para-celebrar-a-mama-este-10-de-mayo-esta-aqui\/#primaryimage"},"thumbnailUrl":"https:\/\/hotelesfray.com\/wp-content\/uploads\/2024\/05\/MadresHero-jpg.webp","articleSection":["Hotel"],"inLanguage":"en-US"},{"@type":"WebPage","@id":"https:\/\/hotelesfray.com\/2024\/05\/06\/el-lugar-ideal-para-celebrar-a-mama-este-10-de-mayo-esta-aqui\/","url":"https:\/\/hotelesfray.com\/2024\/05\/06\/el-lugar-ideal-para-celebrar-a-mama-este-10-de-mayo-esta-aqui\/","name":"El lugar ideal para celebrar a mam\u00e1 este 10 de mayo est\u00e1 aqu\u00ed | Hoteles Fray","isPartOf":{"@id":"https:\/\/hotelesfray.com\/#website"},"primaryImageOfPage":{"@id":"https:\/\/hotelesfray.com\/2024\/05\/06\/el-lugar-ideal-para-celebrar-a-mama-este-10-de-mayo-esta-aqui\/#primaryimage"},"image":{"@id":"https:\/\/hotelesfray.com\/2024\/05\/06\/el-lugar-ideal-para-celebrar-a-mama-este-10-de-mayo-esta-aqui\/#primaryimage"},"thumbnailUrl":"https:\/\/hotelesfray.com\/wp-content\/uploads\/2024\/05\/MadresHero-jpg.webp","datePublished":"2024-05-07T00:34:09+00:00","dateModified":"2025-02-24T00:36:17+00:00","breadcrumb":{"@id":"https:\/\/hotelesfray.com\/2024\/05\/06\/el-lugar-ideal-para-celebrar-a-mama-este-10-de-mayo-esta-aqui\/#breadcrumb"},"inLanguage":"en-US","potentialAction":[{"@type":"ReadAction","target":["https:\/\/hotelesfray.com\/2024\/05\/06\/el-lugar-ideal-para-celebrar-a-mama-este-10-de-mayo-esta-aqui\/"]}]},{"@type":"ImageObject","inLanguage":"en-US","@id":"https:\/\/hotelesfray.com\/2024\/05\/06\/el-lugar-ideal-para-celebrar-a-mama-este-10-de-mayo-esta-aqui\/#primaryimage","url":"https:\/\/hotelesfray.com\/wp-content\/uploads\/2024\/05\/MadresHero-jpg.webp","contentUrl":"https:\/\/hotelesfray.com\/wp-content\/uploads\/2024\/05\/MadresHero-jpg.webp","width":1905,"height":1000},{"@type":"BreadcrumbList","@id":"https:\/\/hotelesfray.com\/2024\/05\/06\/el-lugar-ideal-para-celebrar-a-mama-este-10-de-mayo-esta-aqui\/#breadcrumb","itemListElement":[{"@type":"ListItem","position":1,"name":"General","item":"https:\/\/hotelesfray.com\/category\/general\/"},{"@type":"ListItem","position":2,"name":"El lugar ideal para celebrar a mam\u00e1 este 10 de mayo est\u00e1 aqu\u00ed"}]},{"@type":"WebSite","@id":"https:\/\/hotelesfray.com\/#website","url":"https:\/\/hotelesfray.com\/","name":"Hoteles Fray","description":"Los Mejores Hoteles en el Centro de Tepic, Nayarit","publisher":{"@id":"https:\/\/hotelesfray.com\/#organization"},"potentialAction":[{"@type":"SearchAction","target":{"@type":"EntryPoint","urlTemplate":"https:\/\/hotelesfray.com\/?s={search_term_string}"},"query-input":{"@type":"PropertyValueSpecification","valueRequired":true,"valueName":"search_term_string"}}],"inLanguage":"en-US"},{"@type":"Organization","@id":"https:\/\/hotelesfray.com\/#organization","name":"Hoteles Fray","url":"https:\/\/hotelesfray.com\/","logo":{"@type":"ImageObject","inLanguage":"en-US","@id":"https:\/\/hotelesfray.com\/#\/schema\/logo\/image\/","url":"https:\/\/hotelesfray.com\/wp-content\/uploads\/2023\/01\/HotelesFray-cuadro.png","contentUrl":"https:\/\/hotelesfray.com\/wp-content\/uploads\/2023\/01\/HotelesFray-cuadro.png","width":2200,"height":2200,"caption":"Hoteles Fray"},"image":{"@id":"https:\/\/hotelesfray.com\/#\/schema\/logo\/image\/"}},{"@type":"Person","@id":"https:\/\/hotelesfray.com\/#\/schema\/person\/1a3f5909146e66cdba9aa8b37f1858e1","name":"Eduardo Lopez","image":{"@type":"ImageObject","inLanguage":"en-US","@id":"https:\/\/secure.gravatar.com\/avatar\/3d6f41a002d28c6845cb55b565f68141a241a36951b539d6f4dbddac28595734?s=96&d=mm&r=g","url":"https:\/\/secure.gravatar.com\/avatar\/3d6f41a002d28c6845cb55b565f68141a241a36951b539d6f4dbddac28595734?s=96&d=mm&r=g","contentUrl":"https:\/\/secure.gravatar.com\/avatar\/3d6f41a002d28c6845cb55b565f68141a241a36951b539d6f4dbddac28595734?s=96&d=mm&r=g","caption":"Eduardo Lopez"},"url":"https:\/\/hotelesfray.com\/en\/author\/gente\/"}]}},"_links":{"self":[{"href":"https:\/\/hotelesfray.com\/en\/wp-json\/wp\/v2\/posts\/5103","targetHints":{"allow":["GET"]}}],"collection":[{"href":"https:\/\/hotelesfray.com\/en\/wp-json\/wp\/v2\/posts"}],"about":[{"href":"https:\/\/hotelesfray.com\/en\/wp-json\/wp\/v2\/types\/post"}],"author":[{"embeddable":true,"href":"https:\/\/hotelesfray.com\/en\/wp-json\/wp\/v2\/users\/2"}],"replies":[{"embeddable":true,"href":"https:\/\/hotelesfray.com\/en\/wp-json\/wp\/v2\/comments?post=5103"}],"version-history":[{"count":2,"href":"https:\/\/hotelesfray.com\/en\/wp-json\/wp\/v2\/posts\/5103\/revisions"}],"predecessor-version":[{"id":5107,"href":"https:\/\/hotelesfray.com\/en\/wp-json\/wp\/v2\/posts\/5103\/revisions\/5107"}],"wp:featuredmedia":[{"embeddable":true,"href":"https:\/\/hotelesfray.com\/en\/wp-json\/wp\/v2\/media\/5104"}],"wp:attachment":[{"href":"https:\/\/hotelesfray.com\/en\/wp-json\/wp\/v2\/media?parent=5103"}],"wp:term":[{"taxonomy":"category","embeddable":true,"href":"https:\/\/hotelesfray.com\/en\/wp-json\/wp\/v2\/categories?post=5103"},{"taxonomy":"post_tag","embeddable":true,"href":"https:\/\/hotelesfray.com\/en\/wp-json\/wp\/v2\/tags?post=5103"}],"curies":[{"name":"wp","href":"https:\/\/api.w.org\/{rel}","templated":true}]}}