{"id":5166,"date":"2024-07-10T12:57:55","date_gmt":"2024-07-10T16:57:55","guid":{"rendered":"https:\/\/hotelesfray.com\/?p=5166"},"modified":"2025-02-23T20:37:15","modified_gmt":"2025-02-24T00:37:15","slug":"que-hacer-este-verano-por-tepic-y-sus-alrededores","status":"publish","type":"post","link":"https:\/\/hotelesfray.com\/en\/2024\/07\/10\/que-hacer-este-verano-por-tepic-y-sus-alrededores\/","title":{"rendered":"\u00bfQu\u00e9 hacer este verano por Tepic y sus alrededores?"},"content":{"rendered":"<p>Tepic es un municipio hermoso del estado de Nayarit, con atractivos tan diversos como interesantes. Con m\u00e1s de 1,500 kil\u00f3metros cuadrados de extensi\u00f3n, y cientos de destinos a s\u00f3lo minutos en los municipios cercanos, la diversi\u00f3n nunca termina.<\/p>\n\n\n\n<p>\u00bfC\u00f3mo llegar a cada uno de estos destinos? Visita nuestra p\u00e1gina de <a href=\"https:\/\/hotelesfray.com\/en\/tours\/\">tour operadores<\/a> y accede a sus redes para ver qu\u00e9 fechas y experiencias tienen disponibles para ti.<\/p>\n\n\n\n<figure class=\"wp-block-image size-large\"><img data-dominant-color=\"6a685f\" data-has-transparency=\"false\" style=\"--dominant-color: #6a685f;\" loading=\"lazy\" decoding=\"async\" width=\"1024\" height=\"587\" src=\"https:\/\/hotelesfray.com\/wp-content\/uploads\/2024\/07\/image-1024x587.png\" alt=\"\" class=\"wp-image-5172 not-transparent\" srcset=\"https:\/\/hotelesfray.com\/wp-content\/uploads\/2024\/07\/image-980x561.png 980w, https:\/\/hotelesfray.com\/wp-content\/uploads\/2024\/07\/image-480x275.png 480w\" sizes=\"(min-width: 0px) and (max-width: 480px) 480px, (min-width: 481px) and (max-width: 980px) 980px, (min-width: 981px) 1024px, 100vw\" \/><\/figure>\n\n\n\n<h2 class=\"wp-block-heading\">1. Centro Hist\u00f3rico<\/h2>\n\n\n\n<p>El primer cuadro est\u00e1 lleno de vida y atracciones. Adem\u00e1s, con bancos, farmacias y por supuesto hoteles como tu Hotel Fray Centro Hist\u00f3rico tienes todos los servicios a la mano.<\/p>\n\n\n\n<p>Restaurantes cl\u00e1sicos te esperan como \u00abLa Gloria\u00bb y nuestro Restaurante Capistrano, Ures Caf\u00e9, Emiliano, Yuri&#8217;Ik\u00fa o Kaffee Haus. Con importantes museos como el Centro Regional del INAH (Antropolog\u00eda e Historia), el Museo de los Cinco Pueblos, el Centro de Arte Contempor\u00e1neo Emilia Ort\u00edz o la Casa-Museo del ilustre Amado Nervo.<\/p>\n\n\n\n<figure class=\"wp-block-image size-large\"><img data-dominant-color=\"9ea084\" data-has-transparency=\"false\" style=\"--dominant-color: #9ea084;\" loading=\"lazy\" decoding=\"async\" width=\"1024\" height=\"713\" src=\"https:\/\/hotelesfray.com\/wp-content\/uploads\/2024\/07\/image-1-1024x713.png\" alt=\"\" class=\"wp-image-5173 not-transparent\" srcset=\"https:\/\/hotelesfray.com\/wp-content\/uploads\/2024\/07\/image-1-980x682.png 980w, https:\/\/hotelesfray.com\/wp-content\/uploads\/2024\/07\/image-1-480x334.png 480w\" sizes=\"(min-width: 0px) and (max-width: 480px) 480px, (min-width: 481px) and (max-width: 980px) 980px, (min-width: 981px) 1024px, 100vw\" \/><figcaption class=\"wp-element-caption\">Foto: <a href=\"https:\/\/www.facebook.com\/photo\/?fbid=140284247849516&amp;set=a.117997196744888&amp;locale=es_LA\">Restaurante Almadraba<\/a><\/figcaption><\/figure>\n\n\n\n<h2 class=\"wp-block-heading\">2. Laguna de Mora<\/h2>\n\n\n\n<p>\u00bfBuscas un lugar en Tepic para degustar deliciosos mariscos frente a una hermosa laguna? El poblado de Mora tiene la respuesta, con este precioso rinc\u00f3n a s\u00f3lo 20 minutos del Centro.<\/p>\n\n\n\n<h2 class=\"wp-block-heading\">3. Presa de Aguamilpa<\/h2>\n\n\n\n<p>Esta presa, famoso lugar del primer gran proyecto hidroel\u00e9ctrico de Nayarit, tiene para ti actividades de pesca, as\u00ed como restaurantes para disfrutar el panorama con estilo. En el camino encontrar\u00e1s los balnearios naturales del punto n\u00famero 4.<\/p>\n\n\n\n<figure class=\"wp-block-image size-large\"><img data-dominant-color=\"606344\" data-has-transparency=\"false\" style=\"--dominant-color: #606344;\" loading=\"lazy\" decoding=\"async\" width=\"1024\" height=\"576\" src=\"https:\/\/hotelesfray.com\/wp-content\/uploads\/2024\/07\/image-2-1024x576.png\" alt=\"\" class=\"wp-image-5174 not-transparent\" srcset=\"https:\/\/hotelesfray.com\/wp-content\/uploads\/2024\/07\/image-2-1024x576.png 1024w, https:\/\/hotelesfray.com\/wp-content\/uploads\/2024\/07\/image-2-980x551.png 980w, https:\/\/hotelesfray.com\/wp-content\/uploads\/2024\/07\/image-2-480x270.png 480w\" sizes=\"(min-width: 0px) and (max-width: 480px) 480px, (min-width: 481px) and (max-width: 980px) 980px, (min-width: 981px) 1024px, 100vw\" \/><figcaption class=\"wp-element-caption\">Foto: <a href=\"https:\/\/www.youtube.com\/watch?app=desktop&amp;v=rmqcWfGey9A\">Luis Ram\u00edrez<\/a><\/figcaption><\/figure>\n\n\n\n<h2 class=\"wp-block-heading\">4. Arroyo \u00abEl Chilte\u00bb y \u00abLa Mina\u00bb<\/h2>\n\n\n\n<p>El Chilte es un balneario natural y que cruza la carretera Tepic \u2013 Aguamilpa, aproximadamente a 45 minutos del Centro Hist\u00f3rico de la capital. Un lugar apto para toda la familia, te permite sumergirte en sus refrescantes aguas y pasar una tarde agradable y tranquila.<\/p>\n\n\n\n<p>A s\u00f3lo unos minutos m\u00e1s adelante se encuentra el balneario natural de La Mina, un espacio m\u00e1s peque\u00f1o y privado que oculta al final de su recorrido una hermosa cascada y m\u00faltiples cuerpos de agua cubiertos por exuberante vegetaci\u00f3n.<\/p>\n\n\n\n<figure class=\"wp-block-image size-large\"><img data-dominant-color=\"6a7788\" data-has-transparency=\"false\" style=\"--dominant-color: #6a7788;\" loading=\"lazy\" decoding=\"async\" width=\"1024\" height=\"576\" src=\"https:\/\/hotelesfray.com\/wp-content\/uploads\/2024\/07\/image-3-1024x576.png\" alt=\"\" class=\"wp-image-5175 not-transparent\" srcset=\"https:\/\/hotelesfray.com\/wp-content\/uploads\/2024\/07\/image-3-980x551.png 980w, https:\/\/hotelesfray.com\/wp-content\/uploads\/2024\/07\/image-3-480x270.png 480w\" sizes=\"(min-width: 0px) and (max-width: 480px) 480px, (min-width: 481px) and (max-width: 980px) 980px, (min-width: 981px) 1024px, 100vw\" \/><figcaption class=\"wp-element-caption\">Foto: <a href=\"https:\/\/ruta21.mx\/tour\/senderismo-en-volcan-sanganguey\">Ruta21.mx<\/a><\/figcaption><\/figure>\n\n\n\n<h2 class=\"wp-block-heading\">5. Senderismo Sierra de San Juan y Sangang\u00fcey<\/h2>\n\n\n\n<p>Tepic significa \u00ablugar de piedras macizas\u00bb, origen adecuado para una ciudad que se encuentra rodeada de cerros. Un pasatiempo popular de sus habitantes es hacer rutas de senderismo al oeste de la ciudad en el Cerro de San Juan, a s\u00f3lo 5 minutos del centro. \u00bfBuscas un reto m\u00e1s exigente? El volc\u00e1n Sangang\u00fcey lo supera por mucho en elevaci\u00f3n, te recomendamos visitarlo en un recorrido guiado para tener mayor certeza y seguridad.<\/p>\n\n\n\n<figure class=\"wp-block-image size-large\"><img data-dominant-color=\"2e494f\" data-has-transparency=\"false\" style=\"--dominant-color: #2e494f;\" loading=\"lazy\" decoding=\"async\" width=\"1024\" height=\"683\" src=\"https:\/\/hotelesfray.com\/wp-content\/uploads\/2024\/07\/image-4-1024x683.png\" alt=\"\" class=\"wp-image-5176 not-transparent\" srcset=\"https:\/\/hotelesfray.com\/wp-content\/uploads\/2024\/07\/image-4-980x654.png 980w, https:\/\/hotelesfray.com\/wp-content\/uploads\/2024\/07\/image-4-480x320.png 480w\" sizes=\"(min-width: 0px) and (max-width: 480px) 480px, (min-width: 481px) and (max-width: 980px) 980px, (min-width: 981px) 1024px, 100vw\" \/><\/figure>\n\n\n\n<h2 class=\"wp-block-heading\">6. Bellavista: Barrio M\u00e1gico<\/h2>\n\n\n\n<p>Bellavista es un pueblo hist\u00f3rico de Nayarit, su ex-f\u00e1brica textil fue escenario de la primera huelga obrera del siglo XX. Aqu\u00ed se fabricaban productos en tela hasta finales de 1990, y se convierte actualmente en un escenario cultural, con una escuela de artes y un archivo municipal. Junto a la f\u00e1brica est\u00e1 el Restaurante \u00abLos Telares\u00bb, lugar ideal para empezar el d\u00eda con un desayuno y un rico caf\u00e9 de olla.<\/p>\n\n\n\n<h2 class=\"wp-block-heading\">7. Santuario El Pich\u00f3n<\/h2>\n\n\n\n<p>Un lugar sagrado e importante para todos los creyentes mexicanos, El Pich\u00f3n alberga el Santuario de \u00abNuestra Se\u00f1ora de Guadalupe\u00bb, un templo de colores vibrantes y gran presencia espiritual. \u00bfQuieres refrescarte en este poblado? A s\u00f3lo unos metros se encuentra Barranquitas, un peque\u00f1o balneario enclavado en los cerros de la zona.<\/p>\n\n\n\n<figure class=\"wp-block-image size-large\"><img data-dominant-color=\"3e4838\" data-has-transparency=\"false\" style=\"--dominant-color: #3e4838;\" loading=\"lazy\" decoding=\"async\" width=\"1024\" height=\"576\" src=\"https:\/\/hotelesfray.com\/wp-content\/uploads\/2024\/07\/image-5-1024x576.png\" alt=\"\" class=\"wp-image-5177 not-transparent\" srcset=\"https:\/\/hotelesfray.com\/wp-content\/uploads\/2024\/07\/image-5-1024x576.png 1024w, https:\/\/hotelesfray.com\/wp-content\/uploads\/2024\/07\/image-5-980x551.png 980w, https:\/\/hotelesfray.com\/wp-content\/uploads\/2024\/07\/image-5-480x270.png 480w\" sizes=\"(min-width: 0px) and (max-width: 480px) 480px, (min-width: 481px) and (max-width: 980px) 980px, (min-width: 981px) 1024px, 100vw\" \/><figcaption class=\"wp-element-caption\">Foto: <a href=\"https:\/\/www.youtube.com\/watch?app=desktop&amp;v=z6b2bFa7xu0\">Random Adventures<\/a><\/figcaption><\/figure>\n\n\n\n<h2 class=\"wp-block-heading\">8. Cascada \u00abEl Elefante\u00bb y \u00abJumat\u00e1n\u00bb<\/h2>\n\n\n\n<p>En Tepic tenemos innumerables rutas adecuadas para el ciclismo, todas con destinos impresionantes como recompensa por el esfuerzo f\u00edsico de llegar a ellas. La cascada \u00abEl Elefante\u00bb est\u00e1 muy cerca de Francisco I. Madero (Puga), y recibe su nombre por la formaci\u00f3n rocosa que se aprecia al fondo del ca\u00f1\u00f3n donde est\u00e1 ubicada. El Salto de Jumat\u00e1n por su parte est\u00e1 ubicado en la autopista Tepic \u2013 Mazatl\u00e1n, antes de su entronque de las curvas conocidas como \u00abEl Caracol\u00bb.<\/p>\n\n\n\n<h2 class=\"wp-block-heading\">9. Presa El Jile\u00f1o<\/h2>\n\n\n\n<p>Un destino apto para toda la familia, El Jile\u00f1o se encuentra pasando el poblado de El Jicote, en el extremo norte del municipio. Se trata de una represa que contiene las aguas del r\u00edo Santiago, convirti\u00e9ndose en lugar de reuni\u00f3n rodeado de naturaleza. En las cercan\u00edas encontrar\u00e1s un restaurante de mariscos para disfrutar del sabor m\u00e1s nayarita.<\/p>\n\n\n\n<figure class=\"wp-block-image size-large\"><img data-dominant-color=\"d4eadf\" data-has-transparency=\"false\" style=\"--dominant-color: #d4eadf;\" loading=\"lazy\" decoding=\"async\" width=\"1024\" height=\"1024\" src=\"https:\/\/hotelesfray.com\/wp-content\/uploads\/2024\/07\/MapaLugares-1024x1024.webp\" alt=\"\" class=\"wp-image-5170 not-transparent\" srcset=\"https:\/\/hotelesfray.com\/wp-content\/uploads\/2024\/07\/MapaLugares-1024x1024.webp 1024w, https:\/\/hotelesfray.com\/wp-content\/uploads\/2024\/07\/MapaLugares-300x300.webp 300w, https:\/\/hotelesfray.com\/wp-content\/uploads\/2024\/07\/MapaLugares-150x150.webp 150w, https:\/\/hotelesfray.com\/wp-content\/uploads\/2024\/07\/MapaLugares-768x768.webp 768w, https:\/\/hotelesfray.com\/wp-content\/uploads\/2024\/07\/MapaLugares-980x980.webp 980w, https:\/\/hotelesfray.com\/wp-content\/uploads\/2024\/07\/MapaLugares-480x480.webp 480w, https:\/\/hotelesfray.com\/wp-content\/uploads\/2024\/07\/MapaLugares-jpg.webp 1080w\" sizes=\"(max-width: 1024px) 100vw, 1024px\" \/><\/figure>\n\n\n\n<h2 class=\"wp-block-heading\">\u00bfBuscas m\u00e1s atractivos?<\/h2>\n\n\n\n<p>\u00bfQuieres conocer acerca de los restaurantes, museos, parques, centros comerciales y m\u00e1s atractivos en Tepic? Te invitamos a <a href=\"https:\/\/hotelesfray.com\/en\/guia-turistica\/\">visitar la gu\u00eda tur\u00edstica de la ciudad<\/a>, donde nos adentramos a profundidad en los sitios de inter\u00e9s del coraz\u00f3n de Nayarit.<\/p>\n\n\n\n<div class=\"wp-block-buttons is-layout-flex wp-block-buttons-is-layout-flex\">\n<div class=\"wp-block-button\"><a class=\"wp-block-button__link wp-element-button\" href=\"https:\/\/hotelesfray.com\/en\/guia-turistica\/\">Gu\u00eda tur\u00edstica: Tepic<\/a><\/div>\n<\/div>\n\n\n\n<p>Tepic tiene una posici\u00f3n privilegiada con destinos tur\u00edsticos de otros municipios a s\u00f3lo minutos de distancia. Siempre es bueno recordar joyas como las playa de Matanch\u00e9n a s\u00f3lo 25 minutos de viaje, la Laguna de Santa Mar\u00eda del Oro a 45 minutos de trayecto o los Pueblos M\u00e1gicos de Compostela, Jala, Ixtl\u00e1n del R\u00edo, San Blas, Mexcaltit\u00e1n y Ahuacatl\u00e1n, a una hora de distancia aproximadamente.<\/p>","protected":false},"excerpt":{"rendered":"<p>Tepic es un municipio hermoso del estado de Nayarit, con atractivos tan diversos como interesantes. Con m\u00e1s de 1,500 kil\u00f3metros cuadrados de extensi\u00f3n, y cientos de destinos a s\u00f3lo minutos en los municipios cercanos, la diversi\u00f3n nunca termina. \u00bfC\u00f3mo llegar a cada uno de estos destinos? Visita nuestra p\u00e1gina de tour operadores y accede a [&hellip;]<\/p>\n","protected":false},"author":2,"featured_media":5173,"comment_status":"closed","ping_status":"open","sticky":false,"template":"","format":"standard","meta":{"_et_pb_use_builder":"","_et_pb_old_content":"","_et_gb_content_width":"","footnotes":""},"categories":[44,26],"tags":[],"class_list":["post-5166","post","type-post","status-publish","format-standard","has-post-thumbnail","hentry","category-playas","category-tepic"],"yoast_head":"<!-- This site is optimized with the Yoast SEO plugin v27.4 - https:\/\/yoast.com\/product\/yoast-seo-wordpress\/ -->\n<title>Hotels in Tepic | Hoteles Fray \u2013 Complimentary Buffet Breakfast<\/title>\n<meta name=\"description\" content=\"Looking for hotels in Tepic? Hoteles Fray offers the best location, complimentary buffet breakfast, free WiFi, and flexible cancellation. Book directly with no deposit!\" \/>\n<meta name=\"robots\" content=\"index, follow, max-snippet:-1, max-image-preview:large, max-video-preview:-1\" \/>\n<link rel=\"canonical\" href=\"https:\/\/hotelesfray.com\/en\/2024\/07\/10\/que-hacer-este-verano-por-tepic-y-sus-alrededores\/\" \/>\n<meta property=\"og:locale\" content=\"en_US\" \/>\n<meta property=\"og:type\" content=\"article\" \/>\n<meta property=\"og:title\" content=\"Hotels in Tepic | Hoteles Fray \u2013 Complimentary Buffet Breakfast\" \/>\n<meta property=\"og:description\" content=\"Looking for hotels in Tepic? Hoteles Fray offers the best location, complimentary buffet breakfast, free WiFi, and flexible cancellation. Book directly with no deposit!\" \/>\n<meta property=\"og:url\" content=\"https:\/\/hotelesfray.com\/en\/2024\/07\/10\/que-hacer-este-verano-por-tepic-y-sus-alrededores\/\" \/>\n<meta property=\"og:site_name\" content=\"Hoteles Fray\" \/>\n<meta property=\"article:published_time\" content=\"2024-07-10T16:57:55+00:00\" \/>\n<meta property=\"article:modified_time\" content=\"2025-02-24T00:37:15+00:00\" \/>\n<meta property=\"og:image\" content=\"https:\/\/hotelesfray.com\/wp-content\/uploads\/2024\/07\/image-1-1024x713.png\" \/>\n\t<meta property=\"og:image:width\" content=\"1024\" \/>\n\t<meta property=\"og:image:height\" content=\"713\" \/>\n\t<meta property=\"og:image:type\" content=\"image\/png\" \/>\n<meta name=\"author\" content=\"Eduardo Lopez\" \/>\n<meta name=\"twitter:card\" content=\"summary_large_image\" \/>\n<meta name=\"twitter:label1\" content=\"Written by\" \/>\n\t<meta name=\"twitter:data1\" content=\"Eduardo Lopez\" \/>\n\t<meta name=\"twitter:label2\" content=\"Est. reading time\" \/>\n\t<meta name=\"twitter:data2\" content=\"4 minutes\" \/>\n<script type=\"application\/ld+json\" class=\"yoast-schema-graph\">{\"@context\":\"https:\\\/\\\/schema.org\",\"@graph\":[{\"@type\":[\"Article\",\"BlogPosting\"],\"@id\":\"https:\\\/\\\/hotelesfray.com\\\/2024\\\/07\\\/10\\\/que-hacer-este-verano-por-tepic-y-sus-alrededores\\\/#article\",\"isPartOf\":{\"@id\":\"https:\\\/\\\/hotelesfray.com\\\/2024\\\/07\\\/10\\\/que-hacer-este-verano-por-tepic-y-sus-alrededores\\\/\"},\"author\":{\"name\":\"Eduardo Lopez\",\"@id\":\"https:\\\/\\\/hotelesfray.com\\\/#\\\/schema\\\/person\\\/1a3f5909146e66cdba9aa8b37f1858e1\"},\"headline\":\"\u00bfQu\u00e9 hacer este verano por Tepic y sus alrededores?\",\"datePublished\":\"2024-07-10T16:57:55+00:00\",\"dateModified\":\"2025-02-24T00:37:15+00:00\",\"mainEntityOfPage\":{\"@id\":\"https:\\\/\\\/hotelesfray.com\\\/2024\\\/07\\\/10\\\/que-hacer-este-verano-por-tepic-y-sus-alrededores\\\/\"},\"wordCount\":862,\"publisher\":{\"@id\":\"https:\\\/\\\/hotelesfray.com\\\/#organization\"},\"image\":{\"@id\":\"https:\\\/\\\/hotelesfray.com\\\/2024\\\/07\\\/10\\\/que-hacer-este-verano-por-tepic-y-sus-alrededores\\\/#primaryimage\"},\"thumbnailUrl\":\"https:\\\/\\\/hotelesfray.com\\\/wp-content\\\/uploads\\\/2024\\\/07\\\/image-1.png\",\"articleSection\":[\"Playas\",\"Tepic\"],\"inLanguage\":\"en-US\"},{\"@type\":\"WebPage\",\"@id\":\"https:\\\/\\\/hotelesfray.com\\\/2024\\\/07\\\/10\\\/que-hacer-este-verano-por-tepic-y-sus-alrededores\\\/\",\"url\":\"https:\\\/\\\/hotelesfray.com\\\/2024\\\/07\\\/10\\\/que-hacer-este-verano-por-tepic-y-sus-alrededores\\\/\",\"name\":\"\u00bfQu\u00e9 hacer este verano por Tepic y sus alrededores? | Hoteles Fray\",\"isPartOf\":{\"@id\":\"https:\\\/\\\/hotelesfray.com\\\/#website\"},\"primaryImageOfPage\":{\"@id\":\"https:\\\/\\\/hotelesfray.com\\\/2024\\\/07\\\/10\\\/que-hacer-este-verano-por-tepic-y-sus-alrededores\\\/#primaryimage\"},\"image\":{\"@id\":\"https:\\\/\\\/hotelesfray.com\\\/2024\\\/07\\\/10\\\/que-hacer-este-verano-por-tepic-y-sus-alrededores\\\/#primaryimage\"},\"thumbnailUrl\":\"https:\\\/\\\/hotelesfray.com\\\/wp-content\\\/uploads\\\/2024\\\/07\\\/image-1.png\",\"datePublished\":\"2024-07-10T16:57:55+00:00\",\"dateModified\":\"2025-02-24T00:37:15+00:00\",\"breadcrumb\":{\"@id\":\"https:\\\/\\\/hotelesfray.com\\\/2024\\\/07\\\/10\\\/que-hacer-este-verano-por-tepic-y-sus-alrededores\\\/#breadcrumb\"},\"inLanguage\":\"en-US\",\"potentialAction\":[{\"@type\":\"ReadAction\",\"target\":[\"https:\\\/\\\/hotelesfray.com\\\/2024\\\/07\\\/10\\\/que-hacer-este-verano-por-tepic-y-sus-alrededores\\\/\"]}]},{\"@type\":\"ImageObject\",\"inLanguage\":\"en-US\",\"@id\":\"https:\\\/\\\/hotelesfray.com\\\/2024\\\/07\\\/10\\\/que-hacer-este-verano-por-tepic-y-sus-alrededores\\\/#primaryimage\",\"url\":\"https:\\\/\\\/hotelesfray.com\\\/wp-content\\\/uploads\\\/2024\\\/07\\\/image-1.png\",\"contentUrl\":\"https:\\\/\\\/hotelesfray.com\\\/wp-content\\\/uploads\\\/2024\\\/07\\\/image-1.png\",\"width\":2048,\"height\":1426},{\"@type\":\"BreadcrumbList\",\"@id\":\"https:\\\/\\\/hotelesfray.com\\\/2024\\\/07\\\/10\\\/que-hacer-este-verano-por-tepic-y-sus-alrededores\\\/#breadcrumb\",\"itemListElement\":[{\"@type\":\"ListItem\",\"position\":1,\"name\":\"Playas\",\"item\":\"https:\\\/\\\/hotelesfray.com\\\/category\\\/playas\\\/\"},{\"@type\":\"ListItem\",\"position\":2,\"name\":\"\u00bfQu\u00e9 hacer este verano por Tepic y sus alrededores?\"}]},{\"@type\":\"WebSite\",\"@id\":\"https:\\\/\\\/hotelesfray.com\\\/#website\",\"url\":\"https:\\\/\\\/hotelesfray.com\\\/\",\"name\":\"Hoteles Fray\",\"description\":\"Los Mejores Hoteles en el Centro de Tepic, Nayarit\",\"publisher\":{\"@id\":\"https:\\\/\\\/hotelesfray.com\\\/#organization\"},\"potentialAction\":[{\"@type\":\"SearchAction\",\"target\":{\"@type\":\"EntryPoint\",\"urlTemplate\":\"https:\\\/\\\/hotelesfray.com\\\/?s={search_term_string}\"},\"query-input\":{\"@type\":\"PropertyValueSpecification\",\"valueRequired\":true,\"valueName\":\"search_term_string\"}}],\"inLanguage\":\"en-US\"},{\"@type\":\"Organization\",\"@id\":\"https:\\\/\\\/hotelesfray.com\\\/#organization\",\"name\":\"Hoteles Fray\",\"url\":\"https:\\\/\\\/hotelesfray.com\\\/\",\"logo\":{\"@type\":\"ImageObject\",\"inLanguage\":\"en-US\",\"@id\":\"https:\\\/\\\/hotelesfray.com\\\/#\\\/schema\\\/logo\\\/image\\\/\",\"url\":\"https:\\\/\\\/hotelesfray.com\\\/wp-content\\\/uploads\\\/2023\\\/01\\\/HotelesFray-cuadro.png\",\"contentUrl\":\"https:\\\/\\\/hotelesfray.com\\\/wp-content\\\/uploads\\\/2023\\\/01\\\/HotelesFray-cuadro.png\",\"width\":2200,\"height\":2200,\"caption\":\"Hoteles Fray\"},\"image\":{\"@id\":\"https:\\\/\\\/hotelesfray.com\\\/#\\\/schema\\\/logo\\\/image\\\/\"}},{\"@type\":\"Person\",\"@id\":\"https:\\\/\\\/hotelesfray.com\\\/#\\\/schema\\\/person\\\/1a3f5909146e66cdba9aa8b37f1858e1\",\"name\":\"Eduardo Lopez\",\"image\":{\"@type\":\"ImageObject\",\"inLanguage\":\"en-US\",\"@id\":\"https:\\\/\\\/secure.gravatar.com\\\/avatar\\\/3d6f41a002d28c6845cb55b565f68141a241a36951b539d6f4dbddac28595734?s=96&d=mm&r=g\",\"url\":\"https:\\\/\\\/secure.gravatar.com\\\/avatar\\\/3d6f41a002d28c6845cb55b565f68141a241a36951b539d6f4dbddac28595734?s=96&d=mm&r=g\",\"contentUrl\":\"https:\\\/\\\/secure.gravatar.com\\\/avatar\\\/3d6f41a002d28c6845cb55b565f68141a241a36951b539d6f4dbddac28595734?s=96&d=mm&r=g\",\"caption\":\"Eduardo Lopez\"},\"url\":\"https:\\\/\\\/hotelesfray.com\\\/en\\\/author\\\/gente\\\/\"}]}<\/script>\n<!-- \/ Yoast SEO plugin. -->","yoast_head_json":{"title":"Hotels in Tepic | Hoteles Fray \u2013 Complimentary Buffet Breakfast","description":"Looking for hotels in Tepic? Hoteles Fray offers the best location, complimentary buffet breakfast, free WiFi, and flexible cancellation. Book directly with no deposit!","robots":{"index":"index","follow":"follow","max-snippet":"max-snippet:-1","max-image-preview":"max-image-preview:large","max-video-preview":"max-video-preview:-1"},"canonical":"https:\/\/hotelesfray.com\/en\/2024\/07\/10\/que-hacer-este-verano-por-tepic-y-sus-alrededores\/","og_locale":"en_US","og_type":"article","og_title":"Hotels in Tepic | Hoteles Fray \u2013 Complimentary Buffet Breakfast","og_description":"Looking for hotels in Tepic? Hoteles Fray offers the best location, complimentary buffet breakfast, free WiFi, and flexible cancellation. Book directly with no deposit!","og_url":"https:\/\/hotelesfray.com\/en\/2024\/07\/10\/que-hacer-este-verano-por-tepic-y-sus-alrededores\/","og_site_name":"Hoteles Fray","article_published_time":"2024-07-10T16:57:55+00:00","article_modified_time":"2025-02-24T00:37:15+00:00","og_image":[{"width":1024,"height":713,"url":"https:\/\/hotelesfray.com\/wp-content\/uploads\/2024\/07\/image-1-1024x713.png","type":"image\/png"}],"author":"Eduardo Lopez","twitter_card":"summary_large_image","twitter_misc":{"Written by":"Eduardo Lopez","Est. reading time":"4 minutes"},"schema":{"@context":"https:\/\/schema.org","@graph":[{"@type":["Article","BlogPosting"],"@id":"https:\/\/hotelesfray.com\/2024\/07\/10\/que-hacer-este-verano-por-tepic-y-sus-alrededores\/#article","isPartOf":{"@id":"https:\/\/hotelesfray.com\/2024\/07\/10\/que-hacer-este-verano-por-tepic-y-sus-alrededores\/"},"author":{"name":"Eduardo Lopez","@id":"https:\/\/hotelesfray.com\/#\/schema\/person\/1a3f5909146e66cdba9aa8b37f1858e1"},"headline":"\u00bfQu\u00e9 hacer este verano por Tepic y sus alrededores?","datePublished":"2024-07-10T16:57:55+00:00","dateModified":"2025-02-24T00:37:15+00:00","mainEntityOfPage":{"@id":"https:\/\/hotelesfray.com\/2024\/07\/10\/que-hacer-este-verano-por-tepic-y-sus-alrededores\/"},"wordCount":862,"publisher":{"@id":"https:\/\/hotelesfray.com\/#organization"},"image":{"@id":"https:\/\/hotelesfray.com\/2024\/07\/10\/que-hacer-este-verano-por-tepic-y-sus-alrededores\/#primaryimage"},"thumbnailUrl":"https:\/\/hotelesfray.com\/wp-content\/uploads\/2024\/07\/image-1.png","articleSection":["Playas","Tepic"],"inLanguage":"en-US"},{"@type":"WebPage","@id":"https:\/\/hotelesfray.com\/2024\/07\/10\/que-hacer-este-verano-por-tepic-y-sus-alrededores\/","url":"https:\/\/hotelesfray.com\/2024\/07\/10\/que-hacer-este-verano-por-tepic-y-sus-alrededores\/","name":"\u00bfQu\u00e9 hacer este verano por Tepic y sus alrededores? | Hoteles Fray","isPartOf":{"@id":"https:\/\/hotelesfray.com\/#website"},"primaryImageOfPage":{"@id":"https:\/\/hotelesfray.com\/2024\/07\/10\/que-hacer-este-verano-por-tepic-y-sus-alrededores\/#primaryimage"},"image":{"@id":"https:\/\/hotelesfray.com\/2024\/07\/10\/que-hacer-este-verano-por-tepic-y-sus-alrededores\/#primaryimage"},"thumbnailUrl":"https:\/\/hotelesfray.com\/wp-content\/uploads\/2024\/07\/image-1.png","datePublished":"2024-07-10T16:57:55+00:00","dateModified":"2025-02-24T00:37:15+00:00","breadcrumb":{"@id":"https:\/\/hotelesfray.com\/2024\/07\/10\/que-hacer-este-verano-por-tepic-y-sus-alrededores\/#breadcrumb"},"inLanguage":"en-US","potentialAction":[{"@type":"ReadAction","target":["https:\/\/hotelesfray.com\/2024\/07\/10\/que-hacer-este-verano-por-tepic-y-sus-alrededores\/"]}]},{"@type":"ImageObject","inLanguage":"en-US","@id":"https:\/\/hotelesfray.com\/2024\/07\/10\/que-hacer-este-verano-por-tepic-y-sus-alrededores\/#primaryimage","url":"https:\/\/hotelesfray.com\/wp-content\/uploads\/2024\/07\/image-1.png","contentUrl":"https:\/\/hotelesfray.com\/wp-content\/uploads\/2024\/07\/image-1.png","width":2048,"height":1426},{"@type":"BreadcrumbList","@id":"https:\/\/hotelesfray.com\/2024\/07\/10\/que-hacer-este-verano-por-tepic-y-sus-alrededores\/#breadcrumb","itemListElement":[{"@type":"ListItem","position":1,"name":"Playas","item":"https:\/\/hotelesfray.com\/category\/playas\/"},{"@type":"ListItem","position":2,"name":"\u00bfQu\u00e9 hacer este verano por Tepic y sus alrededores?"}]},{"@type":"WebSite","@id":"https:\/\/hotelesfray.com\/#website","url":"https:\/\/hotelesfray.com\/","name":"Hoteles Fray","description":"Los Mejores Hoteles en el Centro de Tepic, Nayarit","publisher":{"@id":"https:\/\/hotelesfray.com\/#organization"},"potentialAction":[{"@type":"SearchAction","target":{"@type":"EntryPoint","urlTemplate":"https:\/\/hotelesfray.com\/?s={search_term_string}"},"query-input":{"@type":"PropertyValueSpecification","valueRequired":true,"valueName":"search_term_string"}}],"inLanguage":"en-US"},{"@type":"Organization","@id":"https:\/\/hotelesfray.com\/#organization","name":"Hoteles Fray","url":"https:\/\/hotelesfray.com\/","logo":{"@type":"ImageObject","inLanguage":"en-US","@id":"https:\/\/hotelesfray.com\/#\/schema\/logo\/image\/","url":"https:\/\/hotelesfray.com\/wp-content\/uploads\/2023\/01\/HotelesFray-cuadro.png","contentUrl":"https:\/\/hotelesfray.com\/wp-content\/uploads\/2023\/01\/HotelesFray-cuadro.png","width":2200,"height":2200,"caption":"Hoteles Fray"},"image":{"@id":"https:\/\/hotelesfray.com\/#\/schema\/logo\/image\/"}},{"@type":"Person","@id":"https:\/\/hotelesfray.com\/#\/schema\/person\/1a3f5909146e66cdba9aa8b37f1858e1","name":"Eduardo Lopez","image":{"@type":"ImageObject","inLanguage":"en-US","@id":"https:\/\/secure.gravatar.com\/avatar\/3d6f41a002d28c6845cb55b565f68141a241a36951b539d6f4dbddac28595734?s=96&d=mm&r=g","url":"https:\/\/secure.gravatar.com\/avatar\/3d6f41a002d28c6845cb55b565f68141a241a36951b539d6f4dbddac28595734?s=96&d=mm&r=g","contentUrl":"https:\/\/secure.gravatar.com\/avatar\/3d6f41a002d28c6845cb55b565f68141a241a36951b539d6f4dbddac28595734?s=96&d=mm&r=g","caption":"Eduardo Lopez"},"url":"https:\/\/hotelesfray.com\/en\/author\/gente\/"}]}},"_links":{"self":[{"href":"https:\/\/hotelesfray.com\/en\/wp-json\/wp\/v2\/posts\/5166","targetHints":{"allow":["GET"]}}],"collection":[{"href":"https:\/\/hotelesfray.com\/en\/wp-json\/wp\/v2\/posts"}],"about":[{"href":"https:\/\/hotelesfray.com\/en\/wp-json\/wp\/v2\/types\/post"}],"author":[{"embeddable":true,"href":"https:\/\/hotelesfray.com\/en\/wp-json\/wp\/v2\/users\/2"}],"replies":[{"embeddable":true,"href":"https:\/\/hotelesfray.com\/en\/wp-json\/wp\/v2\/comments?post=5166"}],"version-history":[{"count":3,"href":"https:\/\/hotelesfray.com\/en\/wp-json\/wp\/v2\/posts\/5166\/revisions"}],"predecessor-version":[{"id":5178,"href":"https:\/\/hotelesfray.com\/en\/wp-json\/wp\/v2\/posts\/5166\/revisions\/5178"}],"wp:featuredmedia":[{"embeddable":true,"href":"https:\/\/hotelesfray.com\/en\/wp-json\/wp\/v2\/media\/5173"}],"wp:attachment":[{"href":"https:\/\/hotelesfray.com\/en\/wp-json\/wp\/v2\/media?parent=5166"}],"wp:term":[{"taxonomy":"category","embeddable":true,"href":"https:\/\/hotelesfray.com\/en\/wp-json\/wp\/v2\/categories?post=5166"},{"taxonomy":"post_tag","embeddable":true,"href":"https:\/\/hotelesfray.com\/en\/wp-json\/wp\/v2\/tags?post=5166"}],"curies":[{"name":"wp","href":"https:\/\/api.w.org\/{rel}","templated":true}]}}