{"id":5265,"date":"2024-08-22T00:36:00","date_gmt":"2024-08-22T04:36:00","guid":{"rendered":"https:\/\/hotelesfray.com\/?p=5265"},"modified":"2025-02-23T20:33:48","modified_gmt":"2025-02-24T00:33:48","slug":"conoce-jala-un-pueblo-magico","status":"publish","type":"post","link":"https:\/\/hotelesfray.com\/en\/2024\/08\/22\/conoce-jala-un-pueblo-magico\/","title":{"rendered":"Conoce Jala: Un Pueblo M\u00e1gico"},"content":{"rendered":"<p>El Pueblo M\u00e1gico de Jala se encuentra en el estado de Nayarit y se le considera como uno de los municipios m\u00e1s relevantes del estado, especialmente por su riqueza natural, cultural e hist\u00f3rica. El nombre \u201cJala\u201d quiere decir en idioma ind\u00edgena \u201cabundante en arena\u201d. Se convirti\u00f3 en municipio nayarita el 5 de febrero de 1918 y tiene una valiosa abundancia en monumentos, as\u00ed como varios atractivos eco tur\u00edsticos en sus alrededores.<\/p>\n\n\n\n<figure class=\"wp-block-image size-large\"><img data-dominant-color=\"626c67\" data-has-transparency=\"false\" style=\"--dominant-color: #626c67;\" loading=\"lazy\" decoding=\"async\" width=\"1024\" height=\"525\" src=\"https:\/\/hotelesfray.com\/wp-content\/uploads\/2024\/08\/JALA4-1392x714-1-1024x525.webp\" alt=\"\" class=\"wp-image-5268 not-transparent\" srcset=\"https:\/\/hotelesfray.com\/wp-content\/uploads\/2024\/08\/JALA4-1392x714-1-1024x525.webp 1024w, https:\/\/hotelesfray.com\/wp-content\/uploads\/2024\/08\/JALA4-1392x714-1-300x154.webp 300w, https:\/\/hotelesfray.com\/wp-content\/uploads\/2024\/08\/JALA4-1392x714-1-768x394.webp 768w, https:\/\/hotelesfray.com\/wp-content\/uploads\/2024\/08\/JALA4-1392x714-1-1080x554.webp 1080w, https:\/\/hotelesfray.com\/wp-content\/uploads\/2024\/08\/JALA4-1392x714-1-1280x657.webp 1280w, https:\/\/hotelesfray.com\/wp-content\/uploads\/2024\/08\/JALA4-1392x714-1-980x503.webp 980w, https:\/\/hotelesfray.com\/wp-content\/uploads\/2024\/08\/JALA4-1392x714-1-480x246.webp 480w, https:\/\/hotelesfray.com\/wp-content\/uploads\/2024\/08\/JALA4-1392x714-1-jpg.webp 1392w\" sizes=\"(max-width: 1024px) 100vw, 1024px\" \/><\/figure>\n\n\n\n<p>En Jala destacan atractivos como la Bas\u00edlica lateranense de Nuestra Se\u00f1ora de la Asunci\u00f3n, un tesoro arquitect\u00f3nico cuya construcci\u00f3n inici\u00f3 en 1856 utilizando cantera rosa, amarilla y verde como material. Este edificio combina en su proyecci\u00f3n arquitect\u00f3nica, los estilos romanos y g\u00f3tico. Tambi\u00e9n es interesante el Museo Comunitario de Jala, ubicado en el centro de la comunidad. Se trata de un hermoso museo instalado en una casona decimon\u00f3nica y expone una relevante colecci\u00f3n de piezas precolombinas y tradicionales del territorio nayarita. Imposible no recomendar el Volc\u00e1n el Ceboruco, con sus m\u00e1s de 2,280 metros de altura y cuya m\u00e1s reciente erupci\u00f3n se dio en 1870. En la actualidad se ha transformado en un parque natural muy frecuentado por quienes gustan del monta\u00f1ismo y por los extraordinarios paisajes que nos ofrece desde lo m\u00e1s elevado de los valles de Nayarit.<\/p>\n\n\n\n<p>Aconsejamos disfrutar de la tradicional Feria del Elote, la cual se lleva a cabo, a\u00f1o con a\u00f1o, el d\u00eda 15 de agosto. Como parte de este evento se realizan actividades deportivas, culturales y de promoci\u00f3n comercial de gran inter\u00e9s. El elote es el producto m\u00e1s significativo que se cultiva en Jala y las mazorcas que se dan en Jala son las m\u00e1s grandes del mundo, llegando a alcanzar hasta los cincuenta cent\u00edmetros de largo.<\/p>\n\n\n\n<figure class=\"wp-block-image size-large\"><img data-dominant-color=\"6a797d\" data-has-transparency=\"false\" style=\"--dominant-color: #6a797d;\" loading=\"lazy\" decoding=\"async\" width=\"1024\" height=\"524\" src=\"https:\/\/hotelesfray.com\/wp-content\/uploads\/2024\/08\/JALA5-1024x524.webp\" alt=\"\" class=\"wp-image-5267 not-transparent\" srcset=\"https:\/\/hotelesfray.com\/wp-content\/uploads\/2024\/08\/JALA5-1024x524.webp 1024w, https:\/\/hotelesfray.com\/wp-content\/uploads\/2024\/08\/JALA5-300x153.webp 300w, https:\/\/hotelesfray.com\/wp-content\/uploads\/2024\/08\/JALA5-768x393.webp 768w, https:\/\/hotelesfray.com\/wp-content\/uploads\/2024\/08\/JALA5-1080x552.webp 1080w, https:\/\/hotelesfray.com\/wp-content\/uploads\/2024\/08\/JALA5-980x501.webp 980w, https:\/\/hotelesfray.com\/wp-content\/uploads\/2024\/08\/JALA5-480x246.webp 480w, https:\/\/hotelesfray.com\/wp-content\/uploads\/2024\/08\/JALA5-jpg.webp 1167w\" sizes=\"(max-width: 1024px) 100vw, 1024px\" \/><\/figure>\n\n\n\n<p>Si hay algo que ponderar en Jala es la gran cantidad de monumentos hist\u00f3ricos con los que cuenta. Es seguro que se maravillar\u00e1n con su templo parroquial, construido en la segunda parte del siglo XIX y los restos de u viejo hospital, de barroca fachada. Dar un paseo por sus irregulares calles es una estupenda manera de acercarse a barrios llenos de historia y de leyendas. Es un verdadero disfrute contemplar las se\u00f1oriales y nobles construcciones de Jala, en especial los vestigios de la iglesia de San Francisco de As\u00eds, construida en 1674 y la segunda los restos de un convento de origen franciscano que fuera clausurado en 1810.<\/p>\n\n\n\n<p>Adem\u00e1s, recomendamos visitar la casa de la cultura de Jala, en donde se encuentra un peque\u00f1o museo con varias piezas precolombinas muy valiosas en t\u00e9rminos hist\u00f3ricos y arqueol\u00f3gicos.<\/p>\n\n\n\n<p>Con informaci\u00f3n de <a href=\"https:\/\/gentenayarit.com\/2019\/09\/30\/conoce-jala-un-pueblo-magico\/\">Gente Nayarit<\/a>.<\/p>\n\n\n\n<figure class=\"wp-block-image size-large\"><img data-dominant-color=\"8b818e\" data-has-transparency=\"false\" style=\"--dominant-color: #8b818e;\" loading=\"lazy\" decoding=\"async\" width=\"1024\" height=\"576\" src=\"https:\/\/hotelesfray.com\/wp-content\/uploads\/2024\/08\/JALAPORTA-1024x576.webp\" alt=\"\" class=\"wp-image-5266 not-transparent\" srcset=\"https:\/\/hotelesfray.com\/wp-content\/uploads\/2024\/08\/JALAPORTA-1024x576.webp 1024w, https:\/\/hotelesfray.com\/wp-content\/uploads\/2024\/08\/JALAPORTA-300x169.webp 300w, https:\/\/hotelesfray.com\/wp-content\/uploads\/2024\/08\/JALAPORTA-768x432.webp 768w, https:\/\/hotelesfray.com\/wp-content\/uploads\/2024\/08\/JALAPORTA-1536x864.webp 1536w, https:\/\/hotelesfray.com\/wp-content\/uploads\/2024\/08\/JALAPORTA-1080x608.webp 1080w, https:\/\/hotelesfray.com\/wp-content\/uploads\/2024\/08\/JALAPORTA-1280x720.webp 1280w, https:\/\/hotelesfray.com\/wp-content\/uploads\/2024\/08\/JALAPORTA-980x551.webp 980w, https:\/\/hotelesfray.com\/wp-content\/uploads\/2024\/08\/JALAPORTA-480x270.webp 480w, https:\/\/hotelesfray.com\/wp-content\/uploads\/2024\/08\/JALAPORTA-jpg.webp 1920w\" sizes=\"(max-width: 1024px) 100vw, 1024px\" \/><\/figure>","protected":false},"excerpt":{"rendered":"<p>El Pueblo M\u00e1gico de Jala se encuentra en el estado de Nayarit y se le considera como uno de los municipios m\u00e1s relevantes del estado, especialmente por su riqueza natural, cultural e hist\u00f3rica. El nombre \u201cJala\u201d quiere decir en idioma ind\u00edgena \u201cabundante en arena\u201d. Se convirti\u00f3 en municipio nayarita el 5 de febrero de 1918 [&hellip;]<\/p>\n","protected":false},"author":2,"featured_media":5270,"comment_status":"closed","ping_status":"open","sticky":false,"template":"","format":"standard","meta":{"_et_pb_use_builder":"","_et_pb_old_content":"","_et_gb_content_width":"","footnotes":""},"categories":[48],"tags":[],"class_list":["post-5265","post","type-post","status-publish","format-standard","has-post-thumbnail","hentry","category-jala"],"yoast_head":"<!-- This site is optimized with the Yoast SEO plugin v27.4 - https:\/\/yoast.com\/product\/yoast-seo-wordpress\/ -->\n<title>Hotels in Tepic | Hoteles Fray \u2013 Complimentary Buffet Breakfast<\/title>\n<meta name=\"description\" content=\"Looking for hotels in Tepic? Hoteles Fray offers the best location, complimentary buffet breakfast, free WiFi, and flexible cancellation. Book directly with no deposit!\" \/>\n<meta name=\"robots\" content=\"index, follow, max-snippet:-1, max-image-preview:large, max-video-preview:-1\" \/>\n<link rel=\"canonical\" href=\"https:\/\/hotelesfray.com\/en\/2024\/08\/22\/conoce-jala-un-pueblo-magico\/\" \/>\n<meta property=\"og:locale\" content=\"en_US\" \/>\n<meta property=\"og:type\" content=\"article\" \/>\n<meta property=\"og:title\" content=\"Hotels in Tepic | Hoteles Fray \u2013 Complimentary Buffet Breakfast\" \/>\n<meta property=\"og:description\" content=\"Looking for hotels in Tepic? Hoteles Fray offers the best location, complimentary buffet breakfast, free WiFi, and flexible cancellation. Book directly with no deposit!\" \/>\n<meta property=\"og:url\" content=\"https:\/\/hotelesfray.com\/en\/2024\/08\/22\/conoce-jala-un-pueblo-magico\/\" \/>\n<meta property=\"og:site_name\" content=\"Hoteles Fray\" \/>\n<meta property=\"article:published_time\" content=\"2024-08-22T04:36:00+00:00\" \/>\n<meta property=\"article:modified_time\" content=\"2025-02-24T00:33:48+00:00\" \/>\n<meta property=\"og:image\" content=\"https:\/\/hotelesfray.com\/wp-content\/uploads\/2024\/08\/JALA2-jpg.webp\" \/>\n\t<meta property=\"og:image:width\" content=\"1024\" \/>\n\t<meta property=\"og:image:height\" content=\"768\" \/>\n\t<meta property=\"og:image:type\" content=\"image\/jpeg\" \/>\n<meta name=\"author\" content=\"Eduardo Lopez\" \/>\n<meta name=\"twitter:card\" content=\"summary_large_image\" \/>\n<meta name=\"twitter:label1\" content=\"Written by\" \/>\n\t<meta name=\"twitter:data1\" content=\"Eduardo Lopez\" \/>\n\t<meta name=\"twitter:label2\" content=\"Est. reading time\" \/>\n\t<meta name=\"twitter:data2\" content=\"2 minutes\" \/>\n<script type=\"application\/ld+json\" class=\"yoast-schema-graph\">{\"@context\":\"https:\\\/\\\/schema.org\",\"@graph\":[{\"@type\":[\"Article\",\"BlogPosting\"],\"@id\":\"https:\\\/\\\/hotelesfray.com\\\/2024\\\/08\\\/22\\\/conoce-jala-un-pueblo-magico\\\/#article\",\"isPartOf\":{\"@id\":\"https:\\\/\\\/hotelesfray.com\\\/2024\\\/08\\\/22\\\/conoce-jala-un-pueblo-magico\\\/\"},\"author\":{\"name\":\"Eduardo Lopez\",\"@id\":\"https:\\\/\\\/hotelesfray.com\\\/#\\\/schema\\\/person\\\/1a3f5909146e66cdba9aa8b37f1858e1\"},\"headline\":\"Conoce Jala: Un Pueblo M\u00e1gico\",\"datePublished\":\"2024-08-22T04:36:00+00:00\",\"dateModified\":\"2025-02-24T00:33:48+00:00\",\"mainEntityOfPage\":{\"@id\":\"https:\\\/\\\/hotelesfray.com\\\/2024\\\/08\\\/22\\\/conoce-jala-un-pueblo-magico\\\/\"},\"wordCount\":464,\"publisher\":{\"@id\":\"https:\\\/\\\/hotelesfray.com\\\/#organization\"},\"image\":{\"@id\":\"https:\\\/\\\/hotelesfray.com\\\/2024\\\/08\\\/22\\\/conoce-jala-un-pueblo-magico\\\/#primaryimage\"},\"thumbnailUrl\":\"https:\\\/\\\/hotelesfray.com\\\/wp-content\\\/uploads\\\/2024\\\/08\\\/JALA2-jpg.webp\",\"articleSection\":[\"Jala\"],\"inLanguage\":\"en-US\"},{\"@type\":\"WebPage\",\"@id\":\"https:\\\/\\\/hotelesfray.com\\\/2024\\\/08\\\/22\\\/conoce-jala-un-pueblo-magico\\\/\",\"url\":\"https:\\\/\\\/hotelesfray.com\\\/2024\\\/08\\\/22\\\/conoce-jala-un-pueblo-magico\\\/\",\"name\":\"Conoce Jala: Un Pueblo M\u00e1gico | Hoteles Fray\",\"isPartOf\":{\"@id\":\"https:\\\/\\\/hotelesfray.com\\\/#website\"},\"primaryImageOfPage\":{\"@id\":\"https:\\\/\\\/hotelesfray.com\\\/2024\\\/08\\\/22\\\/conoce-jala-un-pueblo-magico\\\/#primaryimage\"},\"image\":{\"@id\":\"https:\\\/\\\/hotelesfray.com\\\/2024\\\/08\\\/22\\\/conoce-jala-un-pueblo-magico\\\/#primaryimage\"},\"thumbnailUrl\":\"https:\\\/\\\/hotelesfray.com\\\/wp-content\\\/uploads\\\/2024\\\/08\\\/JALA2-jpg.webp\",\"datePublished\":\"2024-08-22T04:36:00+00:00\",\"dateModified\":\"2025-02-24T00:33:48+00:00\",\"breadcrumb\":{\"@id\":\"https:\\\/\\\/hotelesfray.com\\\/2024\\\/08\\\/22\\\/conoce-jala-un-pueblo-magico\\\/#breadcrumb\"},\"inLanguage\":\"en-US\",\"potentialAction\":[{\"@type\":\"ReadAction\",\"target\":[\"https:\\\/\\\/hotelesfray.com\\\/2024\\\/08\\\/22\\\/conoce-jala-un-pueblo-magico\\\/\"]}]},{\"@type\":\"ImageObject\",\"inLanguage\":\"en-US\",\"@id\":\"https:\\\/\\\/hotelesfray.com\\\/2024\\\/08\\\/22\\\/conoce-jala-un-pueblo-magico\\\/#primaryimage\",\"url\":\"https:\\\/\\\/hotelesfray.com\\\/wp-content\\\/uploads\\\/2024\\\/08\\\/JALA2-jpg.webp\",\"contentUrl\":\"https:\\\/\\\/hotelesfray.com\\\/wp-content\\\/uploads\\\/2024\\\/08\\\/JALA2-jpg.webp\",\"width\":1024,\"height\":768},{\"@type\":\"BreadcrumbList\",\"@id\":\"https:\\\/\\\/hotelesfray.com\\\/2024\\\/08\\\/22\\\/conoce-jala-un-pueblo-magico\\\/#breadcrumb\",\"itemListElement\":[{\"@type\":\"ListItem\",\"position\":1,\"name\":\"Jala\",\"item\":\"https:\\\/\\\/hotelesfray.com\\\/category\\\/jala\\\/\"},{\"@type\":\"ListItem\",\"position\":2,\"name\":\"Conoce Jala: Un Pueblo M\u00e1gico\"}]},{\"@type\":\"WebSite\",\"@id\":\"https:\\\/\\\/hotelesfray.com\\\/#website\",\"url\":\"https:\\\/\\\/hotelesfray.com\\\/\",\"name\":\"Hoteles Fray\",\"description\":\"Los Mejores Hoteles en el Centro de Tepic, Nayarit\",\"publisher\":{\"@id\":\"https:\\\/\\\/hotelesfray.com\\\/#organization\"},\"potentialAction\":[{\"@type\":\"SearchAction\",\"target\":{\"@type\":\"EntryPoint\",\"urlTemplate\":\"https:\\\/\\\/hotelesfray.com\\\/?s={search_term_string}\"},\"query-input\":{\"@type\":\"PropertyValueSpecification\",\"valueRequired\":true,\"valueName\":\"search_term_string\"}}],\"inLanguage\":\"en-US\"},{\"@type\":\"Organization\",\"@id\":\"https:\\\/\\\/hotelesfray.com\\\/#organization\",\"name\":\"Hoteles Fray\",\"url\":\"https:\\\/\\\/hotelesfray.com\\\/\",\"logo\":{\"@type\":\"ImageObject\",\"inLanguage\":\"en-US\",\"@id\":\"https:\\\/\\\/hotelesfray.com\\\/#\\\/schema\\\/logo\\\/image\\\/\",\"url\":\"https:\\\/\\\/hotelesfray.com\\\/wp-content\\\/uploads\\\/2023\\\/01\\\/HotelesFray-cuadro.png\",\"contentUrl\":\"https:\\\/\\\/hotelesfray.com\\\/wp-content\\\/uploads\\\/2023\\\/01\\\/HotelesFray-cuadro.png\",\"width\":2200,\"height\":2200,\"caption\":\"Hoteles Fray\"},\"image\":{\"@id\":\"https:\\\/\\\/hotelesfray.com\\\/#\\\/schema\\\/logo\\\/image\\\/\"}},{\"@type\":\"Person\",\"@id\":\"https:\\\/\\\/hotelesfray.com\\\/#\\\/schema\\\/person\\\/1a3f5909146e66cdba9aa8b37f1858e1\",\"name\":\"Eduardo Lopez\",\"image\":{\"@type\":\"ImageObject\",\"inLanguage\":\"en-US\",\"@id\":\"https:\\\/\\\/secure.gravatar.com\\\/avatar\\\/3d6f41a002d28c6845cb55b565f68141a241a36951b539d6f4dbddac28595734?s=96&d=mm&r=g\",\"url\":\"https:\\\/\\\/secure.gravatar.com\\\/avatar\\\/3d6f41a002d28c6845cb55b565f68141a241a36951b539d6f4dbddac28595734?s=96&d=mm&r=g\",\"contentUrl\":\"https:\\\/\\\/secure.gravatar.com\\\/avatar\\\/3d6f41a002d28c6845cb55b565f68141a241a36951b539d6f4dbddac28595734?s=96&d=mm&r=g\",\"caption\":\"Eduardo Lopez\"},\"url\":\"https:\\\/\\\/hotelesfray.com\\\/en\\\/author\\\/gente\\\/\"}]}<\/script>\n<!-- \/ Yoast SEO plugin. -->","yoast_head_json":{"title":"Hotels in Tepic | Hoteles Fray \u2013 Complimentary Buffet Breakfast","description":"Looking for hotels in Tepic? Hoteles Fray offers the best location, complimentary buffet breakfast, free WiFi, and flexible cancellation. Book directly with no deposit!","robots":{"index":"index","follow":"follow","max-snippet":"max-snippet:-1","max-image-preview":"max-image-preview:large","max-video-preview":"max-video-preview:-1"},"canonical":"https:\/\/hotelesfray.com\/en\/2024\/08\/22\/conoce-jala-un-pueblo-magico\/","og_locale":"en_US","og_type":"article","og_title":"Hotels in Tepic | Hoteles Fray \u2013 Complimentary Buffet Breakfast","og_description":"Looking for hotels in Tepic? Hoteles Fray offers the best location, complimentary buffet breakfast, free WiFi, and flexible cancellation. Book directly with no deposit!","og_url":"https:\/\/hotelesfray.com\/en\/2024\/08\/22\/conoce-jala-un-pueblo-magico\/","og_site_name":"Hoteles Fray","article_published_time":"2024-08-22T04:36:00+00:00","article_modified_time":"2025-02-24T00:33:48+00:00","og_image":[{"width":1024,"height":768,"url":"https:\/\/hotelesfray.com\/wp-content\/uploads\/2024\/08\/JALA2-jpg.webp","type":"image\/jpeg"}],"author":"Eduardo Lopez","twitter_card":"summary_large_image","twitter_misc":{"Written by":"Eduardo Lopez","Est. reading time":"2 minutes"},"schema":{"@context":"https:\/\/schema.org","@graph":[{"@type":["Article","BlogPosting"],"@id":"https:\/\/hotelesfray.com\/2024\/08\/22\/conoce-jala-un-pueblo-magico\/#article","isPartOf":{"@id":"https:\/\/hotelesfray.com\/2024\/08\/22\/conoce-jala-un-pueblo-magico\/"},"author":{"name":"Eduardo Lopez","@id":"https:\/\/hotelesfray.com\/#\/schema\/person\/1a3f5909146e66cdba9aa8b37f1858e1"},"headline":"Conoce Jala: Un Pueblo M\u00e1gico","datePublished":"2024-08-22T04:36:00+00:00","dateModified":"2025-02-24T00:33:48+00:00","mainEntityOfPage":{"@id":"https:\/\/hotelesfray.com\/2024\/08\/22\/conoce-jala-un-pueblo-magico\/"},"wordCount":464,"publisher":{"@id":"https:\/\/hotelesfray.com\/#organization"},"image":{"@id":"https:\/\/hotelesfray.com\/2024\/08\/22\/conoce-jala-un-pueblo-magico\/#primaryimage"},"thumbnailUrl":"https:\/\/hotelesfray.com\/wp-content\/uploads\/2024\/08\/JALA2-jpg.webp","articleSection":["Jala"],"inLanguage":"en-US"},{"@type":"WebPage","@id":"https:\/\/hotelesfray.com\/2024\/08\/22\/conoce-jala-un-pueblo-magico\/","url":"https:\/\/hotelesfray.com\/2024\/08\/22\/conoce-jala-un-pueblo-magico\/","name":"Conoce Jala: Un Pueblo M\u00e1gico | Hoteles Fray","isPartOf":{"@id":"https:\/\/hotelesfray.com\/#website"},"primaryImageOfPage":{"@id":"https:\/\/hotelesfray.com\/2024\/08\/22\/conoce-jala-un-pueblo-magico\/#primaryimage"},"image":{"@id":"https:\/\/hotelesfray.com\/2024\/08\/22\/conoce-jala-un-pueblo-magico\/#primaryimage"},"thumbnailUrl":"https:\/\/hotelesfray.com\/wp-content\/uploads\/2024\/08\/JALA2-jpg.webp","datePublished":"2024-08-22T04:36:00+00:00","dateModified":"2025-02-24T00:33:48+00:00","breadcrumb":{"@id":"https:\/\/hotelesfray.com\/2024\/08\/22\/conoce-jala-un-pueblo-magico\/#breadcrumb"},"inLanguage":"en-US","potentialAction":[{"@type":"ReadAction","target":["https:\/\/hotelesfray.com\/2024\/08\/22\/conoce-jala-un-pueblo-magico\/"]}]},{"@type":"ImageObject","inLanguage":"en-US","@id":"https:\/\/hotelesfray.com\/2024\/08\/22\/conoce-jala-un-pueblo-magico\/#primaryimage","url":"https:\/\/hotelesfray.com\/wp-content\/uploads\/2024\/08\/JALA2-jpg.webp","contentUrl":"https:\/\/hotelesfray.com\/wp-content\/uploads\/2024\/08\/JALA2-jpg.webp","width":1024,"height":768},{"@type":"BreadcrumbList","@id":"https:\/\/hotelesfray.com\/2024\/08\/22\/conoce-jala-un-pueblo-magico\/#breadcrumb","itemListElement":[{"@type":"ListItem","position":1,"name":"Jala","item":"https:\/\/hotelesfray.com\/category\/jala\/"},{"@type":"ListItem","position":2,"name":"Conoce Jala: Un Pueblo M\u00e1gico"}]},{"@type":"WebSite","@id":"https:\/\/hotelesfray.com\/#website","url":"https:\/\/hotelesfray.com\/","name":"Hoteles Fray","description":"Los Mejores Hoteles en el Centro de Tepic, Nayarit","publisher":{"@id":"https:\/\/hotelesfray.com\/#organization"},"potentialAction":[{"@type":"SearchAction","target":{"@type":"EntryPoint","urlTemplate":"https:\/\/hotelesfray.com\/?s={search_term_string}"},"query-input":{"@type":"PropertyValueSpecification","valueRequired":true,"valueName":"search_term_string"}}],"inLanguage":"en-US"},{"@type":"Organization","@id":"https:\/\/hotelesfray.com\/#organization","name":"Hoteles Fray","url":"https:\/\/hotelesfray.com\/","logo":{"@type":"ImageObject","inLanguage":"en-US","@id":"https:\/\/hotelesfray.com\/#\/schema\/logo\/image\/","url":"https:\/\/hotelesfray.com\/wp-content\/uploads\/2023\/01\/HotelesFray-cuadro.png","contentUrl":"https:\/\/hotelesfray.com\/wp-content\/uploads\/2023\/01\/HotelesFray-cuadro.png","width":2200,"height":2200,"caption":"Hoteles Fray"},"image":{"@id":"https:\/\/hotelesfray.com\/#\/schema\/logo\/image\/"}},{"@type":"Person","@id":"https:\/\/hotelesfray.com\/#\/schema\/person\/1a3f5909146e66cdba9aa8b37f1858e1","name":"Eduardo Lopez","image":{"@type":"ImageObject","inLanguage":"en-US","@id":"https:\/\/secure.gravatar.com\/avatar\/3d6f41a002d28c6845cb55b565f68141a241a36951b539d6f4dbddac28595734?s=96&d=mm&r=g","url":"https:\/\/secure.gravatar.com\/avatar\/3d6f41a002d28c6845cb55b565f68141a241a36951b539d6f4dbddac28595734?s=96&d=mm&r=g","contentUrl":"https:\/\/secure.gravatar.com\/avatar\/3d6f41a002d28c6845cb55b565f68141a241a36951b539d6f4dbddac28595734?s=96&d=mm&r=g","caption":"Eduardo Lopez"},"url":"https:\/\/hotelesfray.com\/en\/author\/gente\/"}]}},"_links":{"self":[{"href":"https:\/\/hotelesfray.com\/en\/wp-json\/wp\/v2\/posts\/5265","targetHints":{"allow":["GET"]}}],"collection":[{"href":"https:\/\/hotelesfray.com\/en\/wp-json\/wp\/v2\/posts"}],"about":[{"href":"https:\/\/hotelesfray.com\/en\/wp-json\/wp\/v2\/types\/post"}],"author":[{"embeddable":true,"href":"https:\/\/hotelesfray.com\/en\/wp-json\/wp\/v2\/users\/2"}],"replies":[{"embeddable":true,"href":"https:\/\/hotelesfray.com\/en\/wp-json\/wp\/v2\/comments?post=5265"}],"version-history":[{"count":1,"href":"https:\/\/hotelesfray.com\/en\/wp-json\/wp\/v2\/posts\/5265\/revisions"}],"predecessor-version":[{"id":5271,"href":"https:\/\/hotelesfray.com\/en\/wp-json\/wp\/v2\/posts\/5265\/revisions\/5271"}],"wp:featuredmedia":[{"embeddable":true,"href":"https:\/\/hotelesfray.com\/en\/wp-json\/wp\/v2\/media\/5270"}],"wp:attachment":[{"href":"https:\/\/hotelesfray.com\/en\/wp-json\/wp\/v2\/media?parent=5265"}],"wp:term":[{"taxonomy":"category","embeddable":true,"href":"https:\/\/hotelesfray.com\/en\/wp-json\/wp\/v2\/categories?post=5265"},{"taxonomy":"post_tag","embeddable":true,"href":"https:\/\/hotelesfray.com\/en\/wp-json\/wp\/v2\/tags?post=5265"}],"curies":[{"name":"wp","href":"https:\/\/api.w.org\/{rel}","templated":true}]}}