{"id":5467,"date":"2024-09-16T17:32:25","date_gmt":"2024-09-16T21:32:25","guid":{"rendered":"https:\/\/hotelesfray.com\/?p=5467"},"modified":"2025-02-23T20:35:44","modified_gmt":"2025-02-24T00:35:44","slug":"avanza-la-remodelacion-del-aeropuerto-internacional-de-tepic","status":"publish","type":"post","link":"https:\/\/hotelesfray.com\/en\/2024\/09\/16\/avanza-la-remodelacion-del-aeropuerto-internacional-de-tepic\/","title":{"rendered":"Avanza la remodelaci\u00f3n del Aeropuerto Internacional de Tepic"},"content":{"rendered":"<p>El aeropuerto internacional \u00abPoeta Amado Nervo\u00bb de la ciudad de Tepic, Nayarit, concluy\u00f3 la primera fase de la remodelaci\u00f3n de sus instalaciones, con el objetivo de prepar al aer\u00f3dromo para una mayor cantidad de operaciones y pasajeros, aspirando a nuevas rutas a\u00e9reas en un futuro.<\/p>\n\n\n\n<p>Dicha primera fase consisti\u00f3 en la ampliaci\u00f3n de la pista 02\/20 desde sus 2300 metros originales para alcanzar una longitud actual de m\u00e1s de 3.1 kil\u00f3metros, esto con la finalidad de permitir la llegada y salida de aeronaves de mayor envergadura que las que operan en estos momentos en el aeropuerto: la familia de aeronaves Airbus A320 y Boeing 737; pudiendo ahora recibir hasta el moderno Boeing 787 y Airbus A350.<\/p>\n\n\n\n<p>En la zona de pasajeros se construye la nueva terminal con 5 posiciones en la parte norte del aeropuerto, junto a la terminada nueva torre de control. Dicha torre resalta con decoraciones de la cultura Wix\u00e1rika en sus cristales, un dise\u00f1o que representa de buena forma la cultura de Nayarit. Con esta ampliaci\u00f3n se llegar\u00eda a un total 8 posiciones para aviaci\u00f3n comercial y 14 posiciones para aviaci\u00f3n general.<\/p>\n\n\n\n<p>Se espera que esta terminal a\u00e9rea cuente con una conexi\u00f3n a la <a href=\"https:\/\/hotelesfray.com\/en\/2024\/09\/12\/conoce-la-autopista-tepic-compostela-que-abrira-muy-pronto\/\">nueva autopista Tepic \u2013 Compostela<\/a>, conectando la capital nayarita con las bellas playas de la Riviera Nayarit en una hora o menos, con destinos destacados como Rinc\u00f3n de Guayabitos, Chacala, Los Ayala, San Francisco y Sayulita.<\/p>\n\n\n\n<p><em>\u00bfQu\u00e9 vuelos te gustar\u00eda ver desde Tepic a qu\u00e9 parte del mundo?<\/em><\/p>\n\n\n\n<figure class=\"wp-block-image size-large\"><img data-dominant-color=\"8ba3b3\" data-has-transparency=\"false\" style=\"--dominant-color: #8ba3b3;\" loading=\"lazy\" decoding=\"async\" width=\"1024\" height=\"683\" src=\"https:\/\/hotelesfray.com\/wp-content\/uploads\/2024\/09\/Aeropuerto_Internacional_de_Tepic-Riviera_Nayarit-1024x683.png\" alt=\"\" class=\"wp-image-5468 not-transparent\" srcset=\"https:\/\/hotelesfray.com\/wp-content\/uploads\/2024\/09\/Aeropuerto_Internacional_de_Tepic-Riviera_Nayarit-980x654.png 980w, https:\/\/hotelesfray.com\/wp-content\/uploads\/2024\/09\/Aeropuerto_Internacional_de_Tepic-Riviera_Nayarit-480x320.png 480w\" sizes=\"(min-width: 0px) and (max-width: 480px) 480px, (min-width: 481px) and (max-width: 980px) 980px, (min-width: 981px) 1024px, 100vw\" \/><\/figure>\n\n\n\n<p>Foto de portada: <strong>Grupo Aeroportuario Tur\u00edstico Mexicano (GATM)<\/strong><\/p>","protected":false},"excerpt":{"rendered":"<p>El aeropuerto internacional \u00abPoeta Amado Nervo\u00bb de la ciudad de Tepic, Nayarit, concluy\u00f3 la primera fase de la remodelaci\u00f3n de sus instalaciones, con el objetivo de prepar al aer\u00f3dromo para una mayor cantidad de operaciones y pasajeros, aspirando a nuevas rutas a\u00e9reas en un futuro. Dicha primera fase consisti\u00f3 en la ampliaci\u00f3n de la pista [&hellip;]<\/p>\n","protected":false},"author":2,"featured_media":5470,"comment_status":"closed","ping_status":"open","sticky":false,"template":"","format":"standard","meta":{"_et_pb_use_builder":"off","_et_pb_old_content":"","_et_gb_content_width":"","footnotes":""},"categories":[161,44,26],"tags":[],"class_list":["post-5467","post","type-post","status-publish","format-standard","has-post-thumbnail","hentry","category-actualidad","category-playas","category-tepic"],"yoast_head":"<!-- This site is optimized with the Yoast SEO plugin v27.4 - https:\/\/yoast.com\/product\/yoast-seo-wordpress\/ -->\n<title>Hotels in Tepic | Hoteles Fray \u2013 Complimentary Buffet Breakfast<\/title>\n<meta name=\"description\" content=\"Looking for hotels in Tepic? Hoteles Fray offers the best location, complimentary buffet breakfast, free WiFi, and flexible cancellation. Book directly with no deposit!\" \/>\n<meta name=\"robots\" content=\"index, follow, max-snippet:-1, max-image-preview:large, max-video-preview:-1\" \/>\n<link rel=\"canonical\" href=\"https:\/\/hotelesfray.com\/en\/2024\/09\/16\/avanza-la-remodelacion-del-aeropuerto-internacional-de-tepic\/\" \/>\n<meta property=\"og:locale\" content=\"en_US\" \/>\n<meta property=\"og:type\" content=\"article\" \/>\n<meta property=\"og:title\" content=\"Hotels in Tepic | Hoteles Fray \u2013 Complimentary Buffet Breakfast\" \/>\n<meta property=\"og:description\" content=\"Looking for hotels in Tepic? Hoteles Fray offers the best location, complimentary buffet breakfast, free WiFi, and flexible cancellation. Book directly with no deposit!\" \/>\n<meta property=\"og:url\" content=\"https:\/\/hotelesfray.com\/en\/2024\/09\/16\/avanza-la-remodelacion-del-aeropuerto-internacional-de-tepic\/\" \/>\n<meta property=\"og:site_name\" content=\"Hoteles Fray\" \/>\n<meta property=\"article:published_time\" content=\"2024-09-16T21:32:25+00:00\" \/>\n<meta property=\"article:modified_time\" content=\"2025-02-24T00:35:44+00:00\" \/>\n<meta property=\"og:image\" content=\"https:\/\/hotelesfray.com\/wp-content\/uploads\/2024\/09\/aeropuerto_nayarit_5.jpg_554688468-jpg.webp\" \/>\n\t<meta property=\"og:image:width\" content=\"1200\" \/>\n\t<meta property=\"og:image:height\" content=\"675\" \/>\n\t<meta property=\"og:image:type\" content=\"image\/jpeg\" \/>\n<meta name=\"author\" content=\"Eduardo Lopez\" \/>\n<meta name=\"twitter:card\" content=\"summary_large_image\" \/>\n<meta name=\"twitter:label1\" content=\"Written by\" \/>\n\t<meta name=\"twitter:data1\" content=\"Eduardo Lopez\" \/>\n\t<meta name=\"twitter:label2\" content=\"Est. reading time\" \/>\n\t<meta name=\"twitter:data2\" content=\"1 minute\" \/>\n<script type=\"application\/ld+json\" class=\"yoast-schema-graph\">{\"@context\":\"https:\\\/\\\/schema.org\",\"@graph\":[{\"@type\":[\"Article\",\"BlogPosting\"],\"@id\":\"https:\\\/\\\/hotelesfray.com\\\/2024\\\/09\\\/16\\\/avanza-la-remodelacion-del-aeropuerto-internacional-de-tepic\\\/#article\",\"isPartOf\":{\"@id\":\"https:\\\/\\\/hotelesfray.com\\\/2024\\\/09\\\/16\\\/avanza-la-remodelacion-del-aeropuerto-internacional-de-tepic\\\/\"},\"author\":{\"name\":\"Eduardo Lopez\",\"@id\":\"https:\\\/\\\/hotelesfray.com\\\/#\\\/schema\\\/person\\\/1a3f5909146e66cdba9aa8b37f1858e1\"},\"headline\":\"Avanza la remodelaci\u00f3n del Aeropuerto Internacional de Tepic\",\"datePublished\":\"2024-09-16T21:32:25+00:00\",\"dateModified\":\"2025-02-24T00:35:44+00:00\",\"mainEntityOfPage\":{\"@id\":\"https:\\\/\\\/hotelesfray.com\\\/2024\\\/09\\\/16\\\/avanza-la-remodelacion-del-aeropuerto-internacional-de-tepic\\\/\"},\"wordCount\":270,\"publisher\":{\"@id\":\"https:\\\/\\\/hotelesfray.com\\\/#organization\"},\"image\":{\"@id\":\"https:\\\/\\\/hotelesfray.com\\\/2024\\\/09\\\/16\\\/avanza-la-remodelacion-del-aeropuerto-internacional-de-tepic\\\/#primaryimage\"},\"thumbnailUrl\":\"https:\\\/\\\/hotelesfray.com\\\/wp-content\\\/uploads\\\/2024\\\/09\\\/aeropuerto_nayarit_5.jpg_554688468-jpg.webp\",\"articleSection\":[\"Actualidad\",\"Playas\",\"Tepic\"],\"inLanguage\":\"en-US\"},{\"@type\":\"WebPage\",\"@id\":\"https:\\\/\\\/hotelesfray.com\\\/2024\\\/09\\\/16\\\/avanza-la-remodelacion-del-aeropuerto-internacional-de-tepic\\\/\",\"url\":\"https:\\\/\\\/hotelesfray.com\\\/2024\\\/09\\\/16\\\/avanza-la-remodelacion-del-aeropuerto-internacional-de-tepic\\\/\",\"name\":\"Avanza la remodelaci\u00f3n del Aeropuerto Internacional de Tepic | Hoteles Fray\",\"isPartOf\":{\"@id\":\"https:\\\/\\\/hotelesfray.com\\\/#website\"},\"primaryImageOfPage\":{\"@id\":\"https:\\\/\\\/hotelesfray.com\\\/2024\\\/09\\\/16\\\/avanza-la-remodelacion-del-aeropuerto-internacional-de-tepic\\\/#primaryimage\"},\"image\":{\"@id\":\"https:\\\/\\\/hotelesfray.com\\\/2024\\\/09\\\/16\\\/avanza-la-remodelacion-del-aeropuerto-internacional-de-tepic\\\/#primaryimage\"},\"thumbnailUrl\":\"https:\\\/\\\/hotelesfray.com\\\/wp-content\\\/uploads\\\/2024\\\/09\\\/aeropuerto_nayarit_5.jpg_554688468-jpg.webp\",\"datePublished\":\"2024-09-16T21:32:25+00:00\",\"dateModified\":\"2025-02-24T00:35:44+00:00\",\"breadcrumb\":{\"@id\":\"https:\\\/\\\/hotelesfray.com\\\/2024\\\/09\\\/16\\\/avanza-la-remodelacion-del-aeropuerto-internacional-de-tepic\\\/#breadcrumb\"},\"inLanguage\":\"en-US\",\"potentialAction\":[{\"@type\":\"ReadAction\",\"target\":[\"https:\\\/\\\/hotelesfray.com\\\/2024\\\/09\\\/16\\\/avanza-la-remodelacion-del-aeropuerto-internacional-de-tepic\\\/\"]}]},{\"@type\":\"ImageObject\",\"inLanguage\":\"en-US\",\"@id\":\"https:\\\/\\\/hotelesfray.com\\\/2024\\\/09\\\/16\\\/avanza-la-remodelacion-del-aeropuerto-internacional-de-tepic\\\/#primaryimage\",\"url\":\"https:\\\/\\\/hotelesfray.com\\\/wp-content\\\/uploads\\\/2024\\\/09\\\/aeropuerto_nayarit_5.jpg_554688468-jpg.webp\",\"contentUrl\":\"https:\\\/\\\/hotelesfray.com\\\/wp-content\\\/uploads\\\/2024\\\/09\\\/aeropuerto_nayarit_5.jpg_554688468-jpg.webp\",\"width\":1200,\"height\":675},{\"@type\":\"BreadcrumbList\",\"@id\":\"https:\\\/\\\/hotelesfray.com\\\/2024\\\/09\\\/16\\\/avanza-la-remodelacion-del-aeropuerto-internacional-de-tepic\\\/#breadcrumb\",\"itemListElement\":[{\"@type\":\"ListItem\",\"position\":1,\"name\":\"Actualidad\",\"item\":\"https:\\\/\\\/hotelesfray.com\\\/category\\\/actualidad\\\/\"},{\"@type\":\"ListItem\",\"position\":2,\"name\":\"Avanza la remodelaci\u00f3n del Aeropuerto Internacional de Tepic\"}]},{\"@type\":\"WebSite\",\"@id\":\"https:\\\/\\\/hotelesfray.com\\\/#website\",\"url\":\"https:\\\/\\\/hotelesfray.com\\\/\",\"name\":\"Hoteles Fray\",\"description\":\"Los Mejores Hoteles en el Centro de Tepic, Nayarit\",\"publisher\":{\"@id\":\"https:\\\/\\\/hotelesfray.com\\\/#organization\"},\"potentialAction\":[{\"@type\":\"SearchAction\",\"target\":{\"@type\":\"EntryPoint\",\"urlTemplate\":\"https:\\\/\\\/hotelesfray.com\\\/?s={search_term_string}\"},\"query-input\":{\"@type\":\"PropertyValueSpecification\",\"valueRequired\":true,\"valueName\":\"search_term_string\"}}],\"inLanguage\":\"en-US\"},{\"@type\":\"Organization\",\"@id\":\"https:\\\/\\\/hotelesfray.com\\\/#organization\",\"name\":\"Hoteles Fray\",\"url\":\"https:\\\/\\\/hotelesfray.com\\\/\",\"logo\":{\"@type\":\"ImageObject\",\"inLanguage\":\"en-US\",\"@id\":\"https:\\\/\\\/hotelesfray.com\\\/#\\\/schema\\\/logo\\\/image\\\/\",\"url\":\"https:\\\/\\\/hotelesfray.com\\\/wp-content\\\/uploads\\\/2023\\\/01\\\/HotelesFray-cuadro.png\",\"contentUrl\":\"https:\\\/\\\/hotelesfray.com\\\/wp-content\\\/uploads\\\/2023\\\/01\\\/HotelesFray-cuadro.png\",\"width\":2200,\"height\":2200,\"caption\":\"Hoteles Fray\"},\"image\":{\"@id\":\"https:\\\/\\\/hotelesfray.com\\\/#\\\/schema\\\/logo\\\/image\\\/\"}},{\"@type\":\"Person\",\"@id\":\"https:\\\/\\\/hotelesfray.com\\\/#\\\/schema\\\/person\\\/1a3f5909146e66cdba9aa8b37f1858e1\",\"name\":\"Eduardo Lopez\",\"image\":{\"@type\":\"ImageObject\",\"inLanguage\":\"en-US\",\"@id\":\"https:\\\/\\\/secure.gravatar.com\\\/avatar\\\/3d6f41a002d28c6845cb55b565f68141a241a36951b539d6f4dbddac28595734?s=96&d=mm&r=g\",\"url\":\"https:\\\/\\\/secure.gravatar.com\\\/avatar\\\/3d6f41a002d28c6845cb55b565f68141a241a36951b539d6f4dbddac28595734?s=96&d=mm&r=g\",\"contentUrl\":\"https:\\\/\\\/secure.gravatar.com\\\/avatar\\\/3d6f41a002d28c6845cb55b565f68141a241a36951b539d6f4dbddac28595734?s=96&d=mm&r=g\",\"caption\":\"Eduardo Lopez\"},\"url\":\"https:\\\/\\\/hotelesfray.com\\\/en\\\/author\\\/gente\\\/\"}]}<\/script>\n<!-- \/ Yoast SEO plugin. -->","yoast_head_json":{"title":"Hotels in Tepic | Hoteles Fray \u2013 Complimentary Buffet Breakfast","description":"Looking for hotels in Tepic? Hoteles Fray offers the best location, complimentary buffet breakfast, free WiFi, and flexible cancellation. Book directly with no deposit!","robots":{"index":"index","follow":"follow","max-snippet":"max-snippet:-1","max-image-preview":"max-image-preview:large","max-video-preview":"max-video-preview:-1"},"canonical":"https:\/\/hotelesfray.com\/en\/2024\/09\/16\/avanza-la-remodelacion-del-aeropuerto-internacional-de-tepic\/","og_locale":"en_US","og_type":"article","og_title":"Hotels in Tepic | Hoteles Fray \u2013 Complimentary Buffet Breakfast","og_description":"Looking for hotels in Tepic? Hoteles Fray offers the best location, complimentary buffet breakfast, free WiFi, and flexible cancellation. Book directly with no deposit!","og_url":"https:\/\/hotelesfray.com\/en\/2024\/09\/16\/avanza-la-remodelacion-del-aeropuerto-internacional-de-tepic\/","og_site_name":"Hoteles Fray","article_published_time":"2024-09-16T21:32:25+00:00","article_modified_time":"2025-02-24T00:35:44+00:00","og_image":[{"width":1200,"height":675,"url":"https:\/\/hotelesfray.com\/wp-content\/uploads\/2024\/09\/aeropuerto_nayarit_5.jpg_554688468-jpg.webp","type":"image\/jpeg"}],"author":"Eduardo Lopez","twitter_card":"summary_large_image","twitter_misc":{"Written by":"Eduardo Lopez","Est. reading time":"1 minute"},"schema":{"@context":"https:\/\/schema.org","@graph":[{"@type":["Article","BlogPosting"],"@id":"https:\/\/hotelesfray.com\/2024\/09\/16\/avanza-la-remodelacion-del-aeropuerto-internacional-de-tepic\/#article","isPartOf":{"@id":"https:\/\/hotelesfray.com\/2024\/09\/16\/avanza-la-remodelacion-del-aeropuerto-internacional-de-tepic\/"},"author":{"name":"Eduardo Lopez","@id":"https:\/\/hotelesfray.com\/#\/schema\/person\/1a3f5909146e66cdba9aa8b37f1858e1"},"headline":"Avanza la remodelaci\u00f3n del Aeropuerto Internacional de Tepic","datePublished":"2024-09-16T21:32:25+00:00","dateModified":"2025-02-24T00:35:44+00:00","mainEntityOfPage":{"@id":"https:\/\/hotelesfray.com\/2024\/09\/16\/avanza-la-remodelacion-del-aeropuerto-internacional-de-tepic\/"},"wordCount":270,"publisher":{"@id":"https:\/\/hotelesfray.com\/#organization"},"image":{"@id":"https:\/\/hotelesfray.com\/2024\/09\/16\/avanza-la-remodelacion-del-aeropuerto-internacional-de-tepic\/#primaryimage"},"thumbnailUrl":"https:\/\/hotelesfray.com\/wp-content\/uploads\/2024\/09\/aeropuerto_nayarit_5.jpg_554688468-jpg.webp","articleSection":["Actualidad","Playas","Tepic"],"inLanguage":"en-US"},{"@type":"WebPage","@id":"https:\/\/hotelesfray.com\/2024\/09\/16\/avanza-la-remodelacion-del-aeropuerto-internacional-de-tepic\/","url":"https:\/\/hotelesfray.com\/2024\/09\/16\/avanza-la-remodelacion-del-aeropuerto-internacional-de-tepic\/","name":"Avanza la remodelaci\u00f3n del Aeropuerto Internacional de Tepic | Hoteles Fray","isPartOf":{"@id":"https:\/\/hotelesfray.com\/#website"},"primaryImageOfPage":{"@id":"https:\/\/hotelesfray.com\/2024\/09\/16\/avanza-la-remodelacion-del-aeropuerto-internacional-de-tepic\/#primaryimage"},"image":{"@id":"https:\/\/hotelesfray.com\/2024\/09\/16\/avanza-la-remodelacion-del-aeropuerto-internacional-de-tepic\/#primaryimage"},"thumbnailUrl":"https:\/\/hotelesfray.com\/wp-content\/uploads\/2024\/09\/aeropuerto_nayarit_5.jpg_554688468-jpg.webp","datePublished":"2024-09-16T21:32:25+00:00","dateModified":"2025-02-24T00:35:44+00:00","breadcrumb":{"@id":"https:\/\/hotelesfray.com\/2024\/09\/16\/avanza-la-remodelacion-del-aeropuerto-internacional-de-tepic\/#breadcrumb"},"inLanguage":"en-US","potentialAction":[{"@type":"ReadAction","target":["https:\/\/hotelesfray.com\/2024\/09\/16\/avanza-la-remodelacion-del-aeropuerto-internacional-de-tepic\/"]}]},{"@type":"ImageObject","inLanguage":"en-US","@id":"https:\/\/hotelesfray.com\/2024\/09\/16\/avanza-la-remodelacion-del-aeropuerto-internacional-de-tepic\/#primaryimage","url":"https:\/\/hotelesfray.com\/wp-content\/uploads\/2024\/09\/aeropuerto_nayarit_5.jpg_554688468-jpg.webp","contentUrl":"https:\/\/hotelesfray.com\/wp-content\/uploads\/2024\/09\/aeropuerto_nayarit_5.jpg_554688468-jpg.webp","width":1200,"height":675},{"@type":"BreadcrumbList","@id":"https:\/\/hotelesfray.com\/2024\/09\/16\/avanza-la-remodelacion-del-aeropuerto-internacional-de-tepic\/#breadcrumb","itemListElement":[{"@type":"ListItem","position":1,"name":"Actualidad","item":"https:\/\/hotelesfray.com\/category\/actualidad\/"},{"@type":"ListItem","position":2,"name":"Avanza la remodelaci\u00f3n del Aeropuerto Internacional de Tepic"}]},{"@type":"WebSite","@id":"https:\/\/hotelesfray.com\/#website","url":"https:\/\/hotelesfray.com\/","name":"Hoteles Fray","description":"Los Mejores Hoteles en el Centro de Tepic, Nayarit","publisher":{"@id":"https:\/\/hotelesfray.com\/#organization"},"potentialAction":[{"@type":"SearchAction","target":{"@type":"EntryPoint","urlTemplate":"https:\/\/hotelesfray.com\/?s={search_term_string}"},"query-input":{"@type":"PropertyValueSpecification","valueRequired":true,"valueName":"search_term_string"}}],"inLanguage":"en-US"},{"@type":"Organization","@id":"https:\/\/hotelesfray.com\/#organization","name":"Hoteles Fray","url":"https:\/\/hotelesfray.com\/","logo":{"@type":"ImageObject","inLanguage":"en-US","@id":"https:\/\/hotelesfray.com\/#\/schema\/logo\/image\/","url":"https:\/\/hotelesfray.com\/wp-content\/uploads\/2023\/01\/HotelesFray-cuadro.png","contentUrl":"https:\/\/hotelesfray.com\/wp-content\/uploads\/2023\/01\/HotelesFray-cuadro.png","width":2200,"height":2200,"caption":"Hoteles Fray"},"image":{"@id":"https:\/\/hotelesfray.com\/#\/schema\/logo\/image\/"}},{"@type":"Person","@id":"https:\/\/hotelesfray.com\/#\/schema\/person\/1a3f5909146e66cdba9aa8b37f1858e1","name":"Eduardo Lopez","image":{"@type":"ImageObject","inLanguage":"en-US","@id":"https:\/\/secure.gravatar.com\/avatar\/3d6f41a002d28c6845cb55b565f68141a241a36951b539d6f4dbddac28595734?s=96&d=mm&r=g","url":"https:\/\/secure.gravatar.com\/avatar\/3d6f41a002d28c6845cb55b565f68141a241a36951b539d6f4dbddac28595734?s=96&d=mm&r=g","contentUrl":"https:\/\/secure.gravatar.com\/avatar\/3d6f41a002d28c6845cb55b565f68141a241a36951b539d6f4dbddac28595734?s=96&d=mm&r=g","caption":"Eduardo Lopez"},"url":"https:\/\/hotelesfray.com\/en\/author\/gente\/"}]}},"_links":{"self":[{"href":"https:\/\/hotelesfray.com\/en\/wp-json\/wp\/v2\/posts\/5467","targetHints":{"allow":["GET"]}}],"collection":[{"href":"https:\/\/hotelesfray.com\/en\/wp-json\/wp\/v2\/posts"}],"about":[{"href":"https:\/\/hotelesfray.com\/en\/wp-json\/wp\/v2\/types\/post"}],"author":[{"embeddable":true,"href":"https:\/\/hotelesfray.com\/en\/wp-json\/wp\/v2\/users\/2"}],"replies":[{"embeddable":true,"href":"https:\/\/hotelesfray.com\/en\/wp-json\/wp\/v2\/comments?post=5467"}],"version-history":[{"count":2,"href":"https:\/\/hotelesfray.com\/en\/wp-json\/wp\/v2\/posts\/5467\/revisions"}],"predecessor-version":[{"id":5472,"href":"https:\/\/hotelesfray.com\/en\/wp-json\/wp\/v2\/posts\/5467\/revisions\/5472"}],"wp:featuredmedia":[{"embeddable":true,"href":"https:\/\/hotelesfray.com\/en\/wp-json\/wp\/v2\/media\/5470"}],"wp:attachment":[{"href":"https:\/\/hotelesfray.com\/en\/wp-json\/wp\/v2\/media?parent=5467"}],"wp:term":[{"taxonomy":"category","embeddable":true,"href":"https:\/\/hotelesfray.com\/en\/wp-json\/wp\/v2\/categories?post=5467"},{"taxonomy":"post_tag","embeddable":true,"href":"https:\/\/hotelesfray.com\/en\/wp-json\/wp\/v2\/tags?post=5467"}],"curies":[{"name":"wp","href":"https:\/\/api.w.org\/{rel}","templated":true}]}}