{"id":5476,"date":"2024-09-22T01:25:53","date_gmt":"2024-09-22T05:25:53","guid":{"rendered":"https:\/\/hotelesfray.com\/?p=5476"},"modified":"2025-02-23T20:33:48","modified_gmt":"2025-02-24T00:33:48","slug":"que-tipo-de-eventos-puedo-hacer-en-hoteles-fray","status":"publish","type":"post","link":"https:\/\/hotelesfray.com\/en\/2024\/09\/22\/que-tipo-de-eventos-puedo-hacer-en-hoteles-fray\/","title":{"rendered":"\u00bfQu\u00e9 tipo de eventos puedo hacer en Hoteles Fray?"},"content":{"rendered":"<p>En tu Hotel Fray Select y Hotel Fray Centro Hist\u00f3rico tenemos espacios ideales para todo tipo de ocasiones. Aunque un buen n\u00famero de actividades que se realizan en nuestros Salones de Eventos son de car\u00e1cter empresarial, y son ideales para ello, tambi\u00e9n tenemos salones disponibles para tu boda, quincea\u00f1era, desayuno, comida o cena, cumplea\u00f1os o cualquier tipo de fiesta familiar.<\/p>\n\n\n\n<p>Tienes la flexibilidad de poder decorar el sal\u00f3n a tu medida, con flores, centros de mesa, grupos de m\u00fasica en vivo y cualquier idea que se te ocurra, previa consulta con nuestros encargados de eventos. \u00bfTe gustar\u00eda saber cuantas personas puedes recibir? Te dejamos una lista de los salones de eventos, su capacidad y precios:<\/p>\n\n\n\n<h2 class=\"wp-block-heading\">Hotel Fray Select<\/h2>\n\n\n\n<ul class=\"wp-block-list\">\n<li><strong>Sal\u00f3n San Diego:<\/strong> 75 metros cuadrados, hasta 80 personas. A partir del consumo para 20 personas la renta es en cortes\u00eda*<\/li>\n\n\n\n<li><strong>Sal\u00f3n San Francisco:<\/strong> 80 metros cuadrados, hasta 85 personas. A partir del consumo para 25 personas la renta es en cortes\u00eda*<\/li>\n\n\n\n<li><strong>Sal\u00f3n Privado:<\/strong> 20 metros cuadrados, hasta 10 personas. A partir de un consumo de $2,000 la renta es en cortes\u00eda*<\/li>\n<\/ul>\n\n\n\n<figure class=\"wp-block-image size-large\"><img data-dominant-color=\"bcbdbc\" data-has-transparency=\"false\" style=\"--dominant-color: #bcbdbc;\" loading=\"lazy\" decoding=\"async\" width=\"1024\" height=\"683\" src=\"https:\/\/hotelesfray.com\/wp-content\/uploads\/2023\/08\/FS-salones5-1024x683.webp\" alt=\"Salon de Eventos en Hotel Fray Select\" class=\"wp-image-4521 not-transparent\" srcset=\"https:\/\/hotelesfray.com\/wp-content\/uploads\/2023\/08\/FS-salones5-1024x683.webp 1024w, https:\/\/hotelesfray.com\/wp-content\/uploads\/2023\/08\/FS-salones5-300x200.webp 300w, https:\/\/hotelesfray.com\/wp-content\/uploads\/2023\/08\/FS-salones5-768x512.webp 768w, https:\/\/hotelesfray.com\/wp-content\/uploads\/2023\/08\/FS-salones5-1536x1024.webp 1536w, https:\/\/hotelesfray.com\/wp-content\/uploads\/2023\/08\/FS-salones5-2048x1365.webp 2048w, https:\/\/hotelesfray.com\/wp-content\/uploads\/2023\/08\/FS-salones5-1080x720.webp 1080w, https:\/\/hotelesfray.com\/wp-content\/uploads\/2023\/08\/FS-salones5-1280x854.webp 1280w, https:\/\/hotelesfray.com\/wp-content\/uploads\/2023\/08\/FS-salones5-980x653.webp 980w, https:\/\/hotelesfray.com\/wp-content\/uploads\/2023\/08\/FS-salones5-480x320.webp 480w\" sizes=\"(max-width: 1024px) 100vw, 1024px\" \/><\/figure>\n\n\n\n<h2 class=\"wp-block-heading\">Hotel Fray Centro Hist\u00f3rico<\/h2>\n\n\n\n<ul class=\"wp-block-list\">\n<li><strong>Sal\u00f3n Principal:<\/strong> 210 metros cuadrados, hasta 200 personas. A partir del consumo para 50 personas la renta es en cortes\u00eda*<\/li>\n\n\n\n<li><strong>Sal\u00f3n La Fuente:<\/strong> 75 metros cuadrados, hasta 70 personas. A partir del consumo para 25 personas la renta es en cortes\u00eda*<\/li>\n\n\n\n<li><strong>Sal\u00f3n La Misi\u00f3n:<\/strong> 50 metros cuadrados, hasta 50 personas. A partir del consumo para 20 personas la renta es en cortes\u00eda*<\/li>\n<\/ul>\n\n\n\n<figure class=\"wp-block-image size-large\"><img loading=\"lazy\" decoding=\"async\" width=\"1024\" height=\"576\" src=\"https:\/\/hotelesfray.com\/wp-content\/uploads\/2021\/05\/SalonPrincipal1h-1024x576.jpg\" alt=\"\" class=\"wp-image-2541\" srcset=\"https:\/\/hotelesfray.com\/wp-content\/uploads\/2021\/05\/SalonPrincipal1h-1024x576.jpg 1024w, https:\/\/hotelesfray.com\/wp-content\/uploads\/2021\/05\/SalonPrincipal1h-980x551.jpg 980w, https:\/\/hotelesfray.com\/wp-content\/uploads\/2021\/05\/SalonPrincipal1h-480x270.jpg 480w\" sizes=\"(min-width: 0px) and (max-width: 480px) 480px, (min-width: 481px) and (max-width: 980px) 980px, (min-width: 981px) 1024px, 100vw\" \/><\/figure>\n\n\n\n<p>\u00bfQuieres conocer a profundidad los espacios o ver m\u00e1s fotos? Te invitamos a ver <a href=\"https:\/\/hotelesfray.com\/en\/eventos\/\">nuestra p\u00e1gina dedicada<\/a> a los eventos, donde encontrar\u00e1s m\u00e1s informaci\u00f3n, as\u00ed como los folletos informativos descargables.<\/p>\n\n\n\n<div class=\"wp-block-buttons is-layout-flex wp-block-buttons-is-layout-flex\">\n<div class=\"wp-block-button\"><a class=\"wp-block-button__link wp-element-button\" href=\"https:\/\/hotelesfray.com\/en\/eventos\/\">Eventos Fray<\/a><\/div>\n<\/div>\n\n\n\n<p><strong>\u00bfQuieres reservar alguno de los salones? <\/strong>Comun\u00edcate con nosotros, comparte los detalles de tu ocasi\u00f3n especial, y haremos de tu momento \u00fanico todo un \u00e9xito.<\/p>\n\n\n\n<ul class=\"wp-block-list\">\n<li><strong>Reservaciones Hotel Fray Select: <\/strong>(311) 133 7060 \u2013 Lic. Sebasti\u00e1n G\u00e1mez<\/li>\n\n\n\n<li><strong>Reservaciones Hotel Fray Centro Hist\u00f3rico: <\/strong>(311) 215 4675 \u2013 C.P. Adriana Cambero<\/li>\n<\/ul>\n\n\n\n<p><em>*Aplican t\u00e9rminos y condiciones.<\/em><\/p>","protected":false},"excerpt":{"rendered":"<p>En tu Hotel Fray Select y Hotel Fray Centro Hist\u00f3rico tenemos espacios ideales para todo tipo de ocasiones. Aunque un buen n\u00famero de actividades que se realizan en nuestros Salones de Eventos son de car\u00e1cter empresarial, y son ideales para ello, tambi\u00e9n tenemos salones disponibles para tu boda, quincea\u00f1era, desayuno, comida o cena, cumplea\u00f1os o [&hellip;]<\/p>\n","protected":false},"author":2,"featured_media":5477,"comment_status":"closed","ping_status":"open","sticky":false,"template":"","format":"standard","meta":{"_et_pb_use_builder":"","_et_pb_old_content":"","_et_gb_content_width":"","footnotes":""},"categories":[40,27],"tags":[],"class_list":["post-5476","post","type-post","status-publish","format-standard","has-post-thumbnail","hentry","category-eventos","category-hotel"],"yoast_head":"<!-- This site is optimized with the Yoast SEO plugin v27.4 - https:\/\/yoast.com\/product\/yoast-seo-wordpress\/ -->\n<title>Hotels in Tepic | Hoteles Fray \u2013 Complimentary Buffet Breakfast<\/title>\n<meta name=\"description\" content=\"Looking for hotels in Tepic? Hoteles Fray offers the best location, complimentary buffet breakfast, free WiFi, and flexible cancellation. Book directly with no deposit!\" \/>\n<meta name=\"robots\" content=\"index, follow, max-snippet:-1, max-image-preview:large, max-video-preview:-1\" \/>\n<link rel=\"canonical\" href=\"https:\/\/hotelesfray.com\/en\/2024\/09\/22\/que-tipo-de-eventos-puedo-hacer-en-hoteles-fray\/\" \/>\n<meta property=\"og:locale\" content=\"en_US\" \/>\n<meta property=\"og:type\" content=\"article\" \/>\n<meta property=\"og:title\" content=\"Hotels in Tepic | Hoteles Fray \u2013 Complimentary Buffet Breakfast\" \/>\n<meta property=\"og:description\" content=\"Looking for hotels in Tepic? Hoteles Fray offers the best location, complimentary buffet breakfast, free WiFi, and flexible cancellation. Book directly with no deposit!\" \/>\n<meta property=\"og:url\" content=\"https:\/\/hotelesfray.com\/en\/2024\/09\/22\/que-tipo-de-eventos-puedo-hacer-en-hoteles-fray\/\" \/>\n<meta property=\"og:site_name\" content=\"Hoteles Fray\" \/>\n<meta property=\"article:published_time\" content=\"2024-09-22T05:25:53+00:00\" \/>\n<meta property=\"article:modified_time\" content=\"2025-02-24T00:33:48+00:00\" \/>\n<meta property=\"og:image\" content=\"https:\/\/hotelesfray.com\/wp-content\/uploads\/2024\/09\/Screenshot-2024-09-21-at-22.23.50-1024x397.png\" \/>\n\t<meta property=\"og:image:width\" content=\"1024\" \/>\n\t<meta property=\"og:image:height\" content=\"397\" \/>\n\t<meta property=\"og:image:type\" content=\"image\/png\" \/>\n<meta name=\"author\" content=\"Eduardo Lopez\" \/>\n<meta name=\"twitter:card\" content=\"summary_large_image\" \/>\n<meta name=\"twitter:label1\" content=\"Written by\" \/>\n\t<meta name=\"twitter:data1\" content=\"Eduardo Lopez\" \/>\n\t<meta name=\"twitter:label2\" content=\"Est. reading time\" \/>\n\t<meta name=\"twitter:data2\" content=\"2 minutes\" \/>\n<script type=\"application\/ld+json\" class=\"yoast-schema-graph\">{\"@context\":\"https:\\\/\\\/schema.org\",\"@graph\":[{\"@type\":[\"Article\",\"BlogPosting\"],\"@id\":\"https:\\\/\\\/hotelesfray.com\\\/2024\\\/09\\\/22\\\/que-tipo-de-eventos-puedo-hacer-en-hoteles-fray\\\/#article\",\"isPartOf\":{\"@id\":\"https:\\\/\\\/hotelesfray.com\\\/2024\\\/09\\\/22\\\/que-tipo-de-eventos-puedo-hacer-en-hoteles-fray\\\/\"},\"author\":{\"name\":\"Eduardo Lopez\",\"@id\":\"https:\\\/\\\/hotelesfray.com\\\/#\\\/schema\\\/person\\\/1a3f5909146e66cdba9aa8b37f1858e1\"},\"headline\":\"\u00bfQu\u00e9 tipo de eventos puedo hacer en Hoteles Fray?\",\"datePublished\":\"2024-09-22T05:25:53+00:00\",\"dateModified\":\"2025-02-24T00:33:48+00:00\",\"mainEntityOfPage\":{\"@id\":\"https:\\\/\\\/hotelesfray.com\\\/2024\\\/09\\\/22\\\/que-tipo-de-eventos-puedo-hacer-en-hoteles-fray\\\/\"},\"wordCount\":348,\"publisher\":{\"@id\":\"https:\\\/\\\/hotelesfray.com\\\/#organization\"},\"image\":{\"@id\":\"https:\\\/\\\/hotelesfray.com\\\/2024\\\/09\\\/22\\\/que-tipo-de-eventos-puedo-hacer-en-hoteles-fray\\\/#primaryimage\"},\"thumbnailUrl\":\"https:\\\/\\\/hotelesfray.com\\\/wp-content\\\/uploads\\\/2024\\\/09\\\/Screenshot-2024-09-21-at-22.23.50.png\",\"articleSection\":[\"Eventos\",\"Hotel\"],\"inLanguage\":\"en-US\"},{\"@type\":\"WebPage\",\"@id\":\"https:\\\/\\\/hotelesfray.com\\\/2024\\\/09\\\/22\\\/que-tipo-de-eventos-puedo-hacer-en-hoteles-fray\\\/\",\"url\":\"https:\\\/\\\/hotelesfray.com\\\/2024\\\/09\\\/22\\\/que-tipo-de-eventos-puedo-hacer-en-hoteles-fray\\\/\",\"name\":\"\u00bfQu\u00e9 tipo de eventos puedo hacer en Hoteles Fray? | Hoteles Fray\",\"isPartOf\":{\"@id\":\"https:\\\/\\\/hotelesfray.com\\\/#website\"},\"primaryImageOfPage\":{\"@id\":\"https:\\\/\\\/hotelesfray.com\\\/2024\\\/09\\\/22\\\/que-tipo-de-eventos-puedo-hacer-en-hoteles-fray\\\/#primaryimage\"},\"image\":{\"@id\":\"https:\\\/\\\/hotelesfray.com\\\/2024\\\/09\\\/22\\\/que-tipo-de-eventos-puedo-hacer-en-hoteles-fray\\\/#primaryimage\"},\"thumbnailUrl\":\"https:\\\/\\\/hotelesfray.com\\\/wp-content\\\/uploads\\\/2024\\\/09\\\/Screenshot-2024-09-21-at-22.23.50.png\",\"datePublished\":\"2024-09-22T05:25:53+00:00\",\"dateModified\":\"2025-02-24T00:33:48+00:00\",\"breadcrumb\":{\"@id\":\"https:\\\/\\\/hotelesfray.com\\\/2024\\\/09\\\/22\\\/que-tipo-de-eventos-puedo-hacer-en-hoteles-fray\\\/#breadcrumb\"},\"inLanguage\":\"en-US\",\"potentialAction\":[{\"@type\":\"ReadAction\",\"target\":[\"https:\\\/\\\/hotelesfray.com\\\/2024\\\/09\\\/22\\\/que-tipo-de-eventos-puedo-hacer-en-hoteles-fray\\\/\"]}]},{\"@type\":\"ImageObject\",\"inLanguage\":\"en-US\",\"@id\":\"https:\\\/\\\/hotelesfray.com\\\/2024\\\/09\\\/22\\\/que-tipo-de-eventos-puedo-hacer-en-hoteles-fray\\\/#primaryimage\",\"url\":\"https:\\\/\\\/hotelesfray.com\\\/wp-content\\\/uploads\\\/2024\\\/09\\\/Screenshot-2024-09-21-at-22.23.50.png\",\"contentUrl\":\"https:\\\/\\\/hotelesfray.com\\\/wp-content\\\/uploads\\\/2024\\\/09\\\/Screenshot-2024-09-21-at-22.23.50.png\",\"width\":2498,\"height\":968},{\"@type\":\"BreadcrumbList\",\"@id\":\"https:\\\/\\\/hotelesfray.com\\\/2024\\\/09\\\/22\\\/que-tipo-de-eventos-puedo-hacer-en-hoteles-fray\\\/#breadcrumb\",\"itemListElement\":[{\"@type\":\"ListItem\",\"position\":1,\"name\":\"Eventos\",\"item\":\"https:\\\/\\\/hotelesfray.com\\\/category\\\/eventos\\\/\"},{\"@type\":\"ListItem\",\"position\":2,\"name\":\"\u00bfQu\u00e9 tipo de eventos puedo hacer en Hoteles Fray?\"}]},{\"@type\":\"WebSite\",\"@id\":\"https:\\\/\\\/hotelesfray.com\\\/#website\",\"url\":\"https:\\\/\\\/hotelesfray.com\\\/\",\"name\":\"Hoteles Fray\",\"description\":\"Los Mejores Hoteles en el Centro de Tepic, Nayarit\",\"publisher\":{\"@id\":\"https:\\\/\\\/hotelesfray.com\\\/#organization\"},\"potentialAction\":[{\"@type\":\"SearchAction\",\"target\":{\"@type\":\"EntryPoint\",\"urlTemplate\":\"https:\\\/\\\/hotelesfray.com\\\/?s={search_term_string}\"},\"query-input\":{\"@type\":\"PropertyValueSpecification\",\"valueRequired\":true,\"valueName\":\"search_term_string\"}}],\"inLanguage\":\"en-US\"},{\"@type\":\"Organization\",\"@id\":\"https:\\\/\\\/hotelesfray.com\\\/#organization\",\"name\":\"Hoteles Fray\",\"url\":\"https:\\\/\\\/hotelesfray.com\\\/\",\"logo\":{\"@type\":\"ImageObject\",\"inLanguage\":\"en-US\",\"@id\":\"https:\\\/\\\/hotelesfray.com\\\/#\\\/schema\\\/logo\\\/image\\\/\",\"url\":\"https:\\\/\\\/hotelesfray.com\\\/wp-content\\\/uploads\\\/2023\\\/01\\\/HotelesFray-cuadro.png\",\"contentUrl\":\"https:\\\/\\\/hotelesfray.com\\\/wp-content\\\/uploads\\\/2023\\\/01\\\/HotelesFray-cuadro.png\",\"width\":2200,\"height\":2200,\"caption\":\"Hoteles Fray\"},\"image\":{\"@id\":\"https:\\\/\\\/hotelesfray.com\\\/#\\\/schema\\\/logo\\\/image\\\/\"}},{\"@type\":\"Person\",\"@id\":\"https:\\\/\\\/hotelesfray.com\\\/#\\\/schema\\\/person\\\/1a3f5909146e66cdba9aa8b37f1858e1\",\"name\":\"Eduardo Lopez\",\"image\":{\"@type\":\"ImageObject\",\"inLanguage\":\"en-US\",\"@id\":\"https:\\\/\\\/secure.gravatar.com\\\/avatar\\\/3d6f41a002d28c6845cb55b565f68141a241a36951b539d6f4dbddac28595734?s=96&d=mm&r=g\",\"url\":\"https:\\\/\\\/secure.gravatar.com\\\/avatar\\\/3d6f41a002d28c6845cb55b565f68141a241a36951b539d6f4dbddac28595734?s=96&d=mm&r=g\",\"contentUrl\":\"https:\\\/\\\/secure.gravatar.com\\\/avatar\\\/3d6f41a002d28c6845cb55b565f68141a241a36951b539d6f4dbddac28595734?s=96&d=mm&r=g\",\"caption\":\"Eduardo Lopez\"},\"url\":\"https:\\\/\\\/hotelesfray.com\\\/en\\\/author\\\/gente\\\/\"}]}<\/script>\n<!-- \/ Yoast SEO plugin. -->","yoast_head_json":{"title":"Hotels in Tepic | Hoteles Fray \u2013 Complimentary Buffet Breakfast","description":"Looking for hotels in Tepic? Hoteles Fray offers the best location, complimentary buffet breakfast, free WiFi, and flexible cancellation. Book directly with no deposit!","robots":{"index":"index","follow":"follow","max-snippet":"max-snippet:-1","max-image-preview":"max-image-preview:large","max-video-preview":"max-video-preview:-1"},"canonical":"https:\/\/hotelesfray.com\/en\/2024\/09\/22\/que-tipo-de-eventos-puedo-hacer-en-hoteles-fray\/","og_locale":"en_US","og_type":"article","og_title":"Hotels in Tepic | Hoteles Fray \u2013 Complimentary Buffet Breakfast","og_description":"Looking for hotels in Tepic? Hoteles Fray offers the best location, complimentary buffet breakfast, free WiFi, and flexible cancellation. Book directly with no deposit!","og_url":"https:\/\/hotelesfray.com\/en\/2024\/09\/22\/que-tipo-de-eventos-puedo-hacer-en-hoteles-fray\/","og_site_name":"Hoteles Fray","article_published_time":"2024-09-22T05:25:53+00:00","article_modified_time":"2025-02-24T00:33:48+00:00","og_image":[{"width":1024,"height":397,"url":"https:\/\/hotelesfray.com\/wp-content\/uploads\/2024\/09\/Screenshot-2024-09-21-at-22.23.50-1024x397.png","type":"image\/png"}],"author":"Eduardo Lopez","twitter_card":"summary_large_image","twitter_misc":{"Written by":"Eduardo Lopez","Est. reading time":"2 minutes"},"schema":{"@context":"https:\/\/schema.org","@graph":[{"@type":["Article","BlogPosting"],"@id":"https:\/\/hotelesfray.com\/2024\/09\/22\/que-tipo-de-eventos-puedo-hacer-en-hoteles-fray\/#article","isPartOf":{"@id":"https:\/\/hotelesfray.com\/2024\/09\/22\/que-tipo-de-eventos-puedo-hacer-en-hoteles-fray\/"},"author":{"name":"Eduardo Lopez","@id":"https:\/\/hotelesfray.com\/#\/schema\/person\/1a3f5909146e66cdba9aa8b37f1858e1"},"headline":"\u00bfQu\u00e9 tipo de eventos puedo hacer en Hoteles Fray?","datePublished":"2024-09-22T05:25:53+00:00","dateModified":"2025-02-24T00:33:48+00:00","mainEntityOfPage":{"@id":"https:\/\/hotelesfray.com\/2024\/09\/22\/que-tipo-de-eventos-puedo-hacer-en-hoteles-fray\/"},"wordCount":348,"publisher":{"@id":"https:\/\/hotelesfray.com\/#organization"},"image":{"@id":"https:\/\/hotelesfray.com\/2024\/09\/22\/que-tipo-de-eventos-puedo-hacer-en-hoteles-fray\/#primaryimage"},"thumbnailUrl":"https:\/\/hotelesfray.com\/wp-content\/uploads\/2024\/09\/Screenshot-2024-09-21-at-22.23.50.png","articleSection":["Eventos","Hotel"],"inLanguage":"en-US"},{"@type":"WebPage","@id":"https:\/\/hotelesfray.com\/2024\/09\/22\/que-tipo-de-eventos-puedo-hacer-en-hoteles-fray\/","url":"https:\/\/hotelesfray.com\/2024\/09\/22\/que-tipo-de-eventos-puedo-hacer-en-hoteles-fray\/","name":"\u00bfQu\u00e9 tipo de eventos puedo hacer en Hoteles Fray? | Hoteles Fray","isPartOf":{"@id":"https:\/\/hotelesfray.com\/#website"},"primaryImageOfPage":{"@id":"https:\/\/hotelesfray.com\/2024\/09\/22\/que-tipo-de-eventos-puedo-hacer-en-hoteles-fray\/#primaryimage"},"image":{"@id":"https:\/\/hotelesfray.com\/2024\/09\/22\/que-tipo-de-eventos-puedo-hacer-en-hoteles-fray\/#primaryimage"},"thumbnailUrl":"https:\/\/hotelesfray.com\/wp-content\/uploads\/2024\/09\/Screenshot-2024-09-21-at-22.23.50.png","datePublished":"2024-09-22T05:25:53+00:00","dateModified":"2025-02-24T00:33:48+00:00","breadcrumb":{"@id":"https:\/\/hotelesfray.com\/2024\/09\/22\/que-tipo-de-eventos-puedo-hacer-en-hoteles-fray\/#breadcrumb"},"inLanguage":"en-US","potentialAction":[{"@type":"ReadAction","target":["https:\/\/hotelesfray.com\/2024\/09\/22\/que-tipo-de-eventos-puedo-hacer-en-hoteles-fray\/"]}]},{"@type":"ImageObject","inLanguage":"en-US","@id":"https:\/\/hotelesfray.com\/2024\/09\/22\/que-tipo-de-eventos-puedo-hacer-en-hoteles-fray\/#primaryimage","url":"https:\/\/hotelesfray.com\/wp-content\/uploads\/2024\/09\/Screenshot-2024-09-21-at-22.23.50.png","contentUrl":"https:\/\/hotelesfray.com\/wp-content\/uploads\/2024\/09\/Screenshot-2024-09-21-at-22.23.50.png","width":2498,"height":968},{"@type":"BreadcrumbList","@id":"https:\/\/hotelesfray.com\/2024\/09\/22\/que-tipo-de-eventos-puedo-hacer-en-hoteles-fray\/#breadcrumb","itemListElement":[{"@type":"ListItem","position":1,"name":"Eventos","item":"https:\/\/hotelesfray.com\/category\/eventos\/"},{"@type":"ListItem","position":2,"name":"\u00bfQu\u00e9 tipo de eventos puedo hacer en Hoteles Fray?"}]},{"@type":"WebSite","@id":"https:\/\/hotelesfray.com\/#website","url":"https:\/\/hotelesfray.com\/","name":"Hoteles Fray","description":"Los Mejores Hoteles en el Centro de Tepic, Nayarit","publisher":{"@id":"https:\/\/hotelesfray.com\/#organization"},"potentialAction":[{"@type":"SearchAction","target":{"@type":"EntryPoint","urlTemplate":"https:\/\/hotelesfray.com\/?s={search_term_string}"},"query-input":{"@type":"PropertyValueSpecification","valueRequired":true,"valueName":"search_term_string"}}],"inLanguage":"en-US"},{"@type":"Organization","@id":"https:\/\/hotelesfray.com\/#organization","name":"Hoteles Fray","url":"https:\/\/hotelesfray.com\/","logo":{"@type":"ImageObject","inLanguage":"en-US","@id":"https:\/\/hotelesfray.com\/#\/schema\/logo\/image\/","url":"https:\/\/hotelesfray.com\/wp-content\/uploads\/2023\/01\/HotelesFray-cuadro.png","contentUrl":"https:\/\/hotelesfray.com\/wp-content\/uploads\/2023\/01\/HotelesFray-cuadro.png","width":2200,"height":2200,"caption":"Hoteles Fray"},"image":{"@id":"https:\/\/hotelesfray.com\/#\/schema\/logo\/image\/"}},{"@type":"Person","@id":"https:\/\/hotelesfray.com\/#\/schema\/person\/1a3f5909146e66cdba9aa8b37f1858e1","name":"Eduardo Lopez","image":{"@type":"ImageObject","inLanguage":"en-US","@id":"https:\/\/secure.gravatar.com\/avatar\/3d6f41a002d28c6845cb55b565f68141a241a36951b539d6f4dbddac28595734?s=96&d=mm&r=g","url":"https:\/\/secure.gravatar.com\/avatar\/3d6f41a002d28c6845cb55b565f68141a241a36951b539d6f4dbddac28595734?s=96&d=mm&r=g","contentUrl":"https:\/\/secure.gravatar.com\/avatar\/3d6f41a002d28c6845cb55b565f68141a241a36951b539d6f4dbddac28595734?s=96&d=mm&r=g","caption":"Eduardo Lopez"},"url":"https:\/\/hotelesfray.com\/en\/author\/gente\/"}]}},"_links":{"self":[{"href":"https:\/\/hotelesfray.com\/en\/wp-json\/wp\/v2\/posts\/5476","targetHints":{"allow":["GET"]}}],"collection":[{"href":"https:\/\/hotelesfray.com\/en\/wp-json\/wp\/v2\/posts"}],"about":[{"href":"https:\/\/hotelesfray.com\/en\/wp-json\/wp\/v2\/types\/post"}],"author":[{"embeddable":true,"href":"https:\/\/hotelesfray.com\/en\/wp-json\/wp\/v2\/users\/2"}],"replies":[{"embeddable":true,"href":"https:\/\/hotelesfray.com\/en\/wp-json\/wp\/v2\/comments?post=5476"}],"version-history":[{"count":2,"href":"https:\/\/hotelesfray.com\/en\/wp-json\/wp\/v2\/posts\/5476\/revisions"}],"predecessor-version":[{"id":5479,"href":"https:\/\/hotelesfray.com\/en\/wp-json\/wp\/v2\/posts\/5476\/revisions\/5479"}],"wp:featuredmedia":[{"embeddable":true,"href":"https:\/\/hotelesfray.com\/en\/wp-json\/wp\/v2\/media\/5477"}],"wp:attachment":[{"href":"https:\/\/hotelesfray.com\/en\/wp-json\/wp\/v2\/media?parent=5476"}],"wp:term":[{"taxonomy":"category","embeddable":true,"href":"https:\/\/hotelesfray.com\/en\/wp-json\/wp\/v2\/categories?post=5476"},{"taxonomy":"post_tag","embeddable":true,"href":"https:\/\/hotelesfray.com\/en\/wp-json\/wp\/v2\/tags?post=5476"}],"curies":[{"name":"wp","href":"https:\/\/api.w.org\/{rel}","templated":true}]}}