{"id":5724,"date":"2024-10-28T20:26:46","date_gmt":"2024-10-29T00:26:46","guid":{"rendered":"https:\/\/hotelesfray.com\/?p=5724"},"modified":"2025-02-23T20:46:49","modified_gmt":"2025-02-24T00:46:49","slug":"se-anuncia-el-desfile-y-presentacion-nayarit-en-altares-y-catrinas","status":"publish","type":"post","link":"https:\/\/hotelesfray.com\/en\/2024\/10\/28\/se-anuncia-el-desfile-y-presentacion-nayarit-en-altares-y-catrinas\/","title":{"rendered":"Se anuncia el desfile y presentaci\u00f3n \u201cNayarit en Altares y Catrinas\u201d"},"content":{"rendered":"<p>El gobierno del estado de Nayarit anuncia mediante sus redes sociales la realizaci\u00f3n de un evento para conmemorar las tradiciones mexicanas en el D\u00eda de Muertos este 1 y 2 de noviembre.<\/p>\n\n\n\n<p>Se trata de la instalaci\u00f3n de altares de muertos y la realizaci\u00f3n de un desfile inaugural el viernes, 1o de noviembre a las 4:30PM, el cual partir\u00e1 desde la Hermana Agua hasta el Palacio de Gobierno, hoy conocido como Casa de Gobierno.<\/p>\n\n\n\n<p>A solo un par de cuadras de tu Hotel Fray Jun\u00edpero: Centro Hist\u00f3rico, es una opci\u00f3n ideal para disfrutar de nuestras tradiciones mientras celebramos la vida de quienes ya no nos acompa\u00f1an, en familia.<\/p>\n\n\n\n<figure class=\"wp-block-image size-large\"><img data-dominant-color=\"c39369\" data-has-transparency=\"false\" style=\"--dominant-color: #c39369;\" loading=\"lazy\" decoding=\"async\" width=\"1024\" height=\"587\" src=\"https:\/\/hotelesfray.com\/wp-content\/uploads\/2024\/10\/IMG_7788-1024x587.webp\" alt=\"\" class=\"wp-image-5725 not-transparent\" srcset=\"https:\/\/hotelesfray.com\/wp-content\/uploads\/2024\/10\/IMG_7788-1024x587.webp 1024w, https:\/\/hotelesfray.com\/wp-content\/uploads\/2024\/10\/IMG_7788-300x172.webp 300w, https:\/\/hotelesfray.com\/wp-content\/uploads\/2024\/10\/IMG_7788-768x441.webp 768w, https:\/\/hotelesfray.com\/wp-content\/uploads\/2024\/10\/IMG_7788-1536x881.webp 1536w, https:\/\/hotelesfray.com\/wp-content\/uploads\/2024\/10\/IMG_7788-1080x620.webp 1080w, https:\/\/hotelesfray.com\/wp-content\/uploads\/2024\/10\/IMG_7788-1280x734.webp 1280w, https:\/\/hotelesfray.com\/wp-content\/uploads\/2024\/10\/IMG_7788-980x562.webp 980w, https:\/\/hotelesfray.com\/wp-content\/uploads\/2024\/10\/IMG_7788-480x275.webp 480w, https:\/\/hotelesfray.com\/wp-content\/uploads\/2024\/10\/IMG_7788-jpeg.webp 1581w\" sizes=\"(max-width: 1024px) 100vw, 1024px\" \/><figcaption class=\"wp-element-caption\">Screenshot<\/figcaption><\/figure>","protected":false},"excerpt":{"rendered":"<p>El gobierno del estado de Nayarit anuncia mediante sus redes sociales la realizaci\u00f3n de un evento para conmemorar las tradiciones mexicanas en el D\u00eda de Muertos este 1 y 2 de noviembre. Se trata de la instalaci\u00f3n de altares de muertos y la realizaci\u00f3n de un desfile inaugural el viernes, 1o de noviembre a las [&hellip;]<\/p>\n","protected":false},"author":2,"featured_media":5725,"comment_status":"closed","ping_status":"open","sticky":false,"template":"","format":"standard","meta":{"_et_pb_use_builder":"","_et_pb_old_content":"","_et_gb_content_width":"","footnotes":""},"categories":[40],"tags":[],"class_list":["post-5724","post","type-post","status-publish","format-standard","has-post-thumbnail","hentry","category-eventos"],"yoast_head":"<!-- This site is optimized with the Yoast SEO plugin v27.4 - https:\/\/yoast.com\/product\/yoast-seo-wordpress\/ -->\n<title>Hotels in Tepic | Hoteles Fray \u2013 Complimentary Buffet Breakfast<\/title>\n<meta name=\"description\" content=\"Looking for hotels in Tepic? Hoteles Fray offers the best location, complimentary buffet breakfast, free WiFi, and flexible cancellation. Book directly with no deposit!\" \/>\n<meta name=\"robots\" content=\"index, follow, max-snippet:-1, max-image-preview:large, max-video-preview:-1\" \/>\n<link rel=\"canonical\" href=\"https:\/\/hotelesfray.com\/en\/2024\/10\/28\/se-anuncia-el-desfile-y-presentacion-nayarit-en-altares-y-catrinas\/\" \/>\n<meta property=\"og:locale\" content=\"en_US\" \/>\n<meta property=\"og:type\" content=\"article\" \/>\n<meta property=\"og:title\" content=\"Hotels in Tepic | Hoteles Fray \u2013 Complimentary Buffet Breakfast\" \/>\n<meta property=\"og:description\" content=\"Looking for hotels in Tepic? Hoteles Fray offers the best location, complimentary buffet breakfast, free WiFi, and flexible cancellation. Book directly with no deposit!\" \/>\n<meta property=\"og:url\" content=\"https:\/\/hotelesfray.com\/en\/2024\/10\/28\/se-anuncia-el-desfile-y-presentacion-nayarit-en-altares-y-catrinas\/\" \/>\n<meta property=\"og:site_name\" content=\"Hoteles Fray\" \/>\n<meta property=\"article:published_time\" content=\"2024-10-29T00:26:46+00:00\" \/>\n<meta property=\"article:modified_time\" content=\"2025-02-24T00:46:49+00:00\" \/>\n<meta property=\"og:image\" content=\"https:\/\/hotelesfray.com\/wp-content\/uploads\/2024\/10\/IMG_7788-jpeg.webp\" \/>\n\t<meta property=\"og:image:width\" content=\"1581\" \/>\n\t<meta property=\"og:image:height\" content=\"907\" \/>\n\t<meta property=\"og:image:type\" content=\"image\/jpeg\" \/>\n<meta name=\"author\" content=\"Eduardo Lopez\" \/>\n<meta name=\"twitter:card\" content=\"summary_large_image\" \/>\n<meta name=\"twitter:label1\" content=\"Written by\" \/>\n\t<meta name=\"twitter:data1\" content=\"Eduardo Lopez\" \/>\n\t<meta name=\"twitter:label2\" content=\"Est. reading time\" \/>\n\t<meta name=\"twitter:data2\" content=\"1 minute\" \/>\n<script type=\"application\/ld+json\" class=\"yoast-schema-graph\">{\"@context\":\"https:\\\/\\\/schema.org\",\"@graph\":[{\"@type\":[\"Article\",\"BlogPosting\"],\"@id\":\"https:\\\/\\\/hotelesfray.com\\\/2024\\\/10\\\/28\\\/se-anuncia-el-desfile-y-presentacion-nayarit-en-altares-y-catrinas\\\/#article\",\"isPartOf\":{\"@id\":\"https:\\\/\\\/hotelesfray.com\\\/2024\\\/10\\\/28\\\/se-anuncia-el-desfile-y-presentacion-nayarit-en-altares-y-catrinas\\\/\"},\"author\":{\"name\":\"Eduardo Lopez\",\"@id\":\"https:\\\/\\\/hotelesfray.com\\\/#\\\/schema\\\/person\\\/1a3f5909146e66cdba9aa8b37f1858e1\"},\"headline\":\"Se anuncia el desfile y presentaci\u00f3n \u201cNayarit en Altares y Catrinas\u201d\",\"datePublished\":\"2024-10-29T00:26:46+00:00\",\"dateModified\":\"2025-02-24T00:46:49+00:00\",\"mainEntityOfPage\":{\"@id\":\"https:\\\/\\\/hotelesfray.com\\\/2024\\\/10\\\/28\\\/se-anuncia-el-desfile-y-presentacion-nayarit-en-altares-y-catrinas\\\/\"},\"wordCount\":127,\"publisher\":{\"@id\":\"https:\\\/\\\/hotelesfray.com\\\/#organization\"},\"image\":{\"@id\":\"https:\\\/\\\/hotelesfray.com\\\/2024\\\/10\\\/28\\\/se-anuncia-el-desfile-y-presentacion-nayarit-en-altares-y-catrinas\\\/#primaryimage\"},\"thumbnailUrl\":\"https:\\\/\\\/hotelesfray.com\\\/wp-content\\\/uploads\\\/2024\\\/10\\\/IMG_7788-jpeg.webp\",\"articleSection\":[\"Eventos\"],\"inLanguage\":\"en-US\"},{\"@type\":\"WebPage\",\"@id\":\"https:\\\/\\\/hotelesfray.com\\\/2024\\\/10\\\/28\\\/se-anuncia-el-desfile-y-presentacion-nayarit-en-altares-y-catrinas\\\/\",\"url\":\"https:\\\/\\\/hotelesfray.com\\\/2024\\\/10\\\/28\\\/se-anuncia-el-desfile-y-presentacion-nayarit-en-altares-y-catrinas\\\/\",\"name\":\"Se anuncia el desfile y presentaci\u00f3n \u201cNayarit en Altares y Catrinas\u201d | Hoteles Fray\",\"isPartOf\":{\"@id\":\"https:\\\/\\\/hotelesfray.com\\\/#website\"},\"primaryImageOfPage\":{\"@id\":\"https:\\\/\\\/hotelesfray.com\\\/2024\\\/10\\\/28\\\/se-anuncia-el-desfile-y-presentacion-nayarit-en-altares-y-catrinas\\\/#primaryimage\"},\"image\":{\"@id\":\"https:\\\/\\\/hotelesfray.com\\\/2024\\\/10\\\/28\\\/se-anuncia-el-desfile-y-presentacion-nayarit-en-altares-y-catrinas\\\/#primaryimage\"},\"thumbnailUrl\":\"https:\\\/\\\/hotelesfray.com\\\/wp-content\\\/uploads\\\/2024\\\/10\\\/IMG_7788-jpeg.webp\",\"datePublished\":\"2024-10-29T00:26:46+00:00\",\"dateModified\":\"2025-02-24T00:46:49+00:00\",\"breadcrumb\":{\"@id\":\"https:\\\/\\\/hotelesfray.com\\\/2024\\\/10\\\/28\\\/se-anuncia-el-desfile-y-presentacion-nayarit-en-altares-y-catrinas\\\/#breadcrumb\"},\"inLanguage\":\"en-US\",\"potentialAction\":[{\"@type\":\"ReadAction\",\"target\":[\"https:\\\/\\\/hotelesfray.com\\\/2024\\\/10\\\/28\\\/se-anuncia-el-desfile-y-presentacion-nayarit-en-altares-y-catrinas\\\/\"]}]},{\"@type\":\"ImageObject\",\"inLanguage\":\"en-US\",\"@id\":\"https:\\\/\\\/hotelesfray.com\\\/2024\\\/10\\\/28\\\/se-anuncia-el-desfile-y-presentacion-nayarit-en-altares-y-catrinas\\\/#primaryimage\",\"url\":\"https:\\\/\\\/hotelesfray.com\\\/wp-content\\\/uploads\\\/2024\\\/10\\\/IMG_7788-jpeg.webp\",\"contentUrl\":\"https:\\\/\\\/hotelesfray.com\\\/wp-content\\\/uploads\\\/2024\\\/10\\\/IMG_7788-jpeg.webp\",\"width\":1581,\"height\":907,\"caption\":\"Screenshot\"},{\"@type\":\"BreadcrumbList\",\"@id\":\"https:\\\/\\\/hotelesfray.com\\\/2024\\\/10\\\/28\\\/se-anuncia-el-desfile-y-presentacion-nayarit-en-altares-y-catrinas\\\/#breadcrumb\",\"itemListElement\":[{\"@type\":\"ListItem\",\"position\":1,\"name\":\"Eventos\",\"item\":\"https:\\\/\\\/hotelesfray.com\\\/category\\\/eventos\\\/\"},{\"@type\":\"ListItem\",\"position\":2,\"name\":\"Se anuncia el desfile y presentaci\u00f3n \u201cNayarit en Altares y Catrinas\u201d\"}]},{\"@type\":\"WebSite\",\"@id\":\"https:\\\/\\\/hotelesfray.com\\\/#website\",\"url\":\"https:\\\/\\\/hotelesfray.com\\\/\",\"name\":\"Hoteles Fray\",\"description\":\"Los Mejores Hoteles en el Centro de Tepic, Nayarit\",\"publisher\":{\"@id\":\"https:\\\/\\\/hotelesfray.com\\\/#organization\"},\"potentialAction\":[{\"@type\":\"SearchAction\",\"target\":{\"@type\":\"EntryPoint\",\"urlTemplate\":\"https:\\\/\\\/hotelesfray.com\\\/?s={search_term_string}\"},\"query-input\":{\"@type\":\"PropertyValueSpecification\",\"valueRequired\":true,\"valueName\":\"search_term_string\"}}],\"inLanguage\":\"en-US\"},{\"@type\":\"Organization\",\"@id\":\"https:\\\/\\\/hotelesfray.com\\\/#organization\",\"name\":\"Hoteles Fray\",\"url\":\"https:\\\/\\\/hotelesfray.com\\\/\",\"logo\":{\"@type\":\"ImageObject\",\"inLanguage\":\"en-US\",\"@id\":\"https:\\\/\\\/hotelesfray.com\\\/#\\\/schema\\\/logo\\\/image\\\/\",\"url\":\"https:\\\/\\\/hotelesfray.com\\\/wp-content\\\/uploads\\\/2023\\\/01\\\/HotelesFray-cuadro.png\",\"contentUrl\":\"https:\\\/\\\/hotelesfray.com\\\/wp-content\\\/uploads\\\/2023\\\/01\\\/HotelesFray-cuadro.png\",\"width\":2200,\"height\":2200,\"caption\":\"Hoteles Fray\"},\"image\":{\"@id\":\"https:\\\/\\\/hotelesfray.com\\\/#\\\/schema\\\/logo\\\/image\\\/\"}},{\"@type\":\"Person\",\"@id\":\"https:\\\/\\\/hotelesfray.com\\\/#\\\/schema\\\/person\\\/1a3f5909146e66cdba9aa8b37f1858e1\",\"name\":\"Eduardo Lopez\",\"image\":{\"@type\":\"ImageObject\",\"inLanguage\":\"en-US\",\"@id\":\"https:\\\/\\\/secure.gravatar.com\\\/avatar\\\/3d6f41a002d28c6845cb55b565f68141a241a36951b539d6f4dbddac28595734?s=96&d=mm&r=g\",\"url\":\"https:\\\/\\\/secure.gravatar.com\\\/avatar\\\/3d6f41a002d28c6845cb55b565f68141a241a36951b539d6f4dbddac28595734?s=96&d=mm&r=g\",\"contentUrl\":\"https:\\\/\\\/secure.gravatar.com\\\/avatar\\\/3d6f41a002d28c6845cb55b565f68141a241a36951b539d6f4dbddac28595734?s=96&d=mm&r=g\",\"caption\":\"Eduardo Lopez\"},\"url\":\"https:\\\/\\\/hotelesfray.com\\\/en\\\/author\\\/gente\\\/\"}]}<\/script>\n<!-- \/ Yoast SEO plugin. -->","yoast_head_json":{"title":"Hotels in Tepic | Hoteles Fray \u2013 Complimentary Buffet Breakfast","description":"Looking for hotels in Tepic? Hoteles Fray offers the best location, complimentary buffet breakfast, free WiFi, and flexible cancellation. Book directly with no deposit!","robots":{"index":"index","follow":"follow","max-snippet":"max-snippet:-1","max-image-preview":"max-image-preview:large","max-video-preview":"max-video-preview:-1"},"canonical":"https:\/\/hotelesfray.com\/en\/2024\/10\/28\/se-anuncia-el-desfile-y-presentacion-nayarit-en-altares-y-catrinas\/","og_locale":"en_US","og_type":"article","og_title":"Hotels in Tepic | Hoteles Fray \u2013 Complimentary Buffet Breakfast","og_description":"Looking for hotels in Tepic? Hoteles Fray offers the best location, complimentary buffet breakfast, free WiFi, and flexible cancellation. Book directly with no deposit!","og_url":"https:\/\/hotelesfray.com\/en\/2024\/10\/28\/se-anuncia-el-desfile-y-presentacion-nayarit-en-altares-y-catrinas\/","og_site_name":"Hoteles Fray","article_published_time":"2024-10-29T00:26:46+00:00","article_modified_time":"2025-02-24T00:46:49+00:00","og_image":[{"width":1581,"height":907,"url":"https:\/\/hotelesfray.com\/wp-content\/uploads\/2024\/10\/IMG_7788-jpeg.webp","type":"image\/jpeg"}],"author":"Eduardo Lopez","twitter_card":"summary_large_image","twitter_misc":{"Written by":"Eduardo Lopez","Est. reading time":"1 minute"},"schema":{"@context":"https:\/\/schema.org","@graph":[{"@type":["Article","BlogPosting"],"@id":"https:\/\/hotelesfray.com\/2024\/10\/28\/se-anuncia-el-desfile-y-presentacion-nayarit-en-altares-y-catrinas\/#article","isPartOf":{"@id":"https:\/\/hotelesfray.com\/2024\/10\/28\/se-anuncia-el-desfile-y-presentacion-nayarit-en-altares-y-catrinas\/"},"author":{"name":"Eduardo Lopez","@id":"https:\/\/hotelesfray.com\/#\/schema\/person\/1a3f5909146e66cdba9aa8b37f1858e1"},"headline":"Se anuncia el desfile y presentaci\u00f3n \u201cNayarit en Altares y Catrinas\u201d","datePublished":"2024-10-29T00:26:46+00:00","dateModified":"2025-02-24T00:46:49+00:00","mainEntityOfPage":{"@id":"https:\/\/hotelesfray.com\/2024\/10\/28\/se-anuncia-el-desfile-y-presentacion-nayarit-en-altares-y-catrinas\/"},"wordCount":127,"publisher":{"@id":"https:\/\/hotelesfray.com\/#organization"},"image":{"@id":"https:\/\/hotelesfray.com\/2024\/10\/28\/se-anuncia-el-desfile-y-presentacion-nayarit-en-altares-y-catrinas\/#primaryimage"},"thumbnailUrl":"https:\/\/hotelesfray.com\/wp-content\/uploads\/2024\/10\/IMG_7788-jpeg.webp","articleSection":["Eventos"],"inLanguage":"en-US"},{"@type":"WebPage","@id":"https:\/\/hotelesfray.com\/2024\/10\/28\/se-anuncia-el-desfile-y-presentacion-nayarit-en-altares-y-catrinas\/","url":"https:\/\/hotelesfray.com\/2024\/10\/28\/se-anuncia-el-desfile-y-presentacion-nayarit-en-altares-y-catrinas\/","name":"Se anuncia el desfile y presentaci\u00f3n \u201cNayarit en Altares y Catrinas\u201d | Hoteles Fray","isPartOf":{"@id":"https:\/\/hotelesfray.com\/#website"},"primaryImageOfPage":{"@id":"https:\/\/hotelesfray.com\/2024\/10\/28\/se-anuncia-el-desfile-y-presentacion-nayarit-en-altares-y-catrinas\/#primaryimage"},"image":{"@id":"https:\/\/hotelesfray.com\/2024\/10\/28\/se-anuncia-el-desfile-y-presentacion-nayarit-en-altares-y-catrinas\/#primaryimage"},"thumbnailUrl":"https:\/\/hotelesfray.com\/wp-content\/uploads\/2024\/10\/IMG_7788-jpeg.webp","datePublished":"2024-10-29T00:26:46+00:00","dateModified":"2025-02-24T00:46:49+00:00","breadcrumb":{"@id":"https:\/\/hotelesfray.com\/2024\/10\/28\/se-anuncia-el-desfile-y-presentacion-nayarit-en-altares-y-catrinas\/#breadcrumb"},"inLanguage":"en-US","potentialAction":[{"@type":"ReadAction","target":["https:\/\/hotelesfray.com\/2024\/10\/28\/se-anuncia-el-desfile-y-presentacion-nayarit-en-altares-y-catrinas\/"]}]},{"@type":"ImageObject","inLanguage":"en-US","@id":"https:\/\/hotelesfray.com\/2024\/10\/28\/se-anuncia-el-desfile-y-presentacion-nayarit-en-altares-y-catrinas\/#primaryimage","url":"https:\/\/hotelesfray.com\/wp-content\/uploads\/2024\/10\/IMG_7788-jpeg.webp","contentUrl":"https:\/\/hotelesfray.com\/wp-content\/uploads\/2024\/10\/IMG_7788-jpeg.webp","width":1581,"height":907,"caption":"Screenshot"},{"@type":"BreadcrumbList","@id":"https:\/\/hotelesfray.com\/2024\/10\/28\/se-anuncia-el-desfile-y-presentacion-nayarit-en-altares-y-catrinas\/#breadcrumb","itemListElement":[{"@type":"ListItem","position":1,"name":"Eventos","item":"https:\/\/hotelesfray.com\/category\/eventos\/"},{"@type":"ListItem","position":2,"name":"Se anuncia el desfile y presentaci\u00f3n \u201cNayarit en Altares y Catrinas\u201d"}]},{"@type":"WebSite","@id":"https:\/\/hotelesfray.com\/#website","url":"https:\/\/hotelesfray.com\/","name":"Hoteles Fray","description":"Los Mejores Hoteles en el Centro de Tepic, Nayarit","publisher":{"@id":"https:\/\/hotelesfray.com\/#organization"},"potentialAction":[{"@type":"SearchAction","target":{"@type":"EntryPoint","urlTemplate":"https:\/\/hotelesfray.com\/?s={search_term_string}"},"query-input":{"@type":"PropertyValueSpecification","valueRequired":true,"valueName":"search_term_string"}}],"inLanguage":"en-US"},{"@type":"Organization","@id":"https:\/\/hotelesfray.com\/#organization","name":"Hoteles Fray","url":"https:\/\/hotelesfray.com\/","logo":{"@type":"ImageObject","inLanguage":"en-US","@id":"https:\/\/hotelesfray.com\/#\/schema\/logo\/image\/","url":"https:\/\/hotelesfray.com\/wp-content\/uploads\/2023\/01\/HotelesFray-cuadro.png","contentUrl":"https:\/\/hotelesfray.com\/wp-content\/uploads\/2023\/01\/HotelesFray-cuadro.png","width":2200,"height":2200,"caption":"Hoteles Fray"},"image":{"@id":"https:\/\/hotelesfray.com\/#\/schema\/logo\/image\/"}},{"@type":"Person","@id":"https:\/\/hotelesfray.com\/#\/schema\/person\/1a3f5909146e66cdba9aa8b37f1858e1","name":"Eduardo Lopez","image":{"@type":"ImageObject","inLanguage":"en-US","@id":"https:\/\/secure.gravatar.com\/avatar\/3d6f41a002d28c6845cb55b565f68141a241a36951b539d6f4dbddac28595734?s=96&d=mm&r=g","url":"https:\/\/secure.gravatar.com\/avatar\/3d6f41a002d28c6845cb55b565f68141a241a36951b539d6f4dbddac28595734?s=96&d=mm&r=g","contentUrl":"https:\/\/secure.gravatar.com\/avatar\/3d6f41a002d28c6845cb55b565f68141a241a36951b539d6f4dbddac28595734?s=96&d=mm&r=g","caption":"Eduardo Lopez"},"url":"https:\/\/hotelesfray.com\/en\/author\/gente\/"}]}},"_links":{"self":[{"href":"https:\/\/hotelesfray.com\/en\/wp-json\/wp\/v2\/posts\/5724","targetHints":{"allow":["GET"]}}],"collection":[{"href":"https:\/\/hotelesfray.com\/en\/wp-json\/wp\/v2\/posts"}],"about":[{"href":"https:\/\/hotelesfray.com\/en\/wp-json\/wp\/v2\/types\/post"}],"author":[{"embeddable":true,"href":"https:\/\/hotelesfray.com\/en\/wp-json\/wp\/v2\/users\/2"}],"replies":[{"embeddable":true,"href":"https:\/\/hotelesfray.com\/en\/wp-json\/wp\/v2\/comments?post=5724"}],"version-history":[{"count":2,"href":"https:\/\/hotelesfray.com\/en\/wp-json\/wp\/v2\/posts\/5724\/revisions"}],"predecessor-version":[{"id":5877,"href":"https:\/\/hotelesfray.com\/en\/wp-json\/wp\/v2\/posts\/5724\/revisions\/5877"}],"wp:featuredmedia":[{"embeddable":true,"href":"https:\/\/hotelesfray.com\/en\/wp-json\/wp\/v2\/media\/5725"}],"wp:attachment":[{"href":"https:\/\/hotelesfray.com\/en\/wp-json\/wp\/v2\/media?parent=5724"}],"wp:term":[{"taxonomy":"category","embeddable":true,"href":"https:\/\/hotelesfray.com\/en\/wp-json\/wp\/v2\/categories?post=5724"},{"taxonomy":"post_tag","embeddable":true,"href":"https:\/\/hotelesfray.com\/en\/wp-json\/wp\/v2\/tags?post=5724"}],"curies":[{"name":"wp","href":"https:\/\/api.w.org\/{rel}","templated":true}]}}