{"id":5777,"date":"2024-12-16T12:05:31","date_gmt":"2024-12-16T16:05:31","guid":{"rendered":"https:\/\/hotelesfray.com\/?p=5777"},"modified":"2025-02-23T20:46:03","modified_gmt":"2025-02-24T00:46:03","slug":"conoce-el-parque-nacional-isla-isabel-en-nayarit","status":"publish","type":"post","link":"https:\/\/hotelesfray.com\/en\/2024\/12\/16\/conoce-el-parque-nacional-isla-isabel-en-nayarit\/","title":{"rendered":"Conoce el Parque Nacional Isla Isabel en Nayarit"},"content":{"rendered":"<p>Esta isla fue catalogada como Parque Nacional por ser el santuario de una gran variedad de aves marinas, tales como bobos de patas azules y rojas, fragatas, pericotas, pel\u00edcanos, golondrinas caf\u00e9s, rabijuncos y gaviotas partas, \u00e9stas dos \u00faltimas consideradas en peligro de extinci\u00f3n.<\/p>\n\n\n\n<p>Tu visita ser\u00e1 inolvidable ya que disfrutar\u00e1s de amaneceres y atardeceres enmarcados por el Pac\u00edfico, adem\u00e1s tendr\u00e1s la posibilidad de acampar una noche en la isla y realizar actividades como snorkeling, senderismo interpretativo y observaci\u00f3n de aves. Durante el invierno abre bien los ojos porque pasar\u00e1n ballenas.<\/p>\n\n\n\n<p>Es importante considerar a estar catalogada como Reserva de la Bi\u00f3sfera, solo permite el acceso de 30 turistas por d\u00eda, y dadas las condiciones del mar, quien visita Isla Isabel no puede regresar a tierra el mismo d\u00eda, por lo que se puede acampar.<\/p>\n\n\n\n<p>Fotos: Rebeca Viajeros 30<\/p>\n\n\n\n<figure class=\"wp-block-image size-large\"><img data-dominant-color=\"70acc9\" data-has-transparency=\"false\" style=\"--dominant-color: #70acc9;\" loading=\"lazy\" decoding=\"async\" width=\"1024\" height=\"683\" src=\"https:\/\/hotelesfray.com\/wp-content\/uploads\/2024\/12\/264924856_4693076954073299_1313025538105714753_n-1024x683.webp\" alt=\"\" class=\"wp-image-5779 not-transparent\" srcset=\"https:\/\/hotelesfray.com\/wp-content\/uploads\/2024\/12\/264924856_4693076954073299_1313025538105714753_n-1024x683.webp 1024w, https:\/\/hotelesfray.com\/wp-content\/uploads\/2024\/12\/264924856_4693076954073299_1313025538105714753_n-300x200.webp 300w, https:\/\/hotelesfray.com\/wp-content\/uploads\/2024\/12\/264924856_4693076954073299_1313025538105714753_n-768x512.webp 768w, https:\/\/hotelesfray.com\/wp-content\/uploads\/2024\/12\/264924856_4693076954073299_1313025538105714753_n-1536x1024.webp 1536w, https:\/\/hotelesfray.com\/wp-content\/uploads\/2024\/12\/264924856_4693076954073299_1313025538105714753_n-1080x720.webp 1080w, https:\/\/hotelesfray.com\/wp-content\/uploads\/2024\/12\/264924856_4693076954073299_1313025538105714753_n-1280x853.webp 1280w, https:\/\/hotelesfray.com\/wp-content\/uploads\/2024\/12\/264924856_4693076954073299_1313025538105714753_n-980x653.webp 980w, https:\/\/hotelesfray.com\/wp-content\/uploads\/2024\/12\/264924856_4693076954073299_1313025538105714753_n-480x320.webp 480w, https:\/\/hotelesfray.com\/wp-content\/uploads\/2024\/12\/264924856_4693076954073299_1313025538105714753_n-jpg.webp 1716w\" sizes=\"(max-width: 1024px) 100vw, 1024px\" \/><\/figure>\n\n\n\n<figure class=\"wp-block-image size-full\"><img data-dominant-color=\"748a93\" data-has-transparency=\"false\" style=\"--dominant-color: #748a93;\" loading=\"lazy\" decoding=\"async\" width=\"960\" height=\"720\" src=\"https:\/\/hotelesfray.com\/wp-content\/uploads\/2024\/12\/308605888_5592079914172994_7732095525590330284_n-jpg.webp\" alt=\"\" class=\"wp-image-5780 not-transparent\" srcset=\"https:\/\/hotelesfray.com\/wp-content\/uploads\/2024\/12\/308605888_5592079914172994_7732095525590330284_n-jpg.webp 960w, https:\/\/hotelesfray.com\/wp-content\/uploads\/2024\/12\/308605888_5592079914172994_7732095525590330284_n-480x360.webp 480w\" sizes=\"(min-width: 0px) and (max-width: 480px) 480px, (min-width: 481px) 960px, 100vw\" \/><\/figure>","protected":false},"excerpt":{"rendered":"<p>Esta isla fue catalogada como Parque Nacional por ser el santuario de una gran variedad de aves marinas, tales como bobos de patas azules y rojas, fragatas, pericotas, pel\u00edcanos, golondrinas caf\u00e9s, rabijuncos y gaviotas partas, \u00e9stas dos \u00faltimas consideradas en peligro de extinci\u00f3n. Tu visita ser\u00e1 inolvidable ya que disfrutar\u00e1s de amaneceres y atardeceres enmarcados [&hellip;]<\/p>\n","protected":false},"author":2,"featured_media":5778,"comment_status":"closed","ping_status":"open","sticky":false,"template":"","format":"standard","meta":{"_et_pb_use_builder":"","_et_pb_old_content":"","_et_gb_content_width":"","footnotes":""},"categories":[167,38],"tags":[],"class_list":["post-5777","post","type-post","status-publish","format-standard","has-post-thumbnail","hentry","category-naturaleza","category-santiago-ixcuintla"],"yoast_head":"<!-- This site is optimized with the Yoast SEO plugin v27.4 - https:\/\/yoast.com\/product\/yoast-seo-wordpress\/ -->\n<title>Hotels in Tepic | Hoteles Fray \u2013 Complimentary Buffet Breakfast<\/title>\n<meta name=\"description\" content=\"Looking for hotels in Tepic? Hoteles Fray offers the best location, complimentary buffet breakfast, free WiFi, and flexible cancellation. Book directly with no deposit!\" \/>\n<meta name=\"robots\" content=\"index, follow, max-snippet:-1, max-image-preview:large, max-video-preview:-1\" \/>\n<link rel=\"canonical\" href=\"https:\/\/hotelesfray.com\/en\/2024\/12\/16\/conoce-el-parque-nacional-isla-isabel-en-nayarit\/\" \/>\n<meta property=\"og:locale\" content=\"en_US\" \/>\n<meta property=\"og:type\" content=\"article\" \/>\n<meta property=\"og:title\" content=\"Hotels in Tepic | Hoteles Fray \u2013 Complimentary Buffet Breakfast\" \/>\n<meta property=\"og:description\" content=\"Looking for hotels in Tepic? Hoteles Fray offers the best location, complimentary buffet breakfast, free WiFi, and flexible cancellation. Book directly with no deposit!\" \/>\n<meta property=\"og:url\" content=\"https:\/\/hotelesfray.com\/en\/2024\/12\/16\/conoce-el-parque-nacional-isla-isabel-en-nayarit\/\" \/>\n<meta property=\"og:site_name\" content=\"Hoteles Fray\" \/>\n<meta property=\"article:published_time\" content=\"2024-12-16T16:05:31+00:00\" \/>\n<meta property=\"article:modified_time\" content=\"2025-02-24T00:46:03+00:00\" \/>\n<meta property=\"og:image\" content=\"https:\/\/hotelesfray.com\/wp-content\/uploads\/2024\/12\/265251523_4693076930739968_2494812697482841335_n-jpg.webp\" \/>\n\t<meta property=\"og:image:width\" content=\"1732\" \/>\n\t<meta property=\"og:image:height\" content=\"974\" \/>\n\t<meta property=\"og:image:type\" content=\"image\/jpeg\" \/>\n<meta name=\"author\" content=\"Eduardo Lopez\" \/>\n<meta name=\"twitter:card\" content=\"summary_large_image\" \/>\n<meta name=\"twitter:label1\" content=\"Written by\" \/>\n\t<meta name=\"twitter:data1\" content=\"Eduardo Lopez\" \/>\n\t<meta name=\"twitter:label2\" content=\"Est. reading time\" \/>\n\t<meta name=\"twitter:data2\" content=\"1 minute\" \/>\n<script type=\"application\/ld+json\" class=\"yoast-schema-graph\">{\"@context\":\"https:\\\/\\\/schema.org\",\"@graph\":[{\"@type\":[\"Article\",\"BlogPosting\"],\"@id\":\"https:\\\/\\\/hotelesfray.com\\\/2024\\\/12\\\/16\\\/conoce-el-parque-nacional-isla-isabel-en-nayarit\\\/#article\",\"isPartOf\":{\"@id\":\"https:\\\/\\\/hotelesfray.com\\\/2024\\\/12\\\/16\\\/conoce-el-parque-nacional-isla-isabel-en-nayarit\\\/\"},\"author\":{\"name\":\"Eduardo Lopez\",\"@id\":\"https:\\\/\\\/hotelesfray.com\\\/#\\\/schema\\\/person\\\/1a3f5909146e66cdba9aa8b37f1858e1\"},\"headline\":\"Conoce el Parque Nacional Isla Isabel en Nayarit\",\"datePublished\":\"2024-12-16T16:05:31+00:00\",\"dateModified\":\"2025-02-24T00:46:03+00:00\",\"mainEntityOfPage\":{\"@id\":\"https:\\\/\\\/hotelesfray.com\\\/2024\\\/12\\\/16\\\/conoce-el-parque-nacional-isla-isabel-en-nayarit\\\/\"},\"wordCount\":156,\"publisher\":{\"@id\":\"https:\\\/\\\/hotelesfray.com\\\/#organization\"},\"image\":{\"@id\":\"https:\\\/\\\/hotelesfray.com\\\/2024\\\/12\\\/16\\\/conoce-el-parque-nacional-isla-isabel-en-nayarit\\\/#primaryimage\"},\"thumbnailUrl\":\"https:\\\/\\\/hotelesfray.com\\\/wp-content\\\/uploads\\\/2024\\\/12\\\/265251523_4693076930739968_2494812697482841335_n-jpg.webp\",\"articleSection\":[\"Naturaleza\",\"Santiago Ixcuintla\"],\"inLanguage\":\"en-US\"},{\"@type\":\"WebPage\",\"@id\":\"https:\\\/\\\/hotelesfray.com\\\/2024\\\/12\\\/16\\\/conoce-el-parque-nacional-isla-isabel-en-nayarit\\\/\",\"url\":\"https:\\\/\\\/hotelesfray.com\\\/2024\\\/12\\\/16\\\/conoce-el-parque-nacional-isla-isabel-en-nayarit\\\/\",\"name\":\"Conoce el Parque Nacional Isla Isabel en Nayarit | Hoteles Fray\",\"isPartOf\":{\"@id\":\"https:\\\/\\\/hotelesfray.com\\\/#website\"},\"primaryImageOfPage\":{\"@id\":\"https:\\\/\\\/hotelesfray.com\\\/2024\\\/12\\\/16\\\/conoce-el-parque-nacional-isla-isabel-en-nayarit\\\/#primaryimage\"},\"image\":{\"@id\":\"https:\\\/\\\/hotelesfray.com\\\/2024\\\/12\\\/16\\\/conoce-el-parque-nacional-isla-isabel-en-nayarit\\\/#primaryimage\"},\"thumbnailUrl\":\"https:\\\/\\\/hotelesfray.com\\\/wp-content\\\/uploads\\\/2024\\\/12\\\/265251523_4693076930739968_2494812697482841335_n-jpg.webp\",\"datePublished\":\"2024-12-16T16:05:31+00:00\",\"dateModified\":\"2025-02-24T00:46:03+00:00\",\"breadcrumb\":{\"@id\":\"https:\\\/\\\/hotelesfray.com\\\/2024\\\/12\\\/16\\\/conoce-el-parque-nacional-isla-isabel-en-nayarit\\\/#breadcrumb\"},\"inLanguage\":\"en-US\",\"potentialAction\":[{\"@type\":\"ReadAction\",\"target\":[\"https:\\\/\\\/hotelesfray.com\\\/2024\\\/12\\\/16\\\/conoce-el-parque-nacional-isla-isabel-en-nayarit\\\/\"]}]},{\"@type\":\"ImageObject\",\"inLanguage\":\"en-US\",\"@id\":\"https:\\\/\\\/hotelesfray.com\\\/2024\\\/12\\\/16\\\/conoce-el-parque-nacional-isla-isabel-en-nayarit\\\/#primaryimage\",\"url\":\"https:\\\/\\\/hotelesfray.com\\\/wp-content\\\/uploads\\\/2024\\\/12\\\/265251523_4693076930739968_2494812697482841335_n-jpg.webp\",\"contentUrl\":\"https:\\\/\\\/hotelesfray.com\\\/wp-content\\\/uploads\\\/2024\\\/12\\\/265251523_4693076930739968_2494812697482841335_n-jpg.webp\",\"width\":1732,\"height\":974},{\"@type\":\"BreadcrumbList\",\"@id\":\"https:\\\/\\\/hotelesfray.com\\\/2024\\\/12\\\/16\\\/conoce-el-parque-nacional-isla-isabel-en-nayarit\\\/#breadcrumb\",\"itemListElement\":[{\"@type\":\"ListItem\",\"position\":1,\"name\":\"Naturaleza\",\"item\":\"https:\\\/\\\/hotelesfray.com\\\/category\\\/naturaleza\\\/\"},{\"@type\":\"ListItem\",\"position\":2,\"name\":\"Conoce el Parque Nacional Isla Isabel en Nayarit\"}]},{\"@type\":\"WebSite\",\"@id\":\"https:\\\/\\\/hotelesfray.com\\\/#website\",\"url\":\"https:\\\/\\\/hotelesfray.com\\\/\",\"name\":\"Hoteles Fray\",\"description\":\"Los Mejores Hoteles en el Centro de Tepic, Nayarit\",\"publisher\":{\"@id\":\"https:\\\/\\\/hotelesfray.com\\\/#organization\"},\"potentialAction\":[{\"@type\":\"SearchAction\",\"target\":{\"@type\":\"EntryPoint\",\"urlTemplate\":\"https:\\\/\\\/hotelesfray.com\\\/?s={search_term_string}\"},\"query-input\":{\"@type\":\"PropertyValueSpecification\",\"valueRequired\":true,\"valueName\":\"search_term_string\"}}],\"inLanguage\":\"en-US\"},{\"@type\":\"Organization\",\"@id\":\"https:\\\/\\\/hotelesfray.com\\\/#organization\",\"name\":\"Hoteles Fray\",\"url\":\"https:\\\/\\\/hotelesfray.com\\\/\",\"logo\":{\"@type\":\"ImageObject\",\"inLanguage\":\"en-US\",\"@id\":\"https:\\\/\\\/hotelesfray.com\\\/#\\\/schema\\\/logo\\\/image\\\/\",\"url\":\"https:\\\/\\\/hotelesfray.com\\\/wp-content\\\/uploads\\\/2023\\\/01\\\/HotelesFray-cuadro.png\",\"contentUrl\":\"https:\\\/\\\/hotelesfray.com\\\/wp-content\\\/uploads\\\/2023\\\/01\\\/HotelesFray-cuadro.png\",\"width\":2200,\"height\":2200,\"caption\":\"Hoteles Fray\"},\"image\":{\"@id\":\"https:\\\/\\\/hotelesfray.com\\\/#\\\/schema\\\/logo\\\/image\\\/\"}},{\"@type\":\"Person\",\"@id\":\"https:\\\/\\\/hotelesfray.com\\\/#\\\/schema\\\/person\\\/1a3f5909146e66cdba9aa8b37f1858e1\",\"name\":\"Eduardo Lopez\",\"image\":{\"@type\":\"ImageObject\",\"inLanguage\":\"en-US\",\"@id\":\"https:\\\/\\\/secure.gravatar.com\\\/avatar\\\/3d6f41a002d28c6845cb55b565f68141a241a36951b539d6f4dbddac28595734?s=96&d=mm&r=g\",\"url\":\"https:\\\/\\\/secure.gravatar.com\\\/avatar\\\/3d6f41a002d28c6845cb55b565f68141a241a36951b539d6f4dbddac28595734?s=96&d=mm&r=g\",\"contentUrl\":\"https:\\\/\\\/secure.gravatar.com\\\/avatar\\\/3d6f41a002d28c6845cb55b565f68141a241a36951b539d6f4dbddac28595734?s=96&d=mm&r=g\",\"caption\":\"Eduardo Lopez\"},\"url\":\"https:\\\/\\\/hotelesfray.com\\\/en\\\/author\\\/gente\\\/\"}]}<\/script>\n<!-- \/ Yoast SEO plugin. -->","yoast_head_json":{"title":"Hotels in Tepic | Hoteles Fray \u2013 Complimentary Buffet Breakfast","description":"Looking for hotels in Tepic? Hoteles Fray offers the best location, complimentary buffet breakfast, free WiFi, and flexible cancellation. Book directly with no deposit!","robots":{"index":"index","follow":"follow","max-snippet":"max-snippet:-1","max-image-preview":"max-image-preview:large","max-video-preview":"max-video-preview:-1"},"canonical":"https:\/\/hotelesfray.com\/en\/2024\/12\/16\/conoce-el-parque-nacional-isla-isabel-en-nayarit\/","og_locale":"en_US","og_type":"article","og_title":"Hotels in Tepic | Hoteles Fray \u2013 Complimentary Buffet Breakfast","og_description":"Looking for hotels in Tepic? Hoteles Fray offers the best location, complimentary buffet breakfast, free WiFi, and flexible cancellation. Book directly with no deposit!","og_url":"https:\/\/hotelesfray.com\/en\/2024\/12\/16\/conoce-el-parque-nacional-isla-isabel-en-nayarit\/","og_site_name":"Hoteles Fray","article_published_time":"2024-12-16T16:05:31+00:00","article_modified_time":"2025-02-24T00:46:03+00:00","og_image":[{"width":1732,"height":974,"url":"https:\/\/hotelesfray.com\/wp-content\/uploads\/2024\/12\/265251523_4693076930739968_2494812697482841335_n-jpg.webp","type":"image\/jpeg"}],"author":"Eduardo Lopez","twitter_card":"summary_large_image","twitter_misc":{"Written by":"Eduardo Lopez","Est. reading time":"1 minute"},"schema":{"@context":"https:\/\/schema.org","@graph":[{"@type":["Article","BlogPosting"],"@id":"https:\/\/hotelesfray.com\/2024\/12\/16\/conoce-el-parque-nacional-isla-isabel-en-nayarit\/#article","isPartOf":{"@id":"https:\/\/hotelesfray.com\/2024\/12\/16\/conoce-el-parque-nacional-isla-isabel-en-nayarit\/"},"author":{"name":"Eduardo Lopez","@id":"https:\/\/hotelesfray.com\/#\/schema\/person\/1a3f5909146e66cdba9aa8b37f1858e1"},"headline":"Conoce el Parque Nacional Isla Isabel en Nayarit","datePublished":"2024-12-16T16:05:31+00:00","dateModified":"2025-02-24T00:46:03+00:00","mainEntityOfPage":{"@id":"https:\/\/hotelesfray.com\/2024\/12\/16\/conoce-el-parque-nacional-isla-isabel-en-nayarit\/"},"wordCount":156,"publisher":{"@id":"https:\/\/hotelesfray.com\/#organization"},"image":{"@id":"https:\/\/hotelesfray.com\/2024\/12\/16\/conoce-el-parque-nacional-isla-isabel-en-nayarit\/#primaryimage"},"thumbnailUrl":"https:\/\/hotelesfray.com\/wp-content\/uploads\/2024\/12\/265251523_4693076930739968_2494812697482841335_n-jpg.webp","articleSection":["Naturaleza","Santiago Ixcuintla"],"inLanguage":"en-US"},{"@type":"WebPage","@id":"https:\/\/hotelesfray.com\/2024\/12\/16\/conoce-el-parque-nacional-isla-isabel-en-nayarit\/","url":"https:\/\/hotelesfray.com\/2024\/12\/16\/conoce-el-parque-nacional-isla-isabel-en-nayarit\/","name":"Conoce el Parque Nacional Isla Isabel en Nayarit | Hoteles Fray","isPartOf":{"@id":"https:\/\/hotelesfray.com\/#website"},"primaryImageOfPage":{"@id":"https:\/\/hotelesfray.com\/2024\/12\/16\/conoce-el-parque-nacional-isla-isabel-en-nayarit\/#primaryimage"},"image":{"@id":"https:\/\/hotelesfray.com\/2024\/12\/16\/conoce-el-parque-nacional-isla-isabel-en-nayarit\/#primaryimage"},"thumbnailUrl":"https:\/\/hotelesfray.com\/wp-content\/uploads\/2024\/12\/265251523_4693076930739968_2494812697482841335_n-jpg.webp","datePublished":"2024-12-16T16:05:31+00:00","dateModified":"2025-02-24T00:46:03+00:00","breadcrumb":{"@id":"https:\/\/hotelesfray.com\/2024\/12\/16\/conoce-el-parque-nacional-isla-isabel-en-nayarit\/#breadcrumb"},"inLanguage":"en-US","potentialAction":[{"@type":"ReadAction","target":["https:\/\/hotelesfray.com\/2024\/12\/16\/conoce-el-parque-nacional-isla-isabel-en-nayarit\/"]}]},{"@type":"ImageObject","inLanguage":"en-US","@id":"https:\/\/hotelesfray.com\/2024\/12\/16\/conoce-el-parque-nacional-isla-isabel-en-nayarit\/#primaryimage","url":"https:\/\/hotelesfray.com\/wp-content\/uploads\/2024\/12\/265251523_4693076930739968_2494812697482841335_n-jpg.webp","contentUrl":"https:\/\/hotelesfray.com\/wp-content\/uploads\/2024\/12\/265251523_4693076930739968_2494812697482841335_n-jpg.webp","width":1732,"height":974},{"@type":"BreadcrumbList","@id":"https:\/\/hotelesfray.com\/2024\/12\/16\/conoce-el-parque-nacional-isla-isabel-en-nayarit\/#breadcrumb","itemListElement":[{"@type":"ListItem","position":1,"name":"Naturaleza","item":"https:\/\/hotelesfray.com\/category\/naturaleza\/"},{"@type":"ListItem","position":2,"name":"Conoce el Parque Nacional Isla Isabel en Nayarit"}]},{"@type":"WebSite","@id":"https:\/\/hotelesfray.com\/#website","url":"https:\/\/hotelesfray.com\/","name":"Hoteles Fray","description":"Los Mejores Hoteles en el Centro de Tepic, Nayarit","publisher":{"@id":"https:\/\/hotelesfray.com\/#organization"},"potentialAction":[{"@type":"SearchAction","target":{"@type":"EntryPoint","urlTemplate":"https:\/\/hotelesfray.com\/?s={search_term_string}"},"query-input":{"@type":"PropertyValueSpecification","valueRequired":true,"valueName":"search_term_string"}}],"inLanguage":"en-US"},{"@type":"Organization","@id":"https:\/\/hotelesfray.com\/#organization","name":"Hoteles Fray","url":"https:\/\/hotelesfray.com\/","logo":{"@type":"ImageObject","inLanguage":"en-US","@id":"https:\/\/hotelesfray.com\/#\/schema\/logo\/image\/","url":"https:\/\/hotelesfray.com\/wp-content\/uploads\/2023\/01\/HotelesFray-cuadro.png","contentUrl":"https:\/\/hotelesfray.com\/wp-content\/uploads\/2023\/01\/HotelesFray-cuadro.png","width":2200,"height":2200,"caption":"Hoteles Fray"},"image":{"@id":"https:\/\/hotelesfray.com\/#\/schema\/logo\/image\/"}},{"@type":"Person","@id":"https:\/\/hotelesfray.com\/#\/schema\/person\/1a3f5909146e66cdba9aa8b37f1858e1","name":"Eduardo Lopez","image":{"@type":"ImageObject","inLanguage":"en-US","@id":"https:\/\/secure.gravatar.com\/avatar\/3d6f41a002d28c6845cb55b565f68141a241a36951b539d6f4dbddac28595734?s=96&d=mm&r=g","url":"https:\/\/secure.gravatar.com\/avatar\/3d6f41a002d28c6845cb55b565f68141a241a36951b539d6f4dbddac28595734?s=96&d=mm&r=g","contentUrl":"https:\/\/secure.gravatar.com\/avatar\/3d6f41a002d28c6845cb55b565f68141a241a36951b539d6f4dbddac28595734?s=96&d=mm&r=g","caption":"Eduardo Lopez"},"url":"https:\/\/hotelesfray.com\/en\/author\/gente\/"}]}},"_links":{"self":[{"href":"https:\/\/hotelesfray.com\/en\/wp-json\/wp\/v2\/posts\/5777","targetHints":{"allow":["GET"]}}],"collection":[{"href":"https:\/\/hotelesfray.com\/en\/wp-json\/wp\/v2\/posts"}],"about":[{"href":"https:\/\/hotelesfray.com\/en\/wp-json\/wp\/v2\/types\/post"}],"author":[{"embeddable":true,"href":"https:\/\/hotelesfray.com\/en\/wp-json\/wp\/v2\/users\/2"}],"replies":[{"embeddable":true,"href":"https:\/\/hotelesfray.com\/en\/wp-json\/wp\/v2\/comments?post=5777"}],"version-history":[{"count":1,"href":"https:\/\/hotelesfray.com\/en\/wp-json\/wp\/v2\/posts\/5777\/revisions"}],"predecessor-version":[{"id":5781,"href":"https:\/\/hotelesfray.com\/en\/wp-json\/wp\/v2\/posts\/5777\/revisions\/5781"}],"wp:featuredmedia":[{"embeddable":true,"href":"https:\/\/hotelesfray.com\/en\/wp-json\/wp\/v2\/media\/5778"}],"wp:attachment":[{"href":"https:\/\/hotelesfray.com\/en\/wp-json\/wp\/v2\/media?parent=5777"}],"wp:term":[{"taxonomy":"category","embeddable":true,"href":"https:\/\/hotelesfray.com\/en\/wp-json\/wp\/v2\/categories?post=5777"},{"taxonomy":"post_tag","embeddable":true,"href":"https:\/\/hotelesfray.com\/en\/wp-json\/wp\/v2\/tags?post=5777"}],"curies":[{"name":"wp","href":"https:\/\/api.w.org\/{rel}","templated":true}]}}