{"id":5792,"date":"2024-12-30T01:06:38","date_gmt":"2024-12-30T05:06:38","guid":{"rendered":"https:\/\/hotelesfray.com\/?p=5792"},"modified":"2025-02-23T20:41:50","modified_gmt":"2025-02-24T00:41:50","slug":"descarga-el-calendario-nayarit-2025-y-organizate-con-fotografias-del-estado","status":"publish","type":"post","link":"https:\/\/hotelesfray.com\/en\/2024\/12\/30\/descarga-el-calendario-nayarit-2025-y-organizate-con-fotografias-del-estado\/","title":{"rendered":"Descarga el Calendario Nayarit 2025 y organ\u00edzate con fotograf\u00edas del estado"},"content":{"rendered":"<p>Para un 2025 lleno de inspiraci\u00f3n descarga el Calendario Nayarit 2025, con la riqueza visual del estado. Este calendario incluye fotograf\u00edas de los rincones m\u00e1s emblem\u00e1ticos de Nayarit, desde sus playas paradisiacas hasta sus pintorescos pueblos m\u00e1gicos. <\/p>\n\n\n\n<h2 class=\"wp-block-heading\">\u00bfC\u00f3mo descargarlo?<\/h2>\n\n\n\n<p>Haz clic en el <a href=\"https:\/\/hotelesfray.com\/wp-content\/uploads\/2024\/12\/CalendarioNay2025.pdf\">enlace de descarga<\/a> que encontrar\u00e1s al final de esta nota.<\/p>\n\n\n\n<p>Guarda el archivo en tu dispositivo.<\/p>\n\n\n\n<p>Imprime el calendario o \u00fasalo en formato digital para tenerlo siempre a la mano.<\/p>\n\n\n\n<h2 class=\"wp-block-heading\">Galer\u00eda de Im\u00e1genes<\/h2>\n\n\n\n<p><\/p>\n\n\n\n<h2 class=\"wp-block-heading\"><br>Descarga aqu\u00ed<\/h2>\n\n\n\n<div class=\"wp-block-buttons is-layout-flex wp-block-buttons-is-layout-flex\">\n<div class=\"wp-block-button\"><a class=\"wp-block-button__link wp-element-button\" href=\"https:\/\/hotelesfray.com\/wp-content\/uploads\/2024\/12\/CalendarioNay2025.pdf\">Descarga<\/a><\/div>\n<\/div>\n\n\n\n<p>No te pierdas la oportunidad de tener el Calendario Nayarit 2025 y llevar un pedacito de este maravilloso estado contigo durante todo el a\u00f1o.<\/p>","protected":false},"excerpt":{"rendered":"<p>Para un 2025 lleno de inspiraci\u00f3n descarga el Calendario Nayarit 2025, con la riqueza visual del estado. Este calendario incluye fotograf\u00edas de los rincones m\u00e1s emblem\u00e1ticos de Nayarit, desde sus playas paradisiacas hasta sus pintorescos pueblos m\u00e1gicos. \u00bfC\u00f3mo descargarlo? Haz clic en el enlace de descarga que encontrar\u00e1s al final de esta nota. Guarda el [&hellip;]<\/p>\n","protected":false},"author":2,"featured_media":5797,"comment_status":"closed","ping_status":"open","sticky":false,"template":"","format":"standard","meta":{"_et_pb_use_builder":"","_et_pb_old_content":"","_et_gb_content_width":"","footnotes":""},"categories":[165],"tags":[],"class_list":["post-5792","post","type-post","status-publish","format-standard","has-post-thumbnail","hentry","category-compilaciones"],"yoast_head":"<!-- This site is optimized with the Yoast SEO plugin v27.4 - https:\/\/yoast.com\/product\/yoast-seo-wordpress\/ -->\n<title>Hotels in Tepic | Hoteles Fray \u2013 Complimentary Buffet Breakfast<\/title>\n<meta name=\"description\" content=\"Looking for hotels in Tepic? Hoteles Fray offers the best location, complimentary buffet breakfast, free WiFi, and flexible cancellation. Book directly with no deposit!\" \/>\n<meta name=\"robots\" content=\"index, follow, max-snippet:-1, max-image-preview:large, max-video-preview:-1\" \/>\n<link rel=\"canonical\" href=\"https:\/\/hotelesfray.com\/en\/2024\/12\/30\/descarga-el-calendario-nayarit-2025-y-organizate-con-fotografias-del-estado\/\" \/>\n<meta property=\"og:locale\" content=\"en_US\" \/>\n<meta property=\"og:type\" content=\"article\" \/>\n<meta property=\"og:title\" content=\"Hotels in Tepic | Hoteles Fray \u2013 Complimentary Buffet Breakfast\" \/>\n<meta property=\"og:description\" content=\"Looking for hotels in Tepic? Hoteles Fray offers the best location, complimentary buffet breakfast, free WiFi, and flexible cancellation. Book directly with no deposit!\" \/>\n<meta property=\"og:url\" content=\"https:\/\/hotelesfray.com\/en\/2024\/12\/30\/descarga-el-calendario-nayarit-2025-y-organizate-con-fotografias-del-estado\/\" \/>\n<meta property=\"og:site_name\" content=\"Hoteles Fray\" \/>\n<meta property=\"article:published_time\" content=\"2024-12-30T05:06:38+00:00\" \/>\n<meta property=\"article:modified_time\" content=\"2025-02-24T00:41:50+00:00\" \/>\n<meta property=\"og:image\" content=\"https:\/\/hotelesfray.com\/wp-content\/uploads\/2024\/12\/Calendario-scaled.webp\" \/>\n\t<meta property=\"og:image:width\" content=\"2560\" \/>\n\t<meta property=\"og:image:height\" content=\"1451\" \/>\n\t<meta property=\"og:image:type\" content=\"image\/jpeg\" \/>\n<meta name=\"author\" content=\"Eduardo Lopez\" \/>\n<meta name=\"twitter:card\" content=\"summary_large_image\" \/>\n<meta name=\"twitter:label1\" content=\"Written by\" \/>\n\t<meta name=\"twitter:data1\" content=\"Eduardo Lopez\" \/>\n\t<meta name=\"twitter:label2\" content=\"Est. reading time\" \/>\n\t<meta name=\"twitter:data2\" content=\"1 minute\" \/>\n<script type=\"application\/ld+json\" class=\"yoast-schema-graph\">{\"@context\":\"https:\\\/\\\/schema.org\",\"@graph\":[{\"@type\":[\"Article\",\"BlogPosting\"],\"@id\":\"https:\\\/\\\/hotelesfray.com\\\/2024\\\/12\\\/30\\\/descarga-el-calendario-nayarit-2025-y-organizate-con-fotografias-del-estado\\\/#article\",\"isPartOf\":{\"@id\":\"https:\\\/\\\/hotelesfray.com\\\/2024\\\/12\\\/30\\\/descarga-el-calendario-nayarit-2025-y-organizate-con-fotografias-del-estado\\\/\"},\"author\":{\"name\":\"Eduardo Lopez\",\"@id\":\"https:\\\/\\\/hotelesfray.com\\\/#\\\/schema\\\/person\\\/1a3f5909146e66cdba9aa8b37f1858e1\"},\"headline\":\"Descarga el Calendario Nayarit 2025 y organ\u00edzate con fotograf\u00edas del estado\",\"datePublished\":\"2024-12-30T05:06:38+00:00\",\"dateModified\":\"2025-02-24T00:41:50+00:00\",\"mainEntityOfPage\":{\"@id\":\"https:\\\/\\\/hotelesfray.com\\\/2024\\\/12\\\/30\\\/descarga-el-calendario-nayarit-2025-y-organizate-con-fotografias-del-estado\\\/\"},\"wordCount\":122,\"publisher\":{\"@id\":\"https:\\\/\\\/hotelesfray.com\\\/#organization\"},\"image\":{\"@id\":\"https:\\\/\\\/hotelesfray.com\\\/2024\\\/12\\\/30\\\/descarga-el-calendario-nayarit-2025-y-organizate-con-fotografias-del-estado\\\/#primaryimage\"},\"thumbnailUrl\":\"https:\\\/\\\/hotelesfray.com\\\/wp-content\\\/uploads\\\/2024\\\/12\\\/Calendario-scaled.webp\",\"articleSection\":[\"Compilaciones\"],\"inLanguage\":\"en-US\"},{\"@type\":\"WebPage\",\"@id\":\"https:\\\/\\\/hotelesfray.com\\\/2024\\\/12\\\/30\\\/descarga-el-calendario-nayarit-2025-y-organizate-con-fotografias-del-estado\\\/\",\"url\":\"https:\\\/\\\/hotelesfray.com\\\/2024\\\/12\\\/30\\\/descarga-el-calendario-nayarit-2025-y-organizate-con-fotografias-del-estado\\\/\",\"name\":\"Descarga el Calendario Nayarit 2025 y organ\u00edzate con fotograf\u00edas del estado | Hoteles Fray\",\"isPartOf\":{\"@id\":\"https:\\\/\\\/hotelesfray.com\\\/#website\"},\"primaryImageOfPage\":{\"@id\":\"https:\\\/\\\/hotelesfray.com\\\/2024\\\/12\\\/30\\\/descarga-el-calendario-nayarit-2025-y-organizate-con-fotografias-del-estado\\\/#primaryimage\"},\"image\":{\"@id\":\"https:\\\/\\\/hotelesfray.com\\\/2024\\\/12\\\/30\\\/descarga-el-calendario-nayarit-2025-y-organizate-con-fotografias-del-estado\\\/#primaryimage\"},\"thumbnailUrl\":\"https:\\\/\\\/hotelesfray.com\\\/wp-content\\\/uploads\\\/2024\\\/12\\\/Calendario-scaled.webp\",\"datePublished\":\"2024-12-30T05:06:38+00:00\",\"dateModified\":\"2025-02-24T00:41:50+00:00\",\"breadcrumb\":{\"@id\":\"https:\\\/\\\/hotelesfray.com\\\/2024\\\/12\\\/30\\\/descarga-el-calendario-nayarit-2025-y-organizate-con-fotografias-del-estado\\\/#breadcrumb\"},\"inLanguage\":\"en-US\",\"potentialAction\":[{\"@type\":\"ReadAction\",\"target\":[\"https:\\\/\\\/hotelesfray.com\\\/2024\\\/12\\\/30\\\/descarga-el-calendario-nayarit-2025-y-organizate-con-fotografias-del-estado\\\/\"]}]},{\"@type\":\"ImageObject\",\"inLanguage\":\"en-US\",\"@id\":\"https:\\\/\\\/hotelesfray.com\\\/2024\\\/12\\\/30\\\/descarga-el-calendario-nayarit-2025-y-organizate-con-fotografias-del-estado\\\/#primaryimage\",\"url\":\"https:\\\/\\\/hotelesfray.com\\\/wp-content\\\/uploads\\\/2024\\\/12\\\/Calendario-scaled.webp\",\"contentUrl\":\"https:\\\/\\\/hotelesfray.com\\\/wp-content\\\/uploads\\\/2024\\\/12\\\/Calendario-scaled.webp\",\"width\":2560,\"height\":1451},{\"@type\":\"BreadcrumbList\",\"@id\":\"https:\\\/\\\/hotelesfray.com\\\/2024\\\/12\\\/30\\\/descarga-el-calendario-nayarit-2025-y-organizate-con-fotografias-del-estado\\\/#breadcrumb\",\"itemListElement\":[{\"@type\":\"ListItem\",\"position\":1,\"name\":\"General\",\"item\":\"https:\\\/\\\/hotelesfray.com\\\/category\\\/general\\\/\"},{\"@type\":\"ListItem\",\"position\":2,\"name\":\"Descarga el Calendario Nayarit 2025 y organ\u00edzate con fotograf\u00edas del estado\"}]},{\"@type\":\"WebSite\",\"@id\":\"https:\\\/\\\/hotelesfray.com\\\/#website\",\"url\":\"https:\\\/\\\/hotelesfray.com\\\/\",\"name\":\"Hoteles Fray\",\"description\":\"Los Mejores Hoteles en el Centro de Tepic, Nayarit\",\"publisher\":{\"@id\":\"https:\\\/\\\/hotelesfray.com\\\/#organization\"},\"potentialAction\":[{\"@type\":\"SearchAction\",\"target\":{\"@type\":\"EntryPoint\",\"urlTemplate\":\"https:\\\/\\\/hotelesfray.com\\\/?s={search_term_string}\"},\"query-input\":{\"@type\":\"PropertyValueSpecification\",\"valueRequired\":true,\"valueName\":\"search_term_string\"}}],\"inLanguage\":\"en-US\"},{\"@type\":\"Organization\",\"@id\":\"https:\\\/\\\/hotelesfray.com\\\/#organization\",\"name\":\"Hoteles Fray\",\"url\":\"https:\\\/\\\/hotelesfray.com\\\/\",\"logo\":{\"@type\":\"ImageObject\",\"inLanguage\":\"en-US\",\"@id\":\"https:\\\/\\\/hotelesfray.com\\\/#\\\/schema\\\/logo\\\/image\\\/\",\"url\":\"https:\\\/\\\/hotelesfray.com\\\/wp-content\\\/uploads\\\/2023\\\/01\\\/HotelesFray-cuadro.png\",\"contentUrl\":\"https:\\\/\\\/hotelesfray.com\\\/wp-content\\\/uploads\\\/2023\\\/01\\\/HotelesFray-cuadro.png\",\"width\":2200,\"height\":2200,\"caption\":\"Hoteles Fray\"},\"image\":{\"@id\":\"https:\\\/\\\/hotelesfray.com\\\/#\\\/schema\\\/logo\\\/image\\\/\"}},{\"@type\":\"Person\",\"@id\":\"https:\\\/\\\/hotelesfray.com\\\/#\\\/schema\\\/person\\\/1a3f5909146e66cdba9aa8b37f1858e1\",\"name\":\"Eduardo Lopez\",\"image\":{\"@type\":\"ImageObject\",\"inLanguage\":\"en-US\",\"@id\":\"https:\\\/\\\/secure.gravatar.com\\\/avatar\\\/3d6f41a002d28c6845cb55b565f68141a241a36951b539d6f4dbddac28595734?s=96&d=mm&r=g\",\"url\":\"https:\\\/\\\/secure.gravatar.com\\\/avatar\\\/3d6f41a002d28c6845cb55b565f68141a241a36951b539d6f4dbddac28595734?s=96&d=mm&r=g\",\"contentUrl\":\"https:\\\/\\\/secure.gravatar.com\\\/avatar\\\/3d6f41a002d28c6845cb55b565f68141a241a36951b539d6f4dbddac28595734?s=96&d=mm&r=g\",\"caption\":\"Eduardo Lopez\"},\"url\":\"https:\\\/\\\/hotelesfray.com\\\/en\\\/author\\\/gente\\\/\"}]}<\/script>\n<!-- \/ Yoast SEO plugin. -->","yoast_head_json":{"title":"Hotels in Tepic | Hoteles Fray \u2013 Complimentary Buffet Breakfast","description":"Looking for hotels in Tepic? Hoteles Fray offers the best location, complimentary buffet breakfast, free WiFi, and flexible cancellation. Book directly with no deposit!","robots":{"index":"index","follow":"follow","max-snippet":"max-snippet:-1","max-image-preview":"max-image-preview:large","max-video-preview":"max-video-preview:-1"},"canonical":"https:\/\/hotelesfray.com\/en\/2024\/12\/30\/descarga-el-calendario-nayarit-2025-y-organizate-con-fotografias-del-estado\/","og_locale":"en_US","og_type":"article","og_title":"Hotels in Tepic | Hoteles Fray \u2013 Complimentary Buffet Breakfast","og_description":"Looking for hotels in Tepic? Hoteles Fray offers the best location, complimentary buffet breakfast, free WiFi, and flexible cancellation. Book directly with no deposit!","og_url":"https:\/\/hotelesfray.com\/en\/2024\/12\/30\/descarga-el-calendario-nayarit-2025-y-organizate-con-fotografias-del-estado\/","og_site_name":"Hoteles Fray","article_published_time":"2024-12-30T05:06:38+00:00","article_modified_time":"2025-02-24T00:41:50+00:00","og_image":[{"width":2560,"height":1451,"url":"https:\/\/hotelesfray.com\/wp-content\/uploads\/2024\/12\/Calendario-scaled.webp","type":"image\/jpeg"}],"author":"Eduardo Lopez","twitter_card":"summary_large_image","twitter_misc":{"Written by":"Eduardo Lopez","Est. reading time":"1 minute"},"schema":{"@context":"https:\/\/schema.org","@graph":[{"@type":["Article","BlogPosting"],"@id":"https:\/\/hotelesfray.com\/2024\/12\/30\/descarga-el-calendario-nayarit-2025-y-organizate-con-fotografias-del-estado\/#article","isPartOf":{"@id":"https:\/\/hotelesfray.com\/2024\/12\/30\/descarga-el-calendario-nayarit-2025-y-organizate-con-fotografias-del-estado\/"},"author":{"name":"Eduardo Lopez","@id":"https:\/\/hotelesfray.com\/#\/schema\/person\/1a3f5909146e66cdba9aa8b37f1858e1"},"headline":"Descarga el Calendario Nayarit 2025 y organ\u00edzate con fotograf\u00edas del estado","datePublished":"2024-12-30T05:06:38+00:00","dateModified":"2025-02-24T00:41:50+00:00","mainEntityOfPage":{"@id":"https:\/\/hotelesfray.com\/2024\/12\/30\/descarga-el-calendario-nayarit-2025-y-organizate-con-fotografias-del-estado\/"},"wordCount":122,"publisher":{"@id":"https:\/\/hotelesfray.com\/#organization"},"image":{"@id":"https:\/\/hotelesfray.com\/2024\/12\/30\/descarga-el-calendario-nayarit-2025-y-organizate-con-fotografias-del-estado\/#primaryimage"},"thumbnailUrl":"https:\/\/hotelesfray.com\/wp-content\/uploads\/2024\/12\/Calendario-scaled.webp","articleSection":["Compilaciones"],"inLanguage":"en-US"},{"@type":"WebPage","@id":"https:\/\/hotelesfray.com\/2024\/12\/30\/descarga-el-calendario-nayarit-2025-y-organizate-con-fotografias-del-estado\/","url":"https:\/\/hotelesfray.com\/2024\/12\/30\/descarga-el-calendario-nayarit-2025-y-organizate-con-fotografias-del-estado\/","name":"Descarga el Calendario Nayarit 2025 y organ\u00edzate con fotograf\u00edas del estado | Hoteles Fray","isPartOf":{"@id":"https:\/\/hotelesfray.com\/#website"},"primaryImageOfPage":{"@id":"https:\/\/hotelesfray.com\/2024\/12\/30\/descarga-el-calendario-nayarit-2025-y-organizate-con-fotografias-del-estado\/#primaryimage"},"image":{"@id":"https:\/\/hotelesfray.com\/2024\/12\/30\/descarga-el-calendario-nayarit-2025-y-organizate-con-fotografias-del-estado\/#primaryimage"},"thumbnailUrl":"https:\/\/hotelesfray.com\/wp-content\/uploads\/2024\/12\/Calendario-scaled.webp","datePublished":"2024-12-30T05:06:38+00:00","dateModified":"2025-02-24T00:41:50+00:00","breadcrumb":{"@id":"https:\/\/hotelesfray.com\/2024\/12\/30\/descarga-el-calendario-nayarit-2025-y-organizate-con-fotografias-del-estado\/#breadcrumb"},"inLanguage":"en-US","potentialAction":[{"@type":"ReadAction","target":["https:\/\/hotelesfray.com\/2024\/12\/30\/descarga-el-calendario-nayarit-2025-y-organizate-con-fotografias-del-estado\/"]}]},{"@type":"ImageObject","inLanguage":"en-US","@id":"https:\/\/hotelesfray.com\/2024\/12\/30\/descarga-el-calendario-nayarit-2025-y-organizate-con-fotografias-del-estado\/#primaryimage","url":"https:\/\/hotelesfray.com\/wp-content\/uploads\/2024\/12\/Calendario-scaled.webp","contentUrl":"https:\/\/hotelesfray.com\/wp-content\/uploads\/2024\/12\/Calendario-scaled.webp","width":2560,"height":1451},{"@type":"BreadcrumbList","@id":"https:\/\/hotelesfray.com\/2024\/12\/30\/descarga-el-calendario-nayarit-2025-y-organizate-con-fotografias-del-estado\/#breadcrumb","itemListElement":[{"@type":"ListItem","position":1,"name":"General","item":"https:\/\/hotelesfray.com\/category\/general\/"},{"@type":"ListItem","position":2,"name":"Descarga el Calendario Nayarit 2025 y organ\u00edzate con fotograf\u00edas del estado"}]},{"@type":"WebSite","@id":"https:\/\/hotelesfray.com\/#website","url":"https:\/\/hotelesfray.com\/","name":"Hoteles Fray","description":"Los Mejores Hoteles en el Centro de Tepic, Nayarit","publisher":{"@id":"https:\/\/hotelesfray.com\/#organization"},"potentialAction":[{"@type":"SearchAction","target":{"@type":"EntryPoint","urlTemplate":"https:\/\/hotelesfray.com\/?s={search_term_string}"},"query-input":{"@type":"PropertyValueSpecification","valueRequired":true,"valueName":"search_term_string"}}],"inLanguage":"en-US"},{"@type":"Organization","@id":"https:\/\/hotelesfray.com\/#organization","name":"Hoteles Fray","url":"https:\/\/hotelesfray.com\/","logo":{"@type":"ImageObject","inLanguage":"en-US","@id":"https:\/\/hotelesfray.com\/#\/schema\/logo\/image\/","url":"https:\/\/hotelesfray.com\/wp-content\/uploads\/2023\/01\/HotelesFray-cuadro.png","contentUrl":"https:\/\/hotelesfray.com\/wp-content\/uploads\/2023\/01\/HotelesFray-cuadro.png","width":2200,"height":2200,"caption":"Hoteles Fray"},"image":{"@id":"https:\/\/hotelesfray.com\/#\/schema\/logo\/image\/"}},{"@type":"Person","@id":"https:\/\/hotelesfray.com\/#\/schema\/person\/1a3f5909146e66cdba9aa8b37f1858e1","name":"Eduardo Lopez","image":{"@type":"ImageObject","inLanguage":"en-US","@id":"https:\/\/secure.gravatar.com\/avatar\/3d6f41a002d28c6845cb55b565f68141a241a36951b539d6f4dbddac28595734?s=96&d=mm&r=g","url":"https:\/\/secure.gravatar.com\/avatar\/3d6f41a002d28c6845cb55b565f68141a241a36951b539d6f4dbddac28595734?s=96&d=mm&r=g","contentUrl":"https:\/\/secure.gravatar.com\/avatar\/3d6f41a002d28c6845cb55b565f68141a241a36951b539d6f4dbddac28595734?s=96&d=mm&r=g","caption":"Eduardo Lopez"},"url":"https:\/\/hotelesfray.com\/en\/author\/gente\/"}]}},"_links":{"self":[{"href":"https:\/\/hotelesfray.com\/en\/wp-json\/wp\/v2\/posts\/5792","targetHints":{"allow":["GET"]}}],"collection":[{"href":"https:\/\/hotelesfray.com\/en\/wp-json\/wp\/v2\/posts"}],"about":[{"href":"https:\/\/hotelesfray.com\/en\/wp-json\/wp\/v2\/types\/post"}],"author":[{"embeddable":true,"href":"https:\/\/hotelesfray.com\/en\/wp-json\/wp\/v2\/users\/2"}],"replies":[{"embeddable":true,"href":"https:\/\/hotelesfray.com\/en\/wp-json\/wp\/v2\/comments?post=5792"}],"version-history":[{"count":1,"href":"https:\/\/hotelesfray.com\/en\/wp-json\/wp\/v2\/posts\/5792\/revisions"}],"predecessor-version":[{"id":5795,"href":"https:\/\/hotelesfray.com\/en\/wp-json\/wp\/v2\/posts\/5792\/revisions\/5795"}],"wp:featuredmedia":[{"embeddable":true,"href":"https:\/\/hotelesfray.com\/en\/wp-json\/wp\/v2\/media\/5797"}],"wp:attachment":[{"href":"https:\/\/hotelesfray.com\/en\/wp-json\/wp\/v2\/media?parent=5792"}],"wp:term":[{"taxonomy":"category","embeddable":true,"href":"https:\/\/hotelesfray.com\/en\/wp-json\/wp\/v2\/categories?post=5792"},{"taxonomy":"post_tag","embeddable":true,"href":"https:\/\/hotelesfray.com\/en\/wp-json\/wp\/v2\/tags?post=5792"}],"curies":[{"name":"wp","href":"https:\/\/api.w.org\/{rel}","templated":true}]}}