{"id":5885,"date":"2025-03-07T13:53:38","date_gmt":"2025-03-07T17:53:38","guid":{"rendered":"https:\/\/hotelesfray.com\/?p=5885"},"modified":"2025-03-07T13:53:39","modified_gmt":"2025-03-07T17:53:39","slug":"isla-del-coral-un-paraiso-escondido-en-la-riviera-nayarit","status":"publish","type":"post","link":"https:\/\/hotelesfray.com\/en\/2025\/03\/07\/isla-del-coral-un-paraiso-escondido-en-la-riviera-nayarit\/","title":{"rendered":"Isla del Coral, un para\u00edso escondido en la Riviera Nayarit"},"content":{"rendered":"<p>La Riviera Nayarit alberga tesoros naturales \u00fanicos, y la Isla del Coral es uno de ellos. Ubicada en el municipio de Compostela, a solo 3 kil\u00f3metros de Rinc\u00f3n de Guayabitos, esta playa destaca por su belleza y ambiente tranquilo.<\/p>\n\n\n\n<p>Considerada un \u00edcono tur\u00edstico, es una isla despoblada y reserva natural que atrae visitantes por su impresionante agua color turquesa, arena blanca y arrecifes de coral. La biodiversidad del lugar es asombrosa, con flora y fauna extraordinarias, adem\u00e1s de actividades acu\u00e1ticas como buceo, snorkel, kayak y paddleboard.<\/p>\n\n\n\n<p>Para llegar a este para\u00edso, es necesario contratar una lancha conocida como \u201cpanga\u201d, con salidas desde La Pe\u00f1ita de Jaltemba, Rinc\u00f3n de Guayabitos o Playa Los Ayala. Tambi\u00e9n existen tours desde Lo de Marcos y San Pancho, que incluyen recorridos guiados para conocer mejor la zona.<\/p>\n\n\n\n<p>Un atractivo especial de la Isla del Coral es la imagen sumergida de la Virgen de la Pur\u00edsima Concepci\u00f3n, la cual, seg\u00fan la tradici\u00f3n local, protege a los pescadores. Este detalle, junto con sus paisajes y actividades, hacen de Playa Coral un destino imperdible en Nayarit.<\/p>\n\n\n\n<figure class=\"wp-block-image size-full\"><img data-dominant-color=\"97b1b1\" data-has-transparency=\"false\" style=\"--dominant-color: #97b1b1;\" loading=\"lazy\" decoding=\"async\" width=\"950\" height=\"573\" src=\"https:\/\/hotelesfray.com\/wp-content\/uploads\/2025\/03\/playa-coral2-png.webp\" alt=\"\" class=\"wp-image-5887 not-transparent\" srcset=\"https:\/\/hotelesfray.com\/wp-content\/uploads\/2025\/03\/playa-coral2-png.webp 950w, https:\/\/hotelesfray.com\/wp-content\/uploads\/2025\/03\/playa-coral2-480x290.webp 480w\" sizes=\"(min-width: 0px) and (max-width: 480px) 480px, (min-width: 481px) 950px, 100vw\" \/><\/figure>","protected":false},"excerpt":{"rendered":"<p>La Riviera Nayarit alberga tesoros naturales \u00fanicos, y la Isla del Coral es uno de ellos. Ubicada en el municipio de Compostela, a solo 3 kil\u00f3metros de Rinc\u00f3n de Guayabitos, esta playa destaca por su belleza y ambiente tranquilo. Considerada un \u00edcono tur\u00edstico, es una isla despoblada y reserva natural que atrae visitantes por su [&hellip;]<\/p>\n","protected":false},"author":2,"featured_media":5886,"comment_status":"closed","ping_status":"closed","sticky":false,"template":"","format":"standard","meta":{"_et_pb_use_builder":"","_et_pb_old_content":"","_et_gb_content_width":"","footnotes":""},"categories":[42,44],"tags":[],"class_list":["post-5885","post","type-post","status-publish","format-standard","has-post-thumbnail","hentry","category-compostela","category-playas"],"yoast_head":"<!-- This site is optimized with the Yoast SEO plugin v27.4 - https:\/\/yoast.com\/product\/yoast-seo-wordpress\/ -->\n<title>Hotels in Tepic | Hoteles Fray \u2013 Complimentary Buffet Breakfast<\/title>\n<meta name=\"description\" content=\"Looking for hotels in Tepic? Hoteles Fray offers the best location, complimentary buffet breakfast, free WiFi, and flexible cancellation. Book directly with no deposit!\" \/>\n<meta name=\"robots\" content=\"index, follow, max-snippet:-1, max-image-preview:large, max-video-preview:-1\" \/>\n<link rel=\"canonical\" href=\"https:\/\/hotelesfray.com\/en\/2025\/03\/07\/isla-del-coral-un-paraiso-escondido-en-la-riviera-nayarit\/\" \/>\n<meta property=\"og:locale\" content=\"en_US\" \/>\n<meta property=\"og:type\" content=\"article\" \/>\n<meta property=\"og:title\" content=\"Hotels in Tepic | Hoteles Fray \u2013 Complimentary Buffet Breakfast\" \/>\n<meta property=\"og:description\" content=\"Looking for hotels in Tepic? Hoteles Fray offers the best location, complimentary buffet breakfast, free WiFi, and flexible cancellation. Book directly with no deposit!\" \/>\n<meta property=\"og:url\" content=\"https:\/\/hotelesfray.com\/en\/2025\/03\/07\/isla-del-coral-un-paraiso-escondido-en-la-riviera-nayarit\/\" \/>\n<meta property=\"og:site_name\" content=\"Hoteles Fray\" \/>\n<meta property=\"article:published_time\" content=\"2025-03-07T17:53:38+00:00\" \/>\n<meta property=\"article:modified_time\" content=\"2025-03-07T17:53:39+00:00\" \/>\n<meta property=\"og:image\" content=\"https:\/\/hotelesfray.com\/wp-content\/uploads\/2025\/03\/playa-coral-png.webp\" \/>\n\t<meta property=\"og:image:width\" content=\"1269\" \/>\n\t<meta property=\"og:image:height\" content=\"854\" \/>\n\t<meta property=\"og:image:type\" content=\"image\/png\" \/>\n<meta name=\"author\" content=\"Eduardo Lopez\" \/>\n<meta name=\"twitter:card\" content=\"summary_large_image\" \/>\n<meta name=\"twitter:label1\" content=\"Written by\" \/>\n\t<meta name=\"twitter:data1\" content=\"Eduardo Lopez\" \/>\n\t<meta name=\"twitter:label2\" content=\"Est. reading time\" \/>\n\t<meta name=\"twitter:data2\" content=\"1 minute\" \/>\n<script type=\"application\/ld+json\" class=\"yoast-schema-graph\">{\"@context\":\"https:\\\/\\\/schema.org\",\"@graph\":[{\"@type\":[\"Article\",\"BlogPosting\"],\"@id\":\"https:\\\/\\\/hotelesfray.com\\\/2025\\\/03\\\/07\\\/isla-del-coral-un-paraiso-escondido-en-la-riviera-nayarit\\\/#article\",\"isPartOf\":{\"@id\":\"https:\\\/\\\/hotelesfray.com\\\/2025\\\/03\\\/07\\\/isla-del-coral-un-paraiso-escondido-en-la-riviera-nayarit\\\/\"},\"author\":{\"name\":\"Eduardo Lopez\",\"@id\":\"https:\\\/\\\/hotelesfray.com\\\/#\\\/schema\\\/person\\\/1a3f5909146e66cdba9aa8b37f1858e1\"},\"headline\":\"Isla del Coral, un para\u00edso escondido en la Riviera Nayarit\",\"datePublished\":\"2025-03-07T17:53:38+00:00\",\"dateModified\":\"2025-03-07T17:53:39+00:00\",\"mainEntityOfPage\":{\"@id\":\"https:\\\/\\\/hotelesfray.com\\\/2025\\\/03\\\/07\\\/isla-del-coral-un-paraiso-escondido-en-la-riviera-nayarit\\\/\"},\"wordCount\":201,\"publisher\":{\"@id\":\"https:\\\/\\\/hotelesfray.com\\\/#organization\"},\"image\":{\"@id\":\"https:\\\/\\\/hotelesfray.com\\\/2025\\\/03\\\/07\\\/isla-del-coral-un-paraiso-escondido-en-la-riviera-nayarit\\\/#primaryimage\"},\"thumbnailUrl\":\"https:\\\/\\\/hotelesfray.com\\\/wp-content\\\/uploads\\\/2025\\\/03\\\/playa-coral-png.webp\",\"articleSection\":[\"Compostela\",\"Playas\"],\"inLanguage\":\"en-US\"},{\"@type\":\"WebPage\",\"@id\":\"https:\\\/\\\/hotelesfray.com\\\/2025\\\/03\\\/07\\\/isla-del-coral-un-paraiso-escondido-en-la-riviera-nayarit\\\/\",\"url\":\"https:\\\/\\\/hotelesfray.com\\\/2025\\\/03\\\/07\\\/isla-del-coral-un-paraiso-escondido-en-la-riviera-nayarit\\\/\",\"name\":\"Isla del Coral, un para\u00edso escondido en la Riviera Nayarit | Hoteles Fray\",\"isPartOf\":{\"@id\":\"https:\\\/\\\/hotelesfray.com\\\/#website\"},\"primaryImageOfPage\":{\"@id\":\"https:\\\/\\\/hotelesfray.com\\\/2025\\\/03\\\/07\\\/isla-del-coral-un-paraiso-escondido-en-la-riviera-nayarit\\\/#primaryimage\"},\"image\":{\"@id\":\"https:\\\/\\\/hotelesfray.com\\\/2025\\\/03\\\/07\\\/isla-del-coral-un-paraiso-escondido-en-la-riviera-nayarit\\\/#primaryimage\"},\"thumbnailUrl\":\"https:\\\/\\\/hotelesfray.com\\\/wp-content\\\/uploads\\\/2025\\\/03\\\/playa-coral-png.webp\",\"datePublished\":\"2025-03-07T17:53:38+00:00\",\"dateModified\":\"2025-03-07T17:53:39+00:00\",\"breadcrumb\":{\"@id\":\"https:\\\/\\\/hotelesfray.com\\\/2025\\\/03\\\/07\\\/isla-del-coral-un-paraiso-escondido-en-la-riviera-nayarit\\\/#breadcrumb\"},\"inLanguage\":\"en-US\",\"potentialAction\":[{\"@type\":\"ReadAction\",\"target\":[\"https:\\\/\\\/hotelesfray.com\\\/2025\\\/03\\\/07\\\/isla-del-coral-un-paraiso-escondido-en-la-riviera-nayarit\\\/\"]}]},{\"@type\":\"ImageObject\",\"inLanguage\":\"en-US\",\"@id\":\"https:\\\/\\\/hotelesfray.com\\\/2025\\\/03\\\/07\\\/isla-del-coral-un-paraiso-escondido-en-la-riviera-nayarit\\\/#primaryimage\",\"url\":\"https:\\\/\\\/hotelesfray.com\\\/wp-content\\\/uploads\\\/2025\\\/03\\\/playa-coral-png.webp\",\"contentUrl\":\"https:\\\/\\\/hotelesfray.com\\\/wp-content\\\/uploads\\\/2025\\\/03\\\/playa-coral-png.webp\",\"width\":1269,\"height\":854},{\"@type\":\"BreadcrumbList\",\"@id\":\"https:\\\/\\\/hotelesfray.com\\\/2025\\\/03\\\/07\\\/isla-del-coral-un-paraiso-escondido-en-la-riviera-nayarit\\\/#breadcrumb\",\"itemListElement\":[{\"@type\":\"ListItem\",\"position\":1,\"name\":\"Compostela\",\"item\":\"https:\\\/\\\/hotelesfray.com\\\/category\\\/compostela\\\/\"},{\"@type\":\"ListItem\",\"position\":2,\"name\":\"Isla del Coral, un para\u00edso escondido en la Riviera Nayarit\"}]},{\"@type\":\"WebSite\",\"@id\":\"https:\\\/\\\/hotelesfray.com\\\/#website\",\"url\":\"https:\\\/\\\/hotelesfray.com\\\/\",\"name\":\"Hoteles Fray\",\"description\":\"Los Mejores Hoteles en el Centro de Tepic, Nayarit\",\"publisher\":{\"@id\":\"https:\\\/\\\/hotelesfray.com\\\/#organization\"},\"potentialAction\":[{\"@type\":\"SearchAction\",\"target\":{\"@type\":\"EntryPoint\",\"urlTemplate\":\"https:\\\/\\\/hotelesfray.com\\\/?s={search_term_string}\"},\"query-input\":{\"@type\":\"PropertyValueSpecification\",\"valueRequired\":true,\"valueName\":\"search_term_string\"}}],\"inLanguage\":\"en-US\"},{\"@type\":\"Organization\",\"@id\":\"https:\\\/\\\/hotelesfray.com\\\/#organization\",\"name\":\"Hoteles Fray\",\"url\":\"https:\\\/\\\/hotelesfray.com\\\/\",\"logo\":{\"@type\":\"ImageObject\",\"inLanguage\":\"en-US\",\"@id\":\"https:\\\/\\\/hotelesfray.com\\\/#\\\/schema\\\/logo\\\/image\\\/\",\"url\":\"https:\\\/\\\/hotelesfray.com\\\/wp-content\\\/uploads\\\/2023\\\/01\\\/HotelesFray-cuadro.png\",\"contentUrl\":\"https:\\\/\\\/hotelesfray.com\\\/wp-content\\\/uploads\\\/2023\\\/01\\\/HotelesFray-cuadro.png\",\"width\":2200,\"height\":2200,\"caption\":\"Hoteles Fray\"},\"image\":{\"@id\":\"https:\\\/\\\/hotelesfray.com\\\/#\\\/schema\\\/logo\\\/image\\\/\"}},{\"@type\":\"Person\",\"@id\":\"https:\\\/\\\/hotelesfray.com\\\/#\\\/schema\\\/person\\\/1a3f5909146e66cdba9aa8b37f1858e1\",\"name\":\"Eduardo Lopez\",\"image\":{\"@type\":\"ImageObject\",\"inLanguage\":\"en-US\",\"@id\":\"https:\\\/\\\/secure.gravatar.com\\\/avatar\\\/3d6f41a002d28c6845cb55b565f68141a241a36951b539d6f4dbddac28595734?s=96&d=mm&r=g\",\"url\":\"https:\\\/\\\/secure.gravatar.com\\\/avatar\\\/3d6f41a002d28c6845cb55b565f68141a241a36951b539d6f4dbddac28595734?s=96&d=mm&r=g\",\"contentUrl\":\"https:\\\/\\\/secure.gravatar.com\\\/avatar\\\/3d6f41a002d28c6845cb55b565f68141a241a36951b539d6f4dbddac28595734?s=96&d=mm&r=g\",\"caption\":\"Eduardo Lopez\"},\"url\":\"https:\\\/\\\/hotelesfray.com\\\/en\\\/author\\\/gente\\\/\"}]}<\/script>\n<!-- \/ Yoast SEO plugin. -->","yoast_head_json":{"title":"Hotels in Tepic | Hoteles Fray \u2013 Complimentary Buffet Breakfast","description":"Looking for hotels in Tepic? Hoteles Fray offers the best location, complimentary buffet breakfast, free WiFi, and flexible cancellation. Book directly with no deposit!","robots":{"index":"index","follow":"follow","max-snippet":"max-snippet:-1","max-image-preview":"max-image-preview:large","max-video-preview":"max-video-preview:-1"},"canonical":"https:\/\/hotelesfray.com\/en\/2025\/03\/07\/isla-del-coral-un-paraiso-escondido-en-la-riviera-nayarit\/","og_locale":"en_US","og_type":"article","og_title":"Hotels in Tepic | Hoteles Fray \u2013 Complimentary Buffet Breakfast","og_description":"Looking for hotels in Tepic? Hoteles Fray offers the best location, complimentary buffet breakfast, free WiFi, and flexible cancellation. Book directly with no deposit!","og_url":"https:\/\/hotelesfray.com\/en\/2025\/03\/07\/isla-del-coral-un-paraiso-escondido-en-la-riviera-nayarit\/","og_site_name":"Hoteles Fray","article_published_time":"2025-03-07T17:53:38+00:00","article_modified_time":"2025-03-07T17:53:39+00:00","og_image":[{"width":1269,"height":854,"url":"https:\/\/hotelesfray.com\/wp-content\/uploads\/2025\/03\/playa-coral-png.webp","type":"image\/png"}],"author":"Eduardo Lopez","twitter_card":"summary_large_image","twitter_misc":{"Written by":"Eduardo Lopez","Est. reading time":"1 minute"},"schema":{"@context":"https:\/\/schema.org","@graph":[{"@type":["Article","BlogPosting"],"@id":"https:\/\/hotelesfray.com\/2025\/03\/07\/isla-del-coral-un-paraiso-escondido-en-la-riviera-nayarit\/#article","isPartOf":{"@id":"https:\/\/hotelesfray.com\/2025\/03\/07\/isla-del-coral-un-paraiso-escondido-en-la-riviera-nayarit\/"},"author":{"name":"Eduardo Lopez","@id":"https:\/\/hotelesfray.com\/#\/schema\/person\/1a3f5909146e66cdba9aa8b37f1858e1"},"headline":"Isla del Coral, un para\u00edso escondido en la Riviera Nayarit","datePublished":"2025-03-07T17:53:38+00:00","dateModified":"2025-03-07T17:53:39+00:00","mainEntityOfPage":{"@id":"https:\/\/hotelesfray.com\/2025\/03\/07\/isla-del-coral-un-paraiso-escondido-en-la-riviera-nayarit\/"},"wordCount":201,"publisher":{"@id":"https:\/\/hotelesfray.com\/#organization"},"image":{"@id":"https:\/\/hotelesfray.com\/2025\/03\/07\/isla-del-coral-un-paraiso-escondido-en-la-riviera-nayarit\/#primaryimage"},"thumbnailUrl":"https:\/\/hotelesfray.com\/wp-content\/uploads\/2025\/03\/playa-coral-png.webp","articleSection":["Compostela","Playas"],"inLanguage":"en-US"},{"@type":"WebPage","@id":"https:\/\/hotelesfray.com\/2025\/03\/07\/isla-del-coral-un-paraiso-escondido-en-la-riviera-nayarit\/","url":"https:\/\/hotelesfray.com\/2025\/03\/07\/isla-del-coral-un-paraiso-escondido-en-la-riviera-nayarit\/","name":"Isla del Coral, un para\u00edso escondido en la Riviera Nayarit | Hoteles Fray","isPartOf":{"@id":"https:\/\/hotelesfray.com\/#website"},"primaryImageOfPage":{"@id":"https:\/\/hotelesfray.com\/2025\/03\/07\/isla-del-coral-un-paraiso-escondido-en-la-riviera-nayarit\/#primaryimage"},"image":{"@id":"https:\/\/hotelesfray.com\/2025\/03\/07\/isla-del-coral-un-paraiso-escondido-en-la-riviera-nayarit\/#primaryimage"},"thumbnailUrl":"https:\/\/hotelesfray.com\/wp-content\/uploads\/2025\/03\/playa-coral-png.webp","datePublished":"2025-03-07T17:53:38+00:00","dateModified":"2025-03-07T17:53:39+00:00","breadcrumb":{"@id":"https:\/\/hotelesfray.com\/2025\/03\/07\/isla-del-coral-un-paraiso-escondido-en-la-riviera-nayarit\/#breadcrumb"},"inLanguage":"en-US","potentialAction":[{"@type":"ReadAction","target":["https:\/\/hotelesfray.com\/2025\/03\/07\/isla-del-coral-un-paraiso-escondido-en-la-riviera-nayarit\/"]}]},{"@type":"ImageObject","inLanguage":"en-US","@id":"https:\/\/hotelesfray.com\/2025\/03\/07\/isla-del-coral-un-paraiso-escondido-en-la-riviera-nayarit\/#primaryimage","url":"https:\/\/hotelesfray.com\/wp-content\/uploads\/2025\/03\/playa-coral-png.webp","contentUrl":"https:\/\/hotelesfray.com\/wp-content\/uploads\/2025\/03\/playa-coral-png.webp","width":1269,"height":854},{"@type":"BreadcrumbList","@id":"https:\/\/hotelesfray.com\/2025\/03\/07\/isla-del-coral-un-paraiso-escondido-en-la-riviera-nayarit\/#breadcrumb","itemListElement":[{"@type":"ListItem","position":1,"name":"Compostela","item":"https:\/\/hotelesfray.com\/category\/compostela\/"},{"@type":"ListItem","position":2,"name":"Isla del Coral, un para\u00edso escondido en la Riviera Nayarit"}]},{"@type":"WebSite","@id":"https:\/\/hotelesfray.com\/#website","url":"https:\/\/hotelesfray.com\/","name":"Hoteles Fray","description":"Los Mejores Hoteles en el Centro de Tepic, Nayarit","publisher":{"@id":"https:\/\/hotelesfray.com\/#organization"},"potentialAction":[{"@type":"SearchAction","target":{"@type":"EntryPoint","urlTemplate":"https:\/\/hotelesfray.com\/?s={search_term_string}"},"query-input":{"@type":"PropertyValueSpecification","valueRequired":true,"valueName":"search_term_string"}}],"inLanguage":"en-US"},{"@type":"Organization","@id":"https:\/\/hotelesfray.com\/#organization","name":"Hoteles Fray","url":"https:\/\/hotelesfray.com\/","logo":{"@type":"ImageObject","inLanguage":"en-US","@id":"https:\/\/hotelesfray.com\/#\/schema\/logo\/image\/","url":"https:\/\/hotelesfray.com\/wp-content\/uploads\/2023\/01\/HotelesFray-cuadro.png","contentUrl":"https:\/\/hotelesfray.com\/wp-content\/uploads\/2023\/01\/HotelesFray-cuadro.png","width":2200,"height":2200,"caption":"Hoteles Fray"},"image":{"@id":"https:\/\/hotelesfray.com\/#\/schema\/logo\/image\/"}},{"@type":"Person","@id":"https:\/\/hotelesfray.com\/#\/schema\/person\/1a3f5909146e66cdba9aa8b37f1858e1","name":"Eduardo Lopez","image":{"@type":"ImageObject","inLanguage":"en-US","@id":"https:\/\/secure.gravatar.com\/avatar\/3d6f41a002d28c6845cb55b565f68141a241a36951b539d6f4dbddac28595734?s=96&d=mm&r=g","url":"https:\/\/secure.gravatar.com\/avatar\/3d6f41a002d28c6845cb55b565f68141a241a36951b539d6f4dbddac28595734?s=96&d=mm&r=g","contentUrl":"https:\/\/secure.gravatar.com\/avatar\/3d6f41a002d28c6845cb55b565f68141a241a36951b539d6f4dbddac28595734?s=96&d=mm&r=g","caption":"Eduardo Lopez"},"url":"https:\/\/hotelesfray.com\/en\/author\/gente\/"}]}},"_links":{"self":[{"href":"https:\/\/hotelesfray.com\/en\/wp-json\/wp\/v2\/posts\/5885","targetHints":{"allow":["GET"]}}],"collection":[{"href":"https:\/\/hotelesfray.com\/en\/wp-json\/wp\/v2\/posts"}],"about":[{"href":"https:\/\/hotelesfray.com\/en\/wp-json\/wp\/v2\/types\/post"}],"author":[{"embeddable":true,"href":"https:\/\/hotelesfray.com\/en\/wp-json\/wp\/v2\/users\/2"}],"replies":[{"embeddable":true,"href":"https:\/\/hotelesfray.com\/en\/wp-json\/wp\/v2\/comments?post=5885"}],"version-history":[{"count":1,"href":"https:\/\/hotelesfray.com\/en\/wp-json\/wp\/v2\/posts\/5885\/revisions"}],"predecessor-version":[{"id":5888,"href":"https:\/\/hotelesfray.com\/en\/wp-json\/wp\/v2\/posts\/5885\/revisions\/5888"}],"wp:featuredmedia":[{"embeddable":true,"href":"https:\/\/hotelesfray.com\/en\/wp-json\/wp\/v2\/media\/5886"}],"wp:attachment":[{"href":"https:\/\/hotelesfray.com\/en\/wp-json\/wp\/v2\/media?parent=5885"}],"wp:term":[{"taxonomy":"category","embeddable":true,"href":"https:\/\/hotelesfray.com\/en\/wp-json\/wp\/v2\/categories?post=5885"},{"taxonomy":"post_tag","embeddable":true,"href":"https:\/\/hotelesfray.com\/en\/wp-json\/wp\/v2\/tags?post=5885"}],"curies":[{"name":"wp","href":"https:\/\/api.w.org\/{rel}","templated":true}]}}