{"id":5895,"date":"2025-03-10T19:38:51","date_gmt":"2025-03-10T23:38:51","guid":{"rendered":"https:\/\/hotelesfray.com\/?p=5895"},"modified":"2025-03-10T19:40:09","modified_gmt":"2025-03-10T23:40:09","slug":"conoce-la-cartelera-de-la-feria-nayarit-2025-en-su-regreso","status":"publish","type":"post","link":"https:\/\/hotelesfray.com\/en\/2025\/03\/10\/conoce-la-cartelera-de-la-feria-nayarit-2025-en-su-regreso\/","title":{"rendered":"\u00a1Conoce la cartelera de la Feria Nayarit 2025 en su regreso!"},"content":{"rendered":"<p>La Feria de Nayarit est\u00e1 de regreso despu\u00e9s de una breve ausencia, por lo que genera un gran inter\u00e9s conocer su cartelera de eventos musicales y culturales. Para la edici\u00f3n de 2025 \u00abEs un Tesoro mi Tierra\u00bb se realizar\u00e1 del 21 de marzo al 13 de abril, en las instalaciones del antig\u00fco aeropuerto de Tepic, donde se hab\u00eda desarrollado con anterioridad.<\/p>\n\n\n\n<p>Aqu\u00ed en #HotelesFray te dejamos la informaci\u00f3n para que elijas los conciertos que m\u00e1s te interesen:<\/p>\n\n\n\n<ul class=\"wp-block-list\">\n<li><strong>Banda El Recodo | Los Torbellinos | La Imponente<\/strong> \u2013 Viernes 21 de marzo, 8:00PM (Explanada)<\/li>\n\n\n\n<li><strong>Conjunto Primavera | Edwin Garc\u00eda<\/strong> \u2013 S\u00e1bado 22 de marzo, 9:00PM (Centro de Espect\u00e1culos)<\/li>\n\n\n\n<li><strong>Banda Los Sebastianes<\/strong> \u2013 Domingo 23 de marzo, 6:00PM (Plaza de Toros, Jaripeo-Baile)<\/li>\n\n\n\n<li><strong>Ed\u00e9n Mu\u00f1oz <\/strong>\u2013 Viernes 28 de marzo, 9:00PM (Centro de Espect\u00e1culos)<\/li>\n\n\n\n<li><strong>La Arrolladora Banda El Lim\u00f3n | Banda Playa L17 <\/strong>\u2013 S\u00e1bado 29 de marzo, 8:00PM (Explanada)<\/li>\n\n\n\n<li><strong>La Parranda<\/strong> \u2013 Domingo 30 de marzo, 9:00PM (Centro de Espect\u00e1culos)<\/li>\n\n\n\n<li><strong>Peque\u00f1os Musical<\/strong> \u2013 Domingo 30 de marzo, 6:00PM (Plaza de Toros, Jaripeo-Baile)<\/li>\n\n\n\n<li><strong>Calibre 50<\/strong> | Banda Carnaval \u2013 Viernes 4 de abril, 8:00PM (Explanada)<\/li>\n\n\n\n<li><strong>Mar\u00eda Jos\u00e9<\/strong> \u2013 S\u00e1bado 5 de abril, 9:00PM (Centro de Espect\u00e1culos)<\/li>\n\n\n\n<li><strong>Luis \u00c1ngel \u00abEl Flaco\u00bb | GC Grupo Clasificado<\/strong> \u2013 Domingo 6 de abril, 9:00PM (Centro de Espect\u00e1culos)<\/li>\n\n\n\n<li><strong>Lucha Libre<\/strong> \u2013 Domingo 6 de abril, 6:00PM (Plaza de Toros)<\/li>\n\n\n\n<li><strong>Alfredo Olivas<\/strong> \u2013 Mi\u00e9rcoles 9 de abril, 9:00PM (Centro de Espect\u00e1culos)<\/li>\n\n\n\n<li><strong>Julio Preciado | El Coyote y su Banda | Tierra Santa | Kumbia Song<\/strong> \u2013 Viernes 11 de abril, 8:00PM (Explanada)<\/li>\n\n\n\n<li><strong>Banda MS<\/strong> \u2013 S\u00e1bado 12 de abril, 9:00PM (Centro de Espect\u00e1culos)<\/li>\n\n\n\n<li><strong>Banda Cohuih | La Matona<\/strong> \u2013 Domingo 13 de abril, 6:00PM (Plaza de Toros, Jaripeo-Baile)<\/li>\n<\/ul>\n\n\n\n<figure class=\"wp-block-image aligncenter size-full is-resized\"><a href=\"https:\/\/hotelesfray.com\/wp-content\/uploads\/2025\/03\/480758914_651799960760854_5198504941489648120_n-1.webp\"><img data-dominant-color=\"ab8681\" data-has-transparency=\"false\" loading=\"lazy\" decoding=\"async\" width=\"960\" height=\"1440\" src=\"https:\/\/hotelesfray.com\/wp-content\/uploads\/2025\/03\/480758914_651799960760854_5198504941489648120_n-1.webp\" alt=\"\" class=\"wp-image-5896 not-transparent\" style=\"--dominant-color: #ab8681; width:357px;height:auto\" srcset=\"https:\/\/hotelesfray.com\/wp-content\/uploads\/2025\/03\/480758914_651799960760854_5198504941489648120_n-1.webp 960w, https:\/\/hotelesfray.com\/wp-content\/uploads\/2025\/03\/480758914_651799960760854_5198504941489648120_n-1-480x720.webp 480w\" sizes=\"(min-width: 0px) and (max-width: 480px) 480px, (min-width: 481px) 960px, 100vw\" \/><\/a><figcaption class=\"wp-element-caption\">(toca la imagen para agrandarla)<\/figcaption><\/figure>\n\n\n\n<p>Tambi\u00e9n te compartimos la cartelera de Rock Sinf\u00f3nico en Espa\u00f1ol:<\/p>\n\n\n\n<figure class=\"wp-block-image aligncenter size-full is-resized\"><a href=\"https:\/\/hotelesfray.com\/wp-content\/uploads\/2025\/03\/480922829_652304520710398_3967928268087760003_n.webp\"><img data-dominant-color=\"c49c7b\" data-has-transparency=\"false\" loading=\"lazy\" decoding=\"async\" width=\"1365\" height=\"2048\" src=\"https:\/\/hotelesfray.com\/wp-content\/uploads\/2025\/03\/480922829_652304520710398_3967928268087760003_n.webp\" alt=\"\" class=\"wp-image-5897 not-transparent\" style=\"--dominant-color: #c49c7b; width:357px;height:auto\" srcset=\"https:\/\/hotelesfray.com\/wp-content\/uploads\/2025\/03\/480922829_652304520710398_3967928268087760003_n.webp 1365w, https:\/\/hotelesfray.com\/wp-content\/uploads\/2025\/03\/480922829_652304520710398_3967928268087760003_n-1280x1920.webp 1280w, https:\/\/hotelesfray.com\/wp-content\/uploads\/2025\/03\/480922829_652304520710398_3967928268087760003_n-980x1470.webp 980w, https:\/\/hotelesfray.com\/wp-content\/uploads\/2025\/03\/480922829_652304520710398_3967928268087760003_n-480x720.webp 480w\" sizes=\"(min-width: 0px) and (max-width: 480px) 480px, (min-width: 481px) and (max-width: 980px) 980px, (min-width: 981px) and (max-width: 1280px) 1280px, (min-width: 1281px) 1365px, 100vw\" \/><\/a><figcaption class=\"wp-element-caption\">(toca la imagen para agrandarla)<\/figcaption><\/figure>\n\n\n\n<p>Nayarit brilla con su cultura y tradiciones, y estamos listos para celebrarlo. La #FeriaNayarit2025 ser\u00e1 el escenario donde nuestro talento local y la riqueza cultural de los estados invitados se unir\u00e1n en una gran fiesta. Disfruta de presentaciones art\u00edsticas, danzas tradicionales, m\u00fasica en vivo y exposiciones que nos conectan con nuestras ra\u00edces.<\/p>\n\n\n\n<p>Orgullo, identidad y talento se dan cita en este evento lleno de cultura y tradici\u00f3n. \u00a1No te lo pierdas!<\/p>","protected":false},"excerpt":{"rendered":"<p>La Feria de Nayarit est\u00e1 de regreso despu\u00e9s de una breve ausencia, por lo que genera un gran inter\u00e9s conocer su cartelera de eventos musicales y culturales. Para la edici\u00f3n de 2025 \u00abEs un Tesoro mi Tierra\u00bb se realizar\u00e1 del 21 de marzo al 13 de abril, en las instalaciones del antig\u00fco aeropuerto de Tepic, [&hellip;]<\/p>\n","protected":false},"author":2,"featured_media":5899,"comment_status":"closed","ping_status":"closed","sticky":false,"template":"","format":"standard","meta":{"_et_pb_use_builder":"","_et_pb_old_content":"","_et_gb_content_width":"","footnotes":""},"categories":[40],"tags":[],"class_list":["post-5895","post","type-post","status-publish","format-standard","has-post-thumbnail","hentry","category-eventos"],"yoast_head":"<!-- This site is optimized with the Yoast SEO plugin v27.4 - https:\/\/yoast.com\/product\/yoast-seo-wordpress\/ -->\n<title>Hotels in Tepic | Hoteles Fray \u2013 Complimentary Buffet Breakfast<\/title>\n<meta name=\"description\" content=\"Looking for hotels in Tepic? Hoteles Fray offers the best location, complimentary buffet breakfast, free WiFi, and flexible cancellation. Book directly with no deposit!\" \/>\n<meta name=\"robots\" content=\"index, follow, max-snippet:-1, max-image-preview:large, max-video-preview:-1\" \/>\n<link rel=\"canonical\" href=\"https:\/\/hotelesfray.com\/en\/2025\/03\/10\/conoce-la-cartelera-de-la-feria-nayarit-2025-en-su-regreso\/\" \/>\n<meta property=\"og:locale\" content=\"en_US\" \/>\n<meta property=\"og:type\" content=\"article\" \/>\n<meta property=\"og:title\" content=\"Hotels in Tepic | Hoteles Fray \u2013 Complimentary Buffet Breakfast\" \/>\n<meta property=\"og:description\" content=\"Looking for hotels in Tepic? Hoteles Fray offers the best location, complimentary buffet breakfast, free WiFi, and flexible cancellation. Book directly with no deposit!\" \/>\n<meta property=\"og:url\" content=\"https:\/\/hotelesfray.com\/en\/2025\/03\/10\/conoce-la-cartelera-de-la-feria-nayarit-2025-en-su-regreso\/\" \/>\n<meta property=\"og:site_name\" content=\"Hoteles Fray\" \/>\n<meta property=\"article:published_time\" content=\"2025-03-10T23:38:51+00:00\" \/>\n<meta property=\"article:modified_time\" content=\"2025-03-10T23:40:09+00:00\" \/>\n<meta property=\"og:image\" content=\"https:\/\/hotelesfray.com\/wp-content\/uploads\/2025\/03\/FeriaNay2025.webp\" \/>\n\t<meta property=\"og:image:width\" content=\"1905\" \/>\n\t<meta property=\"og:image:height\" content=\"1000\" \/>\n\t<meta property=\"og:image:type\" content=\"image\/jpeg\" \/>\n<meta name=\"author\" content=\"Eduardo Lopez\" \/>\n<meta name=\"twitter:card\" content=\"summary_large_image\" \/>\n<meta name=\"twitter:label1\" content=\"Written by\" \/>\n\t<meta name=\"twitter:data1\" content=\"Eduardo Lopez\" \/>\n\t<meta name=\"twitter:label2\" content=\"Est. reading time\" \/>\n\t<meta name=\"twitter:data2\" content=\"2 minutes\" \/>\n<script type=\"application\/ld+json\" class=\"yoast-schema-graph\">{\"@context\":\"https:\\\/\\\/schema.org\",\"@graph\":[{\"@type\":[\"Article\",\"BlogPosting\"],\"@id\":\"https:\\\/\\\/hotelesfray.com\\\/2025\\\/03\\\/10\\\/conoce-la-cartelera-de-la-feria-nayarit-2025-en-su-regreso\\\/#article\",\"isPartOf\":{\"@id\":\"https:\\\/\\\/hotelesfray.com\\\/2025\\\/03\\\/10\\\/conoce-la-cartelera-de-la-feria-nayarit-2025-en-su-regreso\\\/\"},\"author\":{\"name\":\"Eduardo Lopez\",\"@id\":\"https:\\\/\\\/hotelesfray.com\\\/#\\\/schema\\\/person\\\/1a3f5909146e66cdba9aa8b37f1858e1\"},\"headline\":\"\u00a1Conoce la cartelera de la Feria Nayarit 2025 en su regreso!\",\"datePublished\":\"2025-03-10T23:38:51+00:00\",\"dateModified\":\"2025-03-10T23:40:09+00:00\",\"mainEntityOfPage\":{\"@id\":\"https:\\\/\\\/hotelesfray.com\\\/2025\\\/03\\\/10\\\/conoce-la-cartelera-de-la-feria-nayarit-2025-en-su-regreso\\\/\"},\"wordCount\":369,\"publisher\":{\"@id\":\"https:\\\/\\\/hotelesfray.com\\\/#organization\"},\"image\":{\"@id\":\"https:\\\/\\\/hotelesfray.com\\\/2025\\\/03\\\/10\\\/conoce-la-cartelera-de-la-feria-nayarit-2025-en-su-regreso\\\/#primaryimage\"},\"thumbnailUrl\":\"https:\\\/\\\/hotelesfray.com\\\/wp-content\\\/uploads\\\/2025\\\/03\\\/FeriaNay2025.webp\",\"articleSection\":[\"Eventos\"],\"inLanguage\":\"en-US\"},{\"@type\":\"WebPage\",\"@id\":\"https:\\\/\\\/hotelesfray.com\\\/2025\\\/03\\\/10\\\/conoce-la-cartelera-de-la-feria-nayarit-2025-en-su-regreso\\\/\",\"url\":\"https:\\\/\\\/hotelesfray.com\\\/2025\\\/03\\\/10\\\/conoce-la-cartelera-de-la-feria-nayarit-2025-en-su-regreso\\\/\",\"name\":\"\u00a1Conoce la cartelera de la Feria Nayarit 2025 en su regreso! | Hoteles Fray\",\"isPartOf\":{\"@id\":\"https:\\\/\\\/hotelesfray.com\\\/#website\"},\"primaryImageOfPage\":{\"@id\":\"https:\\\/\\\/hotelesfray.com\\\/2025\\\/03\\\/10\\\/conoce-la-cartelera-de-la-feria-nayarit-2025-en-su-regreso\\\/#primaryimage\"},\"image\":{\"@id\":\"https:\\\/\\\/hotelesfray.com\\\/2025\\\/03\\\/10\\\/conoce-la-cartelera-de-la-feria-nayarit-2025-en-su-regreso\\\/#primaryimage\"},\"thumbnailUrl\":\"https:\\\/\\\/hotelesfray.com\\\/wp-content\\\/uploads\\\/2025\\\/03\\\/FeriaNay2025.webp\",\"datePublished\":\"2025-03-10T23:38:51+00:00\",\"dateModified\":\"2025-03-10T23:40:09+00:00\",\"breadcrumb\":{\"@id\":\"https:\\\/\\\/hotelesfray.com\\\/2025\\\/03\\\/10\\\/conoce-la-cartelera-de-la-feria-nayarit-2025-en-su-regreso\\\/#breadcrumb\"},\"inLanguage\":\"en-US\",\"potentialAction\":[{\"@type\":\"ReadAction\",\"target\":[\"https:\\\/\\\/hotelesfray.com\\\/2025\\\/03\\\/10\\\/conoce-la-cartelera-de-la-feria-nayarit-2025-en-su-regreso\\\/\"]}]},{\"@type\":\"ImageObject\",\"inLanguage\":\"en-US\",\"@id\":\"https:\\\/\\\/hotelesfray.com\\\/2025\\\/03\\\/10\\\/conoce-la-cartelera-de-la-feria-nayarit-2025-en-su-regreso\\\/#primaryimage\",\"url\":\"https:\\\/\\\/hotelesfray.com\\\/wp-content\\\/uploads\\\/2025\\\/03\\\/FeriaNay2025.webp\",\"contentUrl\":\"https:\\\/\\\/hotelesfray.com\\\/wp-content\\\/uploads\\\/2025\\\/03\\\/FeriaNay2025.webp\",\"width\":1905,\"height\":1000},{\"@type\":\"BreadcrumbList\",\"@id\":\"https:\\\/\\\/hotelesfray.com\\\/2025\\\/03\\\/10\\\/conoce-la-cartelera-de-la-feria-nayarit-2025-en-su-regreso\\\/#breadcrumb\",\"itemListElement\":[{\"@type\":\"ListItem\",\"position\":1,\"name\":\"Eventos\",\"item\":\"https:\\\/\\\/hotelesfray.com\\\/category\\\/eventos\\\/\"},{\"@type\":\"ListItem\",\"position\":2,\"name\":\"\u00a1Conoce la cartelera de la Feria Nayarit 2025 en su regreso!\"}]},{\"@type\":\"WebSite\",\"@id\":\"https:\\\/\\\/hotelesfray.com\\\/#website\",\"url\":\"https:\\\/\\\/hotelesfray.com\\\/\",\"name\":\"Hoteles Fray\",\"description\":\"Los Mejores Hoteles en el Centro de Tepic, Nayarit\",\"publisher\":{\"@id\":\"https:\\\/\\\/hotelesfray.com\\\/#organization\"},\"potentialAction\":[{\"@type\":\"SearchAction\",\"target\":{\"@type\":\"EntryPoint\",\"urlTemplate\":\"https:\\\/\\\/hotelesfray.com\\\/?s={search_term_string}\"},\"query-input\":{\"@type\":\"PropertyValueSpecification\",\"valueRequired\":true,\"valueName\":\"search_term_string\"}}],\"inLanguage\":\"en-US\"},{\"@type\":\"Organization\",\"@id\":\"https:\\\/\\\/hotelesfray.com\\\/#organization\",\"name\":\"Hoteles Fray\",\"url\":\"https:\\\/\\\/hotelesfray.com\\\/\",\"logo\":{\"@type\":\"ImageObject\",\"inLanguage\":\"en-US\",\"@id\":\"https:\\\/\\\/hotelesfray.com\\\/#\\\/schema\\\/logo\\\/image\\\/\",\"url\":\"https:\\\/\\\/hotelesfray.com\\\/wp-content\\\/uploads\\\/2023\\\/01\\\/HotelesFray-cuadro.png\",\"contentUrl\":\"https:\\\/\\\/hotelesfray.com\\\/wp-content\\\/uploads\\\/2023\\\/01\\\/HotelesFray-cuadro.png\",\"width\":2200,\"height\":2200,\"caption\":\"Hoteles Fray\"},\"image\":{\"@id\":\"https:\\\/\\\/hotelesfray.com\\\/#\\\/schema\\\/logo\\\/image\\\/\"}},{\"@type\":\"Person\",\"@id\":\"https:\\\/\\\/hotelesfray.com\\\/#\\\/schema\\\/person\\\/1a3f5909146e66cdba9aa8b37f1858e1\",\"name\":\"Eduardo Lopez\",\"image\":{\"@type\":\"ImageObject\",\"inLanguage\":\"en-US\",\"@id\":\"https:\\\/\\\/secure.gravatar.com\\\/avatar\\\/3d6f41a002d28c6845cb55b565f68141a241a36951b539d6f4dbddac28595734?s=96&d=mm&r=g\",\"url\":\"https:\\\/\\\/secure.gravatar.com\\\/avatar\\\/3d6f41a002d28c6845cb55b565f68141a241a36951b539d6f4dbddac28595734?s=96&d=mm&r=g\",\"contentUrl\":\"https:\\\/\\\/secure.gravatar.com\\\/avatar\\\/3d6f41a002d28c6845cb55b565f68141a241a36951b539d6f4dbddac28595734?s=96&d=mm&r=g\",\"caption\":\"Eduardo Lopez\"},\"url\":\"https:\\\/\\\/hotelesfray.com\\\/en\\\/author\\\/gente\\\/\"}]}<\/script>\n<!-- \/ Yoast SEO plugin. -->","yoast_head_json":{"title":"Hotels in Tepic | Hoteles Fray \u2013 Complimentary Buffet Breakfast","description":"Looking for hotels in Tepic? Hoteles Fray offers the best location, complimentary buffet breakfast, free WiFi, and flexible cancellation. Book directly with no deposit!","robots":{"index":"index","follow":"follow","max-snippet":"max-snippet:-1","max-image-preview":"max-image-preview:large","max-video-preview":"max-video-preview:-1"},"canonical":"https:\/\/hotelesfray.com\/en\/2025\/03\/10\/conoce-la-cartelera-de-la-feria-nayarit-2025-en-su-regreso\/","og_locale":"en_US","og_type":"article","og_title":"Hotels in Tepic | Hoteles Fray \u2013 Complimentary Buffet Breakfast","og_description":"Looking for hotels in Tepic? Hoteles Fray offers the best location, complimentary buffet breakfast, free WiFi, and flexible cancellation. Book directly with no deposit!","og_url":"https:\/\/hotelesfray.com\/en\/2025\/03\/10\/conoce-la-cartelera-de-la-feria-nayarit-2025-en-su-regreso\/","og_site_name":"Hoteles Fray","article_published_time":"2025-03-10T23:38:51+00:00","article_modified_time":"2025-03-10T23:40:09+00:00","og_image":[{"width":1905,"height":1000,"url":"https:\/\/hotelesfray.com\/wp-content\/uploads\/2025\/03\/FeriaNay2025.webp","type":"image\/jpeg"}],"author":"Eduardo Lopez","twitter_card":"summary_large_image","twitter_misc":{"Written by":"Eduardo Lopez","Est. reading time":"2 minutes"},"schema":{"@context":"https:\/\/schema.org","@graph":[{"@type":["Article","BlogPosting"],"@id":"https:\/\/hotelesfray.com\/2025\/03\/10\/conoce-la-cartelera-de-la-feria-nayarit-2025-en-su-regreso\/#article","isPartOf":{"@id":"https:\/\/hotelesfray.com\/2025\/03\/10\/conoce-la-cartelera-de-la-feria-nayarit-2025-en-su-regreso\/"},"author":{"name":"Eduardo Lopez","@id":"https:\/\/hotelesfray.com\/#\/schema\/person\/1a3f5909146e66cdba9aa8b37f1858e1"},"headline":"\u00a1Conoce la cartelera de la Feria Nayarit 2025 en su regreso!","datePublished":"2025-03-10T23:38:51+00:00","dateModified":"2025-03-10T23:40:09+00:00","mainEntityOfPage":{"@id":"https:\/\/hotelesfray.com\/2025\/03\/10\/conoce-la-cartelera-de-la-feria-nayarit-2025-en-su-regreso\/"},"wordCount":369,"publisher":{"@id":"https:\/\/hotelesfray.com\/#organization"},"image":{"@id":"https:\/\/hotelesfray.com\/2025\/03\/10\/conoce-la-cartelera-de-la-feria-nayarit-2025-en-su-regreso\/#primaryimage"},"thumbnailUrl":"https:\/\/hotelesfray.com\/wp-content\/uploads\/2025\/03\/FeriaNay2025.webp","articleSection":["Eventos"],"inLanguage":"en-US"},{"@type":"WebPage","@id":"https:\/\/hotelesfray.com\/2025\/03\/10\/conoce-la-cartelera-de-la-feria-nayarit-2025-en-su-regreso\/","url":"https:\/\/hotelesfray.com\/2025\/03\/10\/conoce-la-cartelera-de-la-feria-nayarit-2025-en-su-regreso\/","name":"\u00a1Conoce la cartelera de la Feria Nayarit 2025 en su regreso! | Hoteles Fray","isPartOf":{"@id":"https:\/\/hotelesfray.com\/#website"},"primaryImageOfPage":{"@id":"https:\/\/hotelesfray.com\/2025\/03\/10\/conoce-la-cartelera-de-la-feria-nayarit-2025-en-su-regreso\/#primaryimage"},"image":{"@id":"https:\/\/hotelesfray.com\/2025\/03\/10\/conoce-la-cartelera-de-la-feria-nayarit-2025-en-su-regreso\/#primaryimage"},"thumbnailUrl":"https:\/\/hotelesfray.com\/wp-content\/uploads\/2025\/03\/FeriaNay2025.webp","datePublished":"2025-03-10T23:38:51+00:00","dateModified":"2025-03-10T23:40:09+00:00","breadcrumb":{"@id":"https:\/\/hotelesfray.com\/2025\/03\/10\/conoce-la-cartelera-de-la-feria-nayarit-2025-en-su-regreso\/#breadcrumb"},"inLanguage":"en-US","potentialAction":[{"@type":"ReadAction","target":["https:\/\/hotelesfray.com\/2025\/03\/10\/conoce-la-cartelera-de-la-feria-nayarit-2025-en-su-regreso\/"]}]},{"@type":"ImageObject","inLanguage":"en-US","@id":"https:\/\/hotelesfray.com\/2025\/03\/10\/conoce-la-cartelera-de-la-feria-nayarit-2025-en-su-regreso\/#primaryimage","url":"https:\/\/hotelesfray.com\/wp-content\/uploads\/2025\/03\/FeriaNay2025.webp","contentUrl":"https:\/\/hotelesfray.com\/wp-content\/uploads\/2025\/03\/FeriaNay2025.webp","width":1905,"height":1000},{"@type":"BreadcrumbList","@id":"https:\/\/hotelesfray.com\/2025\/03\/10\/conoce-la-cartelera-de-la-feria-nayarit-2025-en-su-regreso\/#breadcrumb","itemListElement":[{"@type":"ListItem","position":1,"name":"Eventos","item":"https:\/\/hotelesfray.com\/category\/eventos\/"},{"@type":"ListItem","position":2,"name":"\u00a1Conoce la cartelera de la Feria Nayarit 2025 en su regreso!"}]},{"@type":"WebSite","@id":"https:\/\/hotelesfray.com\/#website","url":"https:\/\/hotelesfray.com\/","name":"Hoteles Fray","description":"Los Mejores Hoteles en el Centro de Tepic, Nayarit","publisher":{"@id":"https:\/\/hotelesfray.com\/#organization"},"potentialAction":[{"@type":"SearchAction","target":{"@type":"EntryPoint","urlTemplate":"https:\/\/hotelesfray.com\/?s={search_term_string}"},"query-input":{"@type":"PropertyValueSpecification","valueRequired":true,"valueName":"search_term_string"}}],"inLanguage":"en-US"},{"@type":"Organization","@id":"https:\/\/hotelesfray.com\/#organization","name":"Hoteles Fray","url":"https:\/\/hotelesfray.com\/","logo":{"@type":"ImageObject","inLanguage":"en-US","@id":"https:\/\/hotelesfray.com\/#\/schema\/logo\/image\/","url":"https:\/\/hotelesfray.com\/wp-content\/uploads\/2023\/01\/HotelesFray-cuadro.png","contentUrl":"https:\/\/hotelesfray.com\/wp-content\/uploads\/2023\/01\/HotelesFray-cuadro.png","width":2200,"height":2200,"caption":"Hoteles Fray"},"image":{"@id":"https:\/\/hotelesfray.com\/#\/schema\/logo\/image\/"}},{"@type":"Person","@id":"https:\/\/hotelesfray.com\/#\/schema\/person\/1a3f5909146e66cdba9aa8b37f1858e1","name":"Eduardo Lopez","image":{"@type":"ImageObject","inLanguage":"en-US","@id":"https:\/\/secure.gravatar.com\/avatar\/3d6f41a002d28c6845cb55b565f68141a241a36951b539d6f4dbddac28595734?s=96&d=mm&r=g","url":"https:\/\/secure.gravatar.com\/avatar\/3d6f41a002d28c6845cb55b565f68141a241a36951b539d6f4dbddac28595734?s=96&d=mm&r=g","contentUrl":"https:\/\/secure.gravatar.com\/avatar\/3d6f41a002d28c6845cb55b565f68141a241a36951b539d6f4dbddac28595734?s=96&d=mm&r=g","caption":"Eduardo Lopez"},"url":"https:\/\/hotelesfray.com\/en\/author\/gente\/"}]}},"_links":{"self":[{"href":"https:\/\/hotelesfray.com\/en\/wp-json\/wp\/v2\/posts\/5895","targetHints":{"allow":["GET"]}}],"collection":[{"href":"https:\/\/hotelesfray.com\/en\/wp-json\/wp\/v2\/posts"}],"about":[{"href":"https:\/\/hotelesfray.com\/en\/wp-json\/wp\/v2\/types\/post"}],"author":[{"embeddable":true,"href":"https:\/\/hotelesfray.com\/en\/wp-json\/wp\/v2\/users\/2"}],"replies":[{"embeddable":true,"href":"https:\/\/hotelesfray.com\/en\/wp-json\/wp\/v2\/comments?post=5895"}],"version-history":[{"count":1,"href":"https:\/\/hotelesfray.com\/en\/wp-json\/wp\/v2\/posts\/5895\/revisions"}],"predecessor-version":[{"id":5898,"href":"https:\/\/hotelesfray.com\/en\/wp-json\/wp\/v2\/posts\/5895\/revisions\/5898"}],"wp:featuredmedia":[{"embeddable":true,"href":"https:\/\/hotelesfray.com\/en\/wp-json\/wp\/v2\/media\/5899"}],"wp:attachment":[{"href":"https:\/\/hotelesfray.com\/en\/wp-json\/wp\/v2\/media?parent=5895"}],"wp:term":[{"taxonomy":"category","embeddable":true,"href":"https:\/\/hotelesfray.com\/en\/wp-json\/wp\/v2\/categories?post=5895"},{"taxonomy":"post_tag","embeddable":true,"href":"https:\/\/hotelesfray.com\/en\/wp-json\/wp\/v2\/tags?post=5895"}],"curies":[{"name":"wp","href":"https:\/\/api.w.org\/{rel}","templated":true}]}}