{"id":5919,"date":"2025-03-19T21:45:13","date_gmt":"2025-03-20T01:45:13","guid":{"rendered":"https:\/\/hotelesfray.com\/?p=5919"},"modified":"2025-03-20T14:55:14","modified_gmt":"2025-03-20T18:55:14","slug":"precios-y-fechas-todo-acerca-del-vuelo-tepic-los-angeles","status":"publish","type":"post","link":"https:\/\/hotelesfray.com\/en\/2025\/03\/19\/precios-y-fechas-todo-acerca-del-vuelo-tepic-los-angeles\/","title":{"rendered":"Precios y fechas: todo acerca del Vuelo Tepic \u2013 Los \u00c1ngeles"},"content":{"rendered":"<p>Este pr\u00f3ximo 16 de julio llega a Tepic el primer vuelo internacional desde Los \u00c1ngeles, Estados Unidos. Una ruta que durante much\u00edsimo tiempo ha sido propuesta y deseada por los habitantes de esta ciudad y los paisanos que residen en el pa\u00eds del norte est\u00e1 muy cerca de convertirse en realidad. Una de las dudas m\u00e1s comunes respecto a esta noticia es: \u00bfcu\u00e1nto va a costar?<\/p>\n\n\n\n<p>Al momento de esta edici\u00f3n, el costo actual de un boleto para el vuelo inagurual es de 3,125 pesos en boleto sencillo\/, a sumar a los impuestos que los aeropuertos y la autoridad estadouniense exigen para los viajeros.<\/p>\n\n\n\n<figure class=\"wp-block-image size-large\"><img data-dominant-color=\"fafbfa\" data-has-transparency=\"false\" style=\"--dominant-color: #fafbfa;\" loading=\"lazy\" decoding=\"async\" width=\"1024\" height=\"460\" src=\"https:\/\/hotelesfray.com\/wp-content\/uploads\/2025\/03\/image-1024x460.webp\" alt=\"\" class=\"wp-image-5920 not-transparent\" srcset=\"https:\/\/hotelesfray.com\/wp-content\/uploads\/2025\/03\/image-1024x460.webp 1024w, https:\/\/hotelesfray.com\/wp-content\/uploads\/2025\/03\/image-300x135.webp 300w, https:\/\/hotelesfray.com\/wp-content\/uploads\/2025\/03\/image-768x345.webp 768w, https:\/\/hotelesfray.com\/wp-content\/uploads\/2025\/03\/image-1080x485.webp 1080w, https:\/\/hotelesfray.com\/wp-content\/uploads\/2025\/03\/image-980x440.webp 980w, https:\/\/hotelesfray.com\/wp-content\/uploads\/2025\/03\/image-480x216.webp 480w, https:\/\/hotelesfray.com\/wp-content\/uploads\/2025\/03\/image-png.webp 1182w\" sizes=\"(max-width: 1024px) 100vw, 1024px\" \/><\/figure>\n\n\n\n<p>Como siempre, elegir fechas con mayor anticipaci\u00f3n nos permitir\u00e1 obtener ofertas y descuentos para poder viajar de la manera m\u00e1s c\u00f3moda y econ\u00f3mica. Por ejemplo, para un vuelo de ida para el 1ero de septiembre de 2025 y un vuelo de regreso para el d\u00eda 8 del mismo mes tiene un costo redondo incluyendo impuestos de s\u00f3lo $3,413*.<\/p>\n\n\n\n<figure class=\"wp-block-image size-large\"><img data-dominant-color=\"f3f2f3\" data-has-transparency=\"false\" style=\"--dominant-color: #f3f2f3;\" loading=\"lazy\" decoding=\"async\" width=\"1024\" height=\"537\" src=\"https:\/\/hotelesfray.com\/wp-content\/uploads\/2025\/03\/image-1-1024x537.webp\" alt=\"\" class=\"wp-image-5921 not-transparent\" srcset=\"https:\/\/hotelesfray.com\/wp-content\/uploads\/2025\/03\/image-1-1024x537.webp 1024w, https:\/\/hotelesfray.com\/wp-content\/uploads\/2025\/03\/image-1-300x157.webp 300w, https:\/\/hotelesfray.com\/wp-content\/uploads\/2025\/03\/image-1-768x402.webp 768w, https:\/\/hotelesfray.com\/wp-content\/uploads\/2025\/03\/image-1-1080x566.webp 1080w, https:\/\/hotelesfray.com\/wp-content\/uploads\/2025\/03\/image-1-980x514.webp 980w, https:\/\/hotelesfray.com\/wp-content\/uploads\/2025\/03\/image-1-480x252.webp 480w, https:\/\/hotelesfray.com\/wp-content\/uploads\/2025\/03\/image-1-png.webp 1225w\" sizes=\"(max-width: 1024px) 100vw, 1024px\" \/><\/figure>\n\n\n\n<p>Con esta nueva ruta, Tepic est\u00e1 cada vez m\u00e1s conectado con todo el mundo, permitiendo que m\u00e1s personas conozcan las maravillas tur\u00edsticas que Nayarit tiene para nosotros, y que las familias est\u00e9n tambi\u00e9n cada vez m\u00e1s cerca.<\/p>\n\n\n\n<p>Se puede reservar desde hoy el vuelo a Los \u00c1ngeles en la p\u00e1gina oficial de Volaris.com.<\/p>\n\n\n\n<div class=\"wp-block-buttons is-layout-flex wp-block-buttons-is-layout-flex\">\n<div class=\"wp-block-button\"><a class=\"wp-block-button__link wp-element-button\" href=\"https:\/\/www.volaris.com\/es-mx\/vuelos-desde-tepic-a-los-angeles\">Ir a la p\u00e1gina oficial<\/a><\/div>\n<\/div>\n\n\n\n<p><strong>*Informaci\u00f3n importante: Hoteles Fray no tiene relaci\u00f3n alguna con la aerol\u00ednea Volaris. Los precios de los vuelos, los impuestos relacionados, sus descuentos y ofertas pueden cambiar en cualquier momento. <\/strong><\/p>","protected":false},"excerpt":{"rendered":"<p>Este pr\u00f3ximo 16 de julio llega a Tepic el primer vuelo internacional desde Los \u00c1ngeles, Estados Unidos. Una ruta que durante much\u00edsimo tiempo ha sido propuesta y deseada por los habitantes de esta ciudad y los paisanos que residen en el pa\u00eds del norte est\u00e1 muy cerca de convertirse en realidad. Una de las dudas [&hellip;]<\/p>\n","protected":false},"author":2,"featured_media":5922,"comment_status":"closed","ping_status":"closed","sticky":false,"template":"","format":"standard","meta":{"_et_pb_use_builder":"","_et_pb_old_content":"","_et_gb_content_width":"","footnotes":""},"categories":[161,26],"tags":[],"class_list":["post-5919","post","type-post","status-publish","format-standard","has-post-thumbnail","hentry","category-actualidad","category-tepic"],"yoast_head":"<!-- This site is optimized with the Yoast SEO plugin v27.4 - https:\/\/yoast.com\/product\/yoast-seo-wordpress\/ -->\n<title>Hotels in Tepic | Hoteles Fray \u2013 Complimentary Buffet Breakfast<\/title>\n<meta name=\"description\" content=\"Looking for hotels in Tepic? Hoteles Fray offers the best location, complimentary buffet breakfast, free WiFi, and flexible cancellation. Book directly with no deposit!\" \/>\n<meta name=\"robots\" content=\"index, follow, max-snippet:-1, max-image-preview:large, max-video-preview:-1\" \/>\n<link rel=\"canonical\" href=\"https:\/\/hotelesfray.com\/en\/2025\/03\/19\/precios-y-fechas-todo-acerca-del-vuelo-tepic-los-angeles\/\" \/>\n<meta property=\"og:locale\" content=\"en_US\" \/>\n<meta property=\"og:type\" content=\"article\" \/>\n<meta property=\"og:title\" content=\"Hotels in Tepic | Hoteles Fray \u2013 Complimentary Buffet Breakfast\" \/>\n<meta property=\"og:description\" content=\"Looking for hotels in Tepic? Hoteles Fray offers the best location, complimentary buffet breakfast, free WiFi, and flexible cancellation. Book directly with no deposit!\" \/>\n<meta property=\"og:url\" content=\"https:\/\/hotelesfray.com\/en\/2025\/03\/19\/precios-y-fechas-todo-acerca-del-vuelo-tepic-los-angeles\/\" \/>\n<meta property=\"og:site_name\" content=\"Hoteles Fray\" \/>\n<meta property=\"article:published_time\" content=\"2025-03-20T01:45:13+00:00\" \/>\n<meta property=\"article:modified_time\" content=\"2025-03-20T18:55:14+00:00\" \/>\n<meta property=\"og:image\" content=\"https:\/\/hotelesfray.com\/wp-content\/uploads\/2025\/03\/VueloTepicLAX.webp\" \/>\n\t<meta property=\"og:image:width\" content=\"1905\" \/>\n\t<meta property=\"og:image:height\" content=\"1000\" \/>\n\t<meta property=\"og:image:type\" content=\"image\/jpeg\" \/>\n<meta name=\"author\" content=\"Eduardo Lopez\" \/>\n<meta name=\"twitter:card\" content=\"summary_large_image\" \/>\n<meta name=\"twitter:label1\" content=\"Written by\" \/>\n\t<meta name=\"twitter:data1\" content=\"Eduardo Lopez\" \/>\n\t<meta name=\"twitter:label2\" content=\"Est. reading time\" \/>\n\t<meta name=\"twitter:data2\" content=\"1 minute\" \/>\n<script type=\"application\/ld+json\" class=\"yoast-schema-graph\">{\"@context\":\"https:\\\/\\\/schema.org\",\"@graph\":[{\"@type\":[\"Article\",\"BlogPosting\"],\"@id\":\"https:\\\/\\\/hotelesfray.com\\\/2025\\\/03\\\/19\\\/precios-y-fechas-todo-acerca-del-vuelo-tepic-los-angeles\\\/#article\",\"isPartOf\":{\"@id\":\"https:\\\/\\\/hotelesfray.com\\\/2025\\\/03\\\/19\\\/precios-y-fechas-todo-acerca-del-vuelo-tepic-los-angeles\\\/\"},\"author\":{\"name\":\"Eduardo Lopez\",\"@id\":\"https:\\\/\\\/hotelesfray.com\\\/#\\\/schema\\\/person\\\/1a3f5909146e66cdba9aa8b37f1858e1\"},\"headline\":\"Precios y fechas: todo acerca del Vuelo Tepic \u2013 Los \u00c1ngeles\",\"datePublished\":\"2025-03-20T01:45:13+00:00\",\"dateModified\":\"2025-03-20T18:55:14+00:00\",\"mainEntityOfPage\":{\"@id\":\"https:\\\/\\\/hotelesfray.com\\\/2025\\\/03\\\/19\\\/precios-y-fechas-todo-acerca-del-vuelo-tepic-los-angeles\\\/\"},\"wordCount\":278,\"publisher\":{\"@id\":\"https:\\\/\\\/hotelesfray.com\\\/#organization\"},\"image\":{\"@id\":\"https:\\\/\\\/hotelesfray.com\\\/2025\\\/03\\\/19\\\/precios-y-fechas-todo-acerca-del-vuelo-tepic-los-angeles\\\/#primaryimage\"},\"thumbnailUrl\":\"https:\\\/\\\/hotelesfray.com\\\/wp-content\\\/uploads\\\/2025\\\/03\\\/VueloTepicLAX.webp\",\"articleSection\":[\"Actualidad\",\"Tepic\"],\"inLanguage\":\"en-US\"},{\"@type\":\"WebPage\",\"@id\":\"https:\\\/\\\/hotelesfray.com\\\/2025\\\/03\\\/19\\\/precios-y-fechas-todo-acerca-del-vuelo-tepic-los-angeles\\\/\",\"url\":\"https:\\\/\\\/hotelesfray.com\\\/2025\\\/03\\\/19\\\/precios-y-fechas-todo-acerca-del-vuelo-tepic-los-angeles\\\/\",\"name\":\"Precios y fechas: todo acerca del Vuelo Tepic \u2013 Los \u00c1ngeles | Hoteles Fray\",\"isPartOf\":{\"@id\":\"https:\\\/\\\/hotelesfray.com\\\/#website\"},\"primaryImageOfPage\":{\"@id\":\"https:\\\/\\\/hotelesfray.com\\\/2025\\\/03\\\/19\\\/precios-y-fechas-todo-acerca-del-vuelo-tepic-los-angeles\\\/#primaryimage\"},\"image\":{\"@id\":\"https:\\\/\\\/hotelesfray.com\\\/2025\\\/03\\\/19\\\/precios-y-fechas-todo-acerca-del-vuelo-tepic-los-angeles\\\/#primaryimage\"},\"thumbnailUrl\":\"https:\\\/\\\/hotelesfray.com\\\/wp-content\\\/uploads\\\/2025\\\/03\\\/VueloTepicLAX.webp\",\"datePublished\":\"2025-03-20T01:45:13+00:00\",\"dateModified\":\"2025-03-20T18:55:14+00:00\",\"breadcrumb\":{\"@id\":\"https:\\\/\\\/hotelesfray.com\\\/2025\\\/03\\\/19\\\/precios-y-fechas-todo-acerca-del-vuelo-tepic-los-angeles\\\/#breadcrumb\"},\"inLanguage\":\"en-US\",\"potentialAction\":[{\"@type\":\"ReadAction\",\"target\":[\"https:\\\/\\\/hotelesfray.com\\\/2025\\\/03\\\/19\\\/precios-y-fechas-todo-acerca-del-vuelo-tepic-los-angeles\\\/\"]}]},{\"@type\":\"ImageObject\",\"inLanguage\":\"en-US\",\"@id\":\"https:\\\/\\\/hotelesfray.com\\\/2025\\\/03\\\/19\\\/precios-y-fechas-todo-acerca-del-vuelo-tepic-los-angeles\\\/#primaryimage\",\"url\":\"https:\\\/\\\/hotelesfray.com\\\/wp-content\\\/uploads\\\/2025\\\/03\\\/VueloTepicLAX.webp\",\"contentUrl\":\"https:\\\/\\\/hotelesfray.com\\\/wp-content\\\/uploads\\\/2025\\\/03\\\/VueloTepicLAX.webp\",\"width\":1905,\"height\":1000},{\"@type\":\"BreadcrumbList\",\"@id\":\"https:\\\/\\\/hotelesfray.com\\\/2025\\\/03\\\/19\\\/precios-y-fechas-todo-acerca-del-vuelo-tepic-los-angeles\\\/#breadcrumb\",\"itemListElement\":[{\"@type\":\"ListItem\",\"position\":1,\"name\":\"Tepic\",\"item\":\"https:\\\/\\\/hotelesfray.com\\\/category\\\/tepic\\\/\"},{\"@type\":\"ListItem\",\"position\":2,\"name\":\"Precios y fechas: todo acerca del Vuelo Tepic \u2013 Los \u00c1ngeles\"}]},{\"@type\":\"WebSite\",\"@id\":\"https:\\\/\\\/hotelesfray.com\\\/#website\",\"url\":\"https:\\\/\\\/hotelesfray.com\\\/\",\"name\":\"Hoteles Fray\",\"description\":\"Los Mejores Hoteles en el Centro de Tepic, Nayarit\",\"publisher\":{\"@id\":\"https:\\\/\\\/hotelesfray.com\\\/#organization\"},\"potentialAction\":[{\"@type\":\"SearchAction\",\"target\":{\"@type\":\"EntryPoint\",\"urlTemplate\":\"https:\\\/\\\/hotelesfray.com\\\/?s={search_term_string}\"},\"query-input\":{\"@type\":\"PropertyValueSpecification\",\"valueRequired\":true,\"valueName\":\"search_term_string\"}}],\"inLanguage\":\"en-US\"},{\"@type\":\"Organization\",\"@id\":\"https:\\\/\\\/hotelesfray.com\\\/#organization\",\"name\":\"Hoteles Fray\",\"url\":\"https:\\\/\\\/hotelesfray.com\\\/\",\"logo\":{\"@type\":\"ImageObject\",\"inLanguage\":\"en-US\",\"@id\":\"https:\\\/\\\/hotelesfray.com\\\/#\\\/schema\\\/logo\\\/image\\\/\",\"url\":\"https:\\\/\\\/hotelesfray.com\\\/wp-content\\\/uploads\\\/2023\\\/01\\\/HotelesFray-cuadro.png\",\"contentUrl\":\"https:\\\/\\\/hotelesfray.com\\\/wp-content\\\/uploads\\\/2023\\\/01\\\/HotelesFray-cuadro.png\",\"width\":2200,\"height\":2200,\"caption\":\"Hoteles Fray\"},\"image\":{\"@id\":\"https:\\\/\\\/hotelesfray.com\\\/#\\\/schema\\\/logo\\\/image\\\/\"}},{\"@type\":\"Person\",\"@id\":\"https:\\\/\\\/hotelesfray.com\\\/#\\\/schema\\\/person\\\/1a3f5909146e66cdba9aa8b37f1858e1\",\"name\":\"Eduardo Lopez\",\"image\":{\"@type\":\"ImageObject\",\"inLanguage\":\"en-US\",\"@id\":\"https:\\\/\\\/secure.gravatar.com\\\/avatar\\\/3d6f41a002d28c6845cb55b565f68141a241a36951b539d6f4dbddac28595734?s=96&d=mm&r=g\",\"url\":\"https:\\\/\\\/secure.gravatar.com\\\/avatar\\\/3d6f41a002d28c6845cb55b565f68141a241a36951b539d6f4dbddac28595734?s=96&d=mm&r=g\",\"contentUrl\":\"https:\\\/\\\/secure.gravatar.com\\\/avatar\\\/3d6f41a002d28c6845cb55b565f68141a241a36951b539d6f4dbddac28595734?s=96&d=mm&r=g\",\"caption\":\"Eduardo Lopez\"},\"url\":\"https:\\\/\\\/hotelesfray.com\\\/en\\\/author\\\/gente\\\/\"}]}<\/script>\n<!-- \/ Yoast SEO plugin. -->","yoast_head_json":{"title":"Hotels in Tepic | Hoteles Fray \u2013 Complimentary Buffet Breakfast","description":"Looking for hotels in Tepic? Hoteles Fray offers the best location, complimentary buffet breakfast, free WiFi, and flexible cancellation. Book directly with no deposit!","robots":{"index":"index","follow":"follow","max-snippet":"max-snippet:-1","max-image-preview":"max-image-preview:large","max-video-preview":"max-video-preview:-1"},"canonical":"https:\/\/hotelesfray.com\/en\/2025\/03\/19\/precios-y-fechas-todo-acerca-del-vuelo-tepic-los-angeles\/","og_locale":"en_US","og_type":"article","og_title":"Hotels in Tepic | Hoteles Fray \u2013 Complimentary Buffet Breakfast","og_description":"Looking for hotels in Tepic? Hoteles Fray offers the best location, complimentary buffet breakfast, free WiFi, and flexible cancellation. Book directly with no deposit!","og_url":"https:\/\/hotelesfray.com\/en\/2025\/03\/19\/precios-y-fechas-todo-acerca-del-vuelo-tepic-los-angeles\/","og_site_name":"Hoteles Fray","article_published_time":"2025-03-20T01:45:13+00:00","article_modified_time":"2025-03-20T18:55:14+00:00","og_image":[{"width":1905,"height":1000,"url":"https:\/\/hotelesfray.com\/wp-content\/uploads\/2025\/03\/VueloTepicLAX.webp","type":"image\/jpeg"}],"author":"Eduardo Lopez","twitter_card":"summary_large_image","twitter_misc":{"Written by":"Eduardo Lopez","Est. reading time":"1 minute"},"schema":{"@context":"https:\/\/schema.org","@graph":[{"@type":["Article","BlogPosting"],"@id":"https:\/\/hotelesfray.com\/2025\/03\/19\/precios-y-fechas-todo-acerca-del-vuelo-tepic-los-angeles\/#article","isPartOf":{"@id":"https:\/\/hotelesfray.com\/2025\/03\/19\/precios-y-fechas-todo-acerca-del-vuelo-tepic-los-angeles\/"},"author":{"name":"Eduardo Lopez","@id":"https:\/\/hotelesfray.com\/#\/schema\/person\/1a3f5909146e66cdba9aa8b37f1858e1"},"headline":"Precios y fechas: todo acerca del Vuelo Tepic \u2013 Los \u00c1ngeles","datePublished":"2025-03-20T01:45:13+00:00","dateModified":"2025-03-20T18:55:14+00:00","mainEntityOfPage":{"@id":"https:\/\/hotelesfray.com\/2025\/03\/19\/precios-y-fechas-todo-acerca-del-vuelo-tepic-los-angeles\/"},"wordCount":278,"publisher":{"@id":"https:\/\/hotelesfray.com\/#organization"},"image":{"@id":"https:\/\/hotelesfray.com\/2025\/03\/19\/precios-y-fechas-todo-acerca-del-vuelo-tepic-los-angeles\/#primaryimage"},"thumbnailUrl":"https:\/\/hotelesfray.com\/wp-content\/uploads\/2025\/03\/VueloTepicLAX.webp","articleSection":["Actualidad","Tepic"],"inLanguage":"en-US"},{"@type":"WebPage","@id":"https:\/\/hotelesfray.com\/2025\/03\/19\/precios-y-fechas-todo-acerca-del-vuelo-tepic-los-angeles\/","url":"https:\/\/hotelesfray.com\/2025\/03\/19\/precios-y-fechas-todo-acerca-del-vuelo-tepic-los-angeles\/","name":"Precios y fechas: todo acerca del Vuelo Tepic \u2013 Los \u00c1ngeles | Hoteles Fray","isPartOf":{"@id":"https:\/\/hotelesfray.com\/#website"},"primaryImageOfPage":{"@id":"https:\/\/hotelesfray.com\/2025\/03\/19\/precios-y-fechas-todo-acerca-del-vuelo-tepic-los-angeles\/#primaryimage"},"image":{"@id":"https:\/\/hotelesfray.com\/2025\/03\/19\/precios-y-fechas-todo-acerca-del-vuelo-tepic-los-angeles\/#primaryimage"},"thumbnailUrl":"https:\/\/hotelesfray.com\/wp-content\/uploads\/2025\/03\/VueloTepicLAX.webp","datePublished":"2025-03-20T01:45:13+00:00","dateModified":"2025-03-20T18:55:14+00:00","breadcrumb":{"@id":"https:\/\/hotelesfray.com\/2025\/03\/19\/precios-y-fechas-todo-acerca-del-vuelo-tepic-los-angeles\/#breadcrumb"},"inLanguage":"en-US","potentialAction":[{"@type":"ReadAction","target":["https:\/\/hotelesfray.com\/2025\/03\/19\/precios-y-fechas-todo-acerca-del-vuelo-tepic-los-angeles\/"]}]},{"@type":"ImageObject","inLanguage":"en-US","@id":"https:\/\/hotelesfray.com\/2025\/03\/19\/precios-y-fechas-todo-acerca-del-vuelo-tepic-los-angeles\/#primaryimage","url":"https:\/\/hotelesfray.com\/wp-content\/uploads\/2025\/03\/VueloTepicLAX.webp","contentUrl":"https:\/\/hotelesfray.com\/wp-content\/uploads\/2025\/03\/VueloTepicLAX.webp","width":1905,"height":1000},{"@type":"BreadcrumbList","@id":"https:\/\/hotelesfray.com\/2025\/03\/19\/precios-y-fechas-todo-acerca-del-vuelo-tepic-los-angeles\/#breadcrumb","itemListElement":[{"@type":"ListItem","position":1,"name":"Tepic","item":"https:\/\/hotelesfray.com\/category\/tepic\/"},{"@type":"ListItem","position":2,"name":"Precios y fechas: todo acerca del Vuelo Tepic \u2013 Los \u00c1ngeles"}]},{"@type":"WebSite","@id":"https:\/\/hotelesfray.com\/#website","url":"https:\/\/hotelesfray.com\/","name":"Hoteles Fray","description":"Los Mejores Hoteles en el Centro de Tepic, Nayarit","publisher":{"@id":"https:\/\/hotelesfray.com\/#organization"},"potentialAction":[{"@type":"SearchAction","target":{"@type":"EntryPoint","urlTemplate":"https:\/\/hotelesfray.com\/?s={search_term_string}"},"query-input":{"@type":"PropertyValueSpecification","valueRequired":true,"valueName":"search_term_string"}}],"inLanguage":"en-US"},{"@type":"Organization","@id":"https:\/\/hotelesfray.com\/#organization","name":"Hoteles Fray","url":"https:\/\/hotelesfray.com\/","logo":{"@type":"ImageObject","inLanguage":"en-US","@id":"https:\/\/hotelesfray.com\/#\/schema\/logo\/image\/","url":"https:\/\/hotelesfray.com\/wp-content\/uploads\/2023\/01\/HotelesFray-cuadro.png","contentUrl":"https:\/\/hotelesfray.com\/wp-content\/uploads\/2023\/01\/HotelesFray-cuadro.png","width":2200,"height":2200,"caption":"Hoteles Fray"},"image":{"@id":"https:\/\/hotelesfray.com\/#\/schema\/logo\/image\/"}},{"@type":"Person","@id":"https:\/\/hotelesfray.com\/#\/schema\/person\/1a3f5909146e66cdba9aa8b37f1858e1","name":"Eduardo Lopez","image":{"@type":"ImageObject","inLanguage":"en-US","@id":"https:\/\/secure.gravatar.com\/avatar\/3d6f41a002d28c6845cb55b565f68141a241a36951b539d6f4dbddac28595734?s=96&d=mm&r=g","url":"https:\/\/secure.gravatar.com\/avatar\/3d6f41a002d28c6845cb55b565f68141a241a36951b539d6f4dbddac28595734?s=96&d=mm&r=g","contentUrl":"https:\/\/secure.gravatar.com\/avatar\/3d6f41a002d28c6845cb55b565f68141a241a36951b539d6f4dbddac28595734?s=96&d=mm&r=g","caption":"Eduardo Lopez"},"url":"https:\/\/hotelesfray.com\/en\/author\/gente\/"}]}},"_links":{"self":[{"href":"https:\/\/hotelesfray.com\/en\/wp-json\/wp\/v2\/posts\/5919","targetHints":{"allow":["GET"]}}],"collection":[{"href":"https:\/\/hotelesfray.com\/en\/wp-json\/wp\/v2\/posts"}],"about":[{"href":"https:\/\/hotelesfray.com\/en\/wp-json\/wp\/v2\/types\/post"}],"author":[{"embeddable":true,"href":"https:\/\/hotelesfray.com\/en\/wp-json\/wp\/v2\/users\/2"}],"replies":[{"embeddable":true,"href":"https:\/\/hotelesfray.com\/en\/wp-json\/wp\/v2\/comments?post=5919"}],"version-history":[{"count":3,"href":"https:\/\/hotelesfray.com\/en\/wp-json\/wp\/v2\/posts\/5919\/revisions"}],"predecessor-version":[{"id":5928,"href":"https:\/\/hotelesfray.com\/en\/wp-json\/wp\/v2\/posts\/5919\/revisions\/5928"}],"wp:featuredmedia":[{"embeddable":true,"href":"https:\/\/hotelesfray.com\/en\/wp-json\/wp\/v2\/media\/5922"}],"wp:attachment":[{"href":"https:\/\/hotelesfray.com\/en\/wp-json\/wp\/v2\/media?parent=5919"}],"wp:term":[{"taxonomy":"category","embeddable":true,"href":"https:\/\/hotelesfray.com\/en\/wp-json\/wp\/v2\/categories?post=5919"},{"taxonomy":"post_tag","embeddable":true,"href":"https:\/\/hotelesfray.com\/en\/wp-json\/wp\/v2\/tags?post=5919"}],"curies":[{"name":"wp","href":"https:\/\/api.w.org\/{rel}","templated":true}]}}