{"id":5929,"date":"2025-03-21T01:37:26","date_gmt":"2025-03-21T05:37:26","guid":{"rendered":"https:\/\/hotelesfray.com\/?p=5929"},"modified":"2025-03-21T01:37:27","modified_gmt":"2025-03-21T05:37:27","slug":"la-experiencia-culinaria-de-cuaresma-en-hotel-fray-junipero-centro-historico","status":"publish","type":"post","link":"https:\/\/hotelesfray.com\/en\/2025\/03\/21\/la-experiencia-culinaria-de-cuaresma-en-hotel-fray-junipero-centro-historico\/","title":{"rendered":"La experiencia culinaria de Cuaresma en Hotel Fray Jun\u00edpero: Centro Hist\u00f3rico"},"content":{"rendered":"<p>Esta cuaresma vive una experiencia culinaria \u00fanica y deliciosa en el restaurante Capistrano en tu hotel Fray Jun\u00edpero. Disfruta de nuestro men\u00fa que ofrece una variedad de platillos tradicionales preparados a base de mariscos frescos y de alta calidad, acomp\u00e1\u00f1anos a celebrar esta temporada con lo mejor de la gastronom\u00eda de nuestra regi\u00f3n.<\/p>\n\n\n\n<h2 class=\"wp-block-heading\">Entradas<\/h2>\n\n\n\n<p>Nayarit es un estado conocido por su abundancia en camarones, por lo que recomendamos iniciar probando el tradicional <strong>C\u00d3CTEL DE CAMAR\u00d3N<\/strong>, sopa mexicana a base de jugo de camar\u00f3n cocido condimentado con sal, cebolla, ajo, jitomate y hierbas arom\u00e1ticas, acompa\u00f1ado de verduras cortadas en peque\u00f1os cubos incluyendo pepino, cilantro y aguacate para servirlo a tu preferencia agregando zumo de lim\u00f3n y picante ya sea en forma de salsa o chile troceado.<\/p>\n\n\n\n<p>Para quienes desean una entrada fuera de lo convencional, las <strong>L\u00c1MINAS DE AT\u00daN RASURADO<\/strong> son una opci\u00f3n deliciosa, este platillo inspirado en la cocina japonesa consiste en finas y delgadas capas de lomo de at\u00fan fresco servidas en una preparaci\u00f3n de salsa de soya, con un toque picante de wasabi y habanero decorado con aguacate y semillas de ajonjol\u00ed.<\/p>\n\n\n\n<p>Para aquellos que su ingrediente favorito son los camarones y buscan una opci\u00f3n saludable, la <strong>ENSALADA DE CAMARONES AL VAPOR<\/strong> ser\u00e1 su entrada ideal, con una porci\u00f3n basta de camarones cocinados al momento, acompa\u00f1ados de verduras perfectos para degustar con tostadas o totopos de ma\u00edz.<\/p>\n\n\n\n<figure class=\"wp-block-image size-large\"><img data-dominant-color=\"7e6f61\" data-has-transparency=\"false\" style=\"--dominant-color: #7e6f61;\" loading=\"lazy\" decoding=\"async\" width=\"1024\" height=\"538\" src=\"https:\/\/hotelesfray.com\/wp-content\/uploads\/2025\/03\/CuaresmaCentro-1024x538.webp\" alt=\"\" class=\"wp-image-5930 not-transparent\" srcset=\"https:\/\/hotelesfray.com\/wp-content\/uploads\/2025\/03\/CuaresmaCentro-980x514.webp 980w, https:\/\/hotelesfray.com\/wp-content\/uploads\/2025\/03\/CuaresmaCentro-480x252.webp 480w\" sizes=\"(min-width: 0px) and (max-width: 480px) 480px, (min-width: 481px) and (max-width: 980px) 980px, (min-width: 981px) 1024px, 100vw\" \/><\/figure>\n\n\n\n<h2 class=\"wp-block-heading\">Para compartir<\/h2>\n\n\n\n<p>Para los amantes de los mariscos un platillo imperdible y tradicional de la regi\u00f3n es el <strong>CEVICHE<\/strong>, perfecto para ordenar como plato fuerte o como un aperitivo para compartir.<\/p>\n\n\n\n<p>Este plato t\u00edpico se prepara con pescado o camar\u00f3n en trozos peque\u00f1os marinados en jugo de lim\u00f3n acompa\u00f1ado de verduras picadas y decorado con cebolla, cilantro y aguacate. Disfruta las variedades en el men\u00fa incluyendo el <strong>CEVICHE ACAPULQUE\u00d1O<\/strong> deliciosa variante que mezcla pescado y camar\u00f3n en la receta cl\u00e1sica.<\/p>\n\n\n\n<figure class=\"wp-block-image size-large\"><img data-dominant-color=\"beb7a2\" data-has-transparency=\"false\" style=\"--dominant-color: #beb7a2;\" loading=\"lazy\" decoding=\"async\" width=\"1024\" height=\"538\" src=\"https:\/\/hotelesfray.com\/wp-content\/uploads\/2025\/03\/CuaresmaCentro2-1024x538.webp\" alt=\"\" class=\"wp-image-5931 not-transparent\" srcset=\"https:\/\/hotelesfray.com\/wp-content\/uploads\/2025\/03\/CuaresmaCentro2-980x514.webp 980w, https:\/\/hotelesfray.com\/wp-content\/uploads\/2025\/03\/CuaresmaCentro2-480x252.webp 480w\" sizes=\"(min-width: 0px) and (max-width: 480px) 480px, (min-width: 481px) and (max-width: 980px) 980px, (min-width: 981px) 1024px, 100vw\" \/><\/figure>\n\n\n\n<h2 class=\"wp-block-heading\">Platillos principales<\/h2>\n\n\n\n<p>Como plato principal presentamos esta exquisita selecci\u00f3n de temporada.&nbsp;<\/p>\n\n\n\n<p>Los platillos a base de camar\u00f3n no pueden faltar en tu visita, prueba los deliciosos <strong>CAMARONES A LA DIABLA<\/strong>, preparados en mantequilla y ba\u00f1ados en salsa de chile chipotle acompa\u00f1ados de la guarnici\u00f3n de tu elecci\u00f3n ya sea arroz blanco a la jardinera, ensalada verde o ambos.<\/p>\n\n\n\n<p>Para las personas que desean un sabor tropical los <strong>CAMARONES AL COCO CON SALSA DE MANGO<\/strong> ser\u00e1n su platillo ideal, camarones fritos con una cubierta a base de harina y ralladura de coco servidas con una deliciosa salsa de mango y el acompa\u00f1amiento de tu preferencia.<\/p>\n\n\n\n<p>Otras opciones en nuestro men\u00fa incluyen <strong>CAMARONES A LA PLANCHA, EMPANIZADOS y AL AJILLO<\/strong>.<\/p>\n\n\n\n<p>Si desea ordenar filete de pescado blanco como ingrediente principal contamos con diversas recetas en nuestra carta, desde <strong>PESCADO A LA PLANCHA <\/strong>hasta variedades como <strong>FILETE A LA NARANJA o A LA VERACRUZANA<\/strong> con su distintivo sabor insignia de dicho estado.<\/p>\n\n\n\n<p>Otra variante de pescado disponible en el men\u00fa es el <strong>SALM\u00d3N AL PASTOR<\/strong>, como una alternativa a los populares tacos de la cocina mexicana, este cl\u00e1sico platillo presenta salm\u00f3n asado marinado en un delicioso adobo mezcla de chiles rojos y especias, servido sobre salsa de pi\u00f1a y decorado con cebolla caramelizada que brindan un toque agridulce a la orden, se a\u00f1aden verduras cocinadas al vapor como complemento.<\/p>\n\n\n\n<figure class=\"wp-block-image size-large\"><img data-dominant-color=\"ab977e\" data-has-transparency=\"false\" style=\"--dominant-color: #ab977e;\" loading=\"lazy\" decoding=\"async\" width=\"1024\" height=\"538\" src=\"https:\/\/hotelesfray.com\/wp-content\/uploads\/2025\/03\/CuaresmaCentro3-1024x538.webp\" alt=\"\" class=\"wp-image-5932 not-transparent\" srcset=\"https:\/\/hotelesfray.com\/wp-content\/uploads\/2025\/03\/CuaresmaCentro3-980x514.webp 980w, https:\/\/hotelesfray.com\/wp-content\/uploads\/2025\/03\/CuaresmaCentro3-480x252.webp 480w\" sizes=\"(min-width: 0px) and (max-width: 480px) 480px, (min-width: 481px) and (max-width: 980px) 980px, (min-width: 981px) 1024px, 100vw\" \/><\/figure>\n\n\n\n<h2 class=\"wp-block-heading\">Mixolog\u00eda<\/h2>\n\n\n\n<p>Para refrescarte y acompa\u00f1ar tus platillos revisa la secci\u00f3n de bebidas en el men\u00fa que incluye cocteler\u00eda, cerveza, destilados y tambi\u00e9n bebidas y aguas frescas elaboradas con frutas de temporada.&nbsp;<\/p>\n\n\n\n<p><strong>\u00a1Esta temporada de Cuaresma y Semana Santa te esperamos en tu Hotel Fray Jun\u00edpero! En calle Lerdo 23 Pte., frente a la Catedral de Tepic, col. Centro.<\/strong><\/p>\n\n\n\n<p>Reserva tu mesa ahora al tel\u00e9fono <a href=\"tel:+523112154671\">(311) 215 4671<\/a>.<\/p>","protected":false},"excerpt":{"rendered":"<p>Esta cuaresma vive una experiencia culinaria \u00fanica y deliciosa en el restaurante Capistrano en tu hotel Fray Jun\u00edpero. Disfruta de nuestro men\u00fa que ofrece una variedad de platillos tradicionales preparados a base de mariscos frescos y de alta calidad, acomp\u00e1\u00f1anos a celebrar esta temporada con lo mejor de la gastronom\u00eda de nuestra regi\u00f3n. Entradas Nayarit [&hellip;]<\/p>\n","protected":false},"author":2,"featured_media":5933,"comment_status":"closed","ping_status":"closed","sticky":false,"template":"","format":"standard","meta":{"_et_pb_use_builder":"","_et_pb_old_content":"","_et_gb_content_width":"","footnotes":""},"categories":[27],"tags":[],"class_list":["post-5929","post","type-post","status-publish","format-standard","has-post-thumbnail","hentry","category-hotel"],"yoast_head":"<!-- This site is optimized with the Yoast SEO plugin v27.4 - https:\/\/yoast.com\/product\/yoast-seo-wordpress\/ -->\n<title>Hotels in Tepic | Hoteles Fray \u2013 Complimentary Buffet Breakfast<\/title>\n<meta name=\"description\" content=\"Looking for hotels in Tepic? Hoteles Fray offers the best location, complimentary buffet breakfast, free WiFi, and flexible cancellation. Book directly with no deposit!\" \/>\n<meta name=\"robots\" content=\"index, follow, max-snippet:-1, max-image-preview:large, max-video-preview:-1\" \/>\n<link rel=\"canonical\" href=\"https:\/\/hotelesfray.com\/en\/2025\/03\/21\/la-experiencia-culinaria-de-cuaresma-en-hotel-fray-junipero-centro-historico\/\" \/>\n<meta property=\"og:locale\" content=\"en_US\" \/>\n<meta property=\"og:type\" content=\"article\" \/>\n<meta property=\"og:title\" content=\"Hotels in Tepic | Hoteles Fray \u2013 Complimentary Buffet Breakfast\" \/>\n<meta property=\"og:description\" content=\"Looking for hotels in Tepic? Hoteles Fray offers the best location, complimentary buffet breakfast, free WiFi, and flexible cancellation. Book directly with no deposit!\" \/>\n<meta property=\"og:url\" content=\"https:\/\/hotelesfray.com\/en\/2025\/03\/21\/la-experiencia-culinaria-de-cuaresma-en-hotel-fray-junipero-centro-historico\/\" \/>\n<meta property=\"og:site_name\" content=\"Hoteles Fray\" \/>\n<meta property=\"article:published_time\" content=\"2025-03-21T05:37:26+00:00\" \/>\n<meta property=\"article:modified_time\" content=\"2025-03-21T05:37:27+00:00\" \/>\n<meta property=\"og:image\" content=\"https:\/\/hotelesfray.com\/wp-content\/uploads\/2025\/03\/CuaresmaCentroCover.webp\" \/>\n\t<meta property=\"og:image:width\" content=\"1905\" \/>\n\t<meta property=\"og:image:height\" content=\"1000\" \/>\n\t<meta property=\"og:image:type\" content=\"image\/jpeg\" \/>\n<meta name=\"author\" content=\"Eduardo Lopez\" \/>\n<meta name=\"twitter:card\" content=\"summary_large_image\" \/>\n<meta name=\"twitter:label1\" content=\"Written by\" \/>\n\t<meta name=\"twitter:data1\" content=\"Eduardo Lopez\" \/>\n\t<meta name=\"twitter:label2\" content=\"Est. reading time\" \/>\n\t<meta name=\"twitter:data2\" content=\"3 minutes\" \/>\n<script type=\"application\/ld+json\" class=\"yoast-schema-graph\">{\"@context\":\"https:\\\/\\\/schema.org\",\"@graph\":[{\"@type\":[\"Article\",\"BlogPosting\"],\"@id\":\"https:\\\/\\\/hotelesfray.com\\\/2025\\\/03\\\/21\\\/la-experiencia-culinaria-de-cuaresma-en-hotel-fray-junipero-centro-historico\\\/#article\",\"isPartOf\":{\"@id\":\"https:\\\/\\\/hotelesfray.com\\\/2025\\\/03\\\/21\\\/la-experiencia-culinaria-de-cuaresma-en-hotel-fray-junipero-centro-historico\\\/\"},\"author\":{\"name\":\"Eduardo Lopez\",\"@id\":\"https:\\\/\\\/hotelesfray.com\\\/#\\\/schema\\\/person\\\/1a3f5909146e66cdba9aa8b37f1858e1\"},\"headline\":\"La experiencia culinaria de Cuaresma en Hotel Fray Jun\u00edpero: Centro Hist\u00f3rico\",\"datePublished\":\"2025-03-21T05:37:26+00:00\",\"dateModified\":\"2025-03-21T05:37:27+00:00\",\"mainEntityOfPage\":{\"@id\":\"https:\\\/\\\/hotelesfray.com\\\/2025\\\/03\\\/21\\\/la-experiencia-culinaria-de-cuaresma-en-hotel-fray-junipero-centro-historico\\\/\"},\"wordCount\":662,\"publisher\":{\"@id\":\"https:\\\/\\\/hotelesfray.com\\\/#organization\"},\"image\":{\"@id\":\"https:\\\/\\\/hotelesfray.com\\\/2025\\\/03\\\/21\\\/la-experiencia-culinaria-de-cuaresma-en-hotel-fray-junipero-centro-historico\\\/#primaryimage\"},\"thumbnailUrl\":\"https:\\\/\\\/hotelesfray.com\\\/wp-content\\\/uploads\\\/2025\\\/03\\\/CuaresmaCentroCover.webp\",\"articleSection\":[\"Hotel\"],\"inLanguage\":\"en-US\"},{\"@type\":\"WebPage\",\"@id\":\"https:\\\/\\\/hotelesfray.com\\\/2025\\\/03\\\/21\\\/la-experiencia-culinaria-de-cuaresma-en-hotel-fray-junipero-centro-historico\\\/\",\"url\":\"https:\\\/\\\/hotelesfray.com\\\/2025\\\/03\\\/21\\\/la-experiencia-culinaria-de-cuaresma-en-hotel-fray-junipero-centro-historico\\\/\",\"name\":\"La experiencia culinaria de Cuaresma en Hotel Fray Jun\u00edpero: Centro Hist\u00f3rico | Hoteles Fray\",\"isPartOf\":{\"@id\":\"https:\\\/\\\/hotelesfray.com\\\/#website\"},\"primaryImageOfPage\":{\"@id\":\"https:\\\/\\\/hotelesfray.com\\\/2025\\\/03\\\/21\\\/la-experiencia-culinaria-de-cuaresma-en-hotel-fray-junipero-centro-historico\\\/#primaryimage\"},\"image\":{\"@id\":\"https:\\\/\\\/hotelesfray.com\\\/2025\\\/03\\\/21\\\/la-experiencia-culinaria-de-cuaresma-en-hotel-fray-junipero-centro-historico\\\/#primaryimage\"},\"thumbnailUrl\":\"https:\\\/\\\/hotelesfray.com\\\/wp-content\\\/uploads\\\/2025\\\/03\\\/CuaresmaCentroCover.webp\",\"datePublished\":\"2025-03-21T05:37:26+00:00\",\"dateModified\":\"2025-03-21T05:37:27+00:00\",\"breadcrumb\":{\"@id\":\"https:\\\/\\\/hotelesfray.com\\\/2025\\\/03\\\/21\\\/la-experiencia-culinaria-de-cuaresma-en-hotel-fray-junipero-centro-historico\\\/#breadcrumb\"},\"inLanguage\":\"en-US\",\"potentialAction\":[{\"@type\":\"ReadAction\",\"target\":[\"https:\\\/\\\/hotelesfray.com\\\/2025\\\/03\\\/21\\\/la-experiencia-culinaria-de-cuaresma-en-hotel-fray-junipero-centro-historico\\\/\"]}]},{\"@type\":\"ImageObject\",\"inLanguage\":\"en-US\",\"@id\":\"https:\\\/\\\/hotelesfray.com\\\/2025\\\/03\\\/21\\\/la-experiencia-culinaria-de-cuaresma-en-hotel-fray-junipero-centro-historico\\\/#primaryimage\",\"url\":\"https:\\\/\\\/hotelesfray.com\\\/wp-content\\\/uploads\\\/2025\\\/03\\\/CuaresmaCentroCover.webp\",\"contentUrl\":\"https:\\\/\\\/hotelesfray.com\\\/wp-content\\\/uploads\\\/2025\\\/03\\\/CuaresmaCentroCover.webp\",\"width\":1905,\"height\":1000},{\"@type\":\"BreadcrumbList\",\"@id\":\"https:\\\/\\\/hotelesfray.com\\\/2025\\\/03\\\/21\\\/la-experiencia-culinaria-de-cuaresma-en-hotel-fray-junipero-centro-historico\\\/#breadcrumb\",\"itemListElement\":[{\"@type\":\"ListItem\",\"position\":1,\"name\":\"Hotel\",\"item\":\"https:\\\/\\\/hotelesfray.com\\\/category\\\/hotel\\\/\"},{\"@type\":\"ListItem\",\"position\":2,\"name\":\"La experiencia culinaria de Cuaresma en Hotel Fray Jun\u00edpero: Centro Hist\u00f3rico\"}]},{\"@type\":\"WebSite\",\"@id\":\"https:\\\/\\\/hotelesfray.com\\\/#website\",\"url\":\"https:\\\/\\\/hotelesfray.com\\\/\",\"name\":\"Hoteles Fray\",\"description\":\"Los Mejores Hoteles en el Centro de Tepic, Nayarit\",\"publisher\":{\"@id\":\"https:\\\/\\\/hotelesfray.com\\\/#organization\"},\"potentialAction\":[{\"@type\":\"SearchAction\",\"target\":{\"@type\":\"EntryPoint\",\"urlTemplate\":\"https:\\\/\\\/hotelesfray.com\\\/?s={search_term_string}\"},\"query-input\":{\"@type\":\"PropertyValueSpecification\",\"valueRequired\":true,\"valueName\":\"search_term_string\"}}],\"inLanguage\":\"en-US\"},{\"@type\":\"Organization\",\"@id\":\"https:\\\/\\\/hotelesfray.com\\\/#organization\",\"name\":\"Hoteles Fray\",\"url\":\"https:\\\/\\\/hotelesfray.com\\\/\",\"logo\":{\"@type\":\"ImageObject\",\"inLanguage\":\"en-US\",\"@id\":\"https:\\\/\\\/hotelesfray.com\\\/#\\\/schema\\\/logo\\\/image\\\/\",\"url\":\"https:\\\/\\\/hotelesfray.com\\\/wp-content\\\/uploads\\\/2023\\\/01\\\/HotelesFray-cuadro.png\",\"contentUrl\":\"https:\\\/\\\/hotelesfray.com\\\/wp-content\\\/uploads\\\/2023\\\/01\\\/HotelesFray-cuadro.png\",\"width\":2200,\"height\":2200,\"caption\":\"Hoteles Fray\"},\"image\":{\"@id\":\"https:\\\/\\\/hotelesfray.com\\\/#\\\/schema\\\/logo\\\/image\\\/\"}},{\"@type\":\"Person\",\"@id\":\"https:\\\/\\\/hotelesfray.com\\\/#\\\/schema\\\/person\\\/1a3f5909146e66cdba9aa8b37f1858e1\",\"name\":\"Eduardo Lopez\",\"image\":{\"@type\":\"ImageObject\",\"inLanguage\":\"en-US\",\"@id\":\"https:\\\/\\\/secure.gravatar.com\\\/avatar\\\/3d6f41a002d28c6845cb55b565f68141a241a36951b539d6f4dbddac28595734?s=96&d=mm&r=g\",\"url\":\"https:\\\/\\\/secure.gravatar.com\\\/avatar\\\/3d6f41a002d28c6845cb55b565f68141a241a36951b539d6f4dbddac28595734?s=96&d=mm&r=g\",\"contentUrl\":\"https:\\\/\\\/secure.gravatar.com\\\/avatar\\\/3d6f41a002d28c6845cb55b565f68141a241a36951b539d6f4dbddac28595734?s=96&d=mm&r=g\",\"caption\":\"Eduardo Lopez\"},\"url\":\"https:\\\/\\\/hotelesfray.com\\\/en\\\/author\\\/gente\\\/\"}]}<\/script>\n<!-- \/ Yoast SEO plugin. -->","yoast_head_json":{"title":"Hotels in Tepic | Hoteles Fray \u2013 Complimentary Buffet Breakfast","description":"Looking for hotels in Tepic? Hoteles Fray offers the best location, complimentary buffet breakfast, free WiFi, and flexible cancellation. Book directly with no deposit!","robots":{"index":"index","follow":"follow","max-snippet":"max-snippet:-1","max-image-preview":"max-image-preview:large","max-video-preview":"max-video-preview:-1"},"canonical":"https:\/\/hotelesfray.com\/en\/2025\/03\/21\/la-experiencia-culinaria-de-cuaresma-en-hotel-fray-junipero-centro-historico\/","og_locale":"en_US","og_type":"article","og_title":"Hotels in Tepic | Hoteles Fray \u2013 Complimentary Buffet Breakfast","og_description":"Looking for hotels in Tepic? Hoteles Fray offers the best location, complimentary buffet breakfast, free WiFi, and flexible cancellation. Book directly with no deposit!","og_url":"https:\/\/hotelesfray.com\/en\/2025\/03\/21\/la-experiencia-culinaria-de-cuaresma-en-hotel-fray-junipero-centro-historico\/","og_site_name":"Hoteles Fray","article_published_time":"2025-03-21T05:37:26+00:00","article_modified_time":"2025-03-21T05:37:27+00:00","og_image":[{"width":1905,"height":1000,"url":"https:\/\/hotelesfray.com\/wp-content\/uploads\/2025\/03\/CuaresmaCentroCover.webp","type":"image\/jpeg"}],"author":"Eduardo Lopez","twitter_card":"summary_large_image","twitter_misc":{"Written by":"Eduardo Lopez","Est. reading time":"3 minutes"},"schema":{"@context":"https:\/\/schema.org","@graph":[{"@type":["Article","BlogPosting"],"@id":"https:\/\/hotelesfray.com\/2025\/03\/21\/la-experiencia-culinaria-de-cuaresma-en-hotel-fray-junipero-centro-historico\/#article","isPartOf":{"@id":"https:\/\/hotelesfray.com\/2025\/03\/21\/la-experiencia-culinaria-de-cuaresma-en-hotel-fray-junipero-centro-historico\/"},"author":{"name":"Eduardo Lopez","@id":"https:\/\/hotelesfray.com\/#\/schema\/person\/1a3f5909146e66cdba9aa8b37f1858e1"},"headline":"La experiencia culinaria de Cuaresma en Hotel Fray Jun\u00edpero: Centro Hist\u00f3rico","datePublished":"2025-03-21T05:37:26+00:00","dateModified":"2025-03-21T05:37:27+00:00","mainEntityOfPage":{"@id":"https:\/\/hotelesfray.com\/2025\/03\/21\/la-experiencia-culinaria-de-cuaresma-en-hotel-fray-junipero-centro-historico\/"},"wordCount":662,"publisher":{"@id":"https:\/\/hotelesfray.com\/#organization"},"image":{"@id":"https:\/\/hotelesfray.com\/2025\/03\/21\/la-experiencia-culinaria-de-cuaresma-en-hotel-fray-junipero-centro-historico\/#primaryimage"},"thumbnailUrl":"https:\/\/hotelesfray.com\/wp-content\/uploads\/2025\/03\/CuaresmaCentroCover.webp","articleSection":["Hotel"],"inLanguage":"en-US"},{"@type":"WebPage","@id":"https:\/\/hotelesfray.com\/2025\/03\/21\/la-experiencia-culinaria-de-cuaresma-en-hotel-fray-junipero-centro-historico\/","url":"https:\/\/hotelesfray.com\/2025\/03\/21\/la-experiencia-culinaria-de-cuaresma-en-hotel-fray-junipero-centro-historico\/","name":"La experiencia culinaria de Cuaresma en Hotel Fray Jun\u00edpero: Centro Hist\u00f3rico | Hoteles Fray","isPartOf":{"@id":"https:\/\/hotelesfray.com\/#website"},"primaryImageOfPage":{"@id":"https:\/\/hotelesfray.com\/2025\/03\/21\/la-experiencia-culinaria-de-cuaresma-en-hotel-fray-junipero-centro-historico\/#primaryimage"},"image":{"@id":"https:\/\/hotelesfray.com\/2025\/03\/21\/la-experiencia-culinaria-de-cuaresma-en-hotel-fray-junipero-centro-historico\/#primaryimage"},"thumbnailUrl":"https:\/\/hotelesfray.com\/wp-content\/uploads\/2025\/03\/CuaresmaCentroCover.webp","datePublished":"2025-03-21T05:37:26+00:00","dateModified":"2025-03-21T05:37:27+00:00","breadcrumb":{"@id":"https:\/\/hotelesfray.com\/2025\/03\/21\/la-experiencia-culinaria-de-cuaresma-en-hotel-fray-junipero-centro-historico\/#breadcrumb"},"inLanguage":"en-US","potentialAction":[{"@type":"ReadAction","target":["https:\/\/hotelesfray.com\/2025\/03\/21\/la-experiencia-culinaria-de-cuaresma-en-hotel-fray-junipero-centro-historico\/"]}]},{"@type":"ImageObject","inLanguage":"en-US","@id":"https:\/\/hotelesfray.com\/2025\/03\/21\/la-experiencia-culinaria-de-cuaresma-en-hotel-fray-junipero-centro-historico\/#primaryimage","url":"https:\/\/hotelesfray.com\/wp-content\/uploads\/2025\/03\/CuaresmaCentroCover.webp","contentUrl":"https:\/\/hotelesfray.com\/wp-content\/uploads\/2025\/03\/CuaresmaCentroCover.webp","width":1905,"height":1000},{"@type":"BreadcrumbList","@id":"https:\/\/hotelesfray.com\/2025\/03\/21\/la-experiencia-culinaria-de-cuaresma-en-hotel-fray-junipero-centro-historico\/#breadcrumb","itemListElement":[{"@type":"ListItem","position":1,"name":"Hotel","item":"https:\/\/hotelesfray.com\/category\/hotel\/"},{"@type":"ListItem","position":2,"name":"La experiencia culinaria de Cuaresma en Hotel Fray Jun\u00edpero: Centro Hist\u00f3rico"}]},{"@type":"WebSite","@id":"https:\/\/hotelesfray.com\/#website","url":"https:\/\/hotelesfray.com\/","name":"Hoteles Fray","description":"Los Mejores Hoteles en el Centro de Tepic, Nayarit","publisher":{"@id":"https:\/\/hotelesfray.com\/#organization"},"potentialAction":[{"@type":"SearchAction","target":{"@type":"EntryPoint","urlTemplate":"https:\/\/hotelesfray.com\/?s={search_term_string}"},"query-input":{"@type":"PropertyValueSpecification","valueRequired":true,"valueName":"search_term_string"}}],"inLanguage":"en-US"},{"@type":"Organization","@id":"https:\/\/hotelesfray.com\/#organization","name":"Hoteles Fray","url":"https:\/\/hotelesfray.com\/","logo":{"@type":"ImageObject","inLanguage":"en-US","@id":"https:\/\/hotelesfray.com\/#\/schema\/logo\/image\/","url":"https:\/\/hotelesfray.com\/wp-content\/uploads\/2023\/01\/HotelesFray-cuadro.png","contentUrl":"https:\/\/hotelesfray.com\/wp-content\/uploads\/2023\/01\/HotelesFray-cuadro.png","width":2200,"height":2200,"caption":"Hoteles Fray"},"image":{"@id":"https:\/\/hotelesfray.com\/#\/schema\/logo\/image\/"}},{"@type":"Person","@id":"https:\/\/hotelesfray.com\/#\/schema\/person\/1a3f5909146e66cdba9aa8b37f1858e1","name":"Eduardo Lopez","image":{"@type":"ImageObject","inLanguage":"en-US","@id":"https:\/\/secure.gravatar.com\/avatar\/3d6f41a002d28c6845cb55b565f68141a241a36951b539d6f4dbddac28595734?s=96&d=mm&r=g","url":"https:\/\/secure.gravatar.com\/avatar\/3d6f41a002d28c6845cb55b565f68141a241a36951b539d6f4dbddac28595734?s=96&d=mm&r=g","contentUrl":"https:\/\/secure.gravatar.com\/avatar\/3d6f41a002d28c6845cb55b565f68141a241a36951b539d6f4dbddac28595734?s=96&d=mm&r=g","caption":"Eduardo Lopez"},"url":"https:\/\/hotelesfray.com\/en\/author\/gente\/"}]}},"_links":{"self":[{"href":"https:\/\/hotelesfray.com\/en\/wp-json\/wp\/v2\/posts\/5929","targetHints":{"allow":["GET"]}}],"collection":[{"href":"https:\/\/hotelesfray.com\/en\/wp-json\/wp\/v2\/posts"}],"about":[{"href":"https:\/\/hotelesfray.com\/en\/wp-json\/wp\/v2\/types\/post"}],"author":[{"embeddable":true,"href":"https:\/\/hotelesfray.com\/en\/wp-json\/wp\/v2\/users\/2"}],"replies":[{"embeddable":true,"href":"https:\/\/hotelesfray.com\/en\/wp-json\/wp\/v2\/comments?post=5929"}],"version-history":[{"count":1,"href":"https:\/\/hotelesfray.com\/en\/wp-json\/wp\/v2\/posts\/5929\/revisions"}],"predecessor-version":[{"id":5934,"href":"https:\/\/hotelesfray.com\/en\/wp-json\/wp\/v2\/posts\/5929\/revisions\/5934"}],"wp:featuredmedia":[{"embeddable":true,"href":"https:\/\/hotelesfray.com\/en\/wp-json\/wp\/v2\/media\/5933"}],"wp:attachment":[{"href":"https:\/\/hotelesfray.com\/en\/wp-json\/wp\/v2\/media?parent=5929"}],"wp:term":[{"taxonomy":"category","embeddable":true,"href":"https:\/\/hotelesfray.com\/en\/wp-json\/wp\/v2\/categories?post=5929"},{"taxonomy":"post_tag","embeddable":true,"href":"https:\/\/hotelesfray.com\/en\/wp-json\/wp\/v2\/tags?post=5929"}],"curies":[{"name":"wp","href":"https:\/\/api.w.org\/{rel}","templated":true}]}}