{"id":5935,"date":"2025-03-21T14:20:11","date_gmt":"2025-03-21T18:20:11","guid":{"rendered":"https:\/\/hotelesfray.com\/?p=5935"},"modified":"2025-03-21T14:20:12","modified_gmt":"2025-03-21T18:20:12","slug":"todos-los-eventos-del-foro-cultural-en-la-feria-nayarit-2025","status":"publish","type":"post","link":"https:\/\/hotelesfray.com\/en\/2025\/03\/21\/todos-los-eventos-del-foro-cultural-en-la-feria-nayarit-2025\/","title":{"rendered":"Todos los eventos del Foro Cultural en la Feria Nayarit 2025"},"content":{"rendered":"<p>La Feria de Nayarit est\u00e1 de regreso despu\u00e9s de una breve ausencia, por lo que genera un gran inter\u00e9s conocer su cartelera de eventos musicales y culturales. Para la edici\u00f3n de 2025 \u00abEs un Tesoro mi Tierra\u00bb se realizar\u00e1 del 21 de marzo al 13 de abril, en las instalaciones del antig\u00fco aeropuerto de Tepic, donde se hab\u00eda desarrollado con anterioridad.<\/p>\n\n\n\n<p>Para tu comodidad, te compartimos una lista de eventos del Foro Cultural ordenados por d\u00eda, para que elijas los que m\u00e1s te interesen y disfrutes de esta fiesta que est\u00e1 de regreso.<\/p>\n\n\n\n<p><strong>21 de marzo &#8211; Viernes<\/strong><\/p>\n\n\n\n<ul class=\"wp-block-list\">\n<li>4PM: Desfile inaugural y convite de la Guelaguetza<\/li>\n\n\n\n<li>7PM: Inauguraci\u00f3n, Opening \u00abSoy de Nayarit\u00bb, Tributo a Juan Gabriel Sinf\u00f3nico<\/li>\n<\/ul>\n\n\n\n<p><strong>22 de marzo &#8211; S\u00e1bado<\/strong><\/p>\n\n\n\n<ul class=\"wp-block-list\">\n<li>6PM: Cantante Mar\u00eda Dolores<\/li>\n\n\n\n<li>7PM: La Guelaguetza \/ Estado Invitado Oaxaca<\/li>\n<\/ul>\n\n\n\n<p><strong>23 de marzo &#8211; Domingo<\/strong><\/p>\n\n\n\n<ul class=\"wp-block-list\">\n<li>5:30PM: Acaponeta<\/li>\n\n\n\n<li>6:30PM: Ballet Infantil y Juvenil de Nayarit<\/li>\n\n\n\n<li>7:30PM: Tributo a Bely y Beto<\/li>\n<\/ul>\n\n\n\n<p><strong>24 de marzo &#8211; Lunes<\/strong><\/p>\n\n\n\n<ul class=\"wp-block-list\">\n<li>5:30PM: Ahuacatl\u00e1n<\/li>\n\n\n\n<li>8PM: Los Freddy\u2019s<\/li>\n<\/ul>\n\n\n\n<p><strong>25 de marzo &#8211; Martes<\/strong><br><em>(Sin eventos programados)<\/em><\/p>\n\n\n\n<p><strong>26 de marzo &#8211; Mi\u00e9rcoles<\/strong><\/p>\n\n\n\n<ul class=\"wp-block-list\">\n<li>6PM: Amatl\u00e1n de Ca\u00f1as<\/li>\n\n\n\n<li>7PM: Gala de Mariachis Nayaritas<\/li>\n\n\n\n<li>8PM: Cantante Yissel<\/li>\n\n\n\n<li>9PM: Corte y Queda UAN \/ Cortos premiados<\/li>\n<\/ul>\n\n\n\n<p><strong>27 de marzo &#8211; Jueves<\/strong><\/p>\n\n\n\n<ul class=\"wp-block-list\">\n<li>5PM: Bah\u00eda de Banderas<\/li>\n\n\n\n<li>6PM: Compostela<\/li>\n\n\n\n<li>7PM: Torneo de Freestyle \/ Paz, m\u00fasica y baile<\/li>\n\n\n\n<li>8PM: Ballet Nayarit<\/li>\n<\/ul>\n\n\n\n<p><strong>28 de marzo &#8211; Viernes<\/strong><\/p>\n\n\n\n<ul class=\"wp-block-list\">\n<li>6PM: Tamaulipas, Estado Invitado de Honor<\/li>\n<\/ul>\n\n\n\n<p><strong>29 de marzo &#8211; S\u00e1bado<\/strong><\/p>\n\n\n\n<ul class=\"wp-block-list\">\n<li>6PM: Emi Magallanes \/ Concierto<\/li>\n\n\n\n<li>6:30PM: Teor\u00eda del Pop \/ Concierto<\/li>\n\n\n\n<li>7PM: Rock en Espa\u00f1ol Sinf\u00f3nico<\/li>\n<\/ul>\n\n\n\n<p><strong>30 de marzo &#8211; Domingo<\/strong><\/p>\n\n\n\n<ul class=\"wp-block-list\">\n<li>5PM: Ni\u00f1os Cantores de Nayarit<\/li>\n\n\n\n<li>6PM: Huajicori<\/li>\n\n\n\n<li>7PM: Show infantil Disney Mix Magic<\/li>\n<\/ul>\n\n\n\n<p><strong>31 de marzo &#8211; Lunes<\/strong><\/p>\n\n\n\n<ul class=\"wp-block-list\">\n<li>5:30PM: Ixtl\u00e1n del R\u00edo<\/li>\n\n\n\n<li>6:30PM: Jala<\/li>\n\n\n\n<li>7:30PM: Taller Masivo y Presentaci\u00f3n de ritmos latinos. Grupo \u201cSalsa y Rumba\u201d<\/li>\n\n\n\n<li>8PM: Sonora Santanera y Sonora Vainilla<\/li>\n<\/ul>\n\n\n\n<p><strong>1 de abril &#8211; Martes<\/strong><br><em>(Sin eventos programados)<\/em><\/p>\n\n\n\n<p><strong>2 de abril &#8211; Mi\u00e9rcoles<\/strong><\/p>\n\n\n\n<ul class=\"wp-block-list\">\n<li>5:30PM: Orquesta Infantil de Nayarit \/ Ensamble de Percusiones de Nayarit<\/li>\n\n\n\n<li>6PM: Santiago Ixcuintla<\/li>\n\n\n\n<li>7PM: San Pedro Lagunillas<\/li>\n<\/ul>\n\n\n\n<p><strong>3 de abril &#8211; Jueves<\/strong><\/p>\n\n\n\n<ul class=\"wp-block-list\">\n<li>6PM: Four Little Lords (Grupo Infantil de Rock)<\/li>\n\n\n\n<li>7PM: Grupo de Rock Femenil Siglo XXI<\/li>\n\n\n\n<li>8PM: Vintage Tour 2025<\/li>\n<\/ul>\n\n\n\n<p><strong>4 de abril &#8211; Viernes<\/strong><\/p>\n\n\n\n<ul class=\"wp-block-list\">\n<li>5PM: Yireh Dance<\/li>\n\n\n\n<li>6PM: Veracruz, Estado Invitado de Honor<\/li>\n<\/ul>\n\n\n\n<p><strong>5 de abril &#8211; S\u00e1bado<\/strong><\/p>\n\n\n\n<ul class=\"wp-block-list\">\n<li>5:30PM: Alejandro Langarica<\/li>\n\n\n\n<li>7PM: Big Band Jazz de M\u00e9xico en Concierto<\/li>\n<\/ul>\n\n\n\n<p><strong>6 de abril &#8211; Domingo<\/strong><\/p>\n\n\n\n<ul class=\"wp-block-list\">\n<li>5PM: SAMAO<\/li>\n\n\n\n<li>6PM: Rosamorada<\/li>\n\n\n\n<li>7PM: Show de Coco el Mimo<\/li>\n<\/ul>\n\n\n\n<p><strong>7 de abril &#8211; Lunes<\/strong><\/p>\n\n\n\n<ul class=\"wp-block-list\">\n<li>6PM: Ruiz<\/li>\n\n\n\n<li>7PM: Tecuala<\/li>\n\n\n\n<li>8PM: Comediante Ernesto Magos \u00abLa Paka Rapera\u00bb<\/li>\n<\/ul>\n\n\n\n<p><strong>8 de abril &#8211; Martes<\/strong><\/p>\n\n\n\n<ul class=\"wp-block-list\">\n<li>4:30PM: Programa \u00abLa Falacia\u00bb XHKG<\/li>\n\n\n\n<li>7PM: Banda Malec\u00f3n de Tepic<\/li>\n<\/ul>\n\n\n\n<p><strong>9 de abril &#8211; Mi\u00e9rcoles<\/strong><\/p>\n\n\n\n<ul class=\"wp-block-list\">\n<li>5PM: Baile Madero<\/li>\n\n\n\n<li>6PM: Tepic<\/li>\n\n\n\n<li>7PM: Noche Rom\u00e1ntica con la Rondalla Oro<\/li>\n<\/ul>\n\n\n\n<p><strong>10 de abril &#8211; Jueves<\/strong><\/p>\n\n\n\n<ul class=\"wp-block-list\">\n<li>5:30PM: Mariachi de Oro<\/li>\n\n\n\n<li>7PM: Tuxpan<\/li>\n\n\n\n<li>8PM: Nayaritas de Coraz\u00f3n, Gran Gala de Canto, Mariachi y Folklor<\/li>\n<\/ul>\n\n\n\n<p><strong>11 de abril &#8211; Viernes<\/strong><\/p>\n\n\n\n<ul class=\"wp-block-list\">\n<li>5PM: \u201cMalas Palabras\u201d Teatro Infantil<\/li>\n\n\n\n<li>7PM: Homenaje a Luis Miguel<\/li>\n<\/ul>\n\n\n\n<p><strong>12 de abril &#8211; S\u00e1bado<\/strong><\/p>\n\n\n\n<ul class=\"wp-block-list\">\n<li>5PM: AZE Avalos Full Band<\/li>\n\n\n\n<li>6PM: Xalisco<\/li>\n\n\n\n<li>7PM: Banda Sinf\u00f3nica de la 5ta. Regi\u00f3n Militar<\/li>\n<\/ul>\n\n\n\n<p><strong>13 de abril &#8211; Domingo<\/strong><\/p>\n\n\n\n<p>7PM: Jaguares de Bronce (Espect\u00e1culo Multidisciplinario)<\/p>","protected":false},"excerpt":{"rendered":"<p>La Feria de Nayarit est\u00e1 de regreso despu\u00e9s de una breve ausencia, por lo que genera un gran inter\u00e9s conocer su cartelera de eventos musicales y culturales. Para la edici\u00f3n de 2025 \u00abEs un Tesoro mi Tierra\u00bb se realizar\u00e1 del 21 de marzo al 13 de abril, en las instalaciones del antig\u00fco aeropuerto de Tepic, [&hellip;]<\/p>\n","protected":false},"author":2,"featured_media":5937,"comment_status":"closed","ping_status":"closed","sticky":false,"template":"","format":"standard","meta":{"_et_pb_use_builder":"","_et_pb_old_content":"","_et_gb_content_width":"","footnotes":""},"categories":[161,40],"tags":[],"class_list":["post-5935","post","type-post","status-publish","format-standard","has-post-thumbnail","hentry","category-actualidad","category-eventos"],"yoast_head":"<!-- This site is optimized with the Yoast SEO plugin v27.4 - https:\/\/yoast.com\/product\/yoast-seo-wordpress\/ -->\n<title>Hotels in Tepic | Hoteles Fray \u2013 Complimentary Buffet Breakfast<\/title>\n<meta name=\"description\" content=\"Looking for hotels in Tepic? Hoteles Fray offers the best location, complimentary buffet breakfast, free WiFi, and flexible cancellation. Book directly with no deposit!\" \/>\n<meta name=\"robots\" content=\"index, follow, max-snippet:-1, max-image-preview:large, max-video-preview:-1\" \/>\n<link rel=\"canonical\" href=\"https:\/\/hotelesfray.com\/en\/2025\/03\/21\/todos-los-eventos-del-foro-cultural-en-la-feria-nayarit-2025\/\" \/>\n<meta property=\"og:locale\" content=\"en_US\" \/>\n<meta property=\"og:type\" content=\"article\" \/>\n<meta property=\"og:title\" content=\"Hotels in Tepic | Hoteles Fray \u2013 Complimentary Buffet Breakfast\" \/>\n<meta property=\"og:description\" content=\"Looking for hotels in Tepic? Hoteles Fray offers the best location, complimentary buffet breakfast, free WiFi, and flexible cancellation. Book directly with no deposit!\" \/>\n<meta property=\"og:url\" content=\"https:\/\/hotelesfray.com\/en\/2025\/03\/21\/todos-los-eventos-del-foro-cultural-en-la-feria-nayarit-2025\/\" \/>\n<meta property=\"og:site_name\" content=\"Hoteles Fray\" \/>\n<meta property=\"article:published_time\" content=\"2025-03-21T18:20:11+00:00\" \/>\n<meta property=\"article:modified_time\" content=\"2025-03-21T18:20:12+00:00\" \/>\n<meta property=\"og:image\" content=\"https:\/\/hotelesfray.com\/wp-content\/uploads\/2025\/03\/EventosForoFeria.webp\" \/>\n\t<meta property=\"og:image:width\" content=\"1905\" \/>\n\t<meta property=\"og:image:height\" content=\"1000\" \/>\n\t<meta property=\"og:image:type\" content=\"image\/jpeg\" \/>\n<meta name=\"author\" content=\"Eduardo Lopez\" \/>\n<meta name=\"twitter:card\" content=\"summary_large_image\" \/>\n<meta name=\"twitter:label1\" content=\"Written by\" \/>\n\t<meta name=\"twitter:data1\" content=\"Eduardo Lopez\" \/>\n\t<meta name=\"twitter:label2\" content=\"Est. reading time\" \/>\n\t<meta name=\"twitter:data2\" content=\"3 minutes\" \/>\n<script type=\"application\/ld+json\" class=\"yoast-schema-graph\">{\"@context\":\"https:\\\/\\\/schema.org\",\"@graph\":[{\"@type\":[\"Article\",\"BlogPosting\"],\"@id\":\"https:\\\/\\\/hotelesfray.com\\\/2025\\\/03\\\/21\\\/todos-los-eventos-del-foro-cultural-en-la-feria-nayarit-2025\\\/#article\",\"isPartOf\":{\"@id\":\"https:\\\/\\\/hotelesfray.com\\\/2025\\\/03\\\/21\\\/todos-los-eventos-del-foro-cultural-en-la-feria-nayarit-2025\\\/\"},\"author\":{\"name\":\"Eduardo Lopez\",\"@id\":\"https:\\\/\\\/hotelesfray.com\\\/#\\\/schema\\\/person\\\/1a3f5909146e66cdba9aa8b37f1858e1\"},\"headline\":\"Todos los eventos del Foro Cultural en la Feria Nayarit 2025\",\"datePublished\":\"2025-03-21T18:20:11+00:00\",\"dateModified\":\"2025-03-21T18:20:12+00:00\",\"mainEntityOfPage\":{\"@id\":\"https:\\\/\\\/hotelesfray.com\\\/2025\\\/03\\\/21\\\/todos-los-eventos-del-foro-cultural-en-la-feria-nayarit-2025\\\/\"},\"wordCount\":527,\"publisher\":{\"@id\":\"https:\\\/\\\/hotelesfray.com\\\/#organization\"},\"image\":{\"@id\":\"https:\\\/\\\/hotelesfray.com\\\/2025\\\/03\\\/21\\\/todos-los-eventos-del-foro-cultural-en-la-feria-nayarit-2025\\\/#primaryimage\"},\"thumbnailUrl\":\"https:\\\/\\\/hotelesfray.com\\\/wp-content\\\/uploads\\\/2025\\\/03\\\/EventosForoFeria.webp\",\"articleSection\":[\"Actualidad\",\"Eventos\"],\"inLanguage\":\"en-US\"},{\"@type\":\"WebPage\",\"@id\":\"https:\\\/\\\/hotelesfray.com\\\/2025\\\/03\\\/21\\\/todos-los-eventos-del-foro-cultural-en-la-feria-nayarit-2025\\\/\",\"url\":\"https:\\\/\\\/hotelesfray.com\\\/2025\\\/03\\\/21\\\/todos-los-eventos-del-foro-cultural-en-la-feria-nayarit-2025\\\/\",\"name\":\"Todos los eventos del Foro Cultural en la Feria Nayarit 2025 | Hoteles Fray\",\"isPartOf\":{\"@id\":\"https:\\\/\\\/hotelesfray.com\\\/#website\"},\"primaryImageOfPage\":{\"@id\":\"https:\\\/\\\/hotelesfray.com\\\/2025\\\/03\\\/21\\\/todos-los-eventos-del-foro-cultural-en-la-feria-nayarit-2025\\\/#primaryimage\"},\"image\":{\"@id\":\"https:\\\/\\\/hotelesfray.com\\\/2025\\\/03\\\/21\\\/todos-los-eventos-del-foro-cultural-en-la-feria-nayarit-2025\\\/#primaryimage\"},\"thumbnailUrl\":\"https:\\\/\\\/hotelesfray.com\\\/wp-content\\\/uploads\\\/2025\\\/03\\\/EventosForoFeria.webp\",\"datePublished\":\"2025-03-21T18:20:11+00:00\",\"dateModified\":\"2025-03-21T18:20:12+00:00\",\"breadcrumb\":{\"@id\":\"https:\\\/\\\/hotelesfray.com\\\/2025\\\/03\\\/21\\\/todos-los-eventos-del-foro-cultural-en-la-feria-nayarit-2025\\\/#breadcrumb\"},\"inLanguage\":\"en-US\",\"potentialAction\":[{\"@type\":\"ReadAction\",\"target\":[\"https:\\\/\\\/hotelesfray.com\\\/2025\\\/03\\\/21\\\/todos-los-eventos-del-foro-cultural-en-la-feria-nayarit-2025\\\/\"]}]},{\"@type\":\"ImageObject\",\"inLanguage\":\"en-US\",\"@id\":\"https:\\\/\\\/hotelesfray.com\\\/2025\\\/03\\\/21\\\/todos-los-eventos-del-foro-cultural-en-la-feria-nayarit-2025\\\/#primaryimage\",\"url\":\"https:\\\/\\\/hotelesfray.com\\\/wp-content\\\/uploads\\\/2025\\\/03\\\/EventosForoFeria.webp\",\"contentUrl\":\"https:\\\/\\\/hotelesfray.com\\\/wp-content\\\/uploads\\\/2025\\\/03\\\/EventosForoFeria.webp\",\"width\":1905,\"height\":1000},{\"@type\":\"BreadcrumbList\",\"@id\":\"https:\\\/\\\/hotelesfray.com\\\/2025\\\/03\\\/21\\\/todos-los-eventos-del-foro-cultural-en-la-feria-nayarit-2025\\\/#breadcrumb\",\"itemListElement\":[{\"@type\":\"ListItem\",\"position\":1,\"name\":\"Actualidad\",\"item\":\"https:\\\/\\\/hotelesfray.com\\\/category\\\/actualidad\\\/\"},{\"@type\":\"ListItem\",\"position\":2,\"name\":\"Todos los eventos del Foro Cultural en la Feria Nayarit 2025\"}]},{\"@type\":\"WebSite\",\"@id\":\"https:\\\/\\\/hotelesfray.com\\\/#website\",\"url\":\"https:\\\/\\\/hotelesfray.com\\\/\",\"name\":\"Hoteles Fray\",\"description\":\"Los Mejores Hoteles en el Centro de Tepic, Nayarit\",\"publisher\":{\"@id\":\"https:\\\/\\\/hotelesfray.com\\\/#organization\"},\"potentialAction\":[{\"@type\":\"SearchAction\",\"target\":{\"@type\":\"EntryPoint\",\"urlTemplate\":\"https:\\\/\\\/hotelesfray.com\\\/?s={search_term_string}\"},\"query-input\":{\"@type\":\"PropertyValueSpecification\",\"valueRequired\":true,\"valueName\":\"search_term_string\"}}],\"inLanguage\":\"en-US\"},{\"@type\":\"Organization\",\"@id\":\"https:\\\/\\\/hotelesfray.com\\\/#organization\",\"name\":\"Hoteles Fray\",\"url\":\"https:\\\/\\\/hotelesfray.com\\\/\",\"logo\":{\"@type\":\"ImageObject\",\"inLanguage\":\"en-US\",\"@id\":\"https:\\\/\\\/hotelesfray.com\\\/#\\\/schema\\\/logo\\\/image\\\/\",\"url\":\"https:\\\/\\\/hotelesfray.com\\\/wp-content\\\/uploads\\\/2023\\\/01\\\/HotelesFray-cuadro.png\",\"contentUrl\":\"https:\\\/\\\/hotelesfray.com\\\/wp-content\\\/uploads\\\/2023\\\/01\\\/HotelesFray-cuadro.png\",\"width\":2200,\"height\":2200,\"caption\":\"Hoteles Fray\"},\"image\":{\"@id\":\"https:\\\/\\\/hotelesfray.com\\\/#\\\/schema\\\/logo\\\/image\\\/\"}},{\"@type\":\"Person\",\"@id\":\"https:\\\/\\\/hotelesfray.com\\\/#\\\/schema\\\/person\\\/1a3f5909146e66cdba9aa8b37f1858e1\",\"name\":\"Eduardo Lopez\",\"image\":{\"@type\":\"ImageObject\",\"inLanguage\":\"en-US\",\"@id\":\"https:\\\/\\\/secure.gravatar.com\\\/avatar\\\/3d6f41a002d28c6845cb55b565f68141a241a36951b539d6f4dbddac28595734?s=96&d=mm&r=g\",\"url\":\"https:\\\/\\\/secure.gravatar.com\\\/avatar\\\/3d6f41a002d28c6845cb55b565f68141a241a36951b539d6f4dbddac28595734?s=96&d=mm&r=g\",\"contentUrl\":\"https:\\\/\\\/secure.gravatar.com\\\/avatar\\\/3d6f41a002d28c6845cb55b565f68141a241a36951b539d6f4dbddac28595734?s=96&d=mm&r=g\",\"caption\":\"Eduardo Lopez\"},\"url\":\"https:\\\/\\\/hotelesfray.com\\\/en\\\/author\\\/gente\\\/\"}]}<\/script>\n<!-- \/ Yoast SEO plugin. -->","yoast_head_json":{"title":"Hotels in Tepic | Hoteles Fray \u2013 Complimentary Buffet Breakfast","description":"Looking for hotels in Tepic? Hoteles Fray offers the best location, complimentary buffet breakfast, free WiFi, and flexible cancellation. Book directly with no deposit!","robots":{"index":"index","follow":"follow","max-snippet":"max-snippet:-1","max-image-preview":"max-image-preview:large","max-video-preview":"max-video-preview:-1"},"canonical":"https:\/\/hotelesfray.com\/en\/2025\/03\/21\/todos-los-eventos-del-foro-cultural-en-la-feria-nayarit-2025\/","og_locale":"en_US","og_type":"article","og_title":"Hotels in Tepic | Hoteles Fray \u2013 Complimentary Buffet Breakfast","og_description":"Looking for hotels in Tepic? Hoteles Fray offers the best location, complimentary buffet breakfast, free WiFi, and flexible cancellation. Book directly with no deposit!","og_url":"https:\/\/hotelesfray.com\/en\/2025\/03\/21\/todos-los-eventos-del-foro-cultural-en-la-feria-nayarit-2025\/","og_site_name":"Hoteles Fray","article_published_time":"2025-03-21T18:20:11+00:00","article_modified_time":"2025-03-21T18:20:12+00:00","og_image":[{"width":1905,"height":1000,"url":"https:\/\/hotelesfray.com\/wp-content\/uploads\/2025\/03\/EventosForoFeria.webp","type":"image\/jpeg"}],"author":"Eduardo Lopez","twitter_card":"summary_large_image","twitter_misc":{"Written by":"Eduardo Lopez","Est. reading time":"3 minutes"},"schema":{"@context":"https:\/\/schema.org","@graph":[{"@type":["Article","BlogPosting"],"@id":"https:\/\/hotelesfray.com\/2025\/03\/21\/todos-los-eventos-del-foro-cultural-en-la-feria-nayarit-2025\/#article","isPartOf":{"@id":"https:\/\/hotelesfray.com\/2025\/03\/21\/todos-los-eventos-del-foro-cultural-en-la-feria-nayarit-2025\/"},"author":{"name":"Eduardo Lopez","@id":"https:\/\/hotelesfray.com\/#\/schema\/person\/1a3f5909146e66cdba9aa8b37f1858e1"},"headline":"Todos los eventos del Foro Cultural en la Feria Nayarit 2025","datePublished":"2025-03-21T18:20:11+00:00","dateModified":"2025-03-21T18:20:12+00:00","mainEntityOfPage":{"@id":"https:\/\/hotelesfray.com\/2025\/03\/21\/todos-los-eventos-del-foro-cultural-en-la-feria-nayarit-2025\/"},"wordCount":527,"publisher":{"@id":"https:\/\/hotelesfray.com\/#organization"},"image":{"@id":"https:\/\/hotelesfray.com\/2025\/03\/21\/todos-los-eventos-del-foro-cultural-en-la-feria-nayarit-2025\/#primaryimage"},"thumbnailUrl":"https:\/\/hotelesfray.com\/wp-content\/uploads\/2025\/03\/EventosForoFeria.webp","articleSection":["Actualidad","Eventos"],"inLanguage":"en-US"},{"@type":"WebPage","@id":"https:\/\/hotelesfray.com\/2025\/03\/21\/todos-los-eventos-del-foro-cultural-en-la-feria-nayarit-2025\/","url":"https:\/\/hotelesfray.com\/2025\/03\/21\/todos-los-eventos-del-foro-cultural-en-la-feria-nayarit-2025\/","name":"Todos los eventos del Foro Cultural en la Feria Nayarit 2025 | Hoteles Fray","isPartOf":{"@id":"https:\/\/hotelesfray.com\/#website"},"primaryImageOfPage":{"@id":"https:\/\/hotelesfray.com\/2025\/03\/21\/todos-los-eventos-del-foro-cultural-en-la-feria-nayarit-2025\/#primaryimage"},"image":{"@id":"https:\/\/hotelesfray.com\/2025\/03\/21\/todos-los-eventos-del-foro-cultural-en-la-feria-nayarit-2025\/#primaryimage"},"thumbnailUrl":"https:\/\/hotelesfray.com\/wp-content\/uploads\/2025\/03\/EventosForoFeria.webp","datePublished":"2025-03-21T18:20:11+00:00","dateModified":"2025-03-21T18:20:12+00:00","breadcrumb":{"@id":"https:\/\/hotelesfray.com\/2025\/03\/21\/todos-los-eventos-del-foro-cultural-en-la-feria-nayarit-2025\/#breadcrumb"},"inLanguage":"en-US","potentialAction":[{"@type":"ReadAction","target":["https:\/\/hotelesfray.com\/2025\/03\/21\/todos-los-eventos-del-foro-cultural-en-la-feria-nayarit-2025\/"]}]},{"@type":"ImageObject","inLanguage":"en-US","@id":"https:\/\/hotelesfray.com\/2025\/03\/21\/todos-los-eventos-del-foro-cultural-en-la-feria-nayarit-2025\/#primaryimage","url":"https:\/\/hotelesfray.com\/wp-content\/uploads\/2025\/03\/EventosForoFeria.webp","contentUrl":"https:\/\/hotelesfray.com\/wp-content\/uploads\/2025\/03\/EventosForoFeria.webp","width":1905,"height":1000},{"@type":"BreadcrumbList","@id":"https:\/\/hotelesfray.com\/2025\/03\/21\/todos-los-eventos-del-foro-cultural-en-la-feria-nayarit-2025\/#breadcrumb","itemListElement":[{"@type":"ListItem","position":1,"name":"Actualidad","item":"https:\/\/hotelesfray.com\/category\/actualidad\/"},{"@type":"ListItem","position":2,"name":"Todos los eventos del Foro Cultural en la Feria Nayarit 2025"}]},{"@type":"WebSite","@id":"https:\/\/hotelesfray.com\/#website","url":"https:\/\/hotelesfray.com\/","name":"Hoteles Fray","description":"Los Mejores Hoteles en el Centro de Tepic, Nayarit","publisher":{"@id":"https:\/\/hotelesfray.com\/#organization"},"potentialAction":[{"@type":"SearchAction","target":{"@type":"EntryPoint","urlTemplate":"https:\/\/hotelesfray.com\/?s={search_term_string}"},"query-input":{"@type":"PropertyValueSpecification","valueRequired":true,"valueName":"search_term_string"}}],"inLanguage":"en-US"},{"@type":"Organization","@id":"https:\/\/hotelesfray.com\/#organization","name":"Hoteles Fray","url":"https:\/\/hotelesfray.com\/","logo":{"@type":"ImageObject","inLanguage":"en-US","@id":"https:\/\/hotelesfray.com\/#\/schema\/logo\/image\/","url":"https:\/\/hotelesfray.com\/wp-content\/uploads\/2023\/01\/HotelesFray-cuadro.png","contentUrl":"https:\/\/hotelesfray.com\/wp-content\/uploads\/2023\/01\/HotelesFray-cuadro.png","width":2200,"height":2200,"caption":"Hoteles Fray"},"image":{"@id":"https:\/\/hotelesfray.com\/#\/schema\/logo\/image\/"}},{"@type":"Person","@id":"https:\/\/hotelesfray.com\/#\/schema\/person\/1a3f5909146e66cdba9aa8b37f1858e1","name":"Eduardo Lopez","image":{"@type":"ImageObject","inLanguage":"en-US","@id":"https:\/\/secure.gravatar.com\/avatar\/3d6f41a002d28c6845cb55b565f68141a241a36951b539d6f4dbddac28595734?s=96&d=mm&r=g","url":"https:\/\/secure.gravatar.com\/avatar\/3d6f41a002d28c6845cb55b565f68141a241a36951b539d6f4dbddac28595734?s=96&d=mm&r=g","contentUrl":"https:\/\/secure.gravatar.com\/avatar\/3d6f41a002d28c6845cb55b565f68141a241a36951b539d6f4dbddac28595734?s=96&d=mm&r=g","caption":"Eduardo Lopez"},"url":"https:\/\/hotelesfray.com\/en\/author\/gente\/"}]}},"_links":{"self":[{"href":"https:\/\/hotelesfray.com\/en\/wp-json\/wp\/v2\/posts\/5935","targetHints":{"allow":["GET"]}}],"collection":[{"href":"https:\/\/hotelesfray.com\/en\/wp-json\/wp\/v2\/posts"}],"about":[{"href":"https:\/\/hotelesfray.com\/en\/wp-json\/wp\/v2\/types\/post"}],"author":[{"embeddable":true,"href":"https:\/\/hotelesfray.com\/en\/wp-json\/wp\/v2\/users\/2"}],"replies":[{"embeddable":true,"href":"https:\/\/hotelesfray.com\/en\/wp-json\/wp\/v2\/comments?post=5935"}],"version-history":[{"count":1,"href":"https:\/\/hotelesfray.com\/en\/wp-json\/wp\/v2\/posts\/5935\/revisions"}],"predecessor-version":[{"id":5938,"href":"https:\/\/hotelesfray.com\/en\/wp-json\/wp\/v2\/posts\/5935\/revisions\/5938"}],"wp:featuredmedia":[{"embeddable":true,"href":"https:\/\/hotelesfray.com\/en\/wp-json\/wp\/v2\/media\/5937"}],"wp:attachment":[{"href":"https:\/\/hotelesfray.com\/en\/wp-json\/wp\/v2\/media?parent=5935"}],"wp:term":[{"taxonomy":"category","embeddable":true,"href":"https:\/\/hotelesfray.com\/en\/wp-json\/wp\/v2\/categories?post=5935"},{"taxonomy":"post_tag","embeddable":true,"href":"https:\/\/hotelesfray.com\/en\/wp-json\/wp\/v2\/tags?post=5935"}],"curies":[{"name":"wp","href":"https:\/\/api.w.org\/{rel}","templated":true}]}}