{"id":6001,"date":"2025-05-19T19:31:20","date_gmt":"2025-05-19T23:31:20","guid":{"rendered":"https:\/\/hotelesfray.com\/?p=6001"},"modified":"2025-05-30T22:44:39","modified_gmt":"2025-05-31T02:44:39","slug":"ruta-por-el-sur-de-nayarit","status":"publish","type":"post","link":"https:\/\/hotelesfray.com\/en\/2025\/05\/19\/ruta-por-el-sur-de-nayarit\/","title":{"rendered":"Ruta por el Sur de Nayarit"},"content":{"rendered":"\n<p>Prep\u00e1rate para descubrir las maravillas que Nayarit tiene para ti. En este recorrido, dise\u00f1ado para ver los sitios m\u00e1s representativos de la regi\u00f3n sur del estado en un solo d\u00eda, manteniendo al mismo tiempo un ritmo tranquilo que te permitir\u00e1 disfrutarlo al m\u00e1ximo.<\/p>\n\n\n\n<h2 class=\"wp-block-heading\">Inicio \u2013 Hoteles Fray de Tepic [7:00AM]<\/h2>\n\n\n\n<p>\u00a1Iniciamos a muy temprana hora nuestra aventura! Aprovecha el desayuno incluido en tu hospedaje con un caf\u00e9 y algo ligero, dejando espacio para las delicias que a continuaci\u00f3n disfrutaremos durante este d\u00eda.<\/p>\n\n\n\n<h2 class=\"wp-block-heading\">Parada 1 \u2013 Restaurante La Sierra [8:30AM]<\/h2>\n\n\n\n<p>Un restaurante que es parada obligatoria para todos los que viajan por la carretera Tepic \u2013 Guadalajara. Aqu\u00ed encontrar\u00e1s platillos aut\u00e9nticos de rancho como la birr\u00eda de chivo, barbacoa de borrego y a la plancha, lech\u00f3n al pastor y mucho m\u00e1s. Se encuentra en un espacio rodeado de naturaleza, con un \u00e1rea de descanso en su parte posterior donde podr\u00e1s relajarte para continuar con el viaje.<\/p>\n\n\n\n<figure class=\"wp-block-image size-large\"><img data-dominant-color=\"825045\" data-has-transparency=\"false\" style=\"--dominant-color: #825045;\" loading=\"lazy\" decoding=\"async\" width=\"1024\" height=\"683\" src=\"https:\/\/hotelesfray.com\/wp-content\/uploads\/2025\/05\/El-Borrego-1288-1024x683.webp\" alt=\"\" class=\"wp-image-6007 not-transparent\" srcset=\"https:\/\/hotelesfray.com\/wp-content\/uploads\/2025\/05\/El-Borrego-1288-980x653.webp 980w, https:\/\/hotelesfray.com\/wp-content\/uploads\/2025\/05\/El-Borrego-1288-480x320.webp 480w\" sizes=\"(min-width: 0px) and (max-width: 480px) 480px, (min-width: 481px) and (max-width: 980px) 980px, (min-width: 981px) 1024px, 100vw\" \/><\/figure>\n\n\n\n<div class=\"wp-block-buttons is-content-justification-center is-layout-flex wp-container-core-buttons-is-layout-16018d1d wp-block-buttons-is-layout-flex\">\n<div class=\"wp-block-button\"><a class=\"wp-block-button__link wp-element-button\" href=\"https:\/\/maps.app.goo.gl\/SiR1RJWFY9CWU9eT8\">Ver en Google Maps<\/a><\/div>\n<\/div>\n\n\n\n<h2 class=\"wp-block-heading\">Parada 2 \u2013 Tinajas de Santa Isabel [9:30AM]<\/h2>\n\n\n\n<p>Conduciendo unos cuantos minutos al sur, te topar\u00e1s con los poblados de Chapalilla, El Ahualamo y Santa Isabel. Es en este hermoso rinc\u00f3n que tomar\u00e1s una desviaci\u00f3n junto a la carretera (como referencia junto al C.B.T.A. No. 245) para dirigirte a las Tinajas. Se trata de un conjunto de piletas que se forman en un nacimiento de agua que brota de las rocas, muy refrescante y con un atractivo visual sin igual.<\/p>\n\n\n\n<figure class=\"wp-block-image size-large\"><img data-dominant-color=\"535a3b\" data-has-transparency=\"false\" style=\"--dominant-color: #535a3b;\" loading=\"lazy\" decoding=\"async\" width=\"1024\" height=\"683\" src=\"https:\/\/hotelesfray.com\/wp-content\/uploads\/2025\/05\/Ahuacatlan-6-1024x683.webp\" alt=\"\" class=\"wp-image-6008 not-transparent\" srcset=\"https:\/\/hotelesfray.com\/wp-content\/uploads\/2025\/05\/Ahuacatlan-6-1024x683.webp 1024w, https:\/\/hotelesfray.com\/wp-content\/uploads\/2025\/05\/Ahuacatlan-6-300x200.webp 300w, https:\/\/hotelesfray.com\/wp-content\/uploads\/2025\/05\/Ahuacatlan-6-768x512.webp 768w, https:\/\/hotelesfray.com\/wp-content\/uploads\/2025\/05\/Ahuacatlan-6-1536x1024.webp 1536w, https:\/\/hotelesfray.com\/wp-content\/uploads\/2025\/05\/Ahuacatlan-6-2048x1365.webp 2048w, https:\/\/hotelesfray.com\/wp-content\/uploads\/2025\/05\/Ahuacatlan-6-1080x720.webp 1080w, https:\/\/hotelesfray.com\/wp-content\/uploads\/2025\/05\/Ahuacatlan-6-1280x854.webp 1280w, https:\/\/hotelesfray.com\/wp-content\/uploads\/2025\/05\/Ahuacatlan-6-980x653.webp 980w, https:\/\/hotelesfray.com\/wp-content\/uploads\/2025\/05\/Ahuacatlan-6-480x320.webp 480w\" sizes=\"(max-width: 1024px) 100vw, 1024px\" \/><\/figure>\n\n\n\n<div class=\"wp-block-buttons is-content-justification-center is-layout-flex wp-container-core-buttons-is-layout-16018d1d wp-block-buttons-is-layout-flex\">\n<div class=\"wp-block-button\"><a class=\"wp-block-button__link wp-element-button\" href=\"https:\/\/maps.app.goo.gl\/9fcMuSzdCkY5cwLu5\">Ver en Google Maps<\/a><\/div>\n<\/div>\n\n\n\n<h2 class=\"wp-block-heading\">Parada 3 \u2013 Mirador del Volc\u00e1n El Ceboruco [11:30AM]<\/h2>\n\n\n\n<p>Una parada expr\u00e9s, en camino al siguiente destino te encontrar\u00e1s con este mirador. Es perfecto para llevarte la foto del recuerdo al mismo tiempo que admiras la historia eruptiva del \u00abGigante Negro\u00bb que se extiende por los terrenos de Jala y Ahuacatl\u00e1n. Aqu\u00ed, el poder de la naturaleza es evidente.<\/p>\n\n\n\n<figure class=\"wp-block-image size-large\"><img data-dominant-color=\"747b82\" data-has-transparency=\"false\" style=\"--dominant-color: #747b82;\" loading=\"lazy\" decoding=\"async\" width=\"1024\" height=\"683\" src=\"https:\/\/hotelesfray.com\/wp-content\/uploads\/2025\/05\/Ceboruco-258-1024x683.webp\" alt=\"\" class=\"wp-image-6009 not-transparent\" srcset=\"https:\/\/hotelesfray.com\/wp-content\/uploads\/2025\/05\/Ceboruco-258-980x653.webp 980w, https:\/\/hotelesfray.com\/wp-content\/uploads\/2025\/05\/Ceboruco-258-480x320.webp 480w\" sizes=\"(min-width: 0px) and (max-width: 480px) 480px, (min-width: 481px) and (max-width: 980px) 980px, (min-width: 981px) 1024px, 100vw\" \/><\/figure>\n\n\n\n<div class=\"wp-block-buttons is-content-justification-center is-layout-flex wp-container-core-buttons-is-layout-16018d1d wp-block-buttons-is-layout-flex\">\n<div class=\"wp-block-button\"><a class=\"wp-block-button__link wp-element-button\" href=\"https:\/\/maps.app.goo.gl\/33f5HKqaqArp9BpJ9\">Ver en Google Maps<\/a><\/div>\n<\/div>\n\n\n\n<h2 class=\"wp-block-heading\">Parada 4 \u2013 Ixtl\u00e1n del R\u00edo y Los Toriles [12:00PM]<\/h2>\n\n\n\n<p>El primer Pueblo M\u00e1gico de la lista: Ixtl\u00e1n nos recibe con sus brazos abiertos y su atractivo gastron\u00f3mico m\u00e1s conocido: la nieve de garrafa. Dirigete a la Plaza Principal, admira sus construcciones y decoraciones, y elige el negocio de nieve que m\u00e1s te agrade, todos tienen sabores riqu\u00edsimos. Muy cerca de aqu\u00ed est\u00e1 el Sitio Arqueol\u00f3gico de Los Toriles, un espacio conocido por tener uno de los pocos templos circulares del \u00e1rea mesoamericana.<\/p>\n\n\n\n<figure class=\"wp-block-image size-large\"><img data-dominant-color=\"86856c\" data-has-transparency=\"false\" style=\"--dominant-color: #86856c;\" loading=\"lazy\" decoding=\"async\" width=\"1024\" height=\"767\" src=\"https:\/\/hotelesfray.com\/wp-content\/uploads\/2025\/05\/Toriles-1885-1024x767.webp\" alt=\"\" class=\"wp-image-6010 not-transparent\" srcset=\"https:\/\/hotelesfray.com\/wp-content\/uploads\/2025\/05\/Toriles-1885-980x734.webp 980w, https:\/\/hotelesfray.com\/wp-content\/uploads\/2025\/05\/Toriles-1885-480x360.webp 480w\" sizes=\"(min-width: 0px) and (max-width: 480px) 480px, (min-width: 481px) and (max-width: 980px) 980px, (min-width: 981px) 1024px, 100vw\" \/><\/figure>\n\n\n\n<div class=\"wp-block-buttons is-content-justification-center is-layout-flex wp-container-core-buttons-is-layout-16018d1d wp-block-buttons-is-layout-flex\">\n<div class=\"wp-block-button\"><a class=\"wp-block-button__link wp-element-button\" href=\"https:\/\/maps.app.goo.gl\/fBjiy7eSS24JDf2n6\">Ver en Google Maps<\/a><\/div>\n<\/div>\n\n\n\n<h2 class=\"wp-block-heading\">Parada 5 \u2013 Gastronom\u00eda de Jala [3:00PM]<\/h2>\n\n\n\n<p>Vayamos al segundo Pueblo M\u00e1gico de esta ruta: Jala es mayormente conocido por tener los elotes m\u00e1s grandes del mundo. En la entrada del pueblo y la zona centro del mismo encontrar\u00e1s puestos vendiendo elotes preparados ya sea en s\u00ed mismos o en vaso, elige si quieres picante, crema, sal y lim\u00f3n a tu gusto. No te puedes perder tampoco del Tejuino, una bebida a base de ma\u00edz fermentado con piloncillo, si\u00e9ntate en la Plaza Principal de Jala y admira el paisaje a pie del Ceboruco.<\/p>\n\n\n\n<figure class=\"wp-block-image size-large\"><img data-dominant-color=\"a5acb1\" data-has-transparency=\"false\" style=\"--dominant-color: #a5acb1;\" loading=\"lazy\" decoding=\"async\" width=\"1024\" height=\"683\" src=\"https:\/\/hotelesfray.com\/wp-content\/uploads\/2025\/05\/Centro-1629-1024x683.webp\" alt=\"\" class=\"wp-image-6011 not-transparent\" srcset=\"https:\/\/hotelesfray.com\/wp-content\/uploads\/2025\/05\/Centro-1629-980x653.webp 980w, https:\/\/hotelesfray.com\/wp-content\/uploads\/2025\/05\/Centro-1629-480x320.webp 480w\" sizes=\"(min-width: 0px) and (max-width: 480px) 480px, (min-width: 481px) and (max-width: 980px) 980px, (min-width: 981px) 1024px, 100vw\" \/><\/figure>\n\n\n\n<div class=\"wp-block-buttons is-content-justification-center is-layout-flex wp-container-core-buttons-is-layout-16018d1d wp-block-buttons-is-layout-flex\">\n<div class=\"wp-block-button\"><a class=\"wp-block-button__link wp-element-button\" href=\"https:\/\/maps.app.goo.gl\/X9E4F25bzZ6DdztD6\">Ver en Google Maps<\/a><\/div>\n<\/div>\n\n\n\n<h2 class=\"wp-block-heading\">Parada 6 \u2013 Santa Mar\u00eda del Oro y su laguna [5:00PM]<\/h2>\n\n\n\n<p>Como \u00faltimo destino tenemos Santa Mar\u00eda del Oro, que si bien no es Pueblo M\u00e1gico, tiene todos los m\u00e9ritos para serlo. Pasa por el coraz\u00f3n de este poblado, contin\u00faa hacia el noreste, baja por el camino sinuoso y te topar\u00e1s con uno de los lugares m\u00e1s hermosos de nuestro estado: la laguna de Samao. \u00bfQu\u00e9 mejor forma de cerrar el d\u00eda que con un riqu\u00edsimo chicharr\u00f3n de pescado? Vive el atardecer y rep\u00f3n energ\u00edas, tu eliges la hora de regreso a Tepic y tu Hotel Fray.<\/p>\n\n\n\n<figure class=\"wp-block-image size-large\"><img data-dominant-color=\"497a97\" data-has-transparency=\"false\" style=\"--dominant-color: #497a97;\" loading=\"lazy\" decoding=\"async\" width=\"1024\" height=\"683\" src=\"https:\/\/hotelesfray.com\/wp-content\/uploads\/2025\/05\/Laguna-2593-1-1024x683.webp\" alt=\"\" class=\"wp-image-6013 not-transparent\" srcset=\"https:\/\/hotelesfray.com\/wp-content\/uploads\/2025\/05\/Laguna-2593-1-980x653.webp 980w, https:\/\/hotelesfray.com\/wp-content\/uploads\/2025\/05\/Laguna-2593-1-480x320.webp 480w\" sizes=\"(min-width: 0px) and (max-width: 480px) 480px, (min-width: 481px) and (max-width: 980px) 980px, (min-width: 981px) 1024px, 100vw\" \/><\/figure>\n\n\n\n<div class=\"wp-block-buttons is-content-justification-center is-layout-flex wp-container-core-buttons-is-layout-16018d1d wp-block-buttons-is-layout-flex\">\n<div class=\"wp-block-button\"><a class=\"wp-block-button__link wp-element-button\" href=\"https:\/\/maps.app.goo.gl\/cmq1nMESQxf8Eopt5\">Ver en Google Maps<\/a><\/div>\n<\/div>\n\n\n\n<h2 class=\"wp-block-heading\">Vista General<\/h2>\n\n\n\n<figure class=\"wp-block-image size-large\"><img data-dominant-color=\"a5aa9e\" data-has-transparency=\"false\" style=\"--dominant-color: #a5aa9e;\" loading=\"lazy\" decoding=\"async\" width=\"1024\" height=\"576\" src=\"https:\/\/hotelesfray.com\/wp-content\/uploads\/2025\/05\/Ruta-Sur-1024x576.webp\" alt=\"\" class=\"wp-image-6005 not-transparent\" srcset=\"https:\/\/hotelesfray.com\/wp-content\/uploads\/2025\/05\/Ruta-Sur-980x551.webp 980w, https:\/\/hotelesfray.com\/wp-content\/uploads\/2025\/05\/Ruta-Sur-480x270.webp 480w\" sizes=\"(min-width: 0px) and (max-width: 480px) 480px, (min-width: 481px) and (max-width: 980px) 980px, (min-width: 981px) 1024px, 100vw\" \/><\/figure>\n","protected":false},"excerpt":{"rendered":"<p>Prep\u00e1rate para descubrir las maravillas que Nayarit tiene para ti. En este recorrido, dise\u00f1ado para ver los sitios m\u00e1s representativos de la regi\u00f3n sur del estado en un solo d\u00eda, manteniendo al mismo tiempo un ritmo tranquilo que te permitir\u00e1 disfrutarlo al m\u00e1ximo. Inicio \u2013 Hoteles Fray de Tepic [7:00AM] \u00a1Iniciamos a muy temprana hora [&hellip;]<\/p>\n","protected":false},"author":2,"featured_media":6010,"comment_status":"closed","ping_status":"closed","sticky":false,"template":"","format":"standard","meta":{"_et_pb_use_builder":"","_et_pb_old_content":"","_et_gb_content_width":"","footnotes":""},"categories":[1],"tags":[],"class_list":["post-6001","post","type-post","status-publish","format-standard","has-post-thumbnail","hentry","category-general"],"yoast_head":"<!-- This site is optimized with the Yoast SEO plugin v27.4 - https:\/\/yoast.com\/product\/yoast-seo-wordpress\/ -->\n<title>Hotels in Tepic | Hoteles Fray \u2013 Complimentary Buffet Breakfast<\/title>\n<meta name=\"description\" content=\"Looking for hotels in Tepic? Hoteles Fray offers the best location, complimentary buffet breakfast, free WiFi, and flexible cancellation. Book directly with no deposit!\" \/>\n<meta name=\"robots\" content=\"index, follow, max-snippet:-1, max-image-preview:large, max-video-preview:-1\" \/>\n<link rel=\"canonical\" href=\"https:\/\/hotelesfray.com\/en\/2025\/05\/19\/ruta-por-el-sur-de-nayarit\/\" \/>\n<meta property=\"og:locale\" content=\"en_US\" \/>\n<meta property=\"og:type\" content=\"article\" \/>\n<meta property=\"og:title\" content=\"Hotels in Tepic | Hoteles Fray \u2013 Complimentary Buffet Breakfast\" \/>\n<meta property=\"og:description\" content=\"Looking for hotels in Tepic? Hoteles Fray offers the best location, complimentary buffet breakfast, free WiFi, and flexible cancellation. Book directly with no deposit!\" \/>\n<meta property=\"og:url\" content=\"https:\/\/hotelesfray.com\/en\/2025\/05\/19\/ruta-por-el-sur-de-nayarit\/\" \/>\n<meta property=\"og:site_name\" content=\"Hoteles Fray\" \/>\n<meta property=\"article:published_time\" content=\"2025-05-19T23:31:20+00:00\" \/>\n<meta property=\"article:modified_time\" content=\"2025-05-31T02:44:39+00:00\" \/>\n<meta property=\"og:image\" content=\"https:\/\/hotelesfray.com\/wp-content\/uploads\/2025\/05\/Toriles-1885.webp\" \/>\n\t<meta property=\"og:image:width\" content=\"1920\" \/>\n\t<meta property=\"og:image:height\" content=\"1439\" \/>\n\t<meta property=\"og:image:type\" content=\"image\/jpeg\" \/>\n<meta name=\"author\" content=\"Eduardo Lopez\" \/>\n<meta name=\"twitter:card\" content=\"summary_large_image\" \/>\n<meta name=\"twitter:label1\" content=\"Written by\" \/>\n\t<meta name=\"twitter:data1\" content=\"Eduardo Lopez\" \/>\n\t<meta name=\"twitter:label2\" content=\"Est. reading time\" \/>\n\t<meta name=\"twitter:data2\" content=\"3 minutes\" \/>\n<script type=\"application\/ld+json\" class=\"yoast-schema-graph\">{\"@context\":\"https:\\\/\\\/schema.org\",\"@graph\":[{\"@type\":[\"Article\",\"BlogPosting\"],\"@id\":\"https:\\\/\\\/hotelesfray.com\\\/2025\\\/05\\\/19\\\/ruta-por-el-sur-de-nayarit\\\/#article\",\"isPartOf\":{\"@id\":\"https:\\\/\\\/hotelesfray.com\\\/2025\\\/05\\\/19\\\/ruta-por-el-sur-de-nayarit\\\/\"},\"author\":{\"name\":\"Eduardo Lopez\",\"@id\":\"https:\\\/\\\/hotelesfray.com\\\/#\\\/schema\\\/person\\\/1a3f5909146e66cdba9aa8b37f1858e1\"},\"headline\":\"Ruta por el Sur de Nayarit\",\"datePublished\":\"2025-05-19T23:31:20+00:00\",\"dateModified\":\"2025-05-31T02:44:39+00:00\",\"mainEntityOfPage\":{\"@id\":\"https:\\\/\\\/hotelesfray.com\\\/2025\\\/05\\\/19\\\/ruta-por-el-sur-de-nayarit\\\/\"},\"wordCount\":638,\"publisher\":{\"@id\":\"https:\\\/\\\/hotelesfray.com\\\/#organization\"},\"image\":{\"@id\":\"https:\\\/\\\/hotelesfray.com\\\/2025\\\/05\\\/19\\\/ruta-por-el-sur-de-nayarit\\\/#primaryimage\"},\"thumbnailUrl\":\"https:\\\/\\\/hotelesfray.com\\\/wp-content\\\/uploads\\\/2025\\\/05\\\/Toriles-1885.webp\",\"articleSection\":[\"General\"],\"inLanguage\":\"en-US\"},{\"@type\":\"WebPage\",\"@id\":\"https:\\\/\\\/hotelesfray.com\\\/2025\\\/05\\\/19\\\/ruta-por-el-sur-de-nayarit\\\/\",\"url\":\"https:\\\/\\\/hotelesfray.com\\\/2025\\\/05\\\/19\\\/ruta-por-el-sur-de-nayarit\\\/\",\"name\":\"Ruta por el Sur de Nayarit | Hoteles Fray\",\"isPartOf\":{\"@id\":\"https:\\\/\\\/hotelesfray.com\\\/#website\"},\"primaryImageOfPage\":{\"@id\":\"https:\\\/\\\/hotelesfray.com\\\/2025\\\/05\\\/19\\\/ruta-por-el-sur-de-nayarit\\\/#primaryimage\"},\"image\":{\"@id\":\"https:\\\/\\\/hotelesfray.com\\\/2025\\\/05\\\/19\\\/ruta-por-el-sur-de-nayarit\\\/#primaryimage\"},\"thumbnailUrl\":\"https:\\\/\\\/hotelesfray.com\\\/wp-content\\\/uploads\\\/2025\\\/05\\\/Toriles-1885.webp\",\"datePublished\":\"2025-05-19T23:31:20+00:00\",\"dateModified\":\"2025-05-31T02:44:39+00:00\",\"breadcrumb\":{\"@id\":\"https:\\\/\\\/hotelesfray.com\\\/2025\\\/05\\\/19\\\/ruta-por-el-sur-de-nayarit\\\/#breadcrumb\"},\"inLanguage\":\"en-US\",\"potentialAction\":[{\"@type\":\"ReadAction\",\"target\":[\"https:\\\/\\\/hotelesfray.com\\\/2025\\\/05\\\/19\\\/ruta-por-el-sur-de-nayarit\\\/\"]}]},{\"@type\":\"ImageObject\",\"inLanguage\":\"en-US\",\"@id\":\"https:\\\/\\\/hotelesfray.com\\\/2025\\\/05\\\/19\\\/ruta-por-el-sur-de-nayarit\\\/#primaryimage\",\"url\":\"https:\\\/\\\/hotelesfray.com\\\/wp-content\\\/uploads\\\/2025\\\/05\\\/Toriles-1885.webp\",\"contentUrl\":\"https:\\\/\\\/hotelesfray.com\\\/wp-content\\\/uploads\\\/2025\\\/05\\\/Toriles-1885.webp\",\"width\":1920,\"height\":1439},{\"@type\":\"BreadcrumbList\",\"@id\":\"https:\\\/\\\/hotelesfray.com\\\/2025\\\/05\\\/19\\\/ruta-por-el-sur-de-nayarit\\\/#breadcrumb\",\"itemListElement\":[{\"@type\":\"ListItem\",\"position\":1,\"name\":\"General\",\"item\":\"https:\\\/\\\/hotelesfray.com\\\/category\\\/general\\\/\"},{\"@type\":\"ListItem\",\"position\":2,\"name\":\"Ruta por el Sur de Nayarit\"}]},{\"@type\":\"WebSite\",\"@id\":\"https:\\\/\\\/hotelesfray.com\\\/#website\",\"url\":\"https:\\\/\\\/hotelesfray.com\\\/\",\"name\":\"Hoteles Fray\",\"description\":\"Los Mejores Hoteles en el Centro de Tepic, Nayarit\",\"publisher\":{\"@id\":\"https:\\\/\\\/hotelesfray.com\\\/#organization\"},\"potentialAction\":[{\"@type\":\"SearchAction\",\"target\":{\"@type\":\"EntryPoint\",\"urlTemplate\":\"https:\\\/\\\/hotelesfray.com\\\/?s={search_term_string}\"},\"query-input\":{\"@type\":\"PropertyValueSpecification\",\"valueRequired\":true,\"valueName\":\"search_term_string\"}}],\"inLanguage\":\"en-US\"},{\"@type\":\"Organization\",\"@id\":\"https:\\\/\\\/hotelesfray.com\\\/#organization\",\"name\":\"Hoteles Fray\",\"url\":\"https:\\\/\\\/hotelesfray.com\\\/\",\"logo\":{\"@type\":\"ImageObject\",\"inLanguage\":\"en-US\",\"@id\":\"https:\\\/\\\/hotelesfray.com\\\/#\\\/schema\\\/logo\\\/image\\\/\",\"url\":\"https:\\\/\\\/hotelesfray.com\\\/wp-content\\\/uploads\\\/2023\\\/01\\\/HotelesFray-cuadro.png\",\"contentUrl\":\"https:\\\/\\\/hotelesfray.com\\\/wp-content\\\/uploads\\\/2023\\\/01\\\/HotelesFray-cuadro.png\",\"width\":2200,\"height\":2200,\"caption\":\"Hoteles Fray\"},\"image\":{\"@id\":\"https:\\\/\\\/hotelesfray.com\\\/#\\\/schema\\\/logo\\\/image\\\/\"}},{\"@type\":\"Person\",\"@id\":\"https:\\\/\\\/hotelesfray.com\\\/#\\\/schema\\\/person\\\/1a3f5909146e66cdba9aa8b37f1858e1\",\"name\":\"Eduardo Lopez\",\"image\":{\"@type\":\"ImageObject\",\"inLanguage\":\"en-US\",\"@id\":\"https:\\\/\\\/secure.gravatar.com\\\/avatar\\\/3d6f41a002d28c6845cb55b565f68141a241a36951b539d6f4dbddac28595734?s=96&d=mm&r=g\",\"url\":\"https:\\\/\\\/secure.gravatar.com\\\/avatar\\\/3d6f41a002d28c6845cb55b565f68141a241a36951b539d6f4dbddac28595734?s=96&d=mm&r=g\",\"contentUrl\":\"https:\\\/\\\/secure.gravatar.com\\\/avatar\\\/3d6f41a002d28c6845cb55b565f68141a241a36951b539d6f4dbddac28595734?s=96&d=mm&r=g\",\"caption\":\"Eduardo Lopez\"},\"url\":\"https:\\\/\\\/hotelesfray.com\\\/en\\\/author\\\/gente\\\/\"}]}<\/script>\n<!-- \/ Yoast SEO plugin. -->","yoast_head_json":{"title":"Hotels in Tepic | Hoteles Fray \u2013 Complimentary Buffet Breakfast","description":"Looking for hotels in Tepic? Hoteles Fray offers the best location, complimentary buffet breakfast, free WiFi, and flexible cancellation. Book directly with no deposit!","robots":{"index":"index","follow":"follow","max-snippet":"max-snippet:-1","max-image-preview":"max-image-preview:large","max-video-preview":"max-video-preview:-1"},"canonical":"https:\/\/hotelesfray.com\/en\/2025\/05\/19\/ruta-por-el-sur-de-nayarit\/","og_locale":"en_US","og_type":"article","og_title":"Hotels in Tepic | Hoteles Fray \u2013 Complimentary Buffet Breakfast","og_description":"Looking for hotels in Tepic? Hoteles Fray offers the best location, complimentary buffet breakfast, free WiFi, and flexible cancellation. Book directly with no deposit!","og_url":"https:\/\/hotelesfray.com\/en\/2025\/05\/19\/ruta-por-el-sur-de-nayarit\/","og_site_name":"Hoteles Fray","article_published_time":"2025-05-19T23:31:20+00:00","article_modified_time":"2025-05-31T02:44:39+00:00","og_image":[{"width":1920,"height":1439,"url":"https:\/\/hotelesfray.com\/wp-content\/uploads\/2025\/05\/Toriles-1885.webp","type":"image\/jpeg"}],"author":"Eduardo Lopez","twitter_card":"summary_large_image","twitter_misc":{"Written by":"Eduardo Lopez","Est. reading time":"3 minutes"},"schema":{"@context":"https:\/\/schema.org","@graph":[{"@type":["Article","BlogPosting"],"@id":"https:\/\/hotelesfray.com\/2025\/05\/19\/ruta-por-el-sur-de-nayarit\/#article","isPartOf":{"@id":"https:\/\/hotelesfray.com\/2025\/05\/19\/ruta-por-el-sur-de-nayarit\/"},"author":{"name":"Eduardo Lopez","@id":"https:\/\/hotelesfray.com\/#\/schema\/person\/1a3f5909146e66cdba9aa8b37f1858e1"},"headline":"Ruta por el Sur de Nayarit","datePublished":"2025-05-19T23:31:20+00:00","dateModified":"2025-05-31T02:44:39+00:00","mainEntityOfPage":{"@id":"https:\/\/hotelesfray.com\/2025\/05\/19\/ruta-por-el-sur-de-nayarit\/"},"wordCount":638,"publisher":{"@id":"https:\/\/hotelesfray.com\/#organization"},"image":{"@id":"https:\/\/hotelesfray.com\/2025\/05\/19\/ruta-por-el-sur-de-nayarit\/#primaryimage"},"thumbnailUrl":"https:\/\/hotelesfray.com\/wp-content\/uploads\/2025\/05\/Toriles-1885.webp","articleSection":["General"],"inLanguage":"en-US"},{"@type":"WebPage","@id":"https:\/\/hotelesfray.com\/2025\/05\/19\/ruta-por-el-sur-de-nayarit\/","url":"https:\/\/hotelesfray.com\/2025\/05\/19\/ruta-por-el-sur-de-nayarit\/","name":"Ruta por el Sur de Nayarit | Hoteles Fray","isPartOf":{"@id":"https:\/\/hotelesfray.com\/#website"},"primaryImageOfPage":{"@id":"https:\/\/hotelesfray.com\/2025\/05\/19\/ruta-por-el-sur-de-nayarit\/#primaryimage"},"image":{"@id":"https:\/\/hotelesfray.com\/2025\/05\/19\/ruta-por-el-sur-de-nayarit\/#primaryimage"},"thumbnailUrl":"https:\/\/hotelesfray.com\/wp-content\/uploads\/2025\/05\/Toriles-1885.webp","datePublished":"2025-05-19T23:31:20+00:00","dateModified":"2025-05-31T02:44:39+00:00","breadcrumb":{"@id":"https:\/\/hotelesfray.com\/2025\/05\/19\/ruta-por-el-sur-de-nayarit\/#breadcrumb"},"inLanguage":"en-US","potentialAction":[{"@type":"ReadAction","target":["https:\/\/hotelesfray.com\/2025\/05\/19\/ruta-por-el-sur-de-nayarit\/"]}]},{"@type":"ImageObject","inLanguage":"en-US","@id":"https:\/\/hotelesfray.com\/2025\/05\/19\/ruta-por-el-sur-de-nayarit\/#primaryimage","url":"https:\/\/hotelesfray.com\/wp-content\/uploads\/2025\/05\/Toriles-1885.webp","contentUrl":"https:\/\/hotelesfray.com\/wp-content\/uploads\/2025\/05\/Toriles-1885.webp","width":1920,"height":1439},{"@type":"BreadcrumbList","@id":"https:\/\/hotelesfray.com\/2025\/05\/19\/ruta-por-el-sur-de-nayarit\/#breadcrumb","itemListElement":[{"@type":"ListItem","position":1,"name":"General","item":"https:\/\/hotelesfray.com\/category\/general\/"},{"@type":"ListItem","position":2,"name":"Ruta por el Sur de Nayarit"}]},{"@type":"WebSite","@id":"https:\/\/hotelesfray.com\/#website","url":"https:\/\/hotelesfray.com\/","name":"Hoteles Fray","description":"Los Mejores Hoteles en el Centro de Tepic, Nayarit","publisher":{"@id":"https:\/\/hotelesfray.com\/#organization"},"potentialAction":[{"@type":"SearchAction","target":{"@type":"EntryPoint","urlTemplate":"https:\/\/hotelesfray.com\/?s={search_term_string}"},"query-input":{"@type":"PropertyValueSpecification","valueRequired":true,"valueName":"search_term_string"}}],"inLanguage":"en-US"},{"@type":"Organization","@id":"https:\/\/hotelesfray.com\/#organization","name":"Hoteles Fray","url":"https:\/\/hotelesfray.com\/","logo":{"@type":"ImageObject","inLanguage":"en-US","@id":"https:\/\/hotelesfray.com\/#\/schema\/logo\/image\/","url":"https:\/\/hotelesfray.com\/wp-content\/uploads\/2023\/01\/HotelesFray-cuadro.png","contentUrl":"https:\/\/hotelesfray.com\/wp-content\/uploads\/2023\/01\/HotelesFray-cuadro.png","width":2200,"height":2200,"caption":"Hoteles Fray"},"image":{"@id":"https:\/\/hotelesfray.com\/#\/schema\/logo\/image\/"}},{"@type":"Person","@id":"https:\/\/hotelesfray.com\/#\/schema\/person\/1a3f5909146e66cdba9aa8b37f1858e1","name":"Eduardo Lopez","image":{"@type":"ImageObject","inLanguage":"en-US","@id":"https:\/\/secure.gravatar.com\/avatar\/3d6f41a002d28c6845cb55b565f68141a241a36951b539d6f4dbddac28595734?s=96&d=mm&r=g","url":"https:\/\/secure.gravatar.com\/avatar\/3d6f41a002d28c6845cb55b565f68141a241a36951b539d6f4dbddac28595734?s=96&d=mm&r=g","contentUrl":"https:\/\/secure.gravatar.com\/avatar\/3d6f41a002d28c6845cb55b565f68141a241a36951b539d6f4dbddac28595734?s=96&d=mm&r=g","caption":"Eduardo Lopez"},"url":"https:\/\/hotelesfray.com\/en\/author\/gente\/"}]}},"_links":{"self":[{"href":"https:\/\/hotelesfray.com\/en\/wp-json\/wp\/v2\/posts\/6001","targetHints":{"allow":["GET"]}}],"collection":[{"href":"https:\/\/hotelesfray.com\/en\/wp-json\/wp\/v2\/posts"}],"about":[{"href":"https:\/\/hotelesfray.com\/en\/wp-json\/wp\/v2\/types\/post"}],"author":[{"embeddable":true,"href":"https:\/\/hotelesfray.com\/en\/wp-json\/wp\/v2\/users\/2"}],"replies":[{"embeddable":true,"href":"https:\/\/hotelesfray.com\/en\/wp-json\/wp\/v2\/comments?post=6001"}],"version-history":[{"count":7,"href":"https:\/\/hotelesfray.com\/en\/wp-json\/wp\/v2\/posts\/6001\/revisions"}],"predecessor-version":[{"id":6023,"href":"https:\/\/hotelesfray.com\/en\/wp-json\/wp\/v2\/posts\/6001\/revisions\/6023"}],"wp:featuredmedia":[{"embeddable":true,"href":"https:\/\/hotelesfray.com\/en\/wp-json\/wp\/v2\/media\/6010"}],"wp:attachment":[{"href":"https:\/\/hotelesfray.com\/en\/wp-json\/wp\/v2\/media?parent=6001"}],"wp:term":[{"taxonomy":"category","embeddable":true,"href":"https:\/\/hotelesfray.com\/en\/wp-json\/wp\/v2\/categories?post=6001"},{"taxonomy":"post_tag","embeddable":true,"href":"https:\/\/hotelesfray.com\/en\/wp-json\/wp\/v2\/tags?post=6001"}],"curies":[{"name":"wp","href":"https:\/\/api.w.org\/{rel}","templated":true}]}}