{"id":6047,"date":"2025-06-10T12:46:06","date_gmt":"2025-06-10T16:46:06","guid":{"rendered":"https:\/\/hotelesfray.com\/?p=6047"},"modified":"2025-06-10T12:46:06","modified_gmt":"2025-06-10T16:46:06","slug":"se-anuncio-la-construccion-de-la-autopista-san-blas-las-varas","status":"publish","type":"post","link":"https:\/\/hotelesfray.com\/en\/2025\/06\/10\/se-anuncio-la-construccion-de-la-autopista-san-blas-las-varas\/","title":{"rendered":"Se anunci\u00f3 la construcci\u00f3n de la autopista San Blas \u2013 Las Varas"},"content":{"rendered":"<p>Las playas de la Riviera Nayarit nos regalan paisajes sin igual, y la carretera que conecta el pueblo de Las Varas con el Hist\u00f3rico Puerto de San Blas, tambi\u00e9n conocida como \u00abCarretera Costera\u00bb tendr\u00e1 una autopista que correr\u00e1 a la par de la misma. Una gran opci\u00f3n para viajar de manera r\u00e1pida y segura entre los poblados anteriomente mencionados.<\/p>\n\n\n\n<p>Aunque no se ha informado a\u00fan del trazo oficial que esta v\u00eda de comunicaci\u00f3n tendr\u00e1, es de suponer que llevar\u00e1 una ruta m\u00e1s directa y segura en comparaci\u00f3n con las curvas que se encuentran entre Aticama y Platanitos. Es precisamente esta \u00faltima playa donde concluir\u00e1 la primera etapa constructiva de este proyecto.<\/p>\n\n\n\n<p>Esta obra se suma a las actuales de la Autopista Tepic \u2013 Compostela, el Aeropuerto Internacional de Tepic y la l\u00ednea ferroviaria que conectar\u00e1 dicho aeropuerto con el Puerto de Boca de Chila.<\/p>\n\n\n\n<p>En conclusi\u00f3n, la nueva autopista paralela a la Carretera Costera representa un avance significativo en la conectividad de la Riviera Nayarit, impulsando tanto el turismo como el desarrollo regional. Su construcci\u00f3n, junto a otros proyectos estrat\u00e9gicos en la zona, refuerza el compromiso con una infraestructura moderna, segura y eficiente para residentes y visitantes.<\/p>\n\n\n\n<figure class=\"wp-block-image size-large\"><img data-dominant-color=\"182522\" data-has-transparency=\"false\" style=\"--dominant-color: #182522;\" loading=\"lazy\" decoding=\"async\" width=\"819\" height=\"1024\" src=\"https:\/\/hotelesfray.com\/wp-content\/uploads\/2025\/06\/F30a-819x1024.webp\" alt=\"\" class=\"wp-image-6048 not-transparent\"\/><\/figure>","protected":false},"excerpt":{"rendered":"<p>Las playas de la Riviera Nayarit nos regalan paisajes sin igual, y la carretera que conecta el pueblo de Las Varas con el Hist\u00f3rico Puerto de San Blas, tambi\u00e9n conocida como \u00abCarretera Costera\u00bb tendr\u00e1 una autopista que correr\u00e1 a la par de la misma. Una gran opci\u00f3n para viajar de manera r\u00e1pida y segura entre [&hellip;]<\/p>\n","protected":false},"author":2,"featured_media":6049,"comment_status":"closed","ping_status":"closed","sticky":false,"template":"","format":"standard","meta":{"_et_pb_use_builder":"","_et_pb_old_content":"","_et_gb_content_width":"","footnotes":""},"categories":[161,42,24],"tags":[],"class_list":["post-6047","post","type-post","status-publish","format-standard","has-post-thumbnail","hentry","category-actualidad","category-compostela","category-san-blas"],"yoast_head":"<!-- This site is optimized with the Yoast SEO plugin v27.4 - https:\/\/yoast.com\/product\/yoast-seo-wordpress\/ -->\n<title>Hotels in Tepic | Hoteles Fray \u2013 Complimentary Buffet Breakfast<\/title>\n<meta name=\"description\" content=\"Looking for hotels in Tepic? Hoteles Fray offers the best location, complimentary buffet breakfast, free WiFi, and flexible cancellation. Book directly with no deposit!\" \/>\n<meta name=\"robots\" content=\"index, follow, max-snippet:-1, max-image-preview:large, max-video-preview:-1\" \/>\n<link rel=\"canonical\" href=\"https:\/\/hotelesfray.com\/en\/2025\/06\/10\/se-anuncio-la-construccion-de-la-autopista-san-blas-las-varas\/\" \/>\n<meta property=\"og:locale\" content=\"en_US\" \/>\n<meta property=\"og:type\" content=\"article\" \/>\n<meta property=\"og:title\" content=\"Hotels in Tepic | Hoteles Fray \u2013 Complimentary Buffet Breakfast\" \/>\n<meta property=\"og:description\" content=\"Looking for hotels in Tepic? Hoteles Fray offers the best location, complimentary buffet breakfast, free WiFi, and flexible cancellation. Book directly with no deposit!\" \/>\n<meta property=\"og:url\" content=\"https:\/\/hotelesfray.com\/en\/2025\/06\/10\/se-anuncio-la-construccion-de-la-autopista-san-blas-las-varas\/\" \/>\n<meta property=\"og:site_name\" content=\"Hoteles Fray\" \/>\n<meta property=\"article:published_time\" content=\"2025-06-10T16:46:06+00:00\" \/>\n<meta property=\"og:image\" content=\"https:\/\/hotelesfray.com\/wp-content\/uploads\/2025\/06\/Platanitos-400.webp\" \/>\n\t<meta property=\"og:image:width\" content=\"1920\" \/>\n\t<meta property=\"og:image:height\" content=\"1280\" \/>\n\t<meta property=\"og:image:type\" content=\"image\/jpeg\" \/>\n<meta name=\"author\" content=\"Eduardo Lopez\" \/>\n<meta name=\"twitter:card\" content=\"summary_large_image\" \/>\n<meta name=\"twitter:label1\" content=\"Written by\" \/>\n\t<meta name=\"twitter:data1\" content=\"Eduardo Lopez\" \/>\n\t<meta name=\"twitter:label2\" content=\"Est. reading time\" \/>\n\t<meta name=\"twitter:data2\" content=\"1 minute\" \/>\n<script type=\"application\/ld+json\" class=\"yoast-schema-graph\">{\"@context\":\"https:\\\/\\\/schema.org\",\"@graph\":[{\"@type\":[\"Article\",\"BlogPosting\"],\"@id\":\"https:\\\/\\\/hotelesfray.com\\\/2025\\\/06\\\/10\\\/se-anuncio-la-construccion-de-la-autopista-san-blas-las-varas\\\/#article\",\"isPartOf\":{\"@id\":\"https:\\\/\\\/hotelesfray.com\\\/2025\\\/06\\\/10\\\/se-anuncio-la-construccion-de-la-autopista-san-blas-las-varas\\\/\"},\"author\":{\"name\":\"Eduardo Lopez\",\"@id\":\"https:\\\/\\\/hotelesfray.com\\\/#\\\/schema\\\/person\\\/1a3f5909146e66cdba9aa8b37f1858e1\"},\"headline\":\"Se anunci\u00f3 la construcci\u00f3n de la autopista San Blas \u2013 Las Varas\",\"datePublished\":\"2025-06-10T16:46:06+00:00\",\"mainEntityOfPage\":{\"@id\":\"https:\\\/\\\/hotelesfray.com\\\/2025\\\/06\\\/10\\\/se-anuncio-la-construccion-de-la-autopista-san-blas-las-varas\\\/\"},\"wordCount\":221,\"publisher\":{\"@id\":\"https:\\\/\\\/hotelesfray.com\\\/#organization\"},\"image\":{\"@id\":\"https:\\\/\\\/hotelesfray.com\\\/2025\\\/06\\\/10\\\/se-anuncio-la-construccion-de-la-autopista-san-blas-las-varas\\\/#primaryimage\"},\"thumbnailUrl\":\"https:\\\/\\\/hotelesfray.com\\\/wp-content\\\/uploads\\\/2025\\\/06\\\/Platanitos-400.webp\",\"articleSection\":[\"Actualidad\",\"Compostela\",\"San Blas\"],\"inLanguage\":\"en-US\"},{\"@type\":\"WebPage\",\"@id\":\"https:\\\/\\\/hotelesfray.com\\\/2025\\\/06\\\/10\\\/se-anuncio-la-construccion-de-la-autopista-san-blas-las-varas\\\/\",\"url\":\"https:\\\/\\\/hotelesfray.com\\\/2025\\\/06\\\/10\\\/se-anuncio-la-construccion-de-la-autopista-san-blas-las-varas\\\/\",\"name\":\"Se anunci\u00f3 la construcci\u00f3n de la autopista San Blas \u2013 Las Varas | Hoteles Fray\",\"isPartOf\":{\"@id\":\"https:\\\/\\\/hotelesfray.com\\\/#website\"},\"primaryImageOfPage\":{\"@id\":\"https:\\\/\\\/hotelesfray.com\\\/2025\\\/06\\\/10\\\/se-anuncio-la-construccion-de-la-autopista-san-blas-las-varas\\\/#primaryimage\"},\"image\":{\"@id\":\"https:\\\/\\\/hotelesfray.com\\\/2025\\\/06\\\/10\\\/se-anuncio-la-construccion-de-la-autopista-san-blas-las-varas\\\/#primaryimage\"},\"thumbnailUrl\":\"https:\\\/\\\/hotelesfray.com\\\/wp-content\\\/uploads\\\/2025\\\/06\\\/Platanitos-400.webp\",\"datePublished\":\"2025-06-10T16:46:06+00:00\",\"breadcrumb\":{\"@id\":\"https:\\\/\\\/hotelesfray.com\\\/2025\\\/06\\\/10\\\/se-anuncio-la-construccion-de-la-autopista-san-blas-las-varas\\\/#breadcrumb\"},\"inLanguage\":\"en-US\",\"potentialAction\":[{\"@type\":\"ReadAction\",\"target\":[\"https:\\\/\\\/hotelesfray.com\\\/2025\\\/06\\\/10\\\/se-anuncio-la-construccion-de-la-autopista-san-blas-las-varas\\\/\"]}]},{\"@type\":\"ImageObject\",\"inLanguage\":\"en-US\",\"@id\":\"https:\\\/\\\/hotelesfray.com\\\/2025\\\/06\\\/10\\\/se-anuncio-la-construccion-de-la-autopista-san-blas-las-varas\\\/#primaryimage\",\"url\":\"https:\\\/\\\/hotelesfray.com\\\/wp-content\\\/uploads\\\/2025\\\/06\\\/Platanitos-400.webp\",\"contentUrl\":\"https:\\\/\\\/hotelesfray.com\\\/wp-content\\\/uploads\\\/2025\\\/06\\\/Platanitos-400.webp\",\"width\":1920,\"height\":1280},{\"@type\":\"BreadcrumbList\",\"@id\":\"https:\\\/\\\/hotelesfray.com\\\/2025\\\/06\\\/10\\\/se-anuncio-la-construccion-de-la-autopista-san-blas-las-varas\\\/#breadcrumb\",\"itemListElement\":[{\"@type\":\"ListItem\",\"position\":1,\"name\":\"Actualidad\",\"item\":\"https:\\\/\\\/hotelesfray.com\\\/category\\\/actualidad\\\/\"},{\"@type\":\"ListItem\",\"position\":2,\"name\":\"Se anunci\u00f3 la construcci\u00f3n de la autopista San Blas \u2013 Las Varas\"}]},{\"@type\":\"WebSite\",\"@id\":\"https:\\\/\\\/hotelesfray.com\\\/#website\",\"url\":\"https:\\\/\\\/hotelesfray.com\\\/\",\"name\":\"Hoteles Fray\",\"description\":\"Los Mejores Hoteles en el Centro de Tepic, Nayarit\",\"publisher\":{\"@id\":\"https:\\\/\\\/hotelesfray.com\\\/#organization\"},\"potentialAction\":[{\"@type\":\"SearchAction\",\"target\":{\"@type\":\"EntryPoint\",\"urlTemplate\":\"https:\\\/\\\/hotelesfray.com\\\/?s={search_term_string}\"},\"query-input\":{\"@type\":\"PropertyValueSpecification\",\"valueRequired\":true,\"valueName\":\"search_term_string\"}}],\"inLanguage\":\"en-US\"},{\"@type\":\"Organization\",\"@id\":\"https:\\\/\\\/hotelesfray.com\\\/#organization\",\"name\":\"Hoteles Fray\",\"url\":\"https:\\\/\\\/hotelesfray.com\\\/\",\"logo\":{\"@type\":\"ImageObject\",\"inLanguage\":\"en-US\",\"@id\":\"https:\\\/\\\/hotelesfray.com\\\/#\\\/schema\\\/logo\\\/image\\\/\",\"url\":\"https:\\\/\\\/hotelesfray.com\\\/wp-content\\\/uploads\\\/2023\\\/01\\\/HotelesFray-cuadro.png\",\"contentUrl\":\"https:\\\/\\\/hotelesfray.com\\\/wp-content\\\/uploads\\\/2023\\\/01\\\/HotelesFray-cuadro.png\",\"width\":2200,\"height\":2200,\"caption\":\"Hoteles Fray\"},\"image\":{\"@id\":\"https:\\\/\\\/hotelesfray.com\\\/#\\\/schema\\\/logo\\\/image\\\/\"}},{\"@type\":\"Person\",\"@id\":\"https:\\\/\\\/hotelesfray.com\\\/#\\\/schema\\\/person\\\/1a3f5909146e66cdba9aa8b37f1858e1\",\"name\":\"Eduardo Lopez\",\"image\":{\"@type\":\"ImageObject\",\"inLanguage\":\"en-US\",\"@id\":\"https:\\\/\\\/secure.gravatar.com\\\/avatar\\\/3d6f41a002d28c6845cb55b565f68141a241a36951b539d6f4dbddac28595734?s=96&d=mm&r=g\",\"url\":\"https:\\\/\\\/secure.gravatar.com\\\/avatar\\\/3d6f41a002d28c6845cb55b565f68141a241a36951b539d6f4dbddac28595734?s=96&d=mm&r=g\",\"contentUrl\":\"https:\\\/\\\/secure.gravatar.com\\\/avatar\\\/3d6f41a002d28c6845cb55b565f68141a241a36951b539d6f4dbddac28595734?s=96&d=mm&r=g\",\"caption\":\"Eduardo Lopez\"},\"url\":\"https:\\\/\\\/hotelesfray.com\\\/en\\\/author\\\/gente\\\/\"}]}<\/script>\n<!-- \/ Yoast SEO plugin. -->","yoast_head_json":{"title":"Hotels in Tepic | Hoteles Fray \u2013 Complimentary Buffet Breakfast","description":"Looking for hotels in Tepic? Hoteles Fray offers the best location, complimentary buffet breakfast, free WiFi, and flexible cancellation. Book directly with no deposit!","robots":{"index":"index","follow":"follow","max-snippet":"max-snippet:-1","max-image-preview":"max-image-preview:large","max-video-preview":"max-video-preview:-1"},"canonical":"https:\/\/hotelesfray.com\/en\/2025\/06\/10\/se-anuncio-la-construccion-de-la-autopista-san-blas-las-varas\/","og_locale":"en_US","og_type":"article","og_title":"Hotels in Tepic | Hoteles Fray \u2013 Complimentary Buffet Breakfast","og_description":"Looking for hotels in Tepic? Hoteles Fray offers the best location, complimentary buffet breakfast, free WiFi, and flexible cancellation. Book directly with no deposit!","og_url":"https:\/\/hotelesfray.com\/en\/2025\/06\/10\/se-anuncio-la-construccion-de-la-autopista-san-blas-las-varas\/","og_site_name":"Hoteles Fray","article_published_time":"2025-06-10T16:46:06+00:00","og_image":[{"width":1920,"height":1280,"url":"https:\/\/hotelesfray.com\/wp-content\/uploads\/2025\/06\/Platanitos-400.webp","type":"image\/jpeg"}],"author":"Eduardo Lopez","twitter_card":"summary_large_image","twitter_misc":{"Written by":"Eduardo Lopez","Est. reading time":"1 minute"},"schema":{"@context":"https:\/\/schema.org","@graph":[{"@type":["Article","BlogPosting"],"@id":"https:\/\/hotelesfray.com\/2025\/06\/10\/se-anuncio-la-construccion-de-la-autopista-san-blas-las-varas\/#article","isPartOf":{"@id":"https:\/\/hotelesfray.com\/2025\/06\/10\/se-anuncio-la-construccion-de-la-autopista-san-blas-las-varas\/"},"author":{"name":"Eduardo Lopez","@id":"https:\/\/hotelesfray.com\/#\/schema\/person\/1a3f5909146e66cdba9aa8b37f1858e1"},"headline":"Se anunci\u00f3 la construcci\u00f3n de la autopista San Blas \u2013 Las Varas","datePublished":"2025-06-10T16:46:06+00:00","mainEntityOfPage":{"@id":"https:\/\/hotelesfray.com\/2025\/06\/10\/se-anuncio-la-construccion-de-la-autopista-san-blas-las-varas\/"},"wordCount":221,"publisher":{"@id":"https:\/\/hotelesfray.com\/#organization"},"image":{"@id":"https:\/\/hotelesfray.com\/2025\/06\/10\/se-anuncio-la-construccion-de-la-autopista-san-blas-las-varas\/#primaryimage"},"thumbnailUrl":"https:\/\/hotelesfray.com\/wp-content\/uploads\/2025\/06\/Platanitos-400.webp","articleSection":["Actualidad","Compostela","San Blas"],"inLanguage":"en-US"},{"@type":"WebPage","@id":"https:\/\/hotelesfray.com\/2025\/06\/10\/se-anuncio-la-construccion-de-la-autopista-san-blas-las-varas\/","url":"https:\/\/hotelesfray.com\/2025\/06\/10\/se-anuncio-la-construccion-de-la-autopista-san-blas-las-varas\/","name":"Se anunci\u00f3 la construcci\u00f3n de la autopista San Blas \u2013 Las Varas | Hoteles Fray","isPartOf":{"@id":"https:\/\/hotelesfray.com\/#website"},"primaryImageOfPage":{"@id":"https:\/\/hotelesfray.com\/2025\/06\/10\/se-anuncio-la-construccion-de-la-autopista-san-blas-las-varas\/#primaryimage"},"image":{"@id":"https:\/\/hotelesfray.com\/2025\/06\/10\/se-anuncio-la-construccion-de-la-autopista-san-blas-las-varas\/#primaryimage"},"thumbnailUrl":"https:\/\/hotelesfray.com\/wp-content\/uploads\/2025\/06\/Platanitos-400.webp","datePublished":"2025-06-10T16:46:06+00:00","breadcrumb":{"@id":"https:\/\/hotelesfray.com\/2025\/06\/10\/se-anuncio-la-construccion-de-la-autopista-san-blas-las-varas\/#breadcrumb"},"inLanguage":"en-US","potentialAction":[{"@type":"ReadAction","target":["https:\/\/hotelesfray.com\/2025\/06\/10\/se-anuncio-la-construccion-de-la-autopista-san-blas-las-varas\/"]}]},{"@type":"ImageObject","inLanguage":"en-US","@id":"https:\/\/hotelesfray.com\/2025\/06\/10\/se-anuncio-la-construccion-de-la-autopista-san-blas-las-varas\/#primaryimage","url":"https:\/\/hotelesfray.com\/wp-content\/uploads\/2025\/06\/Platanitos-400.webp","contentUrl":"https:\/\/hotelesfray.com\/wp-content\/uploads\/2025\/06\/Platanitos-400.webp","width":1920,"height":1280},{"@type":"BreadcrumbList","@id":"https:\/\/hotelesfray.com\/2025\/06\/10\/se-anuncio-la-construccion-de-la-autopista-san-blas-las-varas\/#breadcrumb","itemListElement":[{"@type":"ListItem","position":1,"name":"Actualidad","item":"https:\/\/hotelesfray.com\/category\/actualidad\/"},{"@type":"ListItem","position":2,"name":"Se anunci\u00f3 la construcci\u00f3n de la autopista San Blas \u2013 Las Varas"}]},{"@type":"WebSite","@id":"https:\/\/hotelesfray.com\/#website","url":"https:\/\/hotelesfray.com\/","name":"Hoteles Fray","description":"Los Mejores Hoteles en el Centro de Tepic, Nayarit","publisher":{"@id":"https:\/\/hotelesfray.com\/#organization"},"potentialAction":[{"@type":"SearchAction","target":{"@type":"EntryPoint","urlTemplate":"https:\/\/hotelesfray.com\/?s={search_term_string}"},"query-input":{"@type":"PropertyValueSpecification","valueRequired":true,"valueName":"search_term_string"}}],"inLanguage":"en-US"},{"@type":"Organization","@id":"https:\/\/hotelesfray.com\/#organization","name":"Hoteles Fray","url":"https:\/\/hotelesfray.com\/","logo":{"@type":"ImageObject","inLanguage":"en-US","@id":"https:\/\/hotelesfray.com\/#\/schema\/logo\/image\/","url":"https:\/\/hotelesfray.com\/wp-content\/uploads\/2023\/01\/HotelesFray-cuadro.png","contentUrl":"https:\/\/hotelesfray.com\/wp-content\/uploads\/2023\/01\/HotelesFray-cuadro.png","width":2200,"height":2200,"caption":"Hoteles Fray"},"image":{"@id":"https:\/\/hotelesfray.com\/#\/schema\/logo\/image\/"}},{"@type":"Person","@id":"https:\/\/hotelesfray.com\/#\/schema\/person\/1a3f5909146e66cdba9aa8b37f1858e1","name":"Eduardo Lopez","image":{"@type":"ImageObject","inLanguage":"en-US","@id":"https:\/\/secure.gravatar.com\/avatar\/3d6f41a002d28c6845cb55b565f68141a241a36951b539d6f4dbddac28595734?s=96&d=mm&r=g","url":"https:\/\/secure.gravatar.com\/avatar\/3d6f41a002d28c6845cb55b565f68141a241a36951b539d6f4dbddac28595734?s=96&d=mm&r=g","contentUrl":"https:\/\/secure.gravatar.com\/avatar\/3d6f41a002d28c6845cb55b565f68141a241a36951b539d6f4dbddac28595734?s=96&d=mm&r=g","caption":"Eduardo Lopez"},"url":"https:\/\/hotelesfray.com\/en\/author\/gente\/"}]}},"_links":{"self":[{"href":"https:\/\/hotelesfray.com\/en\/wp-json\/wp\/v2\/posts\/6047","targetHints":{"allow":["GET"]}}],"collection":[{"href":"https:\/\/hotelesfray.com\/en\/wp-json\/wp\/v2\/posts"}],"about":[{"href":"https:\/\/hotelesfray.com\/en\/wp-json\/wp\/v2\/types\/post"}],"author":[{"embeddable":true,"href":"https:\/\/hotelesfray.com\/en\/wp-json\/wp\/v2\/users\/2"}],"replies":[{"embeddable":true,"href":"https:\/\/hotelesfray.com\/en\/wp-json\/wp\/v2\/comments?post=6047"}],"version-history":[{"count":1,"href":"https:\/\/hotelesfray.com\/en\/wp-json\/wp\/v2\/posts\/6047\/revisions"}],"predecessor-version":[{"id":6050,"href":"https:\/\/hotelesfray.com\/en\/wp-json\/wp\/v2\/posts\/6047\/revisions\/6050"}],"wp:featuredmedia":[{"embeddable":true,"href":"https:\/\/hotelesfray.com\/en\/wp-json\/wp\/v2\/media\/6049"}],"wp:attachment":[{"href":"https:\/\/hotelesfray.com\/en\/wp-json\/wp\/v2\/media?parent=6047"}],"wp:term":[{"taxonomy":"category","embeddable":true,"href":"https:\/\/hotelesfray.com\/en\/wp-json\/wp\/v2\/categories?post=6047"},{"taxonomy":"post_tag","embeddable":true,"href":"https:\/\/hotelesfray.com\/en\/wp-json\/wp\/v2\/tags?post=6047"}],"curies":[{"name":"wp","href":"https:\/\/api.w.org\/{rel}","templated":true}]}}