{"id":6208,"date":"2025-07-24T18:20:54","date_gmt":"2025-07-24T22:20:54","guid":{"rendered":"https:\/\/hotelesfray.com\/?p=6208"},"modified":"2025-07-24T18:20:54","modified_gmt":"2025-07-24T22:20:54","slug":"el-aeropuerto-de-tepic-se-expande-con-8-nuevas-rutas-internacionales-y-nacionales","status":"publish","type":"post","link":"https:\/\/hotelesfray.com\/en\/2025\/07\/24\/el-aeropuerto-de-tepic-se-expande-con-8-nuevas-rutas-internacionales-y-nacionales\/","title":{"rendered":"El Aeropuerto de Tepic se expande con 8 nuevas rutas internacionales y nacionales"},"content":{"rendered":"<p>El Aeropuerto Internacional Amado Nervo de Tepic vive un momento hist\u00f3rico con la expansi\u00f3n de su red a\u00e9rea, sumando ocho nuevas rutas que conectan a Nayarit con destinos clave de M\u00e9xico, Estados Unidos y Canad\u00e1.<\/p>\n\n\n\n<h3 class=\"wp-block-heading\">Nuevas rutas nacionales e internacionales desde Tepic<\/h3>\n\n\n\n<ul class=\"wp-block-list\">\n<li><strong>Tepic \u2013 Ciudad de M\u00e9xico (AIFA)<\/strong><br>Desde el 15 de mayo de 2025, la aerol\u00ednea <strong>Viva<\/strong> (antes Vivaaerobus) ofrece vuelos directos al Aeropuerto Internacional Felipe \u00c1ngeles, ampliando las opciones de conexi\u00f3n con la capital del pa\u00eds.<\/li>\n\n\n\n<li><strong>Tepic \u2013 Los \u00c1ngeles, California<\/strong><br>Inaugurado el 16 de julio de 2025, este vuelo operado por <strong>Volaris<\/strong> fortalece el v\u00ednculo con la comunidad nayarita en EE.UU. y abre nuevas puertas al turismo internacional.<\/li>\n\n\n\n<li><strong>Tepic \u2013 Calgary, Canad\u00e1<\/strong><br>A partir del <strong>13 de diciembre de 2025<\/strong>, la aerol\u00ednea <strong>Westjet<\/strong> inicia operaciones entre Tepic y Calgary, consolidando la llegada de visitantes canadienses al Pac\u00edfico mexicano.<\/li>\n\n\n\n<li><strong>Tepic \u2013 Vancouver, Canad\u00e1<\/strong><br><strong>Air Canada<\/strong> comenzar\u00e1 a volar esta ruta el <strong>17 de diciembre de 2025<\/strong>, posicionando a Nayarit como un destino preferente para el turismo invernal canadiense.<\/li>\n\n\n\n<li><strong>Tepic \u2013 Houston, Texas<\/strong><br>Con inicio programado para el <strong>20 de diciembre de 2025<\/strong>, esta conexi\u00f3n operada por <strong>United Express<\/strong> facilitar\u00e1 el acceso a una de las ciudades con mayor presencia de mexicanos en EE.UU.<\/li>\n\n\n\n<li><strong>Rutas en negociaci\u00f3n para 2026:<\/strong><br>Se prev\u00e9 la apertura de nuevos vuelos hacia <strong>Monterrey<\/strong>, <strong>Toluca<\/strong> y <strong>Phoenix<\/strong>, lo que continuar\u00eda ampliando el alcance nacional e internacional del aeropuerto.<\/li>\n<\/ul>\n\n\n\n<h3 class=\"wp-block-heading\">Rutas ya existentes<\/h3>\n\n\n\n<p>Estas nuevas conexiones se suman a las rutas operativas desde Tepic hacia:<\/p>\n\n\n\n<ul class=\"wp-block-list\">\n<li><strong>Tijuana<\/strong> con <strong>Volaris<\/strong><\/li>\n\n\n\n<li><strong>Ciudad de M\u00e9xico (AICM)<\/strong> con <strong>Aeromexico<\/strong><\/li>\n<\/ul>\n\n\n\n<h3 class=\"wp-block-heading\">Impulso a la conectividad y el turismo<\/h3>\n\n\n\n<p>La expansi\u00f3n del Aeropuerto de Tepic no solo fortalece los lazos con los paisanos nayaritas en el extranjero, sino que tambi\u00e9n posiciona a Nayarit como un destino tur\u00edstico de primer nivel. Estas nuevas rutas facilitan el acceso a sus <strong>playas<\/strong>, <strong>Pueblos M\u00e1gicos<\/strong>, y dem\u00e1s <strong>atractivos naturales y culturales<\/strong>, impulsando as\u00ed el desarrollo econ\u00f3mico regional.<\/p>\n\n\n\n<p>Con esta apuesta por la conectividad, Tepic se consolida como un nuevo hub a\u00e9reo en el occidente del pa\u00eds.<\/p>\n\n\n\n<figure class=\"wp-block-image size-large\"><img data-dominant-color=\"96a7b8\" data-has-transparency=\"false\" style=\"--dominant-color: #96a7b8;\" loading=\"lazy\" decoding=\"async\" width=\"819\" height=\"1024\" src=\"https:\/\/hotelesfray.com\/wp-content\/uploads\/2025\/07\/F21-819x1024.webp\" alt=\"\" class=\"wp-image-6210 not-transparent\"\/><figcaption class=\"wp-element-caption\">Rutas a\u00e9reas desde Tepic y las aerol\u00edneas que sirven cada vuelo. Dise\u00f1o: Eduardo L\u00f3pez<\/figcaption><\/figure>","protected":false},"excerpt":{"rendered":"<p>El Aeropuerto Internacional Amado Nervo de Tepic vive un momento hist\u00f3rico con la expansi\u00f3n de su red a\u00e9rea, sumando ocho nuevas rutas que conectan a Nayarit con destinos clave de M\u00e9xico, Estados Unidos y Canad\u00e1. Nuevas rutas nacionales e internacionales desde Tepic Rutas ya existentes Estas nuevas conexiones se suman a las rutas operativas desde [&hellip;]<\/p>\n","protected":false},"author":2,"featured_media":6209,"comment_status":"closed","ping_status":"closed","sticky":false,"template":"","format":"standard","meta":{"_et_pb_use_builder":"","_et_pb_old_content":"","_et_gb_content_width":"","footnotes":""},"categories":[161],"tags":[],"class_list":["post-6208","post","type-post","status-publish","format-standard","has-post-thumbnail","hentry","category-actualidad"],"yoast_head":"<!-- This site is optimized with the Yoast SEO plugin v27.4 - https:\/\/yoast.com\/product\/yoast-seo-wordpress\/ -->\n<title>Hotels in Tepic | Hoteles Fray \u2013 Complimentary Buffet Breakfast<\/title>\n<meta name=\"description\" content=\"Looking for hotels in Tepic? Hoteles Fray offers the best location, complimentary buffet breakfast, free WiFi, and flexible cancellation. Book directly with no deposit!\" \/>\n<meta name=\"robots\" content=\"index, follow, max-snippet:-1, max-image-preview:large, max-video-preview:-1\" \/>\n<link rel=\"canonical\" href=\"https:\/\/hotelesfray.com\/en\/2025\/07\/24\/el-aeropuerto-de-tepic-se-expande-con-8-nuevas-rutas-internacionales-y-nacionales\/\" \/>\n<meta property=\"og:locale\" content=\"en_US\" \/>\n<meta property=\"og:type\" content=\"article\" \/>\n<meta property=\"og:title\" content=\"Hotels in Tepic | Hoteles Fray \u2013 Complimentary Buffet Breakfast\" \/>\n<meta property=\"og:description\" content=\"Looking for hotels in Tepic? Hoteles Fray offers the best location, complimentary buffet breakfast, free WiFi, and flexible cancellation. Book directly with no deposit!\" \/>\n<meta property=\"og:url\" content=\"https:\/\/hotelesfray.com\/en\/2025\/07\/24\/el-aeropuerto-de-tepic-se-expande-con-8-nuevas-rutas-internacionales-y-nacionales\/\" \/>\n<meta property=\"og:site_name\" content=\"Hoteles Fray\" \/>\n<meta property=\"article:published_time\" content=\"2025-07-24T22:20:54+00:00\" \/>\n<meta property=\"og:image\" content=\"https:\/\/hotelesfray.com\/wp-content\/uploads\/2025\/07\/RutasAereasWeb.webp\" \/>\n\t<meta property=\"og:image:width\" content=\"1920\" \/>\n\t<meta property=\"og:image:height\" content=\"1080\" \/>\n\t<meta property=\"og:image:type\" content=\"image\/jpeg\" \/>\n<meta name=\"author\" content=\"Eduardo Lopez\" \/>\n<meta name=\"twitter:card\" content=\"summary_large_image\" \/>\n<meta name=\"twitter:label1\" content=\"Written by\" \/>\n\t<meta name=\"twitter:data1\" content=\"Eduardo Lopez\" \/>\n\t<meta name=\"twitter:label2\" content=\"Est. reading time\" \/>\n\t<meta name=\"twitter:data2\" content=\"2 minutes\" \/>\n<script type=\"application\/ld+json\" class=\"yoast-schema-graph\">{\"@context\":\"https:\\\/\\\/schema.org\",\"@graph\":[{\"@type\":[\"Article\",\"BlogPosting\"],\"@id\":\"https:\\\/\\\/hotelesfray.com\\\/2025\\\/07\\\/24\\\/el-aeropuerto-de-tepic-se-expande-con-8-nuevas-rutas-internacionales-y-nacionales\\\/#article\",\"isPartOf\":{\"@id\":\"https:\\\/\\\/hotelesfray.com\\\/2025\\\/07\\\/24\\\/el-aeropuerto-de-tepic-se-expande-con-8-nuevas-rutas-internacionales-y-nacionales\\\/\"},\"author\":{\"name\":\"Eduardo Lopez\",\"@id\":\"https:\\\/\\\/hotelesfray.com\\\/#\\\/schema\\\/person\\\/1a3f5909146e66cdba9aa8b37f1858e1\"},\"headline\":\"El Aeropuerto de Tepic se expande con 8 nuevas rutas internacionales y nacionales\",\"datePublished\":\"2025-07-24T22:20:54+00:00\",\"mainEntityOfPage\":{\"@id\":\"https:\\\/\\\/hotelesfray.com\\\/2025\\\/07\\\/24\\\/el-aeropuerto-de-tepic-se-expande-con-8-nuevas-rutas-internacionales-y-nacionales\\\/\"},\"wordCount\":376,\"publisher\":{\"@id\":\"https:\\\/\\\/hotelesfray.com\\\/#organization\"},\"image\":{\"@id\":\"https:\\\/\\\/hotelesfray.com\\\/2025\\\/07\\\/24\\\/el-aeropuerto-de-tepic-se-expande-con-8-nuevas-rutas-internacionales-y-nacionales\\\/#primaryimage\"},\"thumbnailUrl\":\"https:\\\/\\\/hotelesfray.com\\\/wp-content\\\/uploads\\\/2025\\\/07\\\/RutasAereasWeb.webp\",\"articleSection\":[\"Actualidad\"],\"inLanguage\":\"en-US\"},{\"@type\":\"WebPage\",\"@id\":\"https:\\\/\\\/hotelesfray.com\\\/2025\\\/07\\\/24\\\/el-aeropuerto-de-tepic-se-expande-con-8-nuevas-rutas-internacionales-y-nacionales\\\/\",\"url\":\"https:\\\/\\\/hotelesfray.com\\\/2025\\\/07\\\/24\\\/el-aeropuerto-de-tepic-se-expande-con-8-nuevas-rutas-internacionales-y-nacionales\\\/\",\"name\":\"El Aeropuerto de Tepic se expande con 8 nuevas rutas internacionales y nacionales | Hoteles Fray\",\"isPartOf\":{\"@id\":\"https:\\\/\\\/hotelesfray.com\\\/#website\"},\"primaryImageOfPage\":{\"@id\":\"https:\\\/\\\/hotelesfray.com\\\/2025\\\/07\\\/24\\\/el-aeropuerto-de-tepic-se-expande-con-8-nuevas-rutas-internacionales-y-nacionales\\\/#primaryimage\"},\"image\":{\"@id\":\"https:\\\/\\\/hotelesfray.com\\\/2025\\\/07\\\/24\\\/el-aeropuerto-de-tepic-se-expande-con-8-nuevas-rutas-internacionales-y-nacionales\\\/#primaryimage\"},\"thumbnailUrl\":\"https:\\\/\\\/hotelesfray.com\\\/wp-content\\\/uploads\\\/2025\\\/07\\\/RutasAereasWeb.webp\",\"datePublished\":\"2025-07-24T22:20:54+00:00\",\"breadcrumb\":{\"@id\":\"https:\\\/\\\/hotelesfray.com\\\/2025\\\/07\\\/24\\\/el-aeropuerto-de-tepic-se-expande-con-8-nuevas-rutas-internacionales-y-nacionales\\\/#breadcrumb\"},\"inLanguage\":\"en-US\",\"potentialAction\":[{\"@type\":\"ReadAction\",\"target\":[\"https:\\\/\\\/hotelesfray.com\\\/2025\\\/07\\\/24\\\/el-aeropuerto-de-tepic-se-expande-con-8-nuevas-rutas-internacionales-y-nacionales\\\/\"]}]},{\"@type\":\"ImageObject\",\"inLanguage\":\"en-US\",\"@id\":\"https:\\\/\\\/hotelesfray.com\\\/2025\\\/07\\\/24\\\/el-aeropuerto-de-tepic-se-expande-con-8-nuevas-rutas-internacionales-y-nacionales\\\/#primaryimage\",\"url\":\"https:\\\/\\\/hotelesfray.com\\\/wp-content\\\/uploads\\\/2025\\\/07\\\/RutasAereasWeb.webp\",\"contentUrl\":\"https:\\\/\\\/hotelesfray.com\\\/wp-content\\\/uploads\\\/2025\\\/07\\\/RutasAereasWeb.webp\",\"width\":1920,\"height\":1080},{\"@type\":\"BreadcrumbList\",\"@id\":\"https:\\\/\\\/hotelesfray.com\\\/2025\\\/07\\\/24\\\/el-aeropuerto-de-tepic-se-expande-con-8-nuevas-rutas-internacionales-y-nacionales\\\/#breadcrumb\",\"itemListElement\":[{\"@type\":\"ListItem\",\"position\":1,\"name\":\"Actualidad\",\"item\":\"https:\\\/\\\/hotelesfray.com\\\/category\\\/actualidad\\\/\"},{\"@type\":\"ListItem\",\"position\":2,\"name\":\"El Aeropuerto de Tepic se expande con 8 nuevas rutas internacionales y nacionales\"}]},{\"@type\":\"WebSite\",\"@id\":\"https:\\\/\\\/hotelesfray.com\\\/#website\",\"url\":\"https:\\\/\\\/hotelesfray.com\\\/\",\"name\":\"Hoteles Fray\",\"description\":\"Los Mejores Hoteles en el Centro de Tepic, Nayarit\",\"publisher\":{\"@id\":\"https:\\\/\\\/hotelesfray.com\\\/#organization\"},\"potentialAction\":[{\"@type\":\"SearchAction\",\"target\":{\"@type\":\"EntryPoint\",\"urlTemplate\":\"https:\\\/\\\/hotelesfray.com\\\/?s={search_term_string}\"},\"query-input\":{\"@type\":\"PropertyValueSpecification\",\"valueRequired\":true,\"valueName\":\"search_term_string\"}}],\"inLanguage\":\"en-US\"},{\"@type\":\"Organization\",\"@id\":\"https:\\\/\\\/hotelesfray.com\\\/#organization\",\"name\":\"Hoteles Fray\",\"url\":\"https:\\\/\\\/hotelesfray.com\\\/\",\"logo\":{\"@type\":\"ImageObject\",\"inLanguage\":\"en-US\",\"@id\":\"https:\\\/\\\/hotelesfray.com\\\/#\\\/schema\\\/logo\\\/image\\\/\",\"url\":\"https:\\\/\\\/hotelesfray.com\\\/wp-content\\\/uploads\\\/2023\\\/01\\\/HotelesFray-cuadro.png\",\"contentUrl\":\"https:\\\/\\\/hotelesfray.com\\\/wp-content\\\/uploads\\\/2023\\\/01\\\/HotelesFray-cuadro.png\",\"width\":2200,\"height\":2200,\"caption\":\"Hoteles Fray\"},\"image\":{\"@id\":\"https:\\\/\\\/hotelesfray.com\\\/#\\\/schema\\\/logo\\\/image\\\/\"}},{\"@type\":\"Person\",\"@id\":\"https:\\\/\\\/hotelesfray.com\\\/#\\\/schema\\\/person\\\/1a3f5909146e66cdba9aa8b37f1858e1\",\"name\":\"Eduardo Lopez\",\"image\":{\"@type\":\"ImageObject\",\"inLanguage\":\"en-US\",\"@id\":\"https:\\\/\\\/secure.gravatar.com\\\/avatar\\\/3d6f41a002d28c6845cb55b565f68141a241a36951b539d6f4dbddac28595734?s=96&d=mm&r=g\",\"url\":\"https:\\\/\\\/secure.gravatar.com\\\/avatar\\\/3d6f41a002d28c6845cb55b565f68141a241a36951b539d6f4dbddac28595734?s=96&d=mm&r=g\",\"contentUrl\":\"https:\\\/\\\/secure.gravatar.com\\\/avatar\\\/3d6f41a002d28c6845cb55b565f68141a241a36951b539d6f4dbddac28595734?s=96&d=mm&r=g\",\"caption\":\"Eduardo Lopez\"},\"url\":\"https:\\\/\\\/hotelesfray.com\\\/en\\\/author\\\/gente\\\/\"}]}<\/script>\n<!-- \/ Yoast SEO plugin. -->","yoast_head_json":{"title":"Hotels in Tepic | Hoteles Fray \u2013 Complimentary Buffet Breakfast","description":"Looking for hotels in Tepic? Hoteles Fray offers the best location, complimentary buffet breakfast, free WiFi, and flexible cancellation. Book directly with no deposit!","robots":{"index":"index","follow":"follow","max-snippet":"max-snippet:-1","max-image-preview":"max-image-preview:large","max-video-preview":"max-video-preview:-1"},"canonical":"https:\/\/hotelesfray.com\/en\/2025\/07\/24\/el-aeropuerto-de-tepic-se-expande-con-8-nuevas-rutas-internacionales-y-nacionales\/","og_locale":"en_US","og_type":"article","og_title":"Hotels in Tepic | Hoteles Fray \u2013 Complimentary Buffet Breakfast","og_description":"Looking for hotels in Tepic? Hoteles Fray offers the best location, complimentary buffet breakfast, free WiFi, and flexible cancellation. Book directly with no deposit!","og_url":"https:\/\/hotelesfray.com\/en\/2025\/07\/24\/el-aeropuerto-de-tepic-se-expande-con-8-nuevas-rutas-internacionales-y-nacionales\/","og_site_name":"Hoteles Fray","article_published_time":"2025-07-24T22:20:54+00:00","og_image":[{"width":1920,"height":1080,"url":"https:\/\/hotelesfray.com\/wp-content\/uploads\/2025\/07\/RutasAereasWeb.webp","type":"image\/jpeg"}],"author":"Eduardo Lopez","twitter_card":"summary_large_image","twitter_misc":{"Written by":"Eduardo Lopez","Est. reading time":"2 minutes"},"schema":{"@context":"https:\/\/schema.org","@graph":[{"@type":["Article","BlogPosting"],"@id":"https:\/\/hotelesfray.com\/2025\/07\/24\/el-aeropuerto-de-tepic-se-expande-con-8-nuevas-rutas-internacionales-y-nacionales\/#article","isPartOf":{"@id":"https:\/\/hotelesfray.com\/2025\/07\/24\/el-aeropuerto-de-tepic-se-expande-con-8-nuevas-rutas-internacionales-y-nacionales\/"},"author":{"name":"Eduardo Lopez","@id":"https:\/\/hotelesfray.com\/#\/schema\/person\/1a3f5909146e66cdba9aa8b37f1858e1"},"headline":"El Aeropuerto de Tepic se expande con 8 nuevas rutas internacionales y nacionales","datePublished":"2025-07-24T22:20:54+00:00","mainEntityOfPage":{"@id":"https:\/\/hotelesfray.com\/2025\/07\/24\/el-aeropuerto-de-tepic-se-expande-con-8-nuevas-rutas-internacionales-y-nacionales\/"},"wordCount":376,"publisher":{"@id":"https:\/\/hotelesfray.com\/#organization"},"image":{"@id":"https:\/\/hotelesfray.com\/2025\/07\/24\/el-aeropuerto-de-tepic-se-expande-con-8-nuevas-rutas-internacionales-y-nacionales\/#primaryimage"},"thumbnailUrl":"https:\/\/hotelesfray.com\/wp-content\/uploads\/2025\/07\/RutasAereasWeb.webp","articleSection":["Actualidad"],"inLanguage":"en-US"},{"@type":"WebPage","@id":"https:\/\/hotelesfray.com\/2025\/07\/24\/el-aeropuerto-de-tepic-se-expande-con-8-nuevas-rutas-internacionales-y-nacionales\/","url":"https:\/\/hotelesfray.com\/2025\/07\/24\/el-aeropuerto-de-tepic-se-expande-con-8-nuevas-rutas-internacionales-y-nacionales\/","name":"El Aeropuerto de Tepic se expande con 8 nuevas rutas internacionales y nacionales | Hoteles Fray","isPartOf":{"@id":"https:\/\/hotelesfray.com\/#website"},"primaryImageOfPage":{"@id":"https:\/\/hotelesfray.com\/2025\/07\/24\/el-aeropuerto-de-tepic-se-expande-con-8-nuevas-rutas-internacionales-y-nacionales\/#primaryimage"},"image":{"@id":"https:\/\/hotelesfray.com\/2025\/07\/24\/el-aeropuerto-de-tepic-se-expande-con-8-nuevas-rutas-internacionales-y-nacionales\/#primaryimage"},"thumbnailUrl":"https:\/\/hotelesfray.com\/wp-content\/uploads\/2025\/07\/RutasAereasWeb.webp","datePublished":"2025-07-24T22:20:54+00:00","breadcrumb":{"@id":"https:\/\/hotelesfray.com\/2025\/07\/24\/el-aeropuerto-de-tepic-se-expande-con-8-nuevas-rutas-internacionales-y-nacionales\/#breadcrumb"},"inLanguage":"en-US","potentialAction":[{"@type":"ReadAction","target":["https:\/\/hotelesfray.com\/2025\/07\/24\/el-aeropuerto-de-tepic-se-expande-con-8-nuevas-rutas-internacionales-y-nacionales\/"]}]},{"@type":"ImageObject","inLanguage":"en-US","@id":"https:\/\/hotelesfray.com\/2025\/07\/24\/el-aeropuerto-de-tepic-se-expande-con-8-nuevas-rutas-internacionales-y-nacionales\/#primaryimage","url":"https:\/\/hotelesfray.com\/wp-content\/uploads\/2025\/07\/RutasAereasWeb.webp","contentUrl":"https:\/\/hotelesfray.com\/wp-content\/uploads\/2025\/07\/RutasAereasWeb.webp","width":1920,"height":1080},{"@type":"BreadcrumbList","@id":"https:\/\/hotelesfray.com\/2025\/07\/24\/el-aeropuerto-de-tepic-se-expande-con-8-nuevas-rutas-internacionales-y-nacionales\/#breadcrumb","itemListElement":[{"@type":"ListItem","position":1,"name":"Actualidad","item":"https:\/\/hotelesfray.com\/category\/actualidad\/"},{"@type":"ListItem","position":2,"name":"El Aeropuerto de Tepic se expande con 8 nuevas rutas internacionales y nacionales"}]},{"@type":"WebSite","@id":"https:\/\/hotelesfray.com\/#website","url":"https:\/\/hotelesfray.com\/","name":"Hoteles Fray","description":"Los Mejores Hoteles en el Centro de Tepic, Nayarit","publisher":{"@id":"https:\/\/hotelesfray.com\/#organization"},"potentialAction":[{"@type":"SearchAction","target":{"@type":"EntryPoint","urlTemplate":"https:\/\/hotelesfray.com\/?s={search_term_string}"},"query-input":{"@type":"PropertyValueSpecification","valueRequired":true,"valueName":"search_term_string"}}],"inLanguage":"en-US"},{"@type":"Organization","@id":"https:\/\/hotelesfray.com\/#organization","name":"Hoteles Fray","url":"https:\/\/hotelesfray.com\/","logo":{"@type":"ImageObject","inLanguage":"en-US","@id":"https:\/\/hotelesfray.com\/#\/schema\/logo\/image\/","url":"https:\/\/hotelesfray.com\/wp-content\/uploads\/2023\/01\/HotelesFray-cuadro.png","contentUrl":"https:\/\/hotelesfray.com\/wp-content\/uploads\/2023\/01\/HotelesFray-cuadro.png","width":2200,"height":2200,"caption":"Hoteles Fray"},"image":{"@id":"https:\/\/hotelesfray.com\/#\/schema\/logo\/image\/"}},{"@type":"Person","@id":"https:\/\/hotelesfray.com\/#\/schema\/person\/1a3f5909146e66cdba9aa8b37f1858e1","name":"Eduardo Lopez","image":{"@type":"ImageObject","inLanguage":"en-US","@id":"https:\/\/secure.gravatar.com\/avatar\/3d6f41a002d28c6845cb55b565f68141a241a36951b539d6f4dbddac28595734?s=96&d=mm&r=g","url":"https:\/\/secure.gravatar.com\/avatar\/3d6f41a002d28c6845cb55b565f68141a241a36951b539d6f4dbddac28595734?s=96&d=mm&r=g","contentUrl":"https:\/\/secure.gravatar.com\/avatar\/3d6f41a002d28c6845cb55b565f68141a241a36951b539d6f4dbddac28595734?s=96&d=mm&r=g","caption":"Eduardo Lopez"},"url":"https:\/\/hotelesfray.com\/en\/author\/gente\/"}]}},"_links":{"self":[{"href":"https:\/\/hotelesfray.com\/en\/wp-json\/wp\/v2\/posts\/6208","targetHints":{"allow":["GET"]}}],"collection":[{"href":"https:\/\/hotelesfray.com\/en\/wp-json\/wp\/v2\/posts"}],"about":[{"href":"https:\/\/hotelesfray.com\/en\/wp-json\/wp\/v2\/types\/post"}],"author":[{"embeddable":true,"href":"https:\/\/hotelesfray.com\/en\/wp-json\/wp\/v2\/users\/2"}],"replies":[{"embeddable":true,"href":"https:\/\/hotelesfray.com\/en\/wp-json\/wp\/v2\/comments?post=6208"}],"version-history":[{"count":1,"href":"https:\/\/hotelesfray.com\/en\/wp-json\/wp\/v2\/posts\/6208\/revisions"}],"predecessor-version":[{"id":6211,"href":"https:\/\/hotelesfray.com\/en\/wp-json\/wp\/v2\/posts\/6208\/revisions\/6211"}],"wp:featuredmedia":[{"embeddable":true,"href":"https:\/\/hotelesfray.com\/en\/wp-json\/wp\/v2\/media\/6209"}],"wp:attachment":[{"href":"https:\/\/hotelesfray.com\/en\/wp-json\/wp\/v2\/media?parent=6208"}],"wp:term":[{"taxonomy":"category","embeddable":true,"href":"https:\/\/hotelesfray.com\/en\/wp-json\/wp\/v2\/categories?post=6208"},{"taxonomy":"post_tag","embeddable":true,"href":"https:\/\/hotelesfray.com\/en\/wp-json\/wp\/v2\/tags?post=6208"}],"curies":[{"name":"wp","href":"https:\/\/api.w.org\/{rel}","templated":true}]}}