{"id":6590,"date":"2025-11-01T22:49:02","date_gmt":"2025-11-02T02:49:02","guid":{"rendered":"https:\/\/hotelesfray.com\/?p=6590"},"modified":"2025-11-01T22:49:04","modified_gmt":"2025-11-02T02:49:04","slug":"tepic-se-conecta-con-el-mundo-crecimiento-historico-en-la-ruta-tepic-los-angeles","status":"publish","type":"post","link":"https:\/\/hotelesfray.com\/en\/2025\/11\/01\/tepic-se-conecta-con-el-mundo-crecimiento-historico-en-la-ruta-tepic-los-angeles\/","title":{"rendered":"\u00a1Tepic se Conecta con el Mundo! Crecimiento Hist\u00f3rico en la Ruta Tepic \u2013 Los \u00c1ngeles"},"content":{"rendered":"<h3 class=\"wp-block-heading\">Tepic, Nayarit, Alza el Vuelo en el Turismo Internacional<\/h3>\n\n\n\n<p>La capital de Nayarit da pasos firmes y emocionantes en su conexi\u00f3n con el mundo. La ruta a\u00e9rea <strong>Tepic \u2013 Los \u00c1ngeles (LAX)<\/strong> ha demostrado un crecimiento excepcional, consolidando a nuestra hermosa ciudad como un destino atractivo para viajeros internacionales.<\/p>\n\n\n\n<p>Con <strong>3 frecuencias semanales<\/strong>, esta conexi\u00f3n vital ha transportado a <strong>m\u00e1s de 10,000 pasajeros<\/strong> (incluyendo una estimaci\u00f3n de pasajeros para el mes de octubre), un testimonio del creciente inter\u00e9s por descubrir los encantos de la capital cora y sus alrededores.<\/p>\n\n\n\n<p>Este notable incremento en el flujo de viajeros de Estados Unidos significa una oportunidad de oro para el turismo local y la hoteler\u00eda.<\/p>\n\n\n\n<h3 class=\"wp-block-heading\">Tu Puerta de Entrada a Nayarit: HotelES Fray<\/h3>\n\n\n\n<p>Para el viajero que llega a Tepic desde Los \u00c1ngeles, el <strong>Hoteles Fray <\/strong>es la elecci\u00f3n ideal para iniciar su aventura.<\/p>\n\n\n\n<p>Ubicado estrat\u00e9gicamente en el coraz\u00f3n de la ciudad, nuestro hotel ofrece:<\/p>\n\n\n\n<ul class=\"wp-block-list\">\n<li><strong>Comodidad y hospitalidad:<\/strong> habitaciones confortables y servicios de primera para un descanso merecido tras su vuelo internacional.<\/li>\n\n\n\n<li><strong>Ubicaci\u00f3n central:<\/strong> la base perfecta para explorar los principales atractivos tur\u00edsticos de Tepic y sus alrededores: playas, bosques, Pueblos M\u00e1gicos, y mucho m\u00e1s.<\/li>\n\n\n\n<li><strong>Conexi\u00f3n con el estado:<\/strong> Tepic es el punto central para visitar maravillas cercanas como la Laguna de Santa Mar\u00eda del Oro, el Puerto de San Blas o los Pueblos M\u00e1gicos de Nayarit.<\/li>\n<\/ul>\n\n\n\n<h3 class=\"wp-block-heading\">PlaneA Tu Aventura en Tepic y el Pac\u00edfico Mexicano<\/h3>\n\n\n\n<p>La llegada de miles de viajeros internacionales subraya la riqueza de nuestra oferta tur\u00edstica. Tepic no es solo una ciudad capital; es la cuna de la cultura, la historia y la puerta de entrada a las playas, lagunas y la sierra nayarita.<\/p>\n\n\n\n<p>No importa si viaja por negocios o por placer, su experiencia en Tepic debe ser inolvidable. Conf\u00eda tu estancia a <strong>Hoteles Fray<\/strong> y disfruta de la hospitalidad nayarita que nos caracteriza.<\/p>","protected":false},"excerpt":{"rendered":"<p>La ruta a\u00e9rea Tepic \u2013 Los \u00c1ngeles supera los 10,000 pasajeros. Descubre por qu\u00e9 Nayarit est\u00e1 de moda y reserva tu estancia perfecta en el coraz\u00f3n de la capital con el Hotel Fray Jun\u00edpero.<\/p>","protected":false},"author":2,"featured_media":6591,"comment_status":"closed","ping_status":"closed","sticky":false,"template":"","format":"standard","meta":{"_et_pb_use_builder":"","_et_pb_old_content":"","_et_gb_content_width":"","footnotes":""},"categories":[1],"tags":[172,176,170,173,175,171,169,174,168],"class_list":["post-6590","post","type-post","status-publish","format-standard","has-post-thumbnail","hentry","category-general","tag-aeropuerto-tepic","tag-atractivos-turisticos-tepic","tag-hotel-fray-junipero","tag-hoteles-en-tepic","tag-los-angeles-a-tepic","tag-tepic-nayarit","tag-turismo-nayarit","tag-viajar-a-nayarit","tag-vuelos-tepic-los-angeles"],"yoast_head":"<!-- This site is optimized with the Yoast SEO plugin v27.4 - https:\/\/yoast.com\/product\/yoast-seo-wordpress\/ -->\n<title>Hotels in Tepic | Hoteles Fray \u2013 Complimentary Buffet Breakfast<\/title>\n<meta name=\"description\" content=\"Looking for hotels in Tepic? Hoteles Fray offers the best location, complimentary buffet breakfast, free WiFi, and flexible cancellation. Book directly with no deposit!\" \/>\n<meta name=\"robots\" content=\"index, follow, max-snippet:-1, max-image-preview:large, max-video-preview:-1\" \/>\n<link rel=\"canonical\" href=\"https:\/\/hotelesfray.com\/en\/2025\/11\/01\/tepic-se-conecta-con-el-mundo-crecimiento-historico-en-la-ruta-tepic-los-angeles\/\" \/>\n<meta property=\"og:locale\" content=\"en_US\" \/>\n<meta property=\"og:type\" content=\"article\" \/>\n<meta property=\"og:title\" content=\"Hotels in Tepic | Hoteles Fray \u2013 Complimentary Buffet Breakfast\" \/>\n<meta property=\"og:description\" content=\"Looking for hotels in Tepic? Hoteles Fray offers the best location, complimentary buffet breakfast, free WiFi, and flexible cancellation. Book directly with no deposit!\" \/>\n<meta property=\"og:url\" content=\"https:\/\/hotelesfray.com\/en\/2025\/11\/01\/tepic-se-conecta-con-el-mundo-crecimiento-historico-en-la-ruta-tepic-los-angeles\/\" \/>\n<meta property=\"og:site_name\" content=\"Hoteles Fray\" \/>\n<meta property=\"article:published_time\" content=\"2025-11-02T02:49:02+00:00\" \/>\n<meta property=\"article:modified_time\" content=\"2025-11-02T02:49:04+00:00\" \/>\n<meta property=\"og:image\" content=\"https:\/\/hotelesfray.com\/wp-content\/uploads\/2025\/11\/PasajerosLAX.webp\" \/>\n\t<meta property=\"og:image:width\" content=\"1905\" \/>\n\t<meta property=\"og:image:height\" content=\"1000\" \/>\n\t<meta property=\"og:image:type\" content=\"image\/jpeg\" \/>\n<meta name=\"author\" content=\"Eduardo Lopez\" \/>\n<meta name=\"twitter:card\" content=\"summary_large_image\" \/>\n<meta name=\"twitter:label1\" content=\"Written by\" \/>\n\t<meta name=\"twitter:data1\" content=\"Eduardo Lopez\" \/>\n\t<meta name=\"twitter:label2\" content=\"Est. reading time\" \/>\n\t<meta name=\"twitter:data2\" content=\"2 minutes\" \/>\n<script type=\"application\/ld+json\" class=\"yoast-schema-graph\">{\"@context\":\"https:\\\/\\\/schema.org\",\"@graph\":[{\"@type\":[\"Article\",\"BlogPosting\"],\"@id\":\"https:\\\/\\\/hotelesfray.com\\\/2025\\\/11\\\/01\\\/tepic-se-conecta-con-el-mundo-crecimiento-historico-en-la-ruta-tepic-los-angeles\\\/#article\",\"isPartOf\":{\"@id\":\"https:\\\/\\\/hotelesfray.com\\\/2025\\\/11\\\/01\\\/tepic-se-conecta-con-el-mundo-crecimiento-historico-en-la-ruta-tepic-los-angeles\\\/\"},\"author\":{\"name\":\"Eduardo Lopez\",\"@id\":\"https:\\\/\\\/hotelesfray.com\\\/#\\\/schema\\\/person\\\/1a3f5909146e66cdba9aa8b37f1858e1\"},\"headline\":\"\u00a1Tepic se Conecta con el Mundo! Crecimiento Hist\u00f3rico en la Ruta Tepic \u2013 Los \u00c1ngeles\",\"datePublished\":\"2025-11-02T02:49:02+00:00\",\"dateModified\":\"2025-11-02T02:49:04+00:00\",\"mainEntityOfPage\":{\"@id\":\"https:\\\/\\\/hotelesfray.com\\\/2025\\\/11\\\/01\\\/tepic-se-conecta-con-el-mundo-crecimiento-historico-en-la-ruta-tepic-los-angeles\\\/\"},\"wordCount\":338,\"publisher\":{\"@id\":\"https:\\\/\\\/hotelesfray.com\\\/#organization\"},\"image\":{\"@id\":\"https:\\\/\\\/hotelesfray.com\\\/2025\\\/11\\\/01\\\/tepic-se-conecta-con-el-mundo-crecimiento-historico-en-la-ruta-tepic-los-angeles\\\/#primaryimage\"},\"thumbnailUrl\":\"https:\\\/\\\/hotelesfray.com\\\/wp-content\\\/uploads\\\/2025\\\/11\\\/PasajerosLAX.webp\",\"keywords\":[\"Aeropuerto Tepic\",\"Atractivos Tur\u00edsticos Tepic\",\"Hotel Fray Jun\u00edpero\",\"Hoteles en Tepic\",\"Los \u00c1ngeles a Tepic\",\"Tepic Nayarit\",\"Turismo Nayarit\",\"Viajar a Nayarit\",\"Vuelos Tepic Los \u00c1ngeles\"],\"articleSection\":[\"General\"],\"inLanguage\":\"en-US\"},{\"@type\":\"WebPage\",\"@id\":\"https:\\\/\\\/hotelesfray.com\\\/2025\\\/11\\\/01\\\/tepic-se-conecta-con-el-mundo-crecimiento-historico-en-la-ruta-tepic-los-angeles\\\/\",\"url\":\"https:\\\/\\\/hotelesfray.com\\\/2025\\\/11\\\/01\\\/tepic-se-conecta-con-el-mundo-crecimiento-historico-en-la-ruta-tepic-los-angeles\\\/\",\"name\":\"\u00a1Tepic se Conecta con el Mundo! Crecimiento Hist\u00f3rico en la Ruta Tepic \u2013 Los \u00c1ngeles | Hoteles Fray\",\"isPartOf\":{\"@id\":\"https:\\\/\\\/hotelesfray.com\\\/#website\"},\"primaryImageOfPage\":{\"@id\":\"https:\\\/\\\/hotelesfray.com\\\/2025\\\/11\\\/01\\\/tepic-se-conecta-con-el-mundo-crecimiento-historico-en-la-ruta-tepic-los-angeles\\\/#primaryimage\"},\"image\":{\"@id\":\"https:\\\/\\\/hotelesfray.com\\\/2025\\\/11\\\/01\\\/tepic-se-conecta-con-el-mundo-crecimiento-historico-en-la-ruta-tepic-los-angeles\\\/#primaryimage\"},\"thumbnailUrl\":\"https:\\\/\\\/hotelesfray.com\\\/wp-content\\\/uploads\\\/2025\\\/11\\\/PasajerosLAX.webp\",\"datePublished\":\"2025-11-02T02:49:02+00:00\",\"dateModified\":\"2025-11-02T02:49:04+00:00\",\"breadcrumb\":{\"@id\":\"https:\\\/\\\/hotelesfray.com\\\/2025\\\/11\\\/01\\\/tepic-se-conecta-con-el-mundo-crecimiento-historico-en-la-ruta-tepic-los-angeles\\\/#breadcrumb\"},\"inLanguage\":\"en-US\",\"potentialAction\":[{\"@type\":\"ReadAction\",\"target\":[\"https:\\\/\\\/hotelesfray.com\\\/2025\\\/11\\\/01\\\/tepic-se-conecta-con-el-mundo-crecimiento-historico-en-la-ruta-tepic-los-angeles\\\/\"]}]},{\"@type\":\"ImageObject\",\"inLanguage\":\"en-US\",\"@id\":\"https:\\\/\\\/hotelesfray.com\\\/2025\\\/11\\\/01\\\/tepic-se-conecta-con-el-mundo-crecimiento-historico-en-la-ruta-tepic-los-angeles\\\/#primaryimage\",\"url\":\"https:\\\/\\\/hotelesfray.com\\\/wp-content\\\/uploads\\\/2025\\\/11\\\/PasajerosLAX.webp\",\"contentUrl\":\"https:\\\/\\\/hotelesfray.com\\\/wp-content\\\/uploads\\\/2025\\\/11\\\/PasajerosLAX.webp\",\"width\":1905,\"height\":1000},{\"@type\":\"BreadcrumbList\",\"@id\":\"https:\\\/\\\/hotelesfray.com\\\/2025\\\/11\\\/01\\\/tepic-se-conecta-con-el-mundo-crecimiento-historico-en-la-ruta-tepic-los-angeles\\\/#breadcrumb\",\"itemListElement\":[{\"@type\":\"ListItem\",\"position\":1,\"name\":\"General\",\"item\":\"https:\\\/\\\/hotelesfray.com\\\/category\\\/general\\\/\"},{\"@type\":\"ListItem\",\"position\":2,\"name\":\"\u00a1Tepic se Conecta con el Mundo! Crecimiento Hist\u00f3rico en la Ruta Tepic \u2013 Los \u00c1ngeles\"}]},{\"@type\":\"WebSite\",\"@id\":\"https:\\\/\\\/hotelesfray.com\\\/#website\",\"url\":\"https:\\\/\\\/hotelesfray.com\\\/\",\"name\":\"Hoteles Fray\",\"description\":\"Los Mejores Hoteles en el Centro de Tepic, Nayarit\",\"publisher\":{\"@id\":\"https:\\\/\\\/hotelesfray.com\\\/#organization\"},\"potentialAction\":[{\"@type\":\"SearchAction\",\"target\":{\"@type\":\"EntryPoint\",\"urlTemplate\":\"https:\\\/\\\/hotelesfray.com\\\/?s={search_term_string}\"},\"query-input\":{\"@type\":\"PropertyValueSpecification\",\"valueRequired\":true,\"valueName\":\"search_term_string\"}}],\"inLanguage\":\"en-US\"},{\"@type\":\"Organization\",\"@id\":\"https:\\\/\\\/hotelesfray.com\\\/#organization\",\"name\":\"Hoteles Fray\",\"url\":\"https:\\\/\\\/hotelesfray.com\\\/\",\"logo\":{\"@type\":\"ImageObject\",\"inLanguage\":\"en-US\",\"@id\":\"https:\\\/\\\/hotelesfray.com\\\/#\\\/schema\\\/logo\\\/image\\\/\",\"url\":\"https:\\\/\\\/hotelesfray.com\\\/wp-content\\\/uploads\\\/2023\\\/01\\\/HotelesFray-cuadro.png\",\"contentUrl\":\"https:\\\/\\\/hotelesfray.com\\\/wp-content\\\/uploads\\\/2023\\\/01\\\/HotelesFray-cuadro.png\",\"width\":2200,\"height\":2200,\"caption\":\"Hoteles Fray\"},\"image\":{\"@id\":\"https:\\\/\\\/hotelesfray.com\\\/#\\\/schema\\\/logo\\\/image\\\/\"}},{\"@type\":\"Person\",\"@id\":\"https:\\\/\\\/hotelesfray.com\\\/#\\\/schema\\\/person\\\/1a3f5909146e66cdba9aa8b37f1858e1\",\"name\":\"Eduardo Lopez\",\"image\":{\"@type\":\"ImageObject\",\"inLanguage\":\"en-US\",\"@id\":\"https:\\\/\\\/secure.gravatar.com\\\/avatar\\\/3d6f41a002d28c6845cb55b565f68141a241a36951b539d6f4dbddac28595734?s=96&d=mm&r=g\",\"url\":\"https:\\\/\\\/secure.gravatar.com\\\/avatar\\\/3d6f41a002d28c6845cb55b565f68141a241a36951b539d6f4dbddac28595734?s=96&d=mm&r=g\",\"contentUrl\":\"https:\\\/\\\/secure.gravatar.com\\\/avatar\\\/3d6f41a002d28c6845cb55b565f68141a241a36951b539d6f4dbddac28595734?s=96&d=mm&r=g\",\"caption\":\"Eduardo Lopez\"},\"url\":\"https:\\\/\\\/hotelesfray.com\\\/en\\\/author\\\/gente\\\/\"}]}<\/script>\n<!-- \/ Yoast SEO plugin. -->","yoast_head_json":{"title":"Hotels in Tepic | Hoteles Fray \u2013 Complimentary Buffet Breakfast","description":"Looking for hotels in Tepic? Hoteles Fray offers the best location, complimentary buffet breakfast, free WiFi, and flexible cancellation. Book directly with no deposit!","robots":{"index":"index","follow":"follow","max-snippet":"max-snippet:-1","max-image-preview":"max-image-preview:large","max-video-preview":"max-video-preview:-1"},"canonical":"https:\/\/hotelesfray.com\/en\/2025\/11\/01\/tepic-se-conecta-con-el-mundo-crecimiento-historico-en-la-ruta-tepic-los-angeles\/","og_locale":"en_US","og_type":"article","og_title":"Hotels in Tepic | Hoteles Fray \u2013 Complimentary Buffet Breakfast","og_description":"Looking for hotels in Tepic? Hoteles Fray offers the best location, complimentary buffet breakfast, free WiFi, and flexible cancellation. Book directly with no deposit!","og_url":"https:\/\/hotelesfray.com\/en\/2025\/11\/01\/tepic-se-conecta-con-el-mundo-crecimiento-historico-en-la-ruta-tepic-los-angeles\/","og_site_name":"Hoteles Fray","article_published_time":"2025-11-02T02:49:02+00:00","article_modified_time":"2025-11-02T02:49:04+00:00","og_image":[{"width":1905,"height":1000,"url":"https:\/\/hotelesfray.com\/wp-content\/uploads\/2025\/11\/PasajerosLAX.webp","type":"image\/jpeg"}],"author":"Eduardo Lopez","twitter_card":"summary_large_image","twitter_misc":{"Written by":"Eduardo Lopez","Est. reading time":"2 minutes"},"schema":{"@context":"https:\/\/schema.org","@graph":[{"@type":["Article","BlogPosting"],"@id":"https:\/\/hotelesfray.com\/2025\/11\/01\/tepic-se-conecta-con-el-mundo-crecimiento-historico-en-la-ruta-tepic-los-angeles\/#article","isPartOf":{"@id":"https:\/\/hotelesfray.com\/2025\/11\/01\/tepic-se-conecta-con-el-mundo-crecimiento-historico-en-la-ruta-tepic-los-angeles\/"},"author":{"name":"Eduardo Lopez","@id":"https:\/\/hotelesfray.com\/#\/schema\/person\/1a3f5909146e66cdba9aa8b37f1858e1"},"headline":"\u00a1Tepic se Conecta con el Mundo! Crecimiento Hist\u00f3rico en la Ruta Tepic \u2013 Los \u00c1ngeles","datePublished":"2025-11-02T02:49:02+00:00","dateModified":"2025-11-02T02:49:04+00:00","mainEntityOfPage":{"@id":"https:\/\/hotelesfray.com\/2025\/11\/01\/tepic-se-conecta-con-el-mundo-crecimiento-historico-en-la-ruta-tepic-los-angeles\/"},"wordCount":338,"publisher":{"@id":"https:\/\/hotelesfray.com\/#organization"},"image":{"@id":"https:\/\/hotelesfray.com\/2025\/11\/01\/tepic-se-conecta-con-el-mundo-crecimiento-historico-en-la-ruta-tepic-los-angeles\/#primaryimage"},"thumbnailUrl":"https:\/\/hotelesfray.com\/wp-content\/uploads\/2025\/11\/PasajerosLAX.webp","keywords":["Aeropuerto Tepic","Atractivos Tur\u00edsticos Tepic","Hotel Fray Jun\u00edpero","Hoteles en Tepic","Los \u00c1ngeles a Tepic","Tepic Nayarit","Turismo Nayarit","Viajar a Nayarit","Vuelos Tepic Los \u00c1ngeles"],"articleSection":["General"],"inLanguage":"en-US"},{"@type":"WebPage","@id":"https:\/\/hotelesfray.com\/2025\/11\/01\/tepic-se-conecta-con-el-mundo-crecimiento-historico-en-la-ruta-tepic-los-angeles\/","url":"https:\/\/hotelesfray.com\/2025\/11\/01\/tepic-se-conecta-con-el-mundo-crecimiento-historico-en-la-ruta-tepic-los-angeles\/","name":"\u00a1Tepic se Conecta con el Mundo! Crecimiento Hist\u00f3rico en la Ruta Tepic \u2013 Los \u00c1ngeles | Hoteles Fray","isPartOf":{"@id":"https:\/\/hotelesfray.com\/#website"},"primaryImageOfPage":{"@id":"https:\/\/hotelesfray.com\/2025\/11\/01\/tepic-se-conecta-con-el-mundo-crecimiento-historico-en-la-ruta-tepic-los-angeles\/#primaryimage"},"image":{"@id":"https:\/\/hotelesfray.com\/2025\/11\/01\/tepic-se-conecta-con-el-mundo-crecimiento-historico-en-la-ruta-tepic-los-angeles\/#primaryimage"},"thumbnailUrl":"https:\/\/hotelesfray.com\/wp-content\/uploads\/2025\/11\/PasajerosLAX.webp","datePublished":"2025-11-02T02:49:02+00:00","dateModified":"2025-11-02T02:49:04+00:00","breadcrumb":{"@id":"https:\/\/hotelesfray.com\/2025\/11\/01\/tepic-se-conecta-con-el-mundo-crecimiento-historico-en-la-ruta-tepic-los-angeles\/#breadcrumb"},"inLanguage":"en-US","potentialAction":[{"@type":"ReadAction","target":["https:\/\/hotelesfray.com\/2025\/11\/01\/tepic-se-conecta-con-el-mundo-crecimiento-historico-en-la-ruta-tepic-los-angeles\/"]}]},{"@type":"ImageObject","inLanguage":"en-US","@id":"https:\/\/hotelesfray.com\/2025\/11\/01\/tepic-se-conecta-con-el-mundo-crecimiento-historico-en-la-ruta-tepic-los-angeles\/#primaryimage","url":"https:\/\/hotelesfray.com\/wp-content\/uploads\/2025\/11\/PasajerosLAX.webp","contentUrl":"https:\/\/hotelesfray.com\/wp-content\/uploads\/2025\/11\/PasajerosLAX.webp","width":1905,"height":1000},{"@type":"BreadcrumbList","@id":"https:\/\/hotelesfray.com\/2025\/11\/01\/tepic-se-conecta-con-el-mundo-crecimiento-historico-en-la-ruta-tepic-los-angeles\/#breadcrumb","itemListElement":[{"@type":"ListItem","position":1,"name":"General","item":"https:\/\/hotelesfray.com\/category\/general\/"},{"@type":"ListItem","position":2,"name":"\u00a1Tepic se Conecta con el Mundo! Crecimiento Hist\u00f3rico en la Ruta Tepic \u2013 Los \u00c1ngeles"}]},{"@type":"WebSite","@id":"https:\/\/hotelesfray.com\/#website","url":"https:\/\/hotelesfray.com\/","name":"Hoteles Fray","description":"Los Mejores Hoteles en el Centro de Tepic, Nayarit","publisher":{"@id":"https:\/\/hotelesfray.com\/#organization"},"potentialAction":[{"@type":"SearchAction","target":{"@type":"EntryPoint","urlTemplate":"https:\/\/hotelesfray.com\/?s={search_term_string}"},"query-input":{"@type":"PropertyValueSpecification","valueRequired":true,"valueName":"search_term_string"}}],"inLanguage":"en-US"},{"@type":"Organization","@id":"https:\/\/hotelesfray.com\/#organization","name":"Hoteles Fray","url":"https:\/\/hotelesfray.com\/","logo":{"@type":"ImageObject","inLanguage":"en-US","@id":"https:\/\/hotelesfray.com\/#\/schema\/logo\/image\/","url":"https:\/\/hotelesfray.com\/wp-content\/uploads\/2023\/01\/HotelesFray-cuadro.png","contentUrl":"https:\/\/hotelesfray.com\/wp-content\/uploads\/2023\/01\/HotelesFray-cuadro.png","width":2200,"height":2200,"caption":"Hoteles Fray"},"image":{"@id":"https:\/\/hotelesfray.com\/#\/schema\/logo\/image\/"}},{"@type":"Person","@id":"https:\/\/hotelesfray.com\/#\/schema\/person\/1a3f5909146e66cdba9aa8b37f1858e1","name":"Eduardo Lopez","image":{"@type":"ImageObject","inLanguage":"en-US","@id":"https:\/\/secure.gravatar.com\/avatar\/3d6f41a002d28c6845cb55b565f68141a241a36951b539d6f4dbddac28595734?s=96&d=mm&r=g","url":"https:\/\/secure.gravatar.com\/avatar\/3d6f41a002d28c6845cb55b565f68141a241a36951b539d6f4dbddac28595734?s=96&d=mm&r=g","contentUrl":"https:\/\/secure.gravatar.com\/avatar\/3d6f41a002d28c6845cb55b565f68141a241a36951b539d6f4dbddac28595734?s=96&d=mm&r=g","caption":"Eduardo Lopez"},"url":"https:\/\/hotelesfray.com\/en\/author\/gente\/"}]}},"_links":{"self":[{"href":"https:\/\/hotelesfray.com\/en\/wp-json\/wp\/v2\/posts\/6590","targetHints":{"allow":["GET"]}}],"collection":[{"href":"https:\/\/hotelesfray.com\/en\/wp-json\/wp\/v2\/posts"}],"about":[{"href":"https:\/\/hotelesfray.com\/en\/wp-json\/wp\/v2\/types\/post"}],"author":[{"embeddable":true,"href":"https:\/\/hotelesfray.com\/en\/wp-json\/wp\/v2\/users\/2"}],"replies":[{"embeddable":true,"href":"https:\/\/hotelesfray.com\/en\/wp-json\/wp\/v2\/comments?post=6590"}],"version-history":[{"count":1,"href":"https:\/\/hotelesfray.com\/en\/wp-json\/wp\/v2\/posts\/6590\/revisions"}],"predecessor-version":[{"id":6592,"href":"https:\/\/hotelesfray.com\/en\/wp-json\/wp\/v2\/posts\/6590\/revisions\/6592"}],"wp:featuredmedia":[{"embeddable":true,"href":"https:\/\/hotelesfray.com\/en\/wp-json\/wp\/v2\/media\/6591"}],"wp:attachment":[{"href":"https:\/\/hotelesfray.com\/en\/wp-json\/wp\/v2\/media?parent=6590"}],"wp:term":[{"taxonomy":"category","embeddable":true,"href":"https:\/\/hotelesfray.com\/en\/wp-json\/wp\/v2\/categories?post=6590"},{"taxonomy":"post_tag","embeddable":true,"href":"https:\/\/hotelesfray.com\/en\/wp-json\/wp\/v2\/tags?post=6590"}],"curies":[{"name":"wp","href":"https:\/\/api.w.org\/{rel}","templated":true}]}}