{"id":6631,"date":"2025-12-14T20:39:57","date_gmt":"2025-12-15T00:39:57","guid":{"rendered":"https:\/\/hotelesfray.com\/?p=6631"},"modified":"2025-12-14T20:39:58","modified_gmt":"2025-12-15T00:39:58","slug":"este-fin-de-semana-cambio-el-color-de-la-laguna-de-santa-maria-del-oro-en-nayarit","status":"publish","type":"post","link":"https:\/\/hotelesfray.com\/en\/2025\/12\/14\/este-fin-de-semana-cambio-el-color-de-la-laguna-de-santa-maria-del-oro-en-nayarit\/","title":{"rendered":"Este fin de semana cambi\u00f3 el color de la Laguna de Santa Mar\u00eda del Oro en Nayarit"},"content":{"rendered":"<p>Entre el 12 y el 14 de diciembre, habitantes, visitantes y creadores de contenido en Nayarit fueron testigos de un fen\u00f3meno que no pasa desapercibido: la Laguna de Santa Mar\u00eda del Oro adquiri\u00f3 un intenso tono turquesa, muy distinto al azul profundo o verde oscuro que suele presentar durante la mayor parte del a\u00f1o.<\/p>\n\n\n\n<p>Las im\u00e1genes y videos compartidos en redes sociales despertaron curiosidad, asombro y tambi\u00e9n preguntas leg\u00edtimas:<br>\u00bfes normal?, \u00bfest\u00e1 contaminada?, \u00bfpor qu\u00e9 cambia de color?, \u00bfes seguro visitarla cuando ocurre este fen\u00f3meno?<\/p>\n\n\n\n<h2 class=\"wp-block-heading\">Un espect\u00e1culo natural que volvi\u00f3 a sorprender<\/h2>\n\n\n\n<p>La Laguna de Santa Mar\u00eda del Oro, ubicada a unos 45 minutos de Tepic, es uno de los cuerpos de agua m\u00e1s emblem\u00e1ticos del estado. Se trata de una laguna de origen volc\u00e1nico, formada en el cr\u00e1ter de un volc\u00e1n extinto, con una profundidad que supera los 60 metros en su parte central.<\/p>\n\n\n\n<p>Durante el fin de semana del 12 al 14 de diciembre, el agua mostr\u00f3 una coloraci\u00f3n turquesa brillante, especialmente visible en las orillas y en las zonas donde el sol incid\u00eda directamente. Este fen\u00f3meno no es permanente, pero tampoco es inusual.<\/p>\n\n\n\n<p>Lejos de ser una se\u00f1al negativa, el cambio de color responde a procesos f\u00edsicos, biol\u00f3gicos y clim\u00e1ticos que ocurren de forma natural en lagunas profundas como esta.<\/p>\n\n\n\n<figure class=\"wp-block-image size-large\"><img loading=\"lazy\" decoding=\"async\" width=\"1024\" height=\"538\" src=\"https:\/\/hotelesfray.com\/wp-content\/uploads\/2022\/01\/LagunaSamaoColor-1024x538.jpg\" alt=\"\" class=\"wp-image-2911\" srcset=\"https:\/\/hotelesfray.com\/wp-content\/uploads\/2022\/01\/LagunaSamaoColor-980x515.jpg 980w, https:\/\/hotelesfray.com\/wp-content\/uploads\/2022\/01\/LagunaSamaoColor-480x252.jpg 480w\" sizes=\"(min-width: 0px) and (max-width: 480px) 480px, (min-width: 481px) and (max-width: 980px) 980px, (min-width: 981px) 1024px, 100vw\" \/><\/figure>\n\n\n\n<h2 class=\"wp-block-heading\">\u00bfPor qu\u00e9 cambia de color la Laguna de Santa Mar\u00eda del Oro?<\/h2>\n\n\n\n<p>El color del agua en lagos y lagunas no es fijo. Depende de m\u00faltiples factores que interact\u00faan entre s\u00ed. En el caso de Santa Mar\u00eda del Oro, los especialistas coinciden en que el tono turquesa se debe principalmente a una combinaci\u00f3n de tres factores naturales.<\/p>\n\n\n\n<h3 class=\"wp-block-heading\">Floraci\u00f3n de fitoplancton (microalgas)<\/h3>\n\n\n\n<ol class=\"wp-block-list\">\n<li><\/li>\n<\/ol>\n\n\n\n<p>Uno de los factores m\u00e1s importantes es la presencia de fitoplancton, organismos microsc\u00f3picos que viven en suspensi\u00f3n dentro del agua.<\/p>\n\n\n\n<p>Cuando se dan ciertas condiciones \u2014como temperatura estable, mayor radiaci\u00f3n solar y nutrientes disponibles\u2014 estas microalgas aumentan temporalmente su concentraci\u00f3n, reflejando la luz solar de una manera distinta.<\/p>\n\n\n\n<p>El resultado visual es un color turquesa o verde azulado, muy parecido al que se observa en lagos volc\u00e1nicos de otras partes del mundo.<\/p>\n\n\n\n<p>Este proceso se conoce como floraci\u00f3n algal natural y no debe confundirse autom\u00e1ticamente con contaminaci\u00f3n.<\/p>\n\n\n\n<h3 class=\"wp-block-heading\">Temperatura del agua y estratificaci\u00f3n t\u00e9rmica<\/h3>\n\n\n\n<ol start=\"2\" class=\"wp-block-list\">\n<li><\/li>\n<\/ol>\n\n\n\n<p>Durante diciembre, especialmente despu\u00e9s de d\u00edas soleados y noches frescas, la laguna puede presentar un fen\u00f3meno llamado estratificaci\u00f3n t\u00e9rmica.<\/p>\n\n\n\n<p>Esto significa que:<\/p>\n\n\n\n<ul class=\"wp-block-list\">\n<li>El agua superficial es m\u00e1s fr\u00eda y clara<\/li>\n\n\n\n<li>El agua profunda permanece m\u00e1s c\u00e1lida<\/li>\n\n\n\n<li>Hay menor mezcla entre capas<\/li>\n<\/ul>\n\n\n\n<p>Esta separaci\u00f3n permite que las part\u00edculas microsc\u00f3picas se concentren cerca de la superficie, intensificando la reflexi\u00f3n de la luz y acentuando los tonos claros.<\/p>\n\n\n\n<figure class=\"wp-block-image size-large\"><img loading=\"lazy\" decoding=\"async\" width=\"1024\" height=\"576\" src=\"https:\/\/hotelesfray.com\/wp-content\/uploads\/2020\/04\/LagunaSAMAO3-1024x576.jpg\" alt=\"\" class=\"wp-image-1148\" srcset=\"https:\/\/hotelesfray.com\/wp-content\/uploads\/2020\/04\/LagunaSAMAO3-980x551.jpg 980w, https:\/\/hotelesfray.com\/wp-content\/uploads\/2020\/04\/LagunaSAMAO3-480x270.jpg 480w\" sizes=\"(min-width: 0px) and (max-width: 480px) 480px, (min-width: 481px) and (max-width: 980px) 980px, (min-width: 981px) 1024px, 100vw\" \/><\/figure>\n\n\n\n<h3 class=\"wp-block-heading\">\u00bfCada cu\u00e1nto ocurre este fen\u00f3meno?<\/h3>\n\n\n\n<p>El cambio a tonos turquesa no sucede en fechas exactas, pero suele presentarse:<\/p>\n\n\n\n<ul class=\"wp-block-list\">\n<li>Entre noviembre y febrero<\/li>\n\n\n\n<li>Despu\u00e9s de varios d\u00edas soleados<\/li>\n\n\n\n<li>Cuando hay poca lluvia reciente<\/li>\n\n\n\n<li>En periodos de baja agitaci\u00f3n del agua<\/li>\n<\/ul>\n\n\n\n<p>Algunos a\u00f1os es m\u00e1s visible que otros, dependiendo de las condiciones clFuente:<br>\u2013 Testimonios locales recopilados por medios regionales<br>\u2013 Estudios limnol\u00f3gicos de lagos volc\u00e1nicos (UNAM)<\/p>\n\n\n\n<h4 class=\"wp-block-heading\">Fuentes generales consultadas<\/h4>\n\n\n\n<ul class=\"wp-block-list\">\n<li>Comisi\u00f3n Nacional del Agua (CONAGUA)<\/li>\n\n\n\n<li>Instituto Mexicano de Tecnolog\u00eda del Agua (IMTA)<\/li>\n\n\n\n<li>Universidad Nacional Aut\u00f3noma de M\u00e9xico (UNAM)<\/li>\n\n\n\n<li>Instituto de Geograf\u00eda e Instituto de Geolog\u00eda, UNAM<\/li>\n\n\n\n<li>Secretar\u00eda de Turismo de Nayarit<\/li>\n\n\n\n<li>National Geographic en Espa\u00f1ol<\/li>\n\n\n\n<li>Organizaci\u00f3n Mundial de la Salud (OMS)<\/li>\n<\/ul>","protected":false},"excerpt":{"rendered":"<p>Entre el 12 y el 14 de diciembre, habitantes, visitantes y creadores de contenido en Nayarit fueron testigos de un fen\u00f3meno que no pasa desapercibido: la Laguna de Santa Mar\u00eda del Oro adquiri\u00f3 un intenso tono turquesa, muy distinto al azul profundo o verde oscuro que suele presentar durante la mayor parte del a\u00f1o. Las [&hellip;]<\/p>\n","protected":false},"author":2,"featured_media":2997,"comment_status":"closed","ping_status":"closed","sticky":false,"template":"","format":"standard","meta":{"_et_pb_use_builder":"","_et_pb_old_content":"","_et_gb_content_width":"","footnotes":""},"categories":[1],"tags":[],"class_list":["post-6631","post","type-post","status-publish","format-standard","has-post-thumbnail","hentry","category-general"],"yoast_head":"<!-- This site is optimized with the Yoast SEO plugin v27.4 - https:\/\/yoast.com\/product\/yoast-seo-wordpress\/ -->\n<title>Hotels in Tepic | Hoteles Fray \u2013 Complimentary Buffet Breakfast<\/title>\n<meta name=\"description\" content=\"Looking for hotels in Tepic? Hoteles Fray offers the best location, complimentary buffet breakfast, free WiFi, and flexible cancellation. Book directly with no deposit!\" \/>\n<meta name=\"robots\" content=\"index, follow, max-snippet:-1, max-image-preview:large, max-video-preview:-1\" \/>\n<link rel=\"canonical\" href=\"https:\/\/hotelesfray.com\/en\/2025\/12\/14\/este-fin-de-semana-cambio-el-color-de-la-laguna-de-santa-maria-del-oro-en-nayarit\/\" \/>\n<meta property=\"og:locale\" content=\"en_US\" \/>\n<meta property=\"og:type\" content=\"article\" \/>\n<meta property=\"og:title\" content=\"Hotels in Tepic | Hoteles Fray \u2013 Complimentary Buffet Breakfast\" \/>\n<meta property=\"og:description\" content=\"Looking for hotels in Tepic? Hoteles Fray offers the best location, complimentary buffet breakfast, free WiFi, and flexible cancellation. Book directly with no deposit!\" \/>\n<meta property=\"og:url\" content=\"https:\/\/hotelesfray.com\/en\/2025\/12\/14\/este-fin-de-semana-cambio-el-color-de-la-laguna-de-santa-maria-del-oro-en-nayarit\/\" \/>\n<meta property=\"og:site_name\" content=\"Hoteles Fray\" \/>\n<meta property=\"article:published_time\" content=\"2025-12-15T00:39:57+00:00\" \/>\n<meta property=\"article:modified_time\" content=\"2025-12-15T00:39:58+00:00\" \/>\n<meta property=\"og:image\" content=\"https:\/\/hotelesfray.com\/wp-content\/uploads\/2022\/02\/LagunaSamao1.jpg\" \/>\n\t<meta property=\"og:image:width\" content=\"2000\" \/>\n\t<meta property=\"og:image:height\" content=\"1050\" \/>\n\t<meta property=\"og:image:type\" content=\"image\/jpeg\" \/>\n<meta name=\"author\" content=\"Eduardo Lopez\" \/>\n<meta name=\"twitter:card\" content=\"summary_large_image\" \/>\n<meta name=\"twitter:label1\" content=\"Written by\" \/>\n\t<meta name=\"twitter:data1\" content=\"Eduardo Lopez\" \/>\n\t<meta name=\"twitter:label2\" content=\"Est. reading time\" \/>\n\t<meta name=\"twitter:data2\" content=\"3 minutes\" \/>\n<script type=\"application\/ld+json\" class=\"yoast-schema-graph\">{\"@context\":\"https:\\\/\\\/schema.org\",\"@graph\":[{\"@type\":[\"Article\",\"BlogPosting\"],\"@id\":\"https:\\\/\\\/hotelesfray.com\\\/2025\\\/12\\\/14\\\/este-fin-de-semana-cambio-el-color-de-la-laguna-de-santa-maria-del-oro-en-nayarit\\\/#article\",\"isPartOf\":{\"@id\":\"https:\\\/\\\/hotelesfray.com\\\/2025\\\/12\\\/14\\\/este-fin-de-semana-cambio-el-color-de-la-laguna-de-santa-maria-del-oro-en-nayarit\\\/\"},\"author\":{\"name\":\"Eduardo Lopez\",\"@id\":\"https:\\\/\\\/hotelesfray.com\\\/#\\\/schema\\\/person\\\/1a3f5909146e66cdba9aa8b37f1858e1\"},\"headline\":\"Este fin de semana cambi\u00f3 el color de la Laguna de Santa Mar\u00eda del Oro en Nayarit\",\"datePublished\":\"2025-12-15T00:39:57+00:00\",\"dateModified\":\"2025-12-15T00:39:58+00:00\",\"mainEntityOfPage\":{\"@id\":\"https:\\\/\\\/hotelesfray.com\\\/2025\\\/12\\\/14\\\/este-fin-de-semana-cambio-el-color-de-la-laguna-de-santa-maria-del-oro-en-nayarit\\\/\"},\"wordCount\":620,\"publisher\":{\"@id\":\"https:\\\/\\\/hotelesfray.com\\\/#organization\"},\"image\":{\"@id\":\"https:\\\/\\\/hotelesfray.com\\\/2025\\\/12\\\/14\\\/este-fin-de-semana-cambio-el-color-de-la-laguna-de-santa-maria-del-oro-en-nayarit\\\/#primaryimage\"},\"thumbnailUrl\":\"https:\\\/\\\/hotelesfray.com\\\/wp-content\\\/uploads\\\/2022\\\/02\\\/LagunaSamao1.jpg\",\"articleSection\":[\"General\"],\"inLanguage\":\"en-US\"},{\"@type\":\"WebPage\",\"@id\":\"https:\\\/\\\/hotelesfray.com\\\/2025\\\/12\\\/14\\\/este-fin-de-semana-cambio-el-color-de-la-laguna-de-santa-maria-del-oro-en-nayarit\\\/\",\"url\":\"https:\\\/\\\/hotelesfray.com\\\/2025\\\/12\\\/14\\\/este-fin-de-semana-cambio-el-color-de-la-laguna-de-santa-maria-del-oro-en-nayarit\\\/\",\"name\":\"Este fin de semana cambi\u00f3 el color de la Laguna de Santa Mar\u00eda del Oro en Nayarit | Hoteles Fray\",\"isPartOf\":{\"@id\":\"https:\\\/\\\/hotelesfray.com\\\/#website\"},\"primaryImageOfPage\":{\"@id\":\"https:\\\/\\\/hotelesfray.com\\\/2025\\\/12\\\/14\\\/este-fin-de-semana-cambio-el-color-de-la-laguna-de-santa-maria-del-oro-en-nayarit\\\/#primaryimage\"},\"image\":{\"@id\":\"https:\\\/\\\/hotelesfray.com\\\/2025\\\/12\\\/14\\\/este-fin-de-semana-cambio-el-color-de-la-laguna-de-santa-maria-del-oro-en-nayarit\\\/#primaryimage\"},\"thumbnailUrl\":\"https:\\\/\\\/hotelesfray.com\\\/wp-content\\\/uploads\\\/2022\\\/02\\\/LagunaSamao1.jpg\",\"datePublished\":\"2025-12-15T00:39:57+00:00\",\"dateModified\":\"2025-12-15T00:39:58+00:00\",\"breadcrumb\":{\"@id\":\"https:\\\/\\\/hotelesfray.com\\\/2025\\\/12\\\/14\\\/este-fin-de-semana-cambio-el-color-de-la-laguna-de-santa-maria-del-oro-en-nayarit\\\/#breadcrumb\"},\"inLanguage\":\"en-US\",\"potentialAction\":[{\"@type\":\"ReadAction\",\"target\":[\"https:\\\/\\\/hotelesfray.com\\\/2025\\\/12\\\/14\\\/este-fin-de-semana-cambio-el-color-de-la-laguna-de-santa-maria-del-oro-en-nayarit\\\/\"]}]},{\"@type\":\"ImageObject\",\"inLanguage\":\"en-US\",\"@id\":\"https:\\\/\\\/hotelesfray.com\\\/2025\\\/12\\\/14\\\/este-fin-de-semana-cambio-el-color-de-la-laguna-de-santa-maria-del-oro-en-nayarit\\\/#primaryimage\",\"url\":\"https:\\\/\\\/hotelesfray.com\\\/wp-content\\\/uploads\\\/2022\\\/02\\\/LagunaSamao1.jpg\",\"contentUrl\":\"https:\\\/\\\/hotelesfray.com\\\/wp-content\\\/uploads\\\/2022\\\/02\\\/LagunaSamao1.jpg\",\"width\":2000,\"height\":1050},{\"@type\":\"BreadcrumbList\",\"@id\":\"https:\\\/\\\/hotelesfray.com\\\/2025\\\/12\\\/14\\\/este-fin-de-semana-cambio-el-color-de-la-laguna-de-santa-maria-del-oro-en-nayarit\\\/#breadcrumb\",\"itemListElement\":[{\"@type\":\"ListItem\",\"position\":1,\"name\":\"General\",\"item\":\"https:\\\/\\\/hotelesfray.com\\\/category\\\/general\\\/\"},{\"@type\":\"ListItem\",\"position\":2,\"name\":\"Este fin de semana cambi\u00f3 el color de la Laguna de Santa Mar\u00eda del Oro en Nayarit\"}]},{\"@type\":\"WebSite\",\"@id\":\"https:\\\/\\\/hotelesfray.com\\\/#website\",\"url\":\"https:\\\/\\\/hotelesfray.com\\\/\",\"name\":\"Hoteles Fray\",\"description\":\"Los Mejores Hoteles en el Centro de Tepic, Nayarit\",\"publisher\":{\"@id\":\"https:\\\/\\\/hotelesfray.com\\\/#organization\"},\"potentialAction\":[{\"@type\":\"SearchAction\",\"target\":{\"@type\":\"EntryPoint\",\"urlTemplate\":\"https:\\\/\\\/hotelesfray.com\\\/?s={search_term_string}\"},\"query-input\":{\"@type\":\"PropertyValueSpecification\",\"valueRequired\":true,\"valueName\":\"search_term_string\"}}],\"inLanguage\":\"en-US\"},{\"@type\":\"Organization\",\"@id\":\"https:\\\/\\\/hotelesfray.com\\\/#organization\",\"name\":\"Hoteles Fray\",\"url\":\"https:\\\/\\\/hotelesfray.com\\\/\",\"logo\":{\"@type\":\"ImageObject\",\"inLanguage\":\"en-US\",\"@id\":\"https:\\\/\\\/hotelesfray.com\\\/#\\\/schema\\\/logo\\\/image\\\/\",\"url\":\"https:\\\/\\\/hotelesfray.com\\\/wp-content\\\/uploads\\\/2023\\\/01\\\/HotelesFray-cuadro.png\",\"contentUrl\":\"https:\\\/\\\/hotelesfray.com\\\/wp-content\\\/uploads\\\/2023\\\/01\\\/HotelesFray-cuadro.png\",\"width\":2200,\"height\":2200,\"caption\":\"Hoteles Fray\"},\"image\":{\"@id\":\"https:\\\/\\\/hotelesfray.com\\\/#\\\/schema\\\/logo\\\/image\\\/\"}},{\"@type\":\"Person\",\"@id\":\"https:\\\/\\\/hotelesfray.com\\\/#\\\/schema\\\/person\\\/1a3f5909146e66cdba9aa8b37f1858e1\",\"name\":\"Eduardo Lopez\",\"image\":{\"@type\":\"ImageObject\",\"inLanguage\":\"en-US\",\"@id\":\"https:\\\/\\\/secure.gravatar.com\\\/avatar\\\/3d6f41a002d28c6845cb55b565f68141a241a36951b539d6f4dbddac28595734?s=96&d=mm&r=g\",\"url\":\"https:\\\/\\\/secure.gravatar.com\\\/avatar\\\/3d6f41a002d28c6845cb55b565f68141a241a36951b539d6f4dbddac28595734?s=96&d=mm&r=g\",\"contentUrl\":\"https:\\\/\\\/secure.gravatar.com\\\/avatar\\\/3d6f41a002d28c6845cb55b565f68141a241a36951b539d6f4dbddac28595734?s=96&d=mm&r=g\",\"caption\":\"Eduardo Lopez\"},\"url\":\"https:\\\/\\\/hotelesfray.com\\\/en\\\/author\\\/gente\\\/\"}]}<\/script>\n<!-- \/ Yoast SEO plugin. -->","yoast_head_json":{"title":"Hotels in Tepic | Hoteles Fray \u2013 Complimentary Buffet Breakfast","description":"Looking for hotels in Tepic? Hoteles Fray offers the best location, complimentary buffet breakfast, free WiFi, and flexible cancellation. Book directly with no deposit!","robots":{"index":"index","follow":"follow","max-snippet":"max-snippet:-1","max-image-preview":"max-image-preview:large","max-video-preview":"max-video-preview:-1"},"canonical":"https:\/\/hotelesfray.com\/en\/2025\/12\/14\/este-fin-de-semana-cambio-el-color-de-la-laguna-de-santa-maria-del-oro-en-nayarit\/","og_locale":"en_US","og_type":"article","og_title":"Hotels in Tepic | Hoteles Fray \u2013 Complimentary Buffet Breakfast","og_description":"Looking for hotels in Tepic? Hoteles Fray offers the best location, complimentary buffet breakfast, free WiFi, and flexible cancellation. Book directly with no deposit!","og_url":"https:\/\/hotelesfray.com\/en\/2025\/12\/14\/este-fin-de-semana-cambio-el-color-de-la-laguna-de-santa-maria-del-oro-en-nayarit\/","og_site_name":"Hoteles Fray","article_published_time":"2025-12-15T00:39:57+00:00","article_modified_time":"2025-12-15T00:39:58+00:00","og_image":[{"width":2000,"height":1050,"url":"https:\/\/hotelesfray.com\/wp-content\/uploads\/2022\/02\/LagunaSamao1.jpg","type":"image\/jpeg"}],"author":"Eduardo Lopez","twitter_card":"summary_large_image","twitter_misc":{"Written by":"Eduardo Lopez","Est. reading time":"3 minutes"},"schema":{"@context":"https:\/\/schema.org","@graph":[{"@type":["Article","BlogPosting"],"@id":"https:\/\/hotelesfray.com\/2025\/12\/14\/este-fin-de-semana-cambio-el-color-de-la-laguna-de-santa-maria-del-oro-en-nayarit\/#article","isPartOf":{"@id":"https:\/\/hotelesfray.com\/2025\/12\/14\/este-fin-de-semana-cambio-el-color-de-la-laguna-de-santa-maria-del-oro-en-nayarit\/"},"author":{"name":"Eduardo Lopez","@id":"https:\/\/hotelesfray.com\/#\/schema\/person\/1a3f5909146e66cdba9aa8b37f1858e1"},"headline":"Este fin de semana cambi\u00f3 el color de la Laguna de Santa Mar\u00eda del Oro en Nayarit","datePublished":"2025-12-15T00:39:57+00:00","dateModified":"2025-12-15T00:39:58+00:00","mainEntityOfPage":{"@id":"https:\/\/hotelesfray.com\/2025\/12\/14\/este-fin-de-semana-cambio-el-color-de-la-laguna-de-santa-maria-del-oro-en-nayarit\/"},"wordCount":620,"publisher":{"@id":"https:\/\/hotelesfray.com\/#organization"},"image":{"@id":"https:\/\/hotelesfray.com\/2025\/12\/14\/este-fin-de-semana-cambio-el-color-de-la-laguna-de-santa-maria-del-oro-en-nayarit\/#primaryimage"},"thumbnailUrl":"https:\/\/hotelesfray.com\/wp-content\/uploads\/2022\/02\/LagunaSamao1.jpg","articleSection":["General"],"inLanguage":"en-US"},{"@type":"WebPage","@id":"https:\/\/hotelesfray.com\/2025\/12\/14\/este-fin-de-semana-cambio-el-color-de-la-laguna-de-santa-maria-del-oro-en-nayarit\/","url":"https:\/\/hotelesfray.com\/2025\/12\/14\/este-fin-de-semana-cambio-el-color-de-la-laguna-de-santa-maria-del-oro-en-nayarit\/","name":"Este fin de semana cambi\u00f3 el color de la Laguna de Santa Mar\u00eda del Oro en Nayarit | Hoteles Fray","isPartOf":{"@id":"https:\/\/hotelesfray.com\/#website"},"primaryImageOfPage":{"@id":"https:\/\/hotelesfray.com\/2025\/12\/14\/este-fin-de-semana-cambio-el-color-de-la-laguna-de-santa-maria-del-oro-en-nayarit\/#primaryimage"},"image":{"@id":"https:\/\/hotelesfray.com\/2025\/12\/14\/este-fin-de-semana-cambio-el-color-de-la-laguna-de-santa-maria-del-oro-en-nayarit\/#primaryimage"},"thumbnailUrl":"https:\/\/hotelesfray.com\/wp-content\/uploads\/2022\/02\/LagunaSamao1.jpg","datePublished":"2025-12-15T00:39:57+00:00","dateModified":"2025-12-15T00:39:58+00:00","breadcrumb":{"@id":"https:\/\/hotelesfray.com\/2025\/12\/14\/este-fin-de-semana-cambio-el-color-de-la-laguna-de-santa-maria-del-oro-en-nayarit\/#breadcrumb"},"inLanguage":"en-US","potentialAction":[{"@type":"ReadAction","target":["https:\/\/hotelesfray.com\/2025\/12\/14\/este-fin-de-semana-cambio-el-color-de-la-laguna-de-santa-maria-del-oro-en-nayarit\/"]}]},{"@type":"ImageObject","inLanguage":"en-US","@id":"https:\/\/hotelesfray.com\/2025\/12\/14\/este-fin-de-semana-cambio-el-color-de-la-laguna-de-santa-maria-del-oro-en-nayarit\/#primaryimage","url":"https:\/\/hotelesfray.com\/wp-content\/uploads\/2022\/02\/LagunaSamao1.jpg","contentUrl":"https:\/\/hotelesfray.com\/wp-content\/uploads\/2022\/02\/LagunaSamao1.jpg","width":2000,"height":1050},{"@type":"BreadcrumbList","@id":"https:\/\/hotelesfray.com\/2025\/12\/14\/este-fin-de-semana-cambio-el-color-de-la-laguna-de-santa-maria-del-oro-en-nayarit\/#breadcrumb","itemListElement":[{"@type":"ListItem","position":1,"name":"General","item":"https:\/\/hotelesfray.com\/category\/general\/"},{"@type":"ListItem","position":2,"name":"Este fin de semana cambi\u00f3 el color de la Laguna de Santa Mar\u00eda del Oro en Nayarit"}]},{"@type":"WebSite","@id":"https:\/\/hotelesfray.com\/#website","url":"https:\/\/hotelesfray.com\/","name":"Hoteles Fray","description":"Los Mejores Hoteles en el Centro de Tepic, Nayarit","publisher":{"@id":"https:\/\/hotelesfray.com\/#organization"},"potentialAction":[{"@type":"SearchAction","target":{"@type":"EntryPoint","urlTemplate":"https:\/\/hotelesfray.com\/?s={search_term_string}"},"query-input":{"@type":"PropertyValueSpecification","valueRequired":true,"valueName":"search_term_string"}}],"inLanguage":"en-US"},{"@type":"Organization","@id":"https:\/\/hotelesfray.com\/#organization","name":"Hoteles Fray","url":"https:\/\/hotelesfray.com\/","logo":{"@type":"ImageObject","inLanguage":"en-US","@id":"https:\/\/hotelesfray.com\/#\/schema\/logo\/image\/","url":"https:\/\/hotelesfray.com\/wp-content\/uploads\/2023\/01\/HotelesFray-cuadro.png","contentUrl":"https:\/\/hotelesfray.com\/wp-content\/uploads\/2023\/01\/HotelesFray-cuadro.png","width":2200,"height":2200,"caption":"Hoteles Fray"},"image":{"@id":"https:\/\/hotelesfray.com\/#\/schema\/logo\/image\/"}},{"@type":"Person","@id":"https:\/\/hotelesfray.com\/#\/schema\/person\/1a3f5909146e66cdba9aa8b37f1858e1","name":"Eduardo Lopez","image":{"@type":"ImageObject","inLanguage":"en-US","@id":"https:\/\/secure.gravatar.com\/avatar\/3d6f41a002d28c6845cb55b565f68141a241a36951b539d6f4dbddac28595734?s=96&d=mm&r=g","url":"https:\/\/secure.gravatar.com\/avatar\/3d6f41a002d28c6845cb55b565f68141a241a36951b539d6f4dbddac28595734?s=96&d=mm&r=g","contentUrl":"https:\/\/secure.gravatar.com\/avatar\/3d6f41a002d28c6845cb55b565f68141a241a36951b539d6f4dbddac28595734?s=96&d=mm&r=g","caption":"Eduardo Lopez"},"url":"https:\/\/hotelesfray.com\/en\/author\/gente\/"}]}},"_links":{"self":[{"href":"https:\/\/hotelesfray.com\/en\/wp-json\/wp\/v2\/posts\/6631","targetHints":{"allow":["GET"]}}],"collection":[{"href":"https:\/\/hotelesfray.com\/en\/wp-json\/wp\/v2\/posts"}],"about":[{"href":"https:\/\/hotelesfray.com\/en\/wp-json\/wp\/v2\/types\/post"}],"author":[{"embeddable":true,"href":"https:\/\/hotelesfray.com\/en\/wp-json\/wp\/v2\/users\/2"}],"replies":[{"embeddable":true,"href":"https:\/\/hotelesfray.com\/en\/wp-json\/wp\/v2\/comments?post=6631"}],"version-history":[{"count":2,"href":"https:\/\/hotelesfray.com\/en\/wp-json\/wp\/v2\/posts\/6631\/revisions"}],"predecessor-version":[{"id":6633,"href":"https:\/\/hotelesfray.com\/en\/wp-json\/wp\/v2\/posts\/6631\/revisions\/6633"}],"wp:featuredmedia":[{"embeddable":true,"href":"https:\/\/hotelesfray.com\/en\/wp-json\/wp\/v2\/media\/2997"}],"wp:attachment":[{"href":"https:\/\/hotelesfray.com\/en\/wp-json\/wp\/v2\/media?parent=6631"}],"wp:term":[{"taxonomy":"category","embeddable":true,"href":"https:\/\/hotelesfray.com\/en\/wp-json\/wp\/v2\/categories?post=6631"},{"taxonomy":"post_tag","embeddable":true,"href":"https:\/\/hotelesfray.com\/en\/wp-json\/wp\/v2\/tags?post=6631"}],"curies":[{"name":"wp","href":"https:\/\/api.w.org\/{rel}","templated":true}]}}