{"id":7003,"date":"2026-03-07T15:51:02","date_gmt":"2026-03-07T19:51:02","guid":{"rendered":"https:\/\/hotelesfray.com\/?p=7003"},"modified":"2026-03-07T15:51:03","modified_gmt":"2026-03-07T19:51:03","slug":"itinerario-de-vuelos-del-aeropuerto-internacional-de-tepic-marzo-2026","status":"publish","type":"post","link":"https:\/\/hotelesfray.com\/en\/2026\/03\/07\/itinerario-de-vuelos-del-aeropuerto-internacional-de-tepic-marzo-2026\/","title":{"rendered":"Itinerario de Vuelos del Aeropuerto Internacional de Tepic \u2013 Marzo 2026"},"content":{"rendered":"<p>Si est\u00e1s planeando un viaje desde o hacia la Riviera Nayarit este mes, conocer tus opciones de conectividad es clave. El Aeropuerto Internacional de Tepic &#8211; Riviera Nayarit ha actualizado su itinerario de vuelos para marzo de 2026, ofreciendo una excelente variedad de conexiones tanto nacionales como internacionales.<\/p>\n\n\n\n<p>A continuaci\u00f3n, te presentamos el detalle de los destinos, aerol\u00edneas y frecuencias disponibles para que organices tu pr\u00f3xima aventura.<\/p>\n\n\n\n<h2 class=\"wp-block-heading\">Vuelos Nacionales desde Tepic<\/h2>\n\n\n\n<p>La conectividad dentro de M\u00e9xico sigue fortaleci\u00e9ndose, conectando a Tepic con los principales centros urbanos y fronterizos del pa\u00eds.<\/p>\n\n\n\n<p><strong>Ciudad de M\u00e9xico (AIFA &#8211; NLU)<\/strong><\/p>\n\n\n\n<ul class=\"wp-block-list\">\n<li>D\u00edas: Martes, Jueves y S\u00e1bados<\/li>\n\n\n\n<li>Horario de referencia: 9:00 AM<\/li>\n\n\n\n<li>Aerol\u00ednea: Viva<\/li>\n<\/ul>\n\n\n\n<p><strong>Ciudad de M\u00e9xico (AICM &#8211; MEX)<\/strong><\/p>\n\n\n\n<ul class=\"wp-block-list\">\n<li>D\u00edas: Diario (excepto los s\u00e1bados)<\/li>\n\n\n\n<li>Horario de referencia: 3:00 PM<\/li>\n\n\n\n<li>Aerol\u00ednea: Aerom\u00e9xico<\/li>\n<\/ul>\n\n\n\n<p><strong>Tijuana (TIJ)<\/strong><\/p>\n\n\n\n<ul class=\"wp-block-list\">\n<li>D\u00edas: Diariamente<\/li>\n\n\n\n<li>Horario de referencia: 8:00 PM<\/li>\n\n\n\n<li>Aerol\u00ednea: Volaris<\/li>\n<\/ul>\n\n\n\n<h2 class=\"wp-block-heading\">Vuelos Internacionales hacia Norteam\u00e9rica<\/h2>\n\n\n\n<p>Para quienes buscan cruzar la frontera o recibir visitantes de Estados Unidos y Canad\u00e1, el aeropuerto ofrece opciones directas muy convenientes.<\/p>\n\n\n\n<p><strong>Houston, Texas (IAH)<\/strong><\/p>\n\n\n\n<ul class=\"wp-block-list\">\n<li>D\u00edas: S\u00e1bados<\/li>\n\n\n\n<li>Horario de referencia: 12:00 PM<\/li>\n\n\n\n<li>Aerol\u00ednea: United Express<\/li>\n<\/ul>\n\n\n\n<p><strong>Los \u00c1ngeles, California (LAX)<\/strong><\/p>\n\n\n\n<ul class=\"wp-block-list\">\n<li>D\u00edas: Lunes, Mi\u00e9rcoles y Viernes<\/li>\n\n\n\n<li>Horario de referencia: 2:00 PM<\/li>\n\n\n\n<li>Aerol\u00ednea: Volaris<\/li>\n<\/ul>\n\n\n\n<p><strong>Calgary, Canad\u00e1 (YYC)<\/strong><\/p>\n\n\n\n<ul class=\"wp-block-list\">\n<li>D\u00edas: S\u00e1bados<\/li>\n\n\n\n<li>Horario de referencia: 4:00 PM<\/li>\n\n\n\n<li>Aerol\u00ednea: WestJet<\/li>\n<\/ul>\n\n\n\n<figure class=\"wp-block-image size-large\"><img data-dominant-color=\"333634\" data-has-transparency=\"false\" style=\"--dominant-color: #333634;\" loading=\"lazy\" decoding=\"async\" width=\"819\" height=\"1024\" src=\"https:\/\/hotelesfray.com\/wp-content\/uploads\/2026\/03\/F31-819x1024.webp\" alt=\"\" class=\"wp-image-7004 not-transparent\"\/><\/figure>\n\n\n\n<p><strong>Nota importante para los viajeros:<\/strong> los horarios mencionados en este itinerario son \u00fanicamente de referencia. Te recomendamos ampliamente consultar directamente con tu aerol\u00ednea (Viva, Volaris, United Express, Aerom\u00e9xico o WestJet) para confirmar los horarios definitivos de salida y llegada, as\u00ed como cualquier posible cambio en tu itinerario.<\/p>\n\n\n\n<p><em>\u00a1Prepara tus maletas y disfruta de tu vuelo desde el Aeropuerto Internacional de Tepic!<\/em><\/p>","protected":false},"excerpt":{"rendered":"<p>Conoce el itinerario completo de vuelos nacionales e internacionales desde el Aeropuerto Internacional de Tepic (Riviera Nayarit) para marzo de 2026. Horarios, destinos y aerol\u00edneas.<\/p>","protected":false},"author":2,"featured_media":7005,"comment_status":"closed","ping_status":"closed","sticky":false,"template":"","format":"standard","meta":{"_et_pb_use_builder":"","_et_pb_old_content":"","_et_gb_content_width":"","footnotes":""},"categories":[1],"tags":[193,189,34,192,190,191,188,187],"class_list":["post-7003","post","type-post","status-publish","format-standard","has-post-thumbnail","hentry","category-general","tag-aeromexico","tag-aeropuerto-tepic-riviera-nayarit","tag-riviera-nayarit","tag-viva-aerobus","tag-volaris","tag-vuelos-a-los-angeles","tag-vuelos-a-tijuana","tag-vuelos-tepic"],"yoast_head":"<!-- This site is optimized with the Yoast SEO plugin v27.4 - https:\/\/yoast.com\/product\/yoast-seo-wordpress\/ -->\n<title>Hotels in Tepic | Hoteles Fray \u2013 Complimentary Buffet Breakfast<\/title>\n<meta name=\"description\" content=\"Looking for hotels in Tepic? Hoteles Fray offers the best location, complimentary buffet breakfast, free WiFi, and flexible cancellation. Book directly with no deposit!\" \/>\n<meta name=\"robots\" content=\"index, follow, max-snippet:-1, max-image-preview:large, max-video-preview:-1\" \/>\n<link rel=\"canonical\" href=\"https:\/\/hotelesfray.com\/en\/2026\/03\/07\/itinerario-de-vuelos-del-aeropuerto-internacional-de-tepic-marzo-2026\/\" \/>\n<meta property=\"og:locale\" content=\"en_US\" \/>\n<meta property=\"og:type\" content=\"article\" \/>\n<meta property=\"og:title\" content=\"Hotels in Tepic | Hoteles Fray \u2013 Complimentary Buffet Breakfast\" \/>\n<meta property=\"og:description\" content=\"Looking for hotels in Tepic? Hoteles Fray offers the best location, complimentary buffet breakfast, free WiFi, and flexible cancellation. Book directly with no deposit!\" \/>\n<meta property=\"og:url\" content=\"https:\/\/hotelesfray.com\/en\/2026\/03\/07\/itinerario-de-vuelos-del-aeropuerto-internacional-de-tepic-marzo-2026\/\" \/>\n<meta property=\"og:site_name\" content=\"Hoteles Fray\" \/>\n<meta property=\"article:published_time\" content=\"2026-03-07T19:51:02+00:00\" \/>\n<meta property=\"article:modified_time\" content=\"2026-03-07T19:51:03+00:00\" \/>\n<meta property=\"og:image\" content=\"https:\/\/hotelesfray.com\/wp-content\/uploads\/2026\/03\/VuelosHero.webp\" \/>\n\t<meta property=\"og:image:width\" content=\"1920\" \/>\n\t<meta property=\"og:image:height\" content=\"1080\" \/>\n\t<meta property=\"og:image:type\" content=\"image\/jpeg\" \/>\n<meta name=\"author\" content=\"Eduardo Lopez\" \/>\n<meta name=\"twitter:card\" content=\"summary_large_image\" \/>\n<meta name=\"twitter:label1\" content=\"Written by\" \/>\n\t<meta name=\"twitter:data1\" content=\"Eduardo Lopez\" \/>\n\t<meta name=\"twitter:label2\" content=\"Est. reading time\" \/>\n\t<meta name=\"twitter:data2\" content=\"1 minute\" \/>\n<script type=\"application\/ld+json\" class=\"yoast-schema-graph\">{\"@context\":\"https:\\\/\\\/schema.org\",\"@graph\":[{\"@type\":[\"Article\",\"BlogPosting\"],\"@id\":\"https:\\\/\\\/hotelesfray.com\\\/2026\\\/03\\\/07\\\/itinerario-de-vuelos-del-aeropuerto-internacional-de-tepic-marzo-2026\\\/#article\",\"isPartOf\":{\"@id\":\"https:\\\/\\\/hotelesfray.com\\\/2026\\\/03\\\/07\\\/itinerario-de-vuelos-del-aeropuerto-internacional-de-tepic-marzo-2026\\\/\"},\"author\":{\"name\":\"Eduardo Lopez\",\"@id\":\"https:\\\/\\\/hotelesfray.com\\\/#\\\/schema\\\/person\\\/1a3f5909146e66cdba9aa8b37f1858e1\"},\"headline\":\"Itinerario de Vuelos del Aeropuerto Internacional de Tepic \u2013 Marzo 2026\",\"datePublished\":\"2026-03-07T19:51:02+00:00\",\"dateModified\":\"2026-03-07T19:51:03+00:00\",\"mainEntityOfPage\":{\"@id\":\"https:\\\/\\\/hotelesfray.com\\\/2026\\\/03\\\/07\\\/itinerario-de-vuelos-del-aeropuerto-internacional-de-tepic-marzo-2026\\\/\"},\"wordCount\":296,\"publisher\":{\"@id\":\"https:\\\/\\\/hotelesfray.com\\\/#organization\"},\"image\":{\"@id\":\"https:\\\/\\\/hotelesfray.com\\\/2026\\\/03\\\/07\\\/itinerario-de-vuelos-del-aeropuerto-internacional-de-tepic-marzo-2026\\\/#primaryimage\"},\"thumbnailUrl\":\"https:\\\/\\\/hotelesfray.com\\\/wp-content\\\/uploads\\\/2026\\\/03\\\/VuelosHero.webp\",\"keywords\":[\"Aerom\u00e9xico\",\"Aeropuerto Tepic Riviera Nayarit\",\"Riviera Nayarit\",\"Viva Aerobus\",\"Volaris\",\"Vuelos a Los \u00c1ngeles\",\"Vuelos a Tijuana\",\"Vuelos Tepic\"],\"articleSection\":[\"General\"],\"inLanguage\":\"en-US\"},{\"@type\":\"WebPage\",\"@id\":\"https:\\\/\\\/hotelesfray.com\\\/2026\\\/03\\\/07\\\/itinerario-de-vuelos-del-aeropuerto-internacional-de-tepic-marzo-2026\\\/\",\"url\":\"https:\\\/\\\/hotelesfray.com\\\/2026\\\/03\\\/07\\\/itinerario-de-vuelos-del-aeropuerto-internacional-de-tepic-marzo-2026\\\/\",\"name\":\"Itinerario de Vuelos del Aeropuerto Internacional de Tepic \u2013 Marzo 2026 | Hoteles Fray\",\"isPartOf\":{\"@id\":\"https:\\\/\\\/hotelesfray.com\\\/#website\"},\"primaryImageOfPage\":{\"@id\":\"https:\\\/\\\/hotelesfray.com\\\/2026\\\/03\\\/07\\\/itinerario-de-vuelos-del-aeropuerto-internacional-de-tepic-marzo-2026\\\/#primaryimage\"},\"image\":{\"@id\":\"https:\\\/\\\/hotelesfray.com\\\/2026\\\/03\\\/07\\\/itinerario-de-vuelos-del-aeropuerto-internacional-de-tepic-marzo-2026\\\/#primaryimage\"},\"thumbnailUrl\":\"https:\\\/\\\/hotelesfray.com\\\/wp-content\\\/uploads\\\/2026\\\/03\\\/VuelosHero.webp\",\"datePublished\":\"2026-03-07T19:51:02+00:00\",\"dateModified\":\"2026-03-07T19:51:03+00:00\",\"breadcrumb\":{\"@id\":\"https:\\\/\\\/hotelesfray.com\\\/2026\\\/03\\\/07\\\/itinerario-de-vuelos-del-aeropuerto-internacional-de-tepic-marzo-2026\\\/#breadcrumb\"},\"inLanguage\":\"en-US\",\"potentialAction\":[{\"@type\":\"ReadAction\",\"target\":[\"https:\\\/\\\/hotelesfray.com\\\/2026\\\/03\\\/07\\\/itinerario-de-vuelos-del-aeropuerto-internacional-de-tepic-marzo-2026\\\/\"]}]},{\"@type\":\"ImageObject\",\"inLanguage\":\"en-US\",\"@id\":\"https:\\\/\\\/hotelesfray.com\\\/2026\\\/03\\\/07\\\/itinerario-de-vuelos-del-aeropuerto-internacional-de-tepic-marzo-2026\\\/#primaryimage\",\"url\":\"https:\\\/\\\/hotelesfray.com\\\/wp-content\\\/uploads\\\/2026\\\/03\\\/VuelosHero.webp\",\"contentUrl\":\"https:\\\/\\\/hotelesfray.com\\\/wp-content\\\/uploads\\\/2026\\\/03\\\/VuelosHero.webp\",\"width\":1920,\"height\":1080},{\"@type\":\"BreadcrumbList\",\"@id\":\"https:\\\/\\\/hotelesfray.com\\\/2026\\\/03\\\/07\\\/itinerario-de-vuelos-del-aeropuerto-internacional-de-tepic-marzo-2026\\\/#breadcrumb\",\"itemListElement\":[{\"@type\":\"ListItem\",\"position\":1,\"name\":\"General\",\"item\":\"https:\\\/\\\/hotelesfray.com\\\/category\\\/general\\\/\"},{\"@type\":\"ListItem\",\"position\":2,\"name\":\"Itinerario de Vuelos del Aeropuerto Internacional de Tepic \u2013 Marzo 2026\"}]},{\"@type\":\"WebSite\",\"@id\":\"https:\\\/\\\/hotelesfray.com\\\/#website\",\"url\":\"https:\\\/\\\/hotelesfray.com\\\/\",\"name\":\"Hoteles Fray\",\"description\":\"Los Mejores Hoteles en el Centro de Tepic, Nayarit\",\"publisher\":{\"@id\":\"https:\\\/\\\/hotelesfray.com\\\/#organization\"},\"potentialAction\":[{\"@type\":\"SearchAction\",\"target\":{\"@type\":\"EntryPoint\",\"urlTemplate\":\"https:\\\/\\\/hotelesfray.com\\\/?s={search_term_string}\"},\"query-input\":{\"@type\":\"PropertyValueSpecification\",\"valueRequired\":true,\"valueName\":\"search_term_string\"}}],\"inLanguage\":\"en-US\"},{\"@type\":\"Organization\",\"@id\":\"https:\\\/\\\/hotelesfray.com\\\/#organization\",\"name\":\"Hoteles Fray\",\"url\":\"https:\\\/\\\/hotelesfray.com\\\/\",\"logo\":{\"@type\":\"ImageObject\",\"inLanguage\":\"en-US\",\"@id\":\"https:\\\/\\\/hotelesfray.com\\\/#\\\/schema\\\/logo\\\/image\\\/\",\"url\":\"https:\\\/\\\/hotelesfray.com\\\/wp-content\\\/uploads\\\/2023\\\/01\\\/HotelesFray-cuadro.png\",\"contentUrl\":\"https:\\\/\\\/hotelesfray.com\\\/wp-content\\\/uploads\\\/2023\\\/01\\\/HotelesFray-cuadro.png\",\"width\":2200,\"height\":2200,\"caption\":\"Hoteles Fray\"},\"image\":{\"@id\":\"https:\\\/\\\/hotelesfray.com\\\/#\\\/schema\\\/logo\\\/image\\\/\"}},{\"@type\":\"Person\",\"@id\":\"https:\\\/\\\/hotelesfray.com\\\/#\\\/schema\\\/person\\\/1a3f5909146e66cdba9aa8b37f1858e1\",\"name\":\"Eduardo Lopez\",\"image\":{\"@type\":\"ImageObject\",\"inLanguage\":\"en-US\",\"@id\":\"https:\\\/\\\/secure.gravatar.com\\\/avatar\\\/3d6f41a002d28c6845cb55b565f68141a241a36951b539d6f4dbddac28595734?s=96&d=mm&r=g\",\"url\":\"https:\\\/\\\/secure.gravatar.com\\\/avatar\\\/3d6f41a002d28c6845cb55b565f68141a241a36951b539d6f4dbddac28595734?s=96&d=mm&r=g\",\"contentUrl\":\"https:\\\/\\\/secure.gravatar.com\\\/avatar\\\/3d6f41a002d28c6845cb55b565f68141a241a36951b539d6f4dbddac28595734?s=96&d=mm&r=g\",\"caption\":\"Eduardo Lopez\"},\"url\":\"https:\\\/\\\/hotelesfray.com\\\/en\\\/author\\\/gente\\\/\"}]}<\/script>\n<!-- \/ Yoast SEO plugin. -->","yoast_head_json":{"title":"Hotels in Tepic | Hoteles Fray \u2013 Complimentary Buffet Breakfast","description":"Looking for hotels in Tepic? Hoteles Fray offers the best location, complimentary buffet breakfast, free WiFi, and flexible cancellation. Book directly with no deposit!","robots":{"index":"index","follow":"follow","max-snippet":"max-snippet:-1","max-image-preview":"max-image-preview:large","max-video-preview":"max-video-preview:-1"},"canonical":"https:\/\/hotelesfray.com\/en\/2026\/03\/07\/itinerario-de-vuelos-del-aeropuerto-internacional-de-tepic-marzo-2026\/","og_locale":"en_US","og_type":"article","og_title":"Hotels in Tepic | Hoteles Fray \u2013 Complimentary Buffet Breakfast","og_description":"Looking for hotels in Tepic? Hoteles Fray offers the best location, complimentary buffet breakfast, free WiFi, and flexible cancellation. Book directly with no deposit!","og_url":"https:\/\/hotelesfray.com\/en\/2026\/03\/07\/itinerario-de-vuelos-del-aeropuerto-internacional-de-tepic-marzo-2026\/","og_site_name":"Hoteles Fray","article_published_time":"2026-03-07T19:51:02+00:00","article_modified_time":"2026-03-07T19:51:03+00:00","og_image":[{"width":1920,"height":1080,"url":"https:\/\/hotelesfray.com\/wp-content\/uploads\/2026\/03\/VuelosHero.webp","type":"image\/jpeg"}],"author":"Eduardo Lopez","twitter_card":"summary_large_image","twitter_misc":{"Written by":"Eduardo Lopez","Est. reading time":"1 minute"},"schema":{"@context":"https:\/\/schema.org","@graph":[{"@type":["Article","BlogPosting"],"@id":"https:\/\/hotelesfray.com\/2026\/03\/07\/itinerario-de-vuelos-del-aeropuerto-internacional-de-tepic-marzo-2026\/#article","isPartOf":{"@id":"https:\/\/hotelesfray.com\/2026\/03\/07\/itinerario-de-vuelos-del-aeropuerto-internacional-de-tepic-marzo-2026\/"},"author":{"name":"Eduardo Lopez","@id":"https:\/\/hotelesfray.com\/#\/schema\/person\/1a3f5909146e66cdba9aa8b37f1858e1"},"headline":"Itinerario de Vuelos del Aeropuerto Internacional de Tepic \u2013 Marzo 2026","datePublished":"2026-03-07T19:51:02+00:00","dateModified":"2026-03-07T19:51:03+00:00","mainEntityOfPage":{"@id":"https:\/\/hotelesfray.com\/2026\/03\/07\/itinerario-de-vuelos-del-aeropuerto-internacional-de-tepic-marzo-2026\/"},"wordCount":296,"publisher":{"@id":"https:\/\/hotelesfray.com\/#organization"},"image":{"@id":"https:\/\/hotelesfray.com\/2026\/03\/07\/itinerario-de-vuelos-del-aeropuerto-internacional-de-tepic-marzo-2026\/#primaryimage"},"thumbnailUrl":"https:\/\/hotelesfray.com\/wp-content\/uploads\/2026\/03\/VuelosHero.webp","keywords":["Aerom\u00e9xico","Aeropuerto Tepic Riviera Nayarit","Riviera Nayarit","Viva Aerobus","Volaris","Vuelos a Los \u00c1ngeles","Vuelos a Tijuana","Vuelos Tepic"],"articleSection":["General"],"inLanguage":"en-US"},{"@type":"WebPage","@id":"https:\/\/hotelesfray.com\/2026\/03\/07\/itinerario-de-vuelos-del-aeropuerto-internacional-de-tepic-marzo-2026\/","url":"https:\/\/hotelesfray.com\/2026\/03\/07\/itinerario-de-vuelos-del-aeropuerto-internacional-de-tepic-marzo-2026\/","name":"Itinerario de Vuelos del Aeropuerto Internacional de Tepic \u2013 Marzo 2026 | Hoteles Fray","isPartOf":{"@id":"https:\/\/hotelesfray.com\/#website"},"primaryImageOfPage":{"@id":"https:\/\/hotelesfray.com\/2026\/03\/07\/itinerario-de-vuelos-del-aeropuerto-internacional-de-tepic-marzo-2026\/#primaryimage"},"image":{"@id":"https:\/\/hotelesfray.com\/2026\/03\/07\/itinerario-de-vuelos-del-aeropuerto-internacional-de-tepic-marzo-2026\/#primaryimage"},"thumbnailUrl":"https:\/\/hotelesfray.com\/wp-content\/uploads\/2026\/03\/VuelosHero.webp","datePublished":"2026-03-07T19:51:02+00:00","dateModified":"2026-03-07T19:51:03+00:00","breadcrumb":{"@id":"https:\/\/hotelesfray.com\/2026\/03\/07\/itinerario-de-vuelos-del-aeropuerto-internacional-de-tepic-marzo-2026\/#breadcrumb"},"inLanguage":"en-US","potentialAction":[{"@type":"ReadAction","target":["https:\/\/hotelesfray.com\/2026\/03\/07\/itinerario-de-vuelos-del-aeropuerto-internacional-de-tepic-marzo-2026\/"]}]},{"@type":"ImageObject","inLanguage":"en-US","@id":"https:\/\/hotelesfray.com\/2026\/03\/07\/itinerario-de-vuelos-del-aeropuerto-internacional-de-tepic-marzo-2026\/#primaryimage","url":"https:\/\/hotelesfray.com\/wp-content\/uploads\/2026\/03\/VuelosHero.webp","contentUrl":"https:\/\/hotelesfray.com\/wp-content\/uploads\/2026\/03\/VuelosHero.webp","width":1920,"height":1080},{"@type":"BreadcrumbList","@id":"https:\/\/hotelesfray.com\/2026\/03\/07\/itinerario-de-vuelos-del-aeropuerto-internacional-de-tepic-marzo-2026\/#breadcrumb","itemListElement":[{"@type":"ListItem","position":1,"name":"General","item":"https:\/\/hotelesfray.com\/category\/general\/"},{"@type":"ListItem","position":2,"name":"Itinerario de Vuelos del Aeropuerto Internacional de Tepic \u2013 Marzo 2026"}]},{"@type":"WebSite","@id":"https:\/\/hotelesfray.com\/#website","url":"https:\/\/hotelesfray.com\/","name":"Hoteles Fray","description":"Los Mejores Hoteles en el Centro de Tepic, Nayarit","publisher":{"@id":"https:\/\/hotelesfray.com\/#organization"},"potentialAction":[{"@type":"SearchAction","target":{"@type":"EntryPoint","urlTemplate":"https:\/\/hotelesfray.com\/?s={search_term_string}"},"query-input":{"@type":"PropertyValueSpecification","valueRequired":true,"valueName":"search_term_string"}}],"inLanguage":"en-US"},{"@type":"Organization","@id":"https:\/\/hotelesfray.com\/#organization","name":"Hoteles Fray","url":"https:\/\/hotelesfray.com\/","logo":{"@type":"ImageObject","inLanguage":"en-US","@id":"https:\/\/hotelesfray.com\/#\/schema\/logo\/image\/","url":"https:\/\/hotelesfray.com\/wp-content\/uploads\/2023\/01\/HotelesFray-cuadro.png","contentUrl":"https:\/\/hotelesfray.com\/wp-content\/uploads\/2023\/01\/HotelesFray-cuadro.png","width":2200,"height":2200,"caption":"Hoteles Fray"},"image":{"@id":"https:\/\/hotelesfray.com\/#\/schema\/logo\/image\/"}},{"@type":"Person","@id":"https:\/\/hotelesfray.com\/#\/schema\/person\/1a3f5909146e66cdba9aa8b37f1858e1","name":"Eduardo Lopez","image":{"@type":"ImageObject","inLanguage":"en-US","@id":"https:\/\/secure.gravatar.com\/avatar\/3d6f41a002d28c6845cb55b565f68141a241a36951b539d6f4dbddac28595734?s=96&d=mm&r=g","url":"https:\/\/secure.gravatar.com\/avatar\/3d6f41a002d28c6845cb55b565f68141a241a36951b539d6f4dbddac28595734?s=96&d=mm&r=g","contentUrl":"https:\/\/secure.gravatar.com\/avatar\/3d6f41a002d28c6845cb55b565f68141a241a36951b539d6f4dbddac28595734?s=96&d=mm&r=g","caption":"Eduardo Lopez"},"url":"https:\/\/hotelesfray.com\/en\/author\/gente\/"}]}},"_links":{"self":[{"href":"https:\/\/hotelesfray.com\/en\/wp-json\/wp\/v2\/posts\/7003","targetHints":{"allow":["GET"]}}],"collection":[{"href":"https:\/\/hotelesfray.com\/en\/wp-json\/wp\/v2\/posts"}],"about":[{"href":"https:\/\/hotelesfray.com\/en\/wp-json\/wp\/v2\/types\/post"}],"author":[{"embeddable":true,"href":"https:\/\/hotelesfray.com\/en\/wp-json\/wp\/v2\/users\/2"}],"replies":[{"embeddable":true,"href":"https:\/\/hotelesfray.com\/en\/wp-json\/wp\/v2\/comments?post=7003"}],"version-history":[{"count":1,"href":"https:\/\/hotelesfray.com\/en\/wp-json\/wp\/v2\/posts\/7003\/revisions"}],"predecessor-version":[{"id":7006,"href":"https:\/\/hotelesfray.com\/en\/wp-json\/wp\/v2\/posts\/7003\/revisions\/7006"}],"wp:featuredmedia":[{"embeddable":true,"href":"https:\/\/hotelesfray.com\/en\/wp-json\/wp\/v2\/media\/7005"}],"wp:attachment":[{"href":"https:\/\/hotelesfray.com\/en\/wp-json\/wp\/v2\/media?parent=7003"}],"wp:term":[{"taxonomy":"category","embeddable":true,"href":"https:\/\/hotelesfray.com\/en\/wp-json\/wp\/v2\/categories?post=7003"},{"taxonomy":"post_tag","embeddable":true,"href":"https:\/\/hotelesfray.com\/en\/wp-json\/wp\/v2\/tags?post=7003"}],"curies":[{"name":"wp","href":"https:\/\/api.w.org\/{rel}","templated":true}]}}