{"id":819,"date":"2020-03-06T16:40:32","date_gmt":"2020-03-06T20:40:32","guid":{"rendered":"https:\/\/hotelfrayjunipero.com\/?p=819"},"modified":"2025-02-23T20:46:05","modified_gmt":"2025-02-24T00:46:05","slug":"con-dos-parques-nacionales-san-blas-es-increible","status":"publish","type":"post","link":"https:\/\/hotelesfray.com\/en\/2020\/03\/06\/con-dos-parques-nacionales-san-blas-es-increible\/","title":{"rendered":"Con dos Parques Nacionales, \u00a1San Blas es incre\u00edble!"},"content":{"rendered":"\n[et_pb_section][et_pb_row][et_pb_column type=\u00bb4_4&#8243;][et_pb_text]<!-- divi:paragraph -->\n<p>Muy pocas personas conocen el hecho de que San Blas, nuestro m\u00e1s famoso municipio costero en Nayarit, tiene dos parques nacionales totalmente incre\u00edbles para visitar. <\/p>\n<!-- \/divi:paragraph -->\n\n<!-- divi:paragraph -->\n<p>Se trata de \u00e1reas naturales protegidas por la federaci\u00f3n, que conservan su flora y fauna, cuidando el medio ambiente y preserv\u00e1ndolos para su futuro.<\/p>\n<!-- \/divi:paragraph -->\n\n<!-- divi:paragraph -->\n<p><\/p>\n<!-- \/divi:paragraph -->\n\n<!-- divi:heading -->\n<h2 class=\"wp-block-heading\">Parque Natural \u00abLa Tovara\u00bb<\/h2>\n<!-- \/divi:heading -->\n\n<!-- divi:paragraph -->\n<p><\/p>\n<!-- \/divi:paragraph -->\n\n<!-- divi:paragraph -->\n<p>Se trata de una zona de esteros entre Matanch\u00e9n y San Blas, donde los nacimientos de aguas dulces forman unos incre\u00edbles canales envueltos como t\u00faneles con mangle.<\/p>\n<!-- \/divi:paragraph -->\n\n<!-- divi:paragraph -->\n<p>Aqu\u00ed puedes disfrutar de recorridos en lancha, uno de ellos hacia el primer manantial donde podr\u00e1s degustar unos deliciosos mariscos en su restaurante , as\u00ed como echarte un chapuz\u00f3n refrescante en su peque\u00f1a bah\u00eda. <\/p>\n<!-- \/divi:paragraph -->\n\n<!-- divi:image {\"id\":820,\"sizeSlug\":\"large\"} -->\n<figure class=\"wp-block-image size-large\"><img loading=\"lazy\" decoding=\"async\" width=\"1024\" height=\"576\" src=\"https:\/\/hotelfrayjunipero.com\/wp-content\/uploads\/2020\/03\/Tovara1-1024x576.jpg\" alt=\"\" class=\"wp-image-820\" srcset=\"https:\/\/hotelfrayjunipero.com\/wp-content\/uploads\/2020\/03\/Tovara1-1024x576.jpg 1024w, https:\/\/hotelfrayjunipero.com\/wp-content\/uploads\/2020\/03\/Tovara1-980x551.jpg 980w, https:\/\/hotelfrayjunipero.com\/wp-content\/uploads\/2020\/03\/Tovara1-480x270.jpg 480w\" sizes=\"(min-width: 0px) and (max-width: 480px) 480px, (min-width: 481px) and (max-width: 980px) 980px, (min-width: 981px) 1024px, 100vw\" \/><\/figure>\n<!-- \/divi:image -->\n\n<!-- divi:paragraph -->\n<p>En el segundo recorrido es hacia la Laguna de Camalota o el Cocodrilario Kiekari. Aqu\u00ed puedes conocer de cerca la fauna y fauna end\u00e9mica de la zona: cocodrilos, tortugas, orqu\u00eddeas y m\u00e1s.<br><\/p>\n<!-- \/divi:paragraph -->\n\n<!-- divi:button {\"backgroundColor\":\"vivid-green-cyan\"} -->\n<div class=\"wp-block-button\"><a class=\"wp-block-button__link has-vivid-green-cyan-background-color has-background wp-element-button\" href=\"https:\/\/goo.gl\/maps\/inC62U6Kd1bWpQXJ8\">\u00bfC\u00f3mo llegar?<\/a><\/div>\n<!-- \/divi:button -->\n\n<!-- divi:paragraph -->\n<p><\/p>\n<!-- \/divi:paragraph -->\n\n<!-- divi:heading -->\n<h2 class=\"wp-block-heading\"><br>Parque Nacional Isla Isabel<\/h2>\n<!-- \/divi:heading -->\n\n<!-- divi:paragraph -->\n<p><\/p>\n<!-- \/divi:paragraph -->\n\n<!-- divi:paragraph -->\n<p>La Isla Isabel se encuentra en el amplio oc\u00e9ano pac\u00edfico al oeste de las costas del municipio, a una distancia de 70 kil\u00f3metros del Puerto de San Blas.<\/p>\n<!-- \/divi:paragraph -->\n\n<!-- divi:paragraph -->\n<p>Un lugar ideal para el avistamiento de aves, aqu\u00ed podr\u00e1s tener la oportunidad de conocer las m\u00e1s de 90 especies que se tienen identificadas. Tambi\u00e9n hay reptiles como lagartijas, iguanas, culebras y m\u00e1s.<\/p>\n<!-- \/divi:paragraph -->\n\n<!-- divi:image {\"id\":822,\"sizeSlug\":\"large\"} -->\n<figure class=\"wp-block-image size-large\"><img loading=\"lazy\" decoding=\"async\" width=\"1024\" height=\"576\" src=\"https:\/\/hotelfrayjunipero.com\/wp-content\/uploads\/2020\/03\/Puerto-1024x576.jpg\" alt=\"\" class=\"wp-image-822\" srcset=\"https:\/\/hotelfrayjunipero.com\/wp-content\/uploads\/2020\/03\/Puerto-1024x576.jpg 1024w, https:\/\/hotelfrayjunipero.com\/wp-content\/uploads\/2020\/03\/Puerto-980x551.jpg 980w, https:\/\/hotelfrayjunipero.com\/wp-content\/uploads\/2020\/03\/Puerto-480x270.jpg 480w\" sizes=\"(min-width: 0px) and (max-width: 480px) 480px, (min-width: 481px) and (max-width: 980px) 980px, (min-width: 981px) 1024px, 100vw\" \/><\/figure>\n<!-- \/divi:image -->\n\n<!-- divi:paragraph -->\n<p>Para llegar a este lugar, deber\u00e1s contratar una embarcaci\u00f3n desde el puerto, siendo de especial importancia verificar que la misma se encuentre autorizada para hacer la visita.<br><\/p>\n<!-- \/divi:paragraph -->\n\n<!-- divi:button {\"backgroundColor\":\"vivid-green-cyan\"} -->\n<div class=\"wp-block-button\"><a class=\"wp-block-button__link has-vivid-green-cyan-background-color has-background wp-element-button\" href=\"https:\/\/goo.gl\/maps\/FXtuvEFmEVGgG34YA\">\u00bfC\u00f3mo llegar?<\/a><\/div>\n<!-- \/divi:button -->\n\n<!-- divi:paragraph -->\n<p><br>Fuente: <a href=\"https:\/\/sanblasrivieranayarit.com\/parques-nacionales\/\">San Blas \u2013 \u00a1Todo por descubrir!<\/a><\/p>\n<!-- \/divi:paragraph -->[\/et_pb_text][\/et_pb_column][\/et_pb_row][\/et_pb_section]\n","protected":false},"excerpt":{"rendered":"<p><div class=\"et_pb_section et_pb_section_0 et_section_regular\" >\n\t\t\t\t\n\t\t\t\t\n\t\t\t\t\n\t\t\t\t\n\t\t\t\t\n\t\t\t\t\n\t\t\t\t\n\t\t\t\t\n\t\t\t\t\n\t\t\t<\/div><div class=\"et_pb_row et_pb_row_0 et_pb_row_empty\">\n\t\t\t\t\n\t\t\t\t\n\t\t\t\t\n\t\t\t\t\n\t\t\t\t\n\t\t\t<\/div><div class=\"et_pb_module et_pb_text et_pb_text_0  et_pb_text_align_left et_pb_bg_layout_light\">\n\t\t\t\t\n\t\t\t\t\n\t\t\t\t\n\t\t\t\t\n\t\t\t\t\n\t\t\t<\/div> Muy pocas personas conocen el hecho de que San Blas, nuestro m\u00e1s famoso municipio costero en Nayarit, tiene dos parques nacionales totalmente incre\u00edbles para visitar. Se trata de \u00e1reas naturales protegidas por la federaci\u00f3n, que conservan su flora y fauna, cuidando el medio ambiente y preserv\u00e1ndolos para su futuro. Parque Natural \u00abLa Tovara\u00bb Se [&hellip;]<\/p>\n","protected":false},"author":2,"featured_media":821,"comment_status":"closed","ping_status":"open","sticky":false,"template":"","format":"standard","meta":{"_et_pb_use_builder":"on","_et_pb_old_content":"<!-- wp:paragraph -->\n<p>Muy pocas personas conocen el hecho de que San Blas, nuestro m\u00e1s famoso municipio costero en Nayarit, tiene dos parques nacionales totalmente incre\u00edbles para visitar. <\/p>\n<!-- \/wp:paragraph -->\n\n<!-- wp:paragraph -->\n<p>Se trata de \u00e1reas naturales protegidas por la federaci\u00f3n, que conservan su flora y fauna, cuidando el medio ambiente y preserv\u00e1ndolos para su futuro.<\/p>\n<!-- \/wp:paragraph -->\n\n<!-- wp:paragraph -->\n<p><\/p>\n<!-- \/wp:paragraph -->\n\n<!-- wp:heading -->\n<h2 class=\"wp-block-heading\">Parque Natural \"La Tovara\"<\/h2>\n<!-- \/wp:heading -->\n\n<!-- wp:paragraph -->\n<p><\/p>\n<!-- \/wp:paragraph -->\n\n<!-- wp:paragraph -->\n<p>Se trata de una zona de esteros entre Matanch\u00e9n y San Blas, donde los nacimientos de aguas dulces forman unos incre\u00edbles canales envueltos como t\u00faneles con mangle.<\/p>\n<!-- \/wp:paragraph -->\n\n<!-- wp:paragraph -->\n<p>Aqu\u00ed puedes disfrutar de recorridos en lancha, uno de ellos hacia el primer manantial donde podr\u00e1s degustar unos deliciosos mariscos en su restaurante , as\u00ed como echarte un chapuz\u00f3n refrescante en su peque\u00f1a bah\u00eda. <\/p>\n<!-- \/wp:paragraph -->\n\n<!-- wp:image {\"id\":820,\"sizeSlug\":\"large\"} -->\n<figure class=\"wp-block-image size-large\"><img src=\"https:\/\/hotelfrayjunipero.com\/wp-content\/uploads\/2020\/03\/Tovara1-1024x576.jpg\" alt=\"\" class=\"wp-image-820\"\/><\/figure>\n<!-- \/wp:image -->\n\n<!-- wp:paragraph -->\n<p>En el segundo recorrido es hacia la Laguna de Camalota o el Cocodrilario Kiekari. Aqu\u00ed puedes conocer de cerca la fauna y fauna end\u00e9mica de la zona: cocodrilos, tortugas, orqu\u00eddeas y m\u00e1s.<br><\/p>\n<!-- \/wp:paragraph -->\n\n<!-- wp:button {\"backgroundColor\":\"vivid-green-cyan\"} -->\n<div class=\"wp-block-button\"><a class=\"wp-block-button__link has-vivid-green-cyan-background-color has-background wp-element-button\" href=\"https:\/\/goo.gl\/maps\/inC62U6Kd1bWpQXJ8\">\u00bfC\u00f3mo llegar?<\/a><\/div>\n<!-- \/wp:button -->\n\n<!-- wp:paragraph -->\n<p><\/p>\n<!-- \/wp:paragraph -->\n\n<!-- wp:heading -->\n<h2 class=\"wp-block-heading\"><br>Parque Nacional Isla Isabel<\/h2>\n<!-- \/wp:heading -->\n\n<!-- wp:paragraph -->\n<p><\/p>\n<!-- \/wp:paragraph -->\n\n<!-- wp:paragraph -->\n<p>La Isla Isabel se encuentra en el amplio oc\u00e9ano pac\u00edfico al oeste de las costas del municipio, a una distancia de 70 kil\u00f3metros del Puerto de San Blas.<\/p>\n<!-- \/wp:paragraph -->\n\n<!-- wp:paragraph -->\n<p>Un lugar ideal para el avistamiento de aves, aqu\u00ed podr\u00e1s tener la oportunidad de conocer las m\u00e1s de 90 especies que se tienen identificadas. Tambi\u00e9n hay reptiles como lagartijas, iguanas, culebras y m\u00e1s.<\/p>\n<!-- \/wp:paragraph -->\n\n<!-- wp:image {\"id\":822,\"sizeSlug\":\"large\"} -->\n<figure class=\"wp-block-image size-large\"><img src=\"https:\/\/hotelfrayjunipero.com\/wp-content\/uploads\/2020\/03\/Puerto-1024x576.jpg\" alt=\"\" class=\"wp-image-822\"\/><\/figure>\n<!-- \/wp:image -->\n\n<!-- wp:paragraph -->\n<p>Para llegar a este lugar, deber\u00e1s contratar una embarcaci\u00f3n desde el puerto, siendo de especial importancia verificar que la misma se encuentre autorizada para hacer la visita.<br><\/p>\n<!-- \/wp:paragraph -->\n\n<!-- wp:button {\"backgroundColor\":\"vivid-green-cyan\"} -->\n<div class=\"wp-block-button\"><a class=\"wp-block-button__link has-vivid-green-cyan-background-color has-background wp-element-button\" href=\"https:\/\/goo.gl\/maps\/FXtuvEFmEVGgG34YA\">\u00bfC\u00f3mo llegar?<\/a><\/div>\n<!-- \/wp:button -->\n\n<!-- wp:paragraph -->\n<p><br>Fuente: <a href=\"https:\/\/sanblasrivieranayarit.com\/parques-nacionales\/\">San Blas \u2013 \u00a1Todo por descubrir!<\/a><\/p>\n<!-- \/wp:paragraph -->","_et_gb_content_width":"","footnotes":""},"categories":[167,24],"tags":[],"class_list":["post-819","post","type-post","status-publish","format-standard","has-post-thumbnail","hentry","category-naturaleza","category-san-blas"],"yoast_head":"<!-- This site is optimized with the Yoast SEO plugin v27.4 - https:\/\/yoast.com\/product\/yoast-seo-wordpress\/ -->\n<title>Hotels in Tepic | Hoteles Fray \u2013 Complimentary Buffet Breakfast<\/title>\n<meta name=\"description\" content=\"Looking for hotels in Tepic? Hoteles Fray offers the best location, complimentary buffet breakfast, free WiFi, and flexible cancellation. Book directly with no deposit!\" \/>\n<meta name=\"robots\" content=\"index, follow, max-snippet:-1, max-image-preview:large, max-video-preview:-1\" \/>\n<link rel=\"canonical\" href=\"https:\/\/hotelesfray.com\/en\/2020\/03\/06\/con-dos-parques-nacionales-san-blas-es-increible\/\" \/>\n<meta property=\"og:locale\" content=\"en_US\" \/>\n<meta property=\"og:type\" content=\"article\" \/>\n<meta property=\"og:title\" content=\"Hotels in Tepic | Hoteles Fray \u2013 Complimentary Buffet Breakfast\" \/>\n<meta property=\"og:description\" content=\"Looking for hotels in Tepic? Hoteles Fray offers the best location, complimentary buffet breakfast, free WiFi, and flexible cancellation. Book directly with no deposit!\" \/>\n<meta property=\"og:url\" content=\"https:\/\/hotelesfray.com\/en\/2020\/03\/06\/con-dos-parques-nacionales-san-blas-es-increible\/\" \/>\n<meta property=\"og:site_name\" content=\"Hoteles Fray\" \/>\n<meta property=\"article:published_time\" content=\"2020-03-06T20:40:32+00:00\" \/>\n<meta property=\"article:modified_time\" content=\"2025-02-24T00:46:05+00:00\" \/>\n<meta property=\"og:image\" content=\"https:\/\/hotelesfray.com\/wp-content\/uploads\/2020\/03\/Tovara.jpg\" \/>\n\t<meta property=\"og:image:width\" content=\"1280\" \/>\n\t<meta property=\"og:image:height\" content=\"720\" \/>\n\t<meta property=\"og:image:type\" content=\"image\/jpeg\" \/>\n<meta name=\"author\" content=\"Eduardo Lopez\" \/>\n<meta name=\"twitter:card\" content=\"summary_large_image\" \/>\n<meta name=\"twitter:label1\" content=\"Written by\" \/>\n\t<meta name=\"twitter:data1\" content=\"Eduardo Lopez\" \/>\n\t<meta name=\"twitter:label2\" content=\"Est. reading time\" \/>\n\t<meta name=\"twitter:data2\" content=\"1 minute\" \/>\n<script type=\"application\/ld+json\" class=\"yoast-schema-graph\">{\"@context\":\"https:\\\/\\\/schema.org\",\"@graph\":[{\"@type\":[\"Article\",\"BlogPosting\"],\"@id\":\"https:\\\/\\\/hotelesfray.com\\\/2020\\\/03\\\/06\\\/con-dos-parques-nacionales-san-blas-es-increible\\\/#article\",\"isPartOf\":{\"@id\":\"https:\\\/\\\/hotelesfray.com\\\/2020\\\/03\\\/06\\\/con-dos-parques-nacionales-san-blas-es-increible\\\/\"},\"author\":{\"name\":\"Eduardo Lopez\",\"@id\":\"https:\\\/\\\/hotelesfray.com\\\/#\\\/schema\\\/person\\\/1a3f5909146e66cdba9aa8b37f1858e1\"},\"headline\":\"Con dos Parques Nacionales, \u00a1San Blas es incre\u00edble!\",\"datePublished\":\"2020-03-06T20:40:32+00:00\",\"dateModified\":\"2025-02-24T00:46:05+00:00\",\"mainEntityOfPage\":{\"@id\":\"https:\\\/\\\/hotelesfray.com\\\/2020\\\/03\\\/06\\\/con-dos-parques-nacionales-san-blas-es-increible\\\/\"},\"wordCount\":304,\"publisher\":{\"@id\":\"https:\\\/\\\/hotelesfray.com\\\/#organization\"},\"image\":{\"@id\":\"https:\\\/\\\/hotelesfray.com\\\/2020\\\/03\\\/06\\\/con-dos-parques-nacionales-san-blas-es-increible\\\/#primaryimage\"},\"thumbnailUrl\":\"https:\\\/\\\/hotelesfray.com\\\/wp-content\\\/uploads\\\/2020\\\/03\\\/Tovara.jpg\",\"articleSection\":[\"Naturaleza\",\"San Blas\"],\"inLanguage\":\"en-US\"},{\"@type\":\"WebPage\",\"@id\":\"https:\\\/\\\/hotelesfray.com\\\/2020\\\/03\\\/06\\\/con-dos-parques-nacionales-san-blas-es-increible\\\/\",\"url\":\"https:\\\/\\\/hotelesfray.com\\\/2020\\\/03\\\/06\\\/con-dos-parques-nacionales-san-blas-es-increible\\\/\",\"name\":\"Con dos Parques Nacionales, \u00a1San Blas es incre\u00edble! | Hoteles Fray\",\"isPartOf\":{\"@id\":\"https:\\\/\\\/hotelesfray.com\\\/#website\"},\"primaryImageOfPage\":{\"@id\":\"https:\\\/\\\/hotelesfray.com\\\/2020\\\/03\\\/06\\\/con-dos-parques-nacionales-san-blas-es-increible\\\/#primaryimage\"},\"image\":{\"@id\":\"https:\\\/\\\/hotelesfray.com\\\/2020\\\/03\\\/06\\\/con-dos-parques-nacionales-san-blas-es-increible\\\/#primaryimage\"},\"thumbnailUrl\":\"https:\\\/\\\/hotelesfray.com\\\/wp-content\\\/uploads\\\/2020\\\/03\\\/Tovara.jpg\",\"datePublished\":\"2020-03-06T20:40:32+00:00\",\"dateModified\":\"2025-02-24T00:46:05+00:00\",\"breadcrumb\":{\"@id\":\"https:\\\/\\\/hotelesfray.com\\\/2020\\\/03\\\/06\\\/con-dos-parques-nacionales-san-blas-es-increible\\\/#breadcrumb\"},\"inLanguage\":\"en-US\",\"potentialAction\":[{\"@type\":\"ReadAction\",\"target\":[\"https:\\\/\\\/hotelesfray.com\\\/2020\\\/03\\\/06\\\/con-dos-parques-nacionales-san-blas-es-increible\\\/\"]}]},{\"@type\":\"ImageObject\",\"inLanguage\":\"en-US\",\"@id\":\"https:\\\/\\\/hotelesfray.com\\\/2020\\\/03\\\/06\\\/con-dos-parques-nacionales-san-blas-es-increible\\\/#primaryimage\",\"url\":\"https:\\\/\\\/hotelesfray.com\\\/wp-content\\\/uploads\\\/2020\\\/03\\\/Tovara.jpg\",\"contentUrl\":\"https:\\\/\\\/hotelesfray.com\\\/wp-content\\\/uploads\\\/2020\\\/03\\\/Tovara.jpg\",\"width\":1280,\"height\":720},{\"@type\":\"BreadcrumbList\",\"@id\":\"https:\\\/\\\/hotelesfray.com\\\/2020\\\/03\\\/06\\\/con-dos-parques-nacionales-san-blas-es-increible\\\/#breadcrumb\",\"itemListElement\":[{\"@type\":\"ListItem\",\"position\":1,\"name\":\"Naturaleza\",\"item\":\"https:\\\/\\\/hotelesfray.com\\\/category\\\/naturaleza\\\/\"},{\"@type\":\"ListItem\",\"position\":2,\"name\":\"Con dos Parques Nacionales, \u00a1San Blas es incre\u00edble!\"}]},{\"@type\":\"WebSite\",\"@id\":\"https:\\\/\\\/hotelesfray.com\\\/#website\",\"url\":\"https:\\\/\\\/hotelesfray.com\\\/\",\"name\":\"Hoteles Fray\",\"description\":\"Los Mejores Hoteles en el Centro de Tepic, Nayarit\",\"publisher\":{\"@id\":\"https:\\\/\\\/hotelesfray.com\\\/#organization\"},\"potentialAction\":[{\"@type\":\"SearchAction\",\"target\":{\"@type\":\"EntryPoint\",\"urlTemplate\":\"https:\\\/\\\/hotelesfray.com\\\/?s={search_term_string}\"},\"query-input\":{\"@type\":\"PropertyValueSpecification\",\"valueRequired\":true,\"valueName\":\"search_term_string\"}}],\"inLanguage\":\"en-US\"},{\"@type\":\"Organization\",\"@id\":\"https:\\\/\\\/hotelesfray.com\\\/#organization\",\"name\":\"Hoteles Fray\",\"url\":\"https:\\\/\\\/hotelesfray.com\\\/\",\"logo\":{\"@type\":\"ImageObject\",\"inLanguage\":\"en-US\",\"@id\":\"https:\\\/\\\/hotelesfray.com\\\/#\\\/schema\\\/logo\\\/image\\\/\",\"url\":\"https:\\\/\\\/hotelesfray.com\\\/wp-content\\\/uploads\\\/2023\\\/01\\\/HotelesFray-cuadro.png\",\"contentUrl\":\"https:\\\/\\\/hotelesfray.com\\\/wp-content\\\/uploads\\\/2023\\\/01\\\/HotelesFray-cuadro.png\",\"width\":2200,\"height\":2200,\"caption\":\"Hoteles Fray\"},\"image\":{\"@id\":\"https:\\\/\\\/hotelesfray.com\\\/#\\\/schema\\\/logo\\\/image\\\/\"}},{\"@type\":\"Person\",\"@id\":\"https:\\\/\\\/hotelesfray.com\\\/#\\\/schema\\\/person\\\/1a3f5909146e66cdba9aa8b37f1858e1\",\"name\":\"Eduardo Lopez\",\"image\":{\"@type\":\"ImageObject\",\"inLanguage\":\"en-US\",\"@id\":\"https:\\\/\\\/secure.gravatar.com\\\/avatar\\\/3d6f41a002d28c6845cb55b565f68141a241a36951b539d6f4dbddac28595734?s=96&d=mm&r=g\",\"url\":\"https:\\\/\\\/secure.gravatar.com\\\/avatar\\\/3d6f41a002d28c6845cb55b565f68141a241a36951b539d6f4dbddac28595734?s=96&d=mm&r=g\",\"contentUrl\":\"https:\\\/\\\/secure.gravatar.com\\\/avatar\\\/3d6f41a002d28c6845cb55b565f68141a241a36951b539d6f4dbddac28595734?s=96&d=mm&r=g\",\"caption\":\"Eduardo Lopez\"},\"url\":\"https:\\\/\\\/hotelesfray.com\\\/en\\\/author\\\/gente\\\/\"}]}<\/script>\n<!-- \/ Yoast SEO plugin. -->","yoast_head_json":{"title":"Hotels in Tepic | Hoteles Fray \u2013 Complimentary Buffet Breakfast","description":"Looking for hotels in Tepic? Hoteles Fray offers the best location, complimentary buffet breakfast, free WiFi, and flexible cancellation. Book directly with no deposit!","robots":{"index":"index","follow":"follow","max-snippet":"max-snippet:-1","max-image-preview":"max-image-preview:large","max-video-preview":"max-video-preview:-1"},"canonical":"https:\/\/hotelesfray.com\/en\/2020\/03\/06\/con-dos-parques-nacionales-san-blas-es-increible\/","og_locale":"en_US","og_type":"article","og_title":"Hotels in Tepic | Hoteles Fray \u2013 Complimentary Buffet Breakfast","og_description":"Looking for hotels in Tepic? Hoteles Fray offers the best location, complimentary buffet breakfast, free WiFi, and flexible cancellation. Book directly with no deposit!","og_url":"https:\/\/hotelesfray.com\/en\/2020\/03\/06\/con-dos-parques-nacionales-san-blas-es-increible\/","og_site_name":"Hoteles Fray","article_published_time":"2020-03-06T20:40:32+00:00","article_modified_time":"2025-02-24T00:46:05+00:00","og_image":[{"width":1280,"height":720,"url":"https:\/\/hotelesfray.com\/wp-content\/uploads\/2020\/03\/Tovara.jpg","type":"image\/jpeg"}],"author":"Eduardo Lopez","twitter_card":"summary_large_image","twitter_misc":{"Written by":"Eduardo Lopez","Est. reading time":"1 minute"},"schema":{"@context":"https:\/\/schema.org","@graph":[{"@type":["Article","BlogPosting"],"@id":"https:\/\/hotelesfray.com\/2020\/03\/06\/con-dos-parques-nacionales-san-blas-es-increible\/#article","isPartOf":{"@id":"https:\/\/hotelesfray.com\/2020\/03\/06\/con-dos-parques-nacionales-san-blas-es-increible\/"},"author":{"name":"Eduardo Lopez","@id":"https:\/\/hotelesfray.com\/#\/schema\/person\/1a3f5909146e66cdba9aa8b37f1858e1"},"headline":"Con dos Parques Nacionales, \u00a1San Blas es incre\u00edble!","datePublished":"2020-03-06T20:40:32+00:00","dateModified":"2025-02-24T00:46:05+00:00","mainEntityOfPage":{"@id":"https:\/\/hotelesfray.com\/2020\/03\/06\/con-dos-parques-nacionales-san-blas-es-increible\/"},"wordCount":304,"publisher":{"@id":"https:\/\/hotelesfray.com\/#organization"},"image":{"@id":"https:\/\/hotelesfray.com\/2020\/03\/06\/con-dos-parques-nacionales-san-blas-es-increible\/#primaryimage"},"thumbnailUrl":"https:\/\/hotelesfray.com\/wp-content\/uploads\/2020\/03\/Tovara.jpg","articleSection":["Naturaleza","San Blas"],"inLanguage":"en-US"},{"@type":"WebPage","@id":"https:\/\/hotelesfray.com\/2020\/03\/06\/con-dos-parques-nacionales-san-blas-es-increible\/","url":"https:\/\/hotelesfray.com\/2020\/03\/06\/con-dos-parques-nacionales-san-blas-es-increible\/","name":"Con dos Parques Nacionales, \u00a1San Blas es incre\u00edble! | Hoteles Fray","isPartOf":{"@id":"https:\/\/hotelesfray.com\/#website"},"primaryImageOfPage":{"@id":"https:\/\/hotelesfray.com\/2020\/03\/06\/con-dos-parques-nacionales-san-blas-es-increible\/#primaryimage"},"image":{"@id":"https:\/\/hotelesfray.com\/2020\/03\/06\/con-dos-parques-nacionales-san-blas-es-increible\/#primaryimage"},"thumbnailUrl":"https:\/\/hotelesfray.com\/wp-content\/uploads\/2020\/03\/Tovara.jpg","datePublished":"2020-03-06T20:40:32+00:00","dateModified":"2025-02-24T00:46:05+00:00","breadcrumb":{"@id":"https:\/\/hotelesfray.com\/2020\/03\/06\/con-dos-parques-nacionales-san-blas-es-increible\/#breadcrumb"},"inLanguage":"en-US","potentialAction":[{"@type":"ReadAction","target":["https:\/\/hotelesfray.com\/2020\/03\/06\/con-dos-parques-nacionales-san-blas-es-increible\/"]}]},{"@type":"ImageObject","inLanguage":"en-US","@id":"https:\/\/hotelesfray.com\/2020\/03\/06\/con-dos-parques-nacionales-san-blas-es-increible\/#primaryimage","url":"https:\/\/hotelesfray.com\/wp-content\/uploads\/2020\/03\/Tovara.jpg","contentUrl":"https:\/\/hotelesfray.com\/wp-content\/uploads\/2020\/03\/Tovara.jpg","width":1280,"height":720},{"@type":"BreadcrumbList","@id":"https:\/\/hotelesfray.com\/2020\/03\/06\/con-dos-parques-nacionales-san-blas-es-increible\/#breadcrumb","itemListElement":[{"@type":"ListItem","position":1,"name":"Naturaleza","item":"https:\/\/hotelesfray.com\/category\/naturaleza\/"},{"@type":"ListItem","position":2,"name":"Con dos Parques Nacionales, \u00a1San Blas es incre\u00edble!"}]},{"@type":"WebSite","@id":"https:\/\/hotelesfray.com\/#website","url":"https:\/\/hotelesfray.com\/","name":"Hoteles Fray","description":"Los Mejores Hoteles en el Centro de Tepic, Nayarit","publisher":{"@id":"https:\/\/hotelesfray.com\/#organization"},"potentialAction":[{"@type":"SearchAction","target":{"@type":"EntryPoint","urlTemplate":"https:\/\/hotelesfray.com\/?s={search_term_string}"},"query-input":{"@type":"PropertyValueSpecification","valueRequired":true,"valueName":"search_term_string"}}],"inLanguage":"en-US"},{"@type":"Organization","@id":"https:\/\/hotelesfray.com\/#organization","name":"Hoteles Fray","url":"https:\/\/hotelesfray.com\/","logo":{"@type":"ImageObject","inLanguage":"en-US","@id":"https:\/\/hotelesfray.com\/#\/schema\/logo\/image\/","url":"https:\/\/hotelesfray.com\/wp-content\/uploads\/2023\/01\/HotelesFray-cuadro.png","contentUrl":"https:\/\/hotelesfray.com\/wp-content\/uploads\/2023\/01\/HotelesFray-cuadro.png","width":2200,"height":2200,"caption":"Hoteles Fray"},"image":{"@id":"https:\/\/hotelesfray.com\/#\/schema\/logo\/image\/"}},{"@type":"Person","@id":"https:\/\/hotelesfray.com\/#\/schema\/person\/1a3f5909146e66cdba9aa8b37f1858e1","name":"Eduardo Lopez","image":{"@type":"ImageObject","inLanguage":"en-US","@id":"https:\/\/secure.gravatar.com\/avatar\/3d6f41a002d28c6845cb55b565f68141a241a36951b539d6f4dbddac28595734?s=96&d=mm&r=g","url":"https:\/\/secure.gravatar.com\/avatar\/3d6f41a002d28c6845cb55b565f68141a241a36951b539d6f4dbddac28595734?s=96&d=mm&r=g","contentUrl":"https:\/\/secure.gravatar.com\/avatar\/3d6f41a002d28c6845cb55b565f68141a241a36951b539d6f4dbddac28595734?s=96&d=mm&r=g","caption":"Eduardo Lopez"},"url":"https:\/\/hotelesfray.com\/en\/author\/gente\/"}]}},"_links":{"self":[{"href":"https:\/\/hotelesfray.com\/en\/wp-json\/wp\/v2\/posts\/819","targetHints":{"allow":["GET"]}}],"collection":[{"href":"https:\/\/hotelesfray.com\/en\/wp-json\/wp\/v2\/posts"}],"about":[{"href":"https:\/\/hotelesfray.com\/en\/wp-json\/wp\/v2\/types\/post"}],"author":[{"embeddable":true,"href":"https:\/\/hotelesfray.com\/en\/wp-json\/wp\/v2\/users\/2"}],"replies":[{"embeddable":true,"href":"https:\/\/hotelesfray.com\/en\/wp-json\/wp\/v2\/comments?post=819"}],"version-history":[{"count":5,"href":"https:\/\/hotelesfray.com\/en\/wp-json\/wp\/v2\/posts\/819\/revisions"}],"predecessor-version":[{"id":5351,"href":"https:\/\/hotelesfray.com\/en\/wp-json\/wp\/v2\/posts\/819\/revisions\/5351"}],"wp:featuredmedia":[{"embeddable":true,"href":"https:\/\/hotelesfray.com\/en\/wp-json\/wp\/v2\/media\/821"}],"wp:attachment":[{"href":"https:\/\/hotelesfray.com\/en\/wp-json\/wp\/v2\/media?parent=819"}],"wp:term":[{"taxonomy":"category","embeddable":true,"href":"https:\/\/hotelesfray.com\/en\/wp-json\/wp\/v2\/categories?post=819"},{"taxonomy":"post_tag","embeddable":true,"href":"https:\/\/hotelesfray.com\/en\/wp-json\/wp\/v2\/tags?post=819"}],"curies":[{"name":"wp","href":"https:\/\/api.w.org\/{rel}","templated":true}]}}